{"id":7174,"date":"2023-01-27T08:47:37","date_gmt":"2023-01-27T08:47:37","guid":{"rendered":"https:\/\/fg.ull.es\/portal\/gdi\/?p=7174"},"modified":"2023-01-29T11:11:40","modified_gmt":"2023-01-29T11:11:40","slug":"termina-gestores-de-la-innovacion-2022","status":"publish","type":"post","link":"https:\/\/fg.ull.es\/portal\/gdi\/termina-gestores-de-la-innovacion-2022\/","title":{"rendered":"Termina Gestores de la Innovaci\u00f3n 2022"},"content":{"rendered":"\n<p>El programa de Gestores de la Innovaci\u00f3n termina esta \u00faltima edici\u00f3n con m\u00e1s de<strong> 2.300 personas formadas<\/strong> a lo largo de <strong>7 a\u00f1os <\/strong>en materias de innovaci\u00f3n y transformaci\u00f3n digital, y promoviendo la mejora de la competitividad del tejido empresarial canario.<\/p>\n\n\n<div class=\"wp-block-image\">\n<figure class=\"aligncenter size-half\"><img decoding=\"async\" loading=\"lazy\" width=\"375\" height=\"375\" src=\"https:\/\/fg.ull.es\/portal\/gdi\/wp-content\/uploads\/sites\/2\/2023\/01\/Banner-VideoGIF-2-375x375.gif\" alt=\"\" class=\"wp-image-7179\" srcset=\"https:\/\/fg.ull.es\/portal\/gdi\/wp-content\/uploads\/sites\/2\/2023\/01\/Banner-VideoGIF-2-375x375.gif 375w, https:\/\/fg.ull.es\/portal\/gdi\/wp-content\/uploads\/sites\/2\/2023\/01\/Banner-VideoGIF-2-300x300.gif 300w, https:\/\/fg.ull.es\/portal\/gdi\/wp-content\/uploads\/sites\/2\/2023\/01\/Banner-VideoGIF-2-150x150.gif 150w, https:\/\/fg.ull.es\/portal\/gdi\/wp-content\/uploads\/sites\/2\/2023\/01\/Banner-VideoGIF-2-50x50.gif 50w\" sizes=\"(max-width: 375px) 100vw, 375px\" \/><\/figure><\/div>\n\n\n<p><\/p>\n\n\n\n<p>Desde el a\u00f1o 2016, La Agencia Canaria de Investigaci\u00f3n, Innovaci\u00f3n y Sociedad de la Informaci\u00f3n, junto con la Universidad de La Laguna y la financiaci\u00f3n del Fondo Social Europeo, han llevado a cabo el Programa de Gestores de la Innovaci\u00f3n. Una formaci\u00f3n espec\u00edfica en materia de innovaci\u00f3n, transformaci\u00f3n digital y transferencia y valorizaci\u00f3n impartida a cargo de la Fundaci\u00f3n General de la Universidad de La Laguna.&nbsp;<\/p>\n\n\n\n<p>Desde el a\u00f1o 2016 se han realizado <strong>193 cursos<\/strong> en tem\u00e1ticas relacionadas con la innovaci\u00f3n, la transformaci\u00f3n digital y la transferencia del conocimiento, se ha formado a m\u00e1s de<strong> 2.300 personas<\/strong> y se han emitido m\u00e1s de <strong>5.700 acreditaciones<\/strong>.&nbsp;<\/p>\n\n\n\n<p>Adem\u00e1s, GDI ha formado a <strong>132 becarios y becarias <\/strong>que han puesto en pr\u00e1ctica lo aprendido tanto en grupos o centros de investigaci\u00f3n como en empresas de distintas islas del archipi\u00e9lago canario.&nbsp;<\/p>\n\n\n\n<p>En esta edici\u00f3n 2022 se ha incorporado el renovado Experto Digital en Big Data y Business Intelligence, destinado a ense\u00f1ar las \u00faltimas tendencias y tecnolog\u00edas en tratamiento de datos, automatizaci\u00f3n y optimizaci\u00f3n en la toma de decisiones, un perfil muy demandado por las empresas.<\/p>\n\n\n\n<p>Esta formaci\u00f3n es muy valorada en la subvenci\u00f3n para la <strong>Incorporaci\u00f3n de Personal Innovador (IPI)<\/strong>, por lo que las personas que realizan estas acciones formativas pueden acceder no s\u00f3lo a mejoras en sus competencias profesionales sino alcanzar mejoras laborales.&nbsp;<\/p>\n\n\n\n<figure class=\"wp-block-embed is-type-video is-provider-youtube wp-block-embed-youtube wp-embed-aspect-16-9 wp-has-aspect-ratio\"><div class=\"wp-block-embed__wrapper\">\n<iframe loading=\"lazy\" title=\"M\u00e1s de 2000 personas formadas en innovaci\u00f3n y transformaci\u00f3n digital con GDI\" width=\"750\" height=\"422\" src=\"https:\/\/www.youtube.com\/embed\/1lOEFZ5mx88?feature=oembed\" frameborder=\"0\" allow=\"accelerometer; autoplay; clipboard-write; encrypted-media; gyroscope; picture-in-picture; web-share\" allowfullscreen><\/iframe>\n<\/div><\/figure>\n\n\n\n<p>Aquellas personas interesadas en participar en pr\u00f3ximas acciones formativas pueden ponerse en contacto a trav\u00e9s del correo electr\u00f3nico <a href=\"mailto:gdi@fg.ull.es\">gdi@fg.ull.es <\/a>o realizar el formulario de contacto de su p\u00e1gina web <a href=\"http:\/\/www.fg.ull.es\/gdi\/\">www.fg.ull.es\/gdi\/<\/a><\/p>\n\n\n\n<p>&#8211;<\/p>\n\n\n\n<p>Este Programa es una apuesta de la Agencia Canaria de Investigaci\u00f3n, Innovaci\u00f3n y Sociedad de la Informaci\u00f3n del Gobierno de Canarias, financiado en un 85% por el Fondo Social Europeo (FSE), y desarrollada por la Universidad de La Laguna a trav\u00e9s de su Fundaci\u00f3n General.<\/p>\n","protected":false},"excerpt":{"rendered":"<p>El programa de Gestores de la Innovaci\u00f3n termina esta \u00faltima edici\u00f3n con m\u00e1s de 2.300 personas formadas a lo largo de 7 a\u00f1os en materias de innovaci\u00f3n y transformaci\u00f3n digital, y promoviendo la mejora de la competitividad del tejido empresarial canario. Desde el a\u00f1o 2016, La Agencia Canaria de Investigaci\u00f3n, Innovaci\u00f3n y Sociedad de la&#8230;<\/p>\n","protected":false},"author":12,"featured_media":6848,"comment_status":"closed","ping_status":"closed","sticky":false,"template":"","format":"standard","meta":{"footnotes":""},"categories":[1],"tags":[],"yoast_head":"<!-- This site is optimized with the Yoast SEO plugin v21.1 - https:\/\/yoast.com\/wordpress\/plugins\/seo\/ -->\n<title>Termina Gestores de la Innovaci\u00f3n 2022 - Programa de Gestores de la Innovaci\u00f3n<\/title>\n<meta name=\"robots\" content=\"index, follow, max-snippet:-1, max-image-preview:large, max-video-preview:-1\" \/>\n<link rel=\"canonical\" href=\"https:\/\/fg.ull.es\/portal\/gdi\/termina-gestores-de-la-innovacion-2022\/\" \/>\n<meta property=\"og:locale\" content=\"es_ES\" \/>\n<meta property=\"og:type\" content=\"article\" \/>\n<meta property=\"og:title\" content=\"Termina Gestores de la Innovaci\u00f3n 2022 - Programa de Gestores de la Innovaci\u00f3n\" \/>\n<meta property=\"og:description\" content=\"El programa de Gestores de la Innovaci\u00f3n termina esta \u00faltima edici\u00f3n con m\u00e1s de 2.300 personas formadas a lo largo de 7 a\u00f1os en materias de innovaci\u00f3n y transformaci\u00f3n digital, y promoviendo la mejora de la competitividad del tejido empresarial canario. Desde el a\u00f1o 2016, La Agencia Canaria de Investigaci\u00f3n, Innovaci\u00f3n y Sociedad de la...\" \/>\n<meta property=\"og:url\" content=\"https:\/\/fg.ull.es\/portal\/gdi\/termina-gestores-de-la-innovacion-2022\/\" \/>\n<meta property=\"og:site_name\" content=\"Programa de Gestores de la Innovaci\u00f3n\" \/>\n<meta property=\"article:published_time\" content=\"2023-01-27T08:47:37+00:00\" \/>\n<meta property=\"article:modified_time\" content=\"2023-01-29T11:11:40+00:00\" \/>\n<meta property=\"og:image\" content=\"https:\/\/fg.ull.es\/portal\/gdi\/wp-content\/uploads\/sites\/2\/2022\/08\/GDI.jpg\" \/>\n\t<meta property=\"og:image:width\" content=\"1280\" \/>\n\t<meta property=\"og:image:height\" content=\"853\" \/>\n\t<meta property=\"og:image:type\" content=\"image\/jpeg\" \/>\n<meta name=\"author\" content=\"aascanio\" \/>\n<meta name=\"twitter:card\" content=\"summary_large_image\" \/>\n<meta name=\"twitter:label1\" content=\"Written by\" \/>\n\t<meta name=\"twitter:data1\" content=\"aascanio\" \/>\n\t<meta name=\"twitter:label2\" content=\"Est. reading time\" \/>\n\t<meta name=\"twitter:data2\" content=\"2 minutos\" \/>\n<script type=\"application\/ld+json\" class=\"yoast-schema-graph\">{\"@context\":\"https:\/\/schema.org\",\"@graph\":[{\"@type\":\"Article\",\"@id\":\"https:\/\/fg.ull.es\/portal\/gdi\/termina-gestores-de-la-innovacion-2022\/#article\",\"isPartOf\":{\"@id\":\"https:\/\/fg.ull.es\/portal\/gdi\/termina-gestores-de-la-innovacion-2022\/\"},\"author\":{\"name\":\"aascanio\",\"@id\":\"https:\/\/fg.ull.es\/portal\/gdi\/#\/schema\/person\/1ad03d108c212b498a622f39176298aa\"},\"headline\":\"Termina Gestores de la Innovaci\u00f3n 2022\",\"datePublished\":\"2023-01-27T08:47:37+00:00\",\"dateModified\":\"2023-01-29T11:11:40+00:00\",\"mainEntityOfPage\":{\"@id\":\"https:\/\/fg.ull.es\/portal\/gdi\/termina-gestores-de-la-innovacion-2022\/\"},\"wordCount\":395,\"publisher\":{\"@id\":\"https:\/\/fg.ull.es\/portal\/gdi\/#organization\"},\"inLanguage\":\"es\"},{\"@type\":\"WebPage\",\"@id\":\"https:\/\/fg.ull.es\/portal\/gdi\/termina-gestores-de-la-innovacion-2022\/\",\"url\":\"https:\/\/fg.ull.es\/portal\/gdi\/termina-gestores-de-la-innovacion-2022\/\",\"name\":\"Termina Gestores de la Innovaci\u00f3n 2022 - Programa de Gestores de la Innovaci\u00f3n\",\"isPartOf\":{\"@id\":\"https:\/\/fg.ull.es\/portal\/gdi\/#website\"},\"datePublished\":\"2023-01-27T08:47:37+00:00\",\"dateModified\":\"2023-01-29T11:11:40+00:00\",\"breadcrumb\":{\"@id\":\"https:\/\/fg.ull.es\/portal\/gdi\/termina-gestores-de-la-innovacion-2022\/#breadcrumb\"},\"inLanguage\":\"es\",\"potentialAction\":[{\"@type\":\"ReadAction\",\"target\":[\"https:\/\/fg.ull.es\/portal\/gdi\/termina-gestores-de-la-innovacion-2022\/\"]}]},{\"@type\":\"BreadcrumbList\",\"@id\":\"https:\/\/fg.ull.es\/portal\/gdi\/termina-gestores-de-la-innovacion-2022\/#breadcrumb\",\"itemListElement\":[{\"@type\":\"ListItem\",\"position\":1,\"name\":\"Portada\",\"item\":\"https:\/\/fg.ull.es\/portal\/gdi\/\"},{\"@type\":\"ListItem\",\"position\":2,\"name\":\"Termina Gestores de la Innovaci\u00f3n 2022\"}]},{\"@type\":\"WebSite\",\"@id\":\"https:\/\/fg.ull.es\/portal\/gdi\/#website\",\"url\":\"https:\/\/fg.ull.es\/portal\/gdi\/\",\"name\":\"Programa de Gestores de la Innovaci\u00f3n\",\"description\":\"\",\"publisher\":{\"@id\":\"https:\/\/fg.ull.es\/portal\/gdi\/#organization\"},\"potentialAction\":[{\"@type\":\"SearchAction\",\"target\":{\"@type\":\"EntryPoint\",\"urlTemplate\":\"https:\/\/fg.ull.es\/portal\/gdi\/?s={search_term_string}\"},\"query-input\":\"required name=search_term_string\"}],\"inLanguage\":\"es\"},{\"@type\":\"Organization\",\"@id\":\"https:\/\/fg.ull.es\/portal\/gdi\/#organization\",\"name\":\"FUNDACI\u00d3N CANARIA GENERAL UNIVERSIDAD DE LA LAGUNA\",\"url\":\"https:\/\/fg.ull.es\/portal\/gdi\/\",\"logo\":{\"@type\":\"ImageObject\",\"inLanguage\":\"es\",\"@id\":\"https:\/\/fg.ull.es\/portal\/gdi\/#\/schema\/logo\/image\/\",\"url\":\"https:\/\/fg.ull.es\/portal\/gdi\/wp-content\/uploads\/sites\/2\/2020\/04\/FAVICON.png\",\"contentUrl\":\"https:\/\/fg.ull.es\/portal\/gdi\/wp-content\/uploads\/sites\/2\/2020\/04\/FAVICON.png\",\"width\":512,\"height\":512,\"caption\":\"FUNDACI\u00d3N CANARIA GENERAL UNIVERSIDAD DE LA LAGUNA\"},\"image\":{\"@id\":\"https:\/\/fg.ull.es\/portal\/gdi\/#\/schema\/logo\/image\/\"}},{\"@type\":\"Person\",\"@id\":\"https:\/\/fg.ull.es\/portal\/gdi\/#\/schema\/person\/1ad03d108c212b498a622f39176298aa\",\"name\":\"aascanio\",\"image\":{\"@type\":\"ImageObject\",\"inLanguage\":\"es\",\"@id\":\"https:\/\/fg.ull.es\/portal\/gdi\/#\/schema\/person\/image\/\",\"url\":\"https:\/\/secure.gravatar.com\/avatar\/fb13c6d51e43015759a2b0b66dcd2734?s=96&d=mm&r=g\",\"contentUrl\":\"https:\/\/secure.gravatar.com\/avatar\/fb13c6d51e43015759a2b0b66dcd2734?s=96&d=mm&r=g\",\"caption\":\"aascanio\"}}]}<\/script>\n<!-- \/ Yoast SEO plugin. -->","yoast_head_json":{"title":"Termina Gestores de la Innovaci\u00f3n 2022 - Programa de Gestores de la Innovaci\u00f3n","robots":{"index":"index","follow":"follow","max-snippet":"max-snippet:-1","max-image-preview":"max-image-preview:large","max-video-preview":"max-video-preview:-1"},"canonical":"https:\/\/fg.ull.es\/portal\/gdi\/termina-gestores-de-la-innovacion-2022\/","og_locale":"es_ES","og_type":"article","og_title":"Termina Gestores de la Innovaci\u00f3n 2022 - Programa de Gestores de la Innovaci\u00f3n","og_description":"El programa de Gestores de la Innovaci\u00f3n termina esta \u00faltima edici\u00f3n con m\u00e1s de 2.300 personas formadas a lo largo de 7 a\u00f1os en materias de innovaci\u00f3n y transformaci\u00f3n digital, y promoviendo la mejora de la competitividad del tejido empresarial canario. Desde el a\u00f1o 2016, La Agencia Canaria de Investigaci\u00f3n, Innovaci\u00f3n y Sociedad de la...","og_url":"https:\/\/fg.ull.es\/portal\/gdi\/termina-gestores-de-la-innovacion-2022\/","og_site_name":"Programa de Gestores de la Innovaci\u00f3n","article_published_time":"2023-01-27T08:47:37+00:00","article_modified_time":"2023-01-29T11:11:40+00:00","og_image":[{"width":1280,"height":853,"url":"https:\/\/fg.ull.es\/portal\/gdi\/wp-content\/uploads\/sites\/2\/2022\/08\/GDI.jpg","type":"image\/jpeg"}],"author":"aascanio","twitter_card":"summary_large_image","twitter_misc":{"Written by":"aascanio","Est. reading time":"2 minutos"},"schema":{"@context":"https:\/\/schema.org","@graph":[{"@type":"Article","@id":"https:\/\/fg.ull.es\/portal\/gdi\/termina-gestores-de-la-innovacion-2022\/#article","isPartOf":{"@id":"https:\/\/fg.ull.es\/portal\/gdi\/termina-gestores-de-la-innovacion-2022\/"},"author":{"name":"aascanio","@id":"https:\/\/fg.ull.es\/portal\/gdi\/#\/schema\/person\/1ad03d108c212b498a622f39176298aa"},"headline":"Termina Gestores de la Innovaci\u00f3n 2022","datePublished":"2023-01-27T08:47:37+00:00","dateModified":"2023-01-29T11:11:40+00:00","mainEntityOfPage":{"@id":"https:\/\/fg.ull.es\/portal\/gdi\/termina-gestores-de-la-innovacion-2022\/"},"wordCount":395,"publisher":{"@id":"https:\/\/fg.ull.es\/portal\/gdi\/#organization"},"inLanguage":"es"},{"@type":"WebPage","@id":"https:\/\/fg.ull.es\/portal\/gdi\/termina-gestores-de-la-innovacion-2022\/","url":"https:\/\/fg.ull.es\/portal\/gdi\/termina-gestores-de-la-innovacion-2022\/","name":"Termina Gestores de la Innovaci\u00f3n 2022 - Programa de Gestores de la Innovaci\u00f3n","isPartOf":{"@id":"https:\/\/fg.ull.es\/portal\/gdi\/#website"},"datePublished":"2023-01-27T08:47:37+00:00","dateModified":"2023-01-29T11:11:40+00:00","breadcrumb":{"@id":"https:\/\/fg.ull.es\/portal\/gdi\/termina-gestores-de-la-innovacion-2022\/#breadcrumb"},"inLanguage":"es","potentialAction":[{"@type":"ReadAction","target":["https:\/\/fg.ull.es\/portal\/gdi\/termina-gestores-de-la-innovacion-2022\/"]}]},{"@type":"BreadcrumbList","@id":"https:\/\/fg.ull.es\/portal\/gdi\/termina-gestores-de-la-innovacion-2022\/#breadcrumb","itemListElement":[{"@type":"ListItem","position":1,"name":"Portada","item":"https:\/\/fg.ull.es\/portal\/gdi\/"},{"@type":"ListItem","position":2,"name":"Termina Gestores de la Innovaci\u00f3n 2022"}]},{"@type":"WebSite","@id":"https:\/\/fg.ull.es\/portal\/gdi\/#website","url":"https:\/\/fg.ull.es\/portal\/gdi\/","name":"Programa de Gestores de la Innovaci\u00f3n","description":"","publisher":{"@id":"https:\/\/fg.ull.es\/portal\/gdi\/#organization"},"potentialAction":[{"@type":"SearchAction","target":{"@type":"EntryPoint","urlTemplate":"https:\/\/fg.ull.es\/portal\/gdi\/?s={search_term_string}"},"query-input":"required name=search_term_string"}],"inLanguage":"es"},{"@type":"Organization","@id":"https:\/\/fg.ull.es\/portal\/gdi\/#organization","name":"FUNDACI\u00d3N CANARIA GENERAL UNIVERSIDAD DE LA LAGUNA","url":"https:\/\/fg.ull.es\/portal\/gdi\/","logo":{"@type":"ImageObject","inLanguage":"es","@id":"https:\/\/fg.ull.es\/portal\/gdi\/#\/schema\/logo\/image\/","url":"https:\/\/fg.ull.es\/portal\/gdi\/wp-content\/uploads\/sites\/2\/2020\/04\/FAVICON.png","contentUrl":"https:\/\/fg.ull.es\/portal\/gdi\/wp-content\/uploads\/sites\/2\/2020\/04\/FAVICON.png","width":512,"height":512,"caption":"FUNDACI\u00d3N CANARIA GENERAL UNIVERSIDAD DE LA LAGUNA"},"image":{"@id":"https:\/\/fg.ull.es\/portal\/gdi\/#\/schema\/logo\/image\/"}},{"@type":"Person","@id":"https:\/\/fg.ull.es\/portal\/gdi\/#\/schema\/person\/1ad03d108c212b498a622f39176298aa","name":"aascanio","image":{"@type":"ImageObject","inLanguage":"es","@id":"https:\/\/fg.ull.es\/portal\/gdi\/#\/schema\/person\/image\/","url":"https:\/\/secure.gravatar.com\/avatar\/fb13c6d51e43015759a2b0b66dcd2734?s=96&d=mm&r=g","contentUrl":"https:\/\/secure.gravatar.com\/avatar\/fb13c6d51e43015759a2b0b66dcd2734?s=96&d=mm&r=g","caption":"aascanio"}}]}},"_links":{"self":[{"href":"https:\/\/fg.ull.es\/portal\/gdi\/wp-json\/wp\/v2\/posts\/7174"}],"collection":[{"href":"https:\/\/fg.ull.es\/portal\/gdi\/wp-json\/wp\/v2\/posts"}],"about":[{"href":"https:\/\/fg.ull.es\/portal\/gdi\/wp-json\/wp\/v2\/types\/post"}],"author":[{"embeddable":true,"href":"https:\/\/fg.ull.es\/portal\/gdi\/wp-json\/wp\/v2\/users\/12"}],"replies":[{"embeddable":true,"href":"https:\/\/fg.ull.es\/portal\/gdi\/wp-json\/wp\/v2\/comments?post=7174"}],"version-history":[{"count":6,"href":"https:\/\/fg.ull.es\/portal\/gdi\/wp-json\/wp\/v2\/posts\/7174\/revisions"}],"predecessor-version":[{"id":7184,"href":"https:\/\/fg.ull.es\/portal\/gdi\/wp-json\/wp\/v2\/posts\/7174\/revisions\/7184"}],"wp:featuredmedia":[{"embeddable":true,"href":"https:\/\/fg.ull.es\/portal\/gdi\/wp-json\/wp\/v2\/media\/6848"}],"wp:attachment":[{"href":"https:\/\/fg.ull.es\/portal\/gdi\/wp-json\/wp\/v2\/media?parent=7174"}],"wp:term":[{"taxonomy":"category","embeddable":true,"href":"https:\/\/fg.ull.es\/portal\/gdi\/wp-json\/wp\/v2\/categories?post=7174"},{"taxonomy":"post_tag","embeddable":true,"href":"https:\/\/fg.ull.es\/portal\/gdi\/wp-json\/wp\/v2\/tags?post=7174"}],"curies":[{"name":"wp","href":"https:\/\/api.w.org\/{rel}","templated":true}]}}