{"id":6993,"date":"2022-10-21T10:09:03","date_gmt":"2022-10-21T10:09:03","guid":{"rendered":"https:\/\/fg.ull.es\/portal\/gdi\/?p=6991"},"modified":"2022-10-21T10:09:03","modified_gmt":"2022-10-21T10:09:03","slug":"un-cafe-con-gdi-las-competencias-de-futuro-con-david-alayon","status":"publish","type":"post","link":"https:\/\/fg.ull.es\/portal\/gdi\/un-cafe-con-gdi-las-competencias-de-futuro-con-david-alayon\/","title":{"rendered":"Un caf\u00e9 con GDI: Las competencias de futuro, con David Alay\u00f3n"},"content":{"rendered":"\n<p>El pr\u00f3ximo mi\u00e9rcoles 26 de octubre, de mano del Programa de Gestores de la Innovaci\u00f3n 2022, tendr\u00e1 lugar de forma online y gratuita, una charla con David Alay\u00f3n.<\/p>\n\n\n\n<p>De 10:00 a 11:00 las personas que est\u00e9n interesadas podr\u00e1n atender esta conferencia de David sobre las competencias del futuro.<\/p>\n\n\n\n<blockquote class=\"wp-block-quote\"><p><em>Vivimos en tiempos de transformaci\u00f3n acelerada en los que las carreras profesionales cambian r\u00e1pidamente. Factores como la disrupci\u00f3n tecnol\u00f3gica, el desaf\u00edo clim\u00e1tico, las disputas geopol\u00edticas o los retos de la salud global contribuyen a crear un contexto de gran incertidumbre. Las maneras de trabajar est\u00e1n evolucionando hacia nuevos modelos a\u00fan por vislumbrar y muchas habilidades se quedan obsoletas en apenas unos pocos a\u00f1os.\u00a0<\/em><\/p><p><strong><em>\u00bfQu\u00e9 nuevos conocimientos y competencias deber\u00edamos aprender para navegar un futuro incierto?<\/em><\/strong><\/p><\/blockquote>\n\n\n\n<p>Adem\u00e1s, contaremos tambi\u00e9n con la participaci\u00f3n de Carlos Vel\u00e1zquez, t\u00e9cnico Cide de la Fundaci\u00f3n General de la Universidad de La Laguna, que hablar\u00e1 sobre la Subvenci\u00f3n para la Incorporaci\u00f3n de Personal Innovador (IPI), como una posibilidad para que las empresas puedan contratar a alumnado formado en innovaci\u00f3n, transformaci\u00f3n digital, etc. por medio de programas como Gestores de la Innovaci\u00f3n para poder llevar a cabo proyectos de innovaci\u00f3n en las entidades.<\/p>\n\n\n\n<p><strong>\u00bfSabes qu\u00e9 son los IPIS?<\/strong><\/p>\n\n\n\n<p>Son ayudas para pymes y cl\u00fasteres para la contrataci\u00f3n de personas con la titulaci\u00f3n adecuada que puedan participar como tecn\u00f3logos y tecn\u00f3logas en la ejecuci\u00f3n de actividades de I+D+i.<\/p>\n\n\n\n<p>A las entidades <strong>se les subvenciona un alto porcentaje de la contrataci\u00f3n<\/strong>, salario y Seguridad Social, de este personal innovador (hasta el 95%), ser\u00e1 mayor o menor dependiendo del tipo de entidad.<\/p>\n\n\n\n<p>La entidad solicitante realiza la solicitud explicando el proyecto a realizar e indica el perfil de la persona a contratar: <strong>titulaci\u00f3n universitaria y formaci\u00f3n en un programa p\u00fablico de gestores de la innovaci\u00f3n (GDI).&nbsp;<\/strong><\/p>\n\n\n\n<p>A mayor formaci\u00f3n universitaria y mayor formaci\u00f3n en GDI m\u00e1s puntos le otorgar\u00e1n a la entidad, por lo que tener m\u00e1s niveles de GDI realizados puede aumentar las posibilidades de que una empresa pueda contratarle mediante un IPI.<\/p>\n\n\n\n<p>\u00bfTe gustar\u00eda asistir a este evento online?<\/p>\n\n\n\n<div class=\"wp-block-buttons is-layout-flex wp-block-buttons-is-layout-flex\">\n<div class=\"wp-block-button\"><a class=\"wp-block-button__link has-luminous-dusk-gradient-background has-background\" href=\"https:\/\/forms.gle\/sHqiHQERby2sxq3Q7\" target=\"_blank\" rel=\"noreferrer noopener\">Puedes inscribirte gratuitamente aqu\u00ed<\/a><\/div>\n<\/div>\n\n\n\n<p><\/p>\n","protected":false},"excerpt":{"rendered":"<p>El pr\u00f3ximo mi\u00e9rcoles 26 de octubre, de mano del Programa de Gestores de la Innovaci\u00f3n 2022, tendr\u00e1 lugar de forma online y gratuita, una charla con David Alay\u00f3n. De 10:00 a 11:00 las personas que est\u00e9n interesadas podr\u00e1n atender esta conferencia de David sobre las competencias del futuro. Vivimos en tiempos de transformaci\u00f3n acelerada en&#8230;<\/p>\n","protected":false},"author":12,"featured_media":6979,"comment_status":"closed","ping_status":"closed","sticky":false,"template":"","format":"standard","meta":{"footnotes":""},"categories":[1],"tags":[],"yoast_head":"<!-- This site is optimized with the Yoast SEO plugin v21.1 - https:\/\/yoast.com\/wordpress\/plugins\/seo\/ -->\n<title>Un caf\u00e9 con GDI: Las competencias de futuro, con David Alay\u00f3n - Programa de Gestores de la Innovaci\u00f3n<\/title>\n<meta name=\"robots\" content=\"index, follow, max-snippet:-1, max-image-preview:large, max-video-preview:-1\" \/>\n<link rel=\"canonical\" href=\"https:\/\/fg.ull.es\/portal\/gdi\/un-cafe-con-gdi-las-competencias-de-futuro-con-david-alayon\/\" \/>\n<meta property=\"og:locale\" content=\"es_ES\" \/>\n<meta property=\"og:type\" content=\"article\" \/>\n<meta property=\"og:title\" content=\"Un caf\u00e9 con GDI: Las competencias de futuro, con David Alay\u00f3n - Programa de Gestores de la Innovaci\u00f3n\" \/>\n<meta property=\"og:description\" content=\"El pr\u00f3ximo mi\u00e9rcoles 26 de octubre, de mano del Programa de Gestores de la Innovaci\u00f3n 2022, tendr\u00e1 lugar de forma online y gratuita, una charla con David Alay\u00f3n. De 10:00 a 11:00 las personas que est\u00e9n interesadas podr\u00e1n atender esta conferencia de David sobre las competencias del futuro. Vivimos en tiempos de transformaci\u00f3n acelerada en...\" \/>\n<meta property=\"og:url\" content=\"https:\/\/fg.ull.es\/portal\/gdi\/un-cafe-con-gdi-las-competencias-de-futuro-con-david-alayon\/\" \/>\n<meta property=\"og:site_name\" content=\"Programa de Gestores de la Innovaci\u00f3n\" \/>\n<meta property=\"article:published_time\" content=\"2022-10-21T10:09:03+00:00\" \/>\n<meta property=\"og:image\" content=\"https:\/\/fg.ull.es\/portal\/gdi\/wp-content\/uploads\/sites\/2\/2022\/10\/Cafe-GDI_banner-1-2.jpg\" \/>\n\t<meta property=\"og:image:width\" content=\"1200\" \/>\n\t<meta property=\"og:image:height\" content=\"1200\" \/>\n\t<meta property=\"og:image:type\" content=\"image\/jpeg\" \/>\n<meta name=\"author\" content=\"aascanio\" \/>\n<meta name=\"twitter:card\" content=\"summary_large_image\" \/>\n<meta name=\"twitter:label1\" content=\"Written by\" \/>\n\t<meta name=\"twitter:data1\" content=\"aascanio\" \/>\n\t<meta name=\"twitter:label2\" content=\"Est. reading time\" \/>\n\t<meta name=\"twitter:data2\" content=\"2 minutos\" \/>\n<script type=\"application\/ld+json\" class=\"yoast-schema-graph\">{\"@context\":\"https:\/\/schema.org\",\"@graph\":[{\"@type\":\"Article\",\"@id\":\"https:\/\/fg.ull.es\/portal\/gdi\/un-cafe-con-gdi-las-competencias-de-futuro-con-david-alayon\/#article\",\"isPartOf\":{\"@id\":\"https:\/\/fg.ull.es\/portal\/gdi\/un-cafe-con-gdi-las-competencias-de-futuro-con-david-alayon\/\"},\"author\":{\"name\":\"aascanio\",\"@id\":\"https:\/\/fg.ull.es\/portal\/gdi\/#\/schema\/person\/1ad03d108c212b498a622f39176298aa\"},\"headline\":\"Un caf\u00e9 con GDI: Las competencias de futuro, con David Alay\u00f3n\",\"datePublished\":\"2022-10-21T10:09:03+00:00\",\"dateModified\":\"2022-10-21T10:09:03+00:00\",\"mainEntityOfPage\":{\"@id\":\"https:\/\/fg.ull.es\/portal\/gdi\/un-cafe-con-gdi-las-competencias-de-futuro-con-david-alayon\/\"},\"wordCount\":398,\"publisher\":{\"@id\":\"https:\/\/fg.ull.es\/portal\/gdi\/#organization\"},\"inLanguage\":\"es\"},{\"@type\":\"WebPage\",\"@id\":\"https:\/\/fg.ull.es\/portal\/gdi\/un-cafe-con-gdi-las-competencias-de-futuro-con-david-alayon\/\",\"url\":\"https:\/\/fg.ull.es\/portal\/gdi\/un-cafe-con-gdi-las-competencias-de-futuro-con-david-alayon\/\",\"name\":\"Un caf\u00e9 con GDI: Las competencias de futuro, con David Alay\u00f3n - Programa de Gestores de la Innovaci\u00f3n\",\"isPartOf\":{\"@id\":\"https:\/\/fg.ull.es\/portal\/gdi\/#website\"},\"datePublished\":\"2022-10-21T10:09:03+00:00\",\"dateModified\":\"2022-10-21T10:09:03+00:00\",\"breadcrumb\":{\"@id\":\"https:\/\/fg.ull.es\/portal\/gdi\/un-cafe-con-gdi-las-competencias-de-futuro-con-david-alayon\/#breadcrumb\"},\"inLanguage\":\"es\",\"potentialAction\":[{\"@type\":\"ReadAction\",\"target\":[\"https:\/\/fg.ull.es\/portal\/gdi\/un-cafe-con-gdi-las-competencias-de-futuro-con-david-alayon\/\"]}]},{\"@type\":\"BreadcrumbList\",\"@id\":\"https:\/\/fg.ull.es\/portal\/gdi\/un-cafe-con-gdi-las-competencias-de-futuro-con-david-alayon\/#breadcrumb\",\"itemListElement\":[{\"@type\":\"ListItem\",\"position\":1,\"name\":\"Portada\",\"item\":\"https:\/\/fg.ull.es\/portal\/gdi\/\"},{\"@type\":\"ListItem\",\"position\":2,\"name\":\"Un caf\u00e9 con GDI: Las competencias de futuro, con David Alay\u00f3n\"}]},{\"@type\":\"WebSite\",\"@id\":\"https:\/\/fg.ull.es\/portal\/gdi\/#website\",\"url\":\"https:\/\/fg.ull.es\/portal\/gdi\/\",\"name\":\"Programa de Gestores de la Innovaci\u00f3n\",\"description\":\"\",\"publisher\":{\"@id\":\"https:\/\/fg.ull.es\/portal\/gdi\/#organization\"},\"potentialAction\":[{\"@type\":\"SearchAction\",\"target\":{\"@type\":\"EntryPoint\",\"urlTemplate\":\"https:\/\/fg.ull.es\/portal\/gdi\/?s={search_term_string}\"},\"query-input\":\"required name=search_term_string\"}],\"inLanguage\":\"es\"},{\"@type\":\"Organization\",\"@id\":\"https:\/\/fg.ull.es\/portal\/gdi\/#organization\",\"name\":\"FUNDACI\u00d3N CANARIA GENERAL UNIVERSIDAD DE LA LAGUNA\",\"url\":\"https:\/\/fg.ull.es\/portal\/gdi\/\",\"logo\":{\"@type\":\"ImageObject\",\"inLanguage\":\"es\",\"@id\":\"https:\/\/fg.ull.es\/portal\/gdi\/#\/schema\/logo\/image\/\",\"url\":\"https:\/\/fg.ull.es\/portal\/gdi\/wp-content\/uploads\/sites\/2\/2020\/04\/FAVICON.png\",\"contentUrl\":\"https:\/\/fg.ull.es\/portal\/gdi\/wp-content\/uploads\/sites\/2\/2020\/04\/FAVICON.png\",\"width\":512,\"height\":512,\"caption\":\"FUNDACI\u00d3N CANARIA GENERAL UNIVERSIDAD DE LA LAGUNA\"},\"image\":{\"@id\":\"https:\/\/fg.ull.es\/portal\/gdi\/#\/schema\/logo\/image\/\"}},{\"@type\":\"Person\",\"@id\":\"https:\/\/fg.ull.es\/portal\/gdi\/#\/schema\/person\/1ad03d108c212b498a622f39176298aa\",\"name\":\"aascanio\",\"image\":{\"@type\":\"ImageObject\",\"inLanguage\":\"es\",\"@id\":\"https:\/\/fg.ull.es\/portal\/gdi\/#\/schema\/person\/image\/\",\"url\":\"https:\/\/secure.gravatar.com\/avatar\/fb13c6d51e43015759a2b0b66dcd2734?s=96&d=mm&r=g\",\"contentUrl\":\"https:\/\/secure.gravatar.com\/avatar\/fb13c6d51e43015759a2b0b66dcd2734?s=96&d=mm&r=g\",\"caption\":\"aascanio\"}}]}<\/script>\n<!-- \/ Yoast SEO plugin. -->","yoast_head_json":{"title":"Un caf\u00e9 con GDI: Las competencias de futuro, con David Alay\u00f3n - Programa de Gestores de la Innovaci\u00f3n","robots":{"index":"index","follow":"follow","max-snippet":"max-snippet:-1","max-image-preview":"max-image-preview:large","max-video-preview":"max-video-preview:-1"},"canonical":"https:\/\/fg.ull.es\/portal\/gdi\/un-cafe-con-gdi-las-competencias-de-futuro-con-david-alayon\/","og_locale":"es_ES","og_type":"article","og_title":"Un caf\u00e9 con GDI: Las competencias de futuro, con David Alay\u00f3n - Programa de Gestores de la Innovaci\u00f3n","og_description":"El pr\u00f3ximo mi\u00e9rcoles 26 de octubre, de mano del Programa de Gestores de la Innovaci\u00f3n 2022, tendr\u00e1 lugar de forma online y gratuita, una charla con David Alay\u00f3n. De 10:00 a 11:00 las personas que est\u00e9n interesadas podr\u00e1n atender esta conferencia de David sobre las competencias del futuro. Vivimos en tiempos de transformaci\u00f3n acelerada en...","og_url":"https:\/\/fg.ull.es\/portal\/gdi\/un-cafe-con-gdi-las-competencias-de-futuro-con-david-alayon\/","og_site_name":"Programa de Gestores de la Innovaci\u00f3n","article_published_time":"2022-10-21T10:09:03+00:00","og_image":[{"width":1200,"height":1200,"url":"https:\/\/fg.ull.es\/portal\/gdi\/wp-content\/uploads\/sites\/2\/2022\/10\/Cafe-GDI_banner-1-2.jpg","type":"image\/jpeg"}],"author":"aascanio","twitter_card":"summary_large_image","twitter_misc":{"Written by":"aascanio","Est. reading time":"2 minutos"},"schema":{"@context":"https:\/\/schema.org","@graph":[{"@type":"Article","@id":"https:\/\/fg.ull.es\/portal\/gdi\/un-cafe-con-gdi-las-competencias-de-futuro-con-david-alayon\/#article","isPartOf":{"@id":"https:\/\/fg.ull.es\/portal\/gdi\/un-cafe-con-gdi-las-competencias-de-futuro-con-david-alayon\/"},"author":{"name":"aascanio","@id":"https:\/\/fg.ull.es\/portal\/gdi\/#\/schema\/person\/1ad03d108c212b498a622f39176298aa"},"headline":"Un caf\u00e9 con GDI: Las competencias de futuro, con David Alay\u00f3n","datePublished":"2022-10-21T10:09:03+00:00","dateModified":"2022-10-21T10:09:03+00:00","mainEntityOfPage":{"@id":"https:\/\/fg.ull.es\/portal\/gdi\/un-cafe-con-gdi-las-competencias-de-futuro-con-david-alayon\/"},"wordCount":398,"publisher":{"@id":"https:\/\/fg.ull.es\/portal\/gdi\/#organization"},"inLanguage":"es"},{"@type":"WebPage","@id":"https:\/\/fg.ull.es\/portal\/gdi\/un-cafe-con-gdi-las-competencias-de-futuro-con-david-alayon\/","url":"https:\/\/fg.ull.es\/portal\/gdi\/un-cafe-con-gdi-las-competencias-de-futuro-con-david-alayon\/","name":"Un caf\u00e9 con GDI: Las competencias de futuro, con David Alay\u00f3n - Programa de Gestores de la Innovaci\u00f3n","isPartOf":{"@id":"https:\/\/fg.ull.es\/portal\/gdi\/#website"},"datePublished":"2022-10-21T10:09:03+00:00","dateModified":"2022-10-21T10:09:03+00:00","breadcrumb":{"@id":"https:\/\/fg.ull.es\/portal\/gdi\/un-cafe-con-gdi-las-competencias-de-futuro-con-david-alayon\/#breadcrumb"},"inLanguage":"es","potentialAction":[{"@type":"ReadAction","target":["https:\/\/fg.ull.es\/portal\/gdi\/un-cafe-con-gdi-las-competencias-de-futuro-con-david-alayon\/"]}]},{"@type":"BreadcrumbList","@id":"https:\/\/fg.ull.es\/portal\/gdi\/un-cafe-con-gdi-las-competencias-de-futuro-con-david-alayon\/#breadcrumb","itemListElement":[{"@type":"ListItem","position":1,"name":"Portada","item":"https:\/\/fg.ull.es\/portal\/gdi\/"},{"@type":"ListItem","position":2,"name":"Un caf\u00e9 con GDI: Las competencias de futuro, con David Alay\u00f3n"}]},{"@type":"WebSite","@id":"https:\/\/fg.ull.es\/portal\/gdi\/#website","url":"https:\/\/fg.ull.es\/portal\/gdi\/","name":"Programa de Gestores de la Innovaci\u00f3n","description":"","publisher":{"@id":"https:\/\/fg.ull.es\/portal\/gdi\/#organization"},"potentialAction":[{"@type":"SearchAction","target":{"@type":"EntryPoint","urlTemplate":"https:\/\/fg.ull.es\/portal\/gdi\/?s={search_term_string}"},"query-input":"required name=search_term_string"}],"inLanguage":"es"},{"@type":"Organization","@id":"https:\/\/fg.ull.es\/portal\/gdi\/#organization","name":"FUNDACI\u00d3N CANARIA GENERAL UNIVERSIDAD DE LA LAGUNA","url":"https:\/\/fg.ull.es\/portal\/gdi\/","logo":{"@type":"ImageObject","inLanguage":"es","@id":"https:\/\/fg.ull.es\/portal\/gdi\/#\/schema\/logo\/image\/","url":"https:\/\/fg.ull.es\/portal\/gdi\/wp-content\/uploads\/sites\/2\/2020\/04\/FAVICON.png","contentUrl":"https:\/\/fg.ull.es\/portal\/gdi\/wp-content\/uploads\/sites\/2\/2020\/04\/FAVICON.png","width":512,"height":512,"caption":"FUNDACI\u00d3N CANARIA GENERAL UNIVERSIDAD DE LA LAGUNA"},"image":{"@id":"https:\/\/fg.ull.es\/portal\/gdi\/#\/schema\/logo\/image\/"}},{"@type":"Person","@id":"https:\/\/fg.ull.es\/portal\/gdi\/#\/schema\/person\/1ad03d108c212b498a622f39176298aa","name":"aascanio","image":{"@type":"ImageObject","inLanguage":"es","@id":"https:\/\/fg.ull.es\/portal\/gdi\/#\/schema\/person\/image\/","url":"https:\/\/secure.gravatar.com\/avatar\/fb13c6d51e43015759a2b0b66dcd2734?s=96&d=mm&r=g","contentUrl":"https:\/\/secure.gravatar.com\/avatar\/fb13c6d51e43015759a2b0b66dcd2734?s=96&d=mm&r=g","caption":"aascanio"}}]}},"_links":{"self":[{"href":"https:\/\/fg.ull.es\/portal\/gdi\/wp-json\/wp\/v2\/posts\/6993"}],"collection":[{"href":"https:\/\/fg.ull.es\/portal\/gdi\/wp-json\/wp\/v2\/posts"}],"about":[{"href":"https:\/\/fg.ull.es\/portal\/gdi\/wp-json\/wp\/v2\/types\/post"}],"author":[{"embeddable":true,"href":"https:\/\/fg.ull.es\/portal\/gdi\/wp-json\/wp\/v2\/users\/12"}],"replies":[{"embeddable":true,"href":"https:\/\/fg.ull.es\/portal\/gdi\/wp-json\/wp\/v2\/comments?post=6993"}],"version-history":[{"count":0,"href":"https:\/\/fg.ull.es\/portal\/gdi\/wp-json\/wp\/v2\/posts\/6993\/revisions"}],"wp:featuredmedia":[{"embeddable":true,"href":"https:\/\/fg.ull.es\/portal\/gdi\/wp-json\/wp\/v2\/media\/6979"}],"wp:attachment":[{"href":"https:\/\/fg.ull.es\/portal\/gdi\/wp-json\/wp\/v2\/media?parent=6993"}],"wp:term":[{"taxonomy":"category","embeddable":true,"href":"https:\/\/fg.ull.es\/portal\/gdi\/wp-json\/wp\/v2\/categories?post=6993"},{"taxonomy":"post_tag","embeddable":true,"href":"https:\/\/fg.ull.es\/portal\/gdi\/wp-json\/wp\/v2\/tags?post=6993"}],"curies":[{"name":"wp","href":"https:\/\/api.w.org\/{rel}","templated":true}]}}