{"id":6992,"date":"2022-09-28T13:22:56","date_gmt":"2022-09-28T13:22:56","guid":{"rendered":"https:\/\/fg.ull.es\/portal\/gdi\/?p=6927"},"modified":"2022-09-28T13:22:56","modified_gmt":"2022-09-28T13:22:56","slug":"plazas-abiertas-para-empresas-gdi2022","status":"publish","type":"post","link":"https:\/\/fg.ull.es\/portal\/gdi\/plazas-abiertas-para-empresas-gdi2022\/","title":{"rendered":"GDI 2022 abre plazas para incorporar a personal formado en la ULL para realizar labores de consultor\u00eda de la innovaci\u00f3n."},"content":{"rendered":"\n<p>Las empresas, grupos de investigaci\u00f3n o centros de I +D&nbsp; que tengan inter\u00e9s en formar parte del Programa de Gesti\u00f3n de la Innovaci\u00f3n podr\u00e1n participar en la convocatoria reci\u00e9n abierta para incorporar durante un per\u00edodo de 3 meses a <strong>un\/a<\/strong> <strong>Consultor\/a<\/strong> en pr\u00e1cticas (de forma totalmente gratuita para la empresa), que desempe\u00f1ar\u00e1 funciones de Consultor\u00eda en Innovaci\u00f3n o en Transformaci\u00f3n Digital.&nbsp;<\/p>\n\n\n\n<blockquote class=\"wp-block-quote\"><p>Los consultores y consultoras en pr\u00e1cticas realizar\u00e1n un diagn\u00f3stico del grado de innovaci\u00f3n o de transformaci\u00f3n digital de la entidad, identificar\u00e1n propuestas de mejora en estos \u00e1mbitos y podr\u00e1n planificar la estrategia de innovaci\u00f3n o transformaci\u00f3n digital de las entidades, asimismo buscar\u00e1n subvenciones que puedan permitir llevar a cabo los proyectos identificados.<\/p><\/blockquote>\n\n\n\n<p>Este Programa de Formaci\u00f3n de Gestores de la innovaci\u00f3n 2022 est\u00e1 gestionado y desarrollado por la Fundaci\u00f3n General Universidad de La Laguna para la Agencia Canaria de Investigaci\u00f3n, Innovaci\u00f3n y Sociedad de la Informaci\u00f3n.<\/p>\n\n\n\n<p><strong>REQUISITOS EMPRESAS PARTICIPANTES:<\/strong><\/p>\n\n\n\n<p>1. Ser una empresa con entidad jur\u00eddica propia y cuente con sede en Canarias.<\/p>\n\n\n\n<p>2. Tener como m\u00ednimo tres personas empleadas.<\/p>\n\n\n\n<p>3. Desarrollar su actividad en alguno de los sectores prioritarios establecidos en la Estrategia de Especializaci\u00f3n Inteligente de Canarias 2014-2020: turismo, cooperaci\u00f3n al desarrollo, energ\u00eda, agua, educaci\u00f3n, salud, astrof\u00edsica y espacio, ciencias marino mar\u00edtimas, biotecnolog\u00eda y biomedicina, sostenibilidad ambiental, eficiencia energ\u00e9tica, agricultura, pesca, cultura, agenda digital.<\/p>\n\n\n\n<p>4. Disponer de un espacio f\u00edsico y los medios materiales adecuados donde la persona en formaci\u00f3n pr\u00e1ctica pueda desempe\u00f1ar sus labores (tel\u00e9fono, acceso a Internet, ordenador personal&#8230;).<\/p>\n\n\n\n<p>5. Asignar a alguien de su plantilla como tutor o tutora.<\/p>\n\n\n\n<p>6. Comprender los objetivos del proyecto, declarar su inter\u00e9s en participar en el mismo y aceptar las bases de participaci\u00f3n en el mismo.<\/p>\n\n\n\n<p>7. Inscribirse en plazo y forma y entregar de forma correcta y completa, en el plazo de la convocatoria, la documentaci\u00f3n solicitada por la Fundaci\u00f3n.<\/p>\n\n\n\n<p>Te invitamos a leer atentamente <a href=\"https:\/\/drive.google.com\/file\/d\/1kN7ld0PrF2kD77bXdX1I2Pbhpt5iwTEf\/view\" target=\"_blank\" rel=\"noreferrer noopener\">las bases<\/a>. para comprobar que tu empresa cumple las condiciones.<\/p>\n\n\n\n<p>\u00bfQuieres conocer el testimonio de algunas empresas que han participado en este proyecto a\u00f1os anteriores? Puedes escuchar a:<\/p>\n\n\n\n<ul><li><a href=\"https:\/\/www.youtube.com\/watch?v=esRmLVRfUH8&amp;list=PLbU1uwxBUAGEcglbJ0XoqbxwNZa4RZvYk&amp;index=82\" target=\"_blank\" rel=\"noreferrer noopener\">Entrevista Borealis<\/a><\/li><li><a href=\"https:\/\/www.youtube.com\/watch?v=PqbBQxNs3ZU&amp;list=PLbU1uwxBUAGEcglbJ0XoqbxwNZa4RZvYk&amp;index=78\" target=\"_blank\" rel=\"noreferrer noopener\">Entrevista San Juan de Dios<\/a><\/li><li><a href=\"https:\/\/www.youtube.com\/watch?v=2LWg9-HEzrE&amp;list=PLbU1uwxBUAGEcglbJ0XoqbxwNZa4RZvYk&amp;index=70\" target=\"_blank\" rel=\"noreferrer noopener\">Entrevista Prodel Agr\u00edcola<\/a><\/li><li><a href=\"https:\/\/www.youtube.com\/watch?v=ScPSOi5j6gM&amp;list=PLbU1uwxBUAGEcglbJ0XoqbxwNZa4RZvYk&amp;index=72\" target=\"_blank\" rel=\"noreferrer noopener\">Entrevista Instituto Productos Naturales<\/a><\/li><\/ul>\n\n\n\n<p>\u00bfTe gustar\u00eda solicitar la participaci\u00f3n para tu empresa o grupo de investigaci\u00f3n? Puedes hacerlo a trav\u00e9s del <a href=\"https:\/\/docs.google.com\/forms\/d\/e\/1FAIpQLSfpDmjPtXblxx1491hUgFWT6KLoHPB8t6I8_0R-4Isn8gVkHw\/viewform?usp=send_form\" target=\"_blank\" rel=\"noreferrer noopener\">siguiente formulario<\/a>.<\/p>\n\n\n\n<div class=\"wp-block-buttons is-content-justification-center is-layout-flex wp-block-buttons-is-layout-flex\">\n<div class=\"wp-block-button\"><a class=\"wp-block-button__link has-vivid-cyan-blue-to-vivid-purple-gradient-background has-background\" href=\"https:\/\/docs.google.com\/forms\/d\/e\/1FAIpQLSfpDmjPtXblxx1491hUgFWT6KLoHPB8t6I8_0R-4Isn8gVkHw\/viewform\" target=\"_blank\" rel=\"noreferrer noopener\">\u00a1INSCRIBE AQU\u00cd A TU EMPRESA!<\/a><\/div>\n<\/div>\n\n\n\n<h2 class=\"has-text-align-center wp-block-heading\"><strong>\u00a1Tienes hasta el 9 de octubre para inscribirte!<\/strong><\/h2>\n","protected":false},"excerpt":{"rendered":"<p>Las empresas, grupos de investigaci\u00f3n o centros de I +D&nbsp; que tengan inter\u00e9s en formar parte del Programa de Gesti\u00f3n de la Innovaci\u00f3n podr\u00e1n participar en la convocatoria reci\u00e9n abierta para incorporar durante un per\u00edodo de 3 meses a un\/a Consultor\/a en pr\u00e1cticas (de forma totalmente gratuita para la empresa), que desempe\u00f1ar\u00e1 funciones de Consultor\u00eda&#8230;<\/p>\n","protected":false},"author":12,"featured_media":5137,"comment_status":"closed","ping_status":"closed","sticky":false,"template":"","format":"standard","meta":{"footnotes":""},"categories":[1],"tags":[],"yoast_head":"<!-- This site is optimized with the Yoast SEO plugin v21.1 - https:\/\/yoast.com\/wordpress\/plugins\/seo\/ -->\n<title>GDI 2022 abre plazas para incorporar a personal formado en la ULL para realizar labores de consultor\u00eda de la innovaci\u00f3n. - Programa de Gestores de la Innovaci\u00f3n<\/title>\n<meta name=\"robots\" content=\"index, follow, max-snippet:-1, max-image-preview:large, max-video-preview:-1\" \/>\n<link rel=\"canonical\" href=\"https:\/\/fg.ull.es\/portal\/gdi\/plazas-abiertas-para-empresas-gdi2022\/\" \/>\n<meta property=\"og:locale\" content=\"es_ES\" \/>\n<meta property=\"og:type\" content=\"article\" \/>\n<meta property=\"og:title\" content=\"GDI 2022 abre plazas para incorporar a personal formado en la ULL para realizar labores de consultor\u00eda de la innovaci\u00f3n. - Programa de Gestores de la Innovaci\u00f3n\" \/>\n<meta property=\"og:description\" content=\"Las empresas, grupos de investigaci\u00f3n o centros de I +D&nbsp; que tengan inter\u00e9s en formar parte del Programa de Gesti\u00f3n de la Innovaci\u00f3n podr\u00e1n participar en la convocatoria reci\u00e9n abierta para incorporar durante un per\u00edodo de 3 meses a un\/a Consultor\/a en pr\u00e1cticas (de forma totalmente gratuita para la empresa), que desempe\u00f1ar\u00e1 funciones de Consultor\u00eda...\" \/>\n<meta property=\"og:url\" content=\"https:\/\/fg.ull.es\/portal\/gdi\/plazas-abiertas-para-empresas-gdi2022\/\" \/>\n<meta property=\"og:site_name\" content=\"Programa de Gestores de la Innovaci\u00f3n\" \/>\n<meta property=\"article:published_time\" content=\"2022-09-28T13:22:56+00:00\" \/>\n<meta property=\"og:image\" content=\"https:\/\/fg.ull.es\/portal\/gdi\/wp-content\/uploads\/sites\/2\/2021\/01\/Banners-empresas-2o-tanda-4.jpg\" \/>\n\t<meta property=\"og:image:width\" content=\"1200\" \/>\n\t<meta property=\"og:image:height\" content=\"628\" \/>\n\t<meta property=\"og:image:type\" content=\"image\/jpeg\" \/>\n<meta name=\"author\" content=\"aascanio\" \/>\n<meta name=\"twitter:card\" content=\"summary_large_image\" \/>\n<meta name=\"twitter:label1\" content=\"Written by\" \/>\n\t<meta name=\"twitter:data1\" content=\"aascanio\" \/>\n\t<meta name=\"twitter:label2\" content=\"Est. reading time\" \/>\n\t<meta name=\"twitter:data2\" content=\"2 minutos\" \/>\n<script type=\"application\/ld+json\" class=\"yoast-schema-graph\">{\"@context\":\"https:\/\/schema.org\",\"@graph\":[{\"@type\":\"Article\",\"@id\":\"https:\/\/fg.ull.es\/portal\/gdi\/plazas-abiertas-para-empresas-gdi2022\/#article\",\"isPartOf\":{\"@id\":\"https:\/\/fg.ull.es\/portal\/gdi\/plazas-abiertas-para-empresas-gdi2022\/\"},\"author\":{\"name\":\"aascanio\",\"@id\":\"https:\/\/fg.ull.es\/portal\/gdi\/#\/schema\/person\/1ad03d108c212b498a622f39176298aa\"},\"headline\":\"GDI 2022 abre plazas para incorporar a personal formado en la ULL para realizar labores de consultor\u00eda de la innovaci\u00f3n.\",\"datePublished\":\"2022-09-28T13:22:56+00:00\",\"dateModified\":\"2022-09-28T13:22:56+00:00\",\"mainEntityOfPage\":{\"@id\":\"https:\/\/fg.ull.es\/portal\/gdi\/plazas-abiertas-para-empresas-gdi2022\/\"},\"wordCount\":450,\"publisher\":{\"@id\":\"https:\/\/fg.ull.es\/portal\/gdi\/#organization\"},\"inLanguage\":\"es\"},{\"@type\":\"WebPage\",\"@id\":\"https:\/\/fg.ull.es\/portal\/gdi\/plazas-abiertas-para-empresas-gdi2022\/\",\"url\":\"https:\/\/fg.ull.es\/portal\/gdi\/plazas-abiertas-para-empresas-gdi2022\/\",\"name\":\"GDI 2022 abre plazas para incorporar a personal formado en la ULL para realizar labores de consultor\u00eda de la innovaci\u00f3n. - Programa de Gestores de la Innovaci\u00f3n\",\"isPartOf\":{\"@id\":\"https:\/\/fg.ull.es\/portal\/gdi\/#website\"},\"datePublished\":\"2022-09-28T13:22:56+00:00\",\"dateModified\":\"2022-09-28T13:22:56+00:00\",\"breadcrumb\":{\"@id\":\"https:\/\/fg.ull.es\/portal\/gdi\/plazas-abiertas-para-empresas-gdi2022\/#breadcrumb\"},\"inLanguage\":\"es\",\"potentialAction\":[{\"@type\":\"ReadAction\",\"target\":[\"https:\/\/fg.ull.es\/portal\/gdi\/plazas-abiertas-para-empresas-gdi2022\/\"]}]},{\"@type\":\"BreadcrumbList\",\"@id\":\"https:\/\/fg.ull.es\/portal\/gdi\/plazas-abiertas-para-empresas-gdi2022\/#breadcrumb\",\"itemListElement\":[{\"@type\":\"ListItem\",\"position\":1,\"name\":\"Portada\",\"item\":\"https:\/\/fg.ull.es\/portal\/gdi\/\"},{\"@type\":\"ListItem\",\"position\":2,\"name\":\"GDI 2022 abre plazas para incorporar a personal formado en la ULL para realizar labores de consultor\u00eda de la innovaci\u00f3n.\"}]},{\"@type\":\"WebSite\",\"@id\":\"https:\/\/fg.ull.es\/portal\/gdi\/#website\",\"url\":\"https:\/\/fg.ull.es\/portal\/gdi\/\",\"name\":\"Programa de Gestores de la Innovaci\u00f3n\",\"description\":\"\",\"publisher\":{\"@id\":\"https:\/\/fg.ull.es\/portal\/gdi\/#organization\"},\"potentialAction\":[{\"@type\":\"SearchAction\",\"target\":{\"@type\":\"EntryPoint\",\"urlTemplate\":\"https:\/\/fg.ull.es\/portal\/gdi\/?s={search_term_string}\"},\"query-input\":\"required name=search_term_string\"}],\"inLanguage\":\"es\"},{\"@type\":\"Organization\",\"@id\":\"https:\/\/fg.ull.es\/portal\/gdi\/#organization\",\"name\":\"FUNDACI\u00d3N CANARIA GENERAL UNIVERSIDAD DE LA LAGUNA\",\"url\":\"https:\/\/fg.ull.es\/portal\/gdi\/\",\"logo\":{\"@type\":\"ImageObject\",\"inLanguage\":\"es\",\"@id\":\"https:\/\/fg.ull.es\/portal\/gdi\/#\/schema\/logo\/image\/\",\"url\":\"https:\/\/fg.ull.es\/portal\/gdi\/wp-content\/uploads\/sites\/2\/2020\/04\/FAVICON.png\",\"contentUrl\":\"https:\/\/fg.ull.es\/portal\/gdi\/wp-content\/uploads\/sites\/2\/2020\/04\/FAVICON.png\",\"width\":512,\"height\":512,\"caption\":\"FUNDACI\u00d3N CANARIA GENERAL UNIVERSIDAD DE LA LAGUNA\"},\"image\":{\"@id\":\"https:\/\/fg.ull.es\/portal\/gdi\/#\/schema\/logo\/image\/\"}},{\"@type\":\"Person\",\"@id\":\"https:\/\/fg.ull.es\/portal\/gdi\/#\/schema\/person\/1ad03d108c212b498a622f39176298aa\",\"name\":\"aascanio\",\"image\":{\"@type\":\"ImageObject\",\"inLanguage\":\"es\",\"@id\":\"https:\/\/fg.ull.es\/portal\/gdi\/#\/schema\/person\/image\/\",\"url\":\"https:\/\/secure.gravatar.com\/avatar\/fb13c6d51e43015759a2b0b66dcd2734?s=96&d=mm&r=g\",\"contentUrl\":\"https:\/\/secure.gravatar.com\/avatar\/fb13c6d51e43015759a2b0b66dcd2734?s=96&d=mm&r=g\",\"caption\":\"aascanio\"}}]}<\/script>\n<!-- \/ Yoast SEO plugin. -->","yoast_head_json":{"title":"GDI 2022 abre plazas para incorporar a personal formado en la ULL para realizar labores de consultor\u00eda de la innovaci\u00f3n. - Programa de Gestores de la Innovaci\u00f3n","robots":{"index":"index","follow":"follow","max-snippet":"max-snippet:-1","max-image-preview":"max-image-preview:large","max-video-preview":"max-video-preview:-1"},"canonical":"https:\/\/fg.ull.es\/portal\/gdi\/plazas-abiertas-para-empresas-gdi2022\/","og_locale":"es_ES","og_type":"article","og_title":"GDI 2022 abre plazas para incorporar a personal formado en la ULL para realizar labores de consultor\u00eda de la innovaci\u00f3n. - Programa de Gestores de la Innovaci\u00f3n","og_description":"Las empresas, grupos de investigaci\u00f3n o centros de I +D&nbsp; que tengan inter\u00e9s en formar parte del Programa de Gesti\u00f3n de la Innovaci\u00f3n podr\u00e1n participar en la convocatoria reci\u00e9n abierta para incorporar durante un per\u00edodo de 3 meses a un\/a Consultor\/a en pr\u00e1cticas (de forma totalmente gratuita para la empresa), que desempe\u00f1ar\u00e1 funciones de Consultor\u00eda...","og_url":"https:\/\/fg.ull.es\/portal\/gdi\/plazas-abiertas-para-empresas-gdi2022\/","og_site_name":"Programa de Gestores de la Innovaci\u00f3n","article_published_time":"2022-09-28T13:22:56+00:00","og_image":[{"width":1200,"height":628,"url":"https:\/\/fg.ull.es\/portal\/gdi\/wp-content\/uploads\/sites\/2\/2021\/01\/Banners-empresas-2o-tanda-4.jpg","type":"image\/jpeg"}],"author":"aascanio","twitter_card":"summary_large_image","twitter_misc":{"Written by":"aascanio","Est. reading time":"2 minutos"},"schema":{"@context":"https:\/\/schema.org","@graph":[{"@type":"Article","@id":"https:\/\/fg.ull.es\/portal\/gdi\/plazas-abiertas-para-empresas-gdi2022\/#article","isPartOf":{"@id":"https:\/\/fg.ull.es\/portal\/gdi\/plazas-abiertas-para-empresas-gdi2022\/"},"author":{"name":"aascanio","@id":"https:\/\/fg.ull.es\/portal\/gdi\/#\/schema\/person\/1ad03d108c212b498a622f39176298aa"},"headline":"GDI 2022 abre plazas para incorporar a personal formado en la ULL para realizar labores de consultor\u00eda de la innovaci\u00f3n.","datePublished":"2022-09-28T13:22:56+00:00","dateModified":"2022-09-28T13:22:56+00:00","mainEntityOfPage":{"@id":"https:\/\/fg.ull.es\/portal\/gdi\/plazas-abiertas-para-empresas-gdi2022\/"},"wordCount":450,"publisher":{"@id":"https:\/\/fg.ull.es\/portal\/gdi\/#organization"},"inLanguage":"es"},{"@type":"WebPage","@id":"https:\/\/fg.ull.es\/portal\/gdi\/plazas-abiertas-para-empresas-gdi2022\/","url":"https:\/\/fg.ull.es\/portal\/gdi\/plazas-abiertas-para-empresas-gdi2022\/","name":"GDI 2022 abre plazas para incorporar a personal formado en la ULL para realizar labores de consultor\u00eda de la innovaci\u00f3n. - Programa de Gestores de la Innovaci\u00f3n","isPartOf":{"@id":"https:\/\/fg.ull.es\/portal\/gdi\/#website"},"datePublished":"2022-09-28T13:22:56+00:00","dateModified":"2022-09-28T13:22:56+00:00","breadcrumb":{"@id":"https:\/\/fg.ull.es\/portal\/gdi\/plazas-abiertas-para-empresas-gdi2022\/#breadcrumb"},"inLanguage":"es","potentialAction":[{"@type":"ReadAction","target":["https:\/\/fg.ull.es\/portal\/gdi\/plazas-abiertas-para-empresas-gdi2022\/"]}]},{"@type":"BreadcrumbList","@id":"https:\/\/fg.ull.es\/portal\/gdi\/plazas-abiertas-para-empresas-gdi2022\/#breadcrumb","itemListElement":[{"@type":"ListItem","position":1,"name":"Portada","item":"https:\/\/fg.ull.es\/portal\/gdi\/"},{"@type":"ListItem","position":2,"name":"GDI 2022 abre plazas para incorporar a personal formado en la ULL para realizar labores de consultor\u00eda de la innovaci\u00f3n."}]},{"@type":"WebSite","@id":"https:\/\/fg.ull.es\/portal\/gdi\/#website","url":"https:\/\/fg.ull.es\/portal\/gdi\/","name":"Programa de Gestores de la Innovaci\u00f3n","description":"","publisher":{"@id":"https:\/\/fg.ull.es\/portal\/gdi\/#organization"},"potentialAction":[{"@type":"SearchAction","target":{"@type":"EntryPoint","urlTemplate":"https:\/\/fg.ull.es\/portal\/gdi\/?s={search_term_string}"},"query-input":"required name=search_term_string"}],"inLanguage":"es"},{"@type":"Organization","@id":"https:\/\/fg.ull.es\/portal\/gdi\/#organization","name":"FUNDACI\u00d3N CANARIA GENERAL UNIVERSIDAD DE LA LAGUNA","url":"https:\/\/fg.ull.es\/portal\/gdi\/","logo":{"@type":"ImageObject","inLanguage":"es","@id":"https:\/\/fg.ull.es\/portal\/gdi\/#\/schema\/logo\/image\/","url":"https:\/\/fg.ull.es\/portal\/gdi\/wp-content\/uploads\/sites\/2\/2020\/04\/FAVICON.png","contentUrl":"https:\/\/fg.ull.es\/portal\/gdi\/wp-content\/uploads\/sites\/2\/2020\/04\/FAVICON.png","width":512,"height":512,"caption":"FUNDACI\u00d3N CANARIA GENERAL UNIVERSIDAD DE LA LAGUNA"},"image":{"@id":"https:\/\/fg.ull.es\/portal\/gdi\/#\/schema\/logo\/image\/"}},{"@type":"Person","@id":"https:\/\/fg.ull.es\/portal\/gdi\/#\/schema\/person\/1ad03d108c212b498a622f39176298aa","name":"aascanio","image":{"@type":"ImageObject","inLanguage":"es","@id":"https:\/\/fg.ull.es\/portal\/gdi\/#\/schema\/person\/image\/","url":"https:\/\/secure.gravatar.com\/avatar\/fb13c6d51e43015759a2b0b66dcd2734?s=96&d=mm&r=g","contentUrl":"https:\/\/secure.gravatar.com\/avatar\/fb13c6d51e43015759a2b0b66dcd2734?s=96&d=mm&r=g","caption":"aascanio"}}]}},"_links":{"self":[{"href":"https:\/\/fg.ull.es\/portal\/gdi\/wp-json\/wp\/v2\/posts\/6992"}],"collection":[{"href":"https:\/\/fg.ull.es\/portal\/gdi\/wp-json\/wp\/v2\/posts"}],"about":[{"href":"https:\/\/fg.ull.es\/portal\/gdi\/wp-json\/wp\/v2\/types\/post"}],"author":[{"embeddable":true,"href":"https:\/\/fg.ull.es\/portal\/gdi\/wp-json\/wp\/v2\/users\/12"}],"replies":[{"embeddable":true,"href":"https:\/\/fg.ull.es\/portal\/gdi\/wp-json\/wp\/v2\/comments?post=6992"}],"version-history":[{"count":0,"href":"https:\/\/fg.ull.es\/portal\/gdi\/wp-json\/wp\/v2\/posts\/6992\/revisions"}],"wp:featuredmedia":[{"embeddable":true,"href":"https:\/\/fg.ull.es\/portal\/gdi\/wp-json\/wp\/v2\/media\/5137"}],"wp:attachment":[{"href":"https:\/\/fg.ull.es\/portal\/gdi\/wp-json\/wp\/v2\/media?parent=6992"}],"wp:term":[{"taxonomy":"category","embeddable":true,"href":"https:\/\/fg.ull.es\/portal\/gdi\/wp-json\/wp\/v2\/categories?post=6992"},{"taxonomy":"post_tag","embeddable":true,"href":"https:\/\/fg.ull.es\/portal\/gdi\/wp-json\/wp\/v2\/tags?post=6992"}],"curies":[{"name":"wp","href":"https:\/\/api.w.org\/{rel}","templated":true}]}}