{"id":6893,"date":"2022-09-15T12:24:53","date_gmt":"2022-09-15T12:24:53","guid":{"rendered":"https:\/\/fg.ull.es\/portal\/gdi\/?p=6893"},"modified":"2022-09-15T12:24:53","modified_gmt":"2022-09-15T12:24:53","slug":"formate-en-transformacion-digital","status":"publish","type":"post","link":"https:\/\/fg.ull.es\/portal\/gdi\/formate-en-transformacion-digital\/","title":{"rendered":"F\u00f3rmate en Transformaci\u00f3n Digital"},"content":{"rendered":"\n<p>\u00bfSab\u00edas que la huella que podemos dejar en Internet puede ser activa, como las acciones que realizamos en redes sociales; o pasiva, como el n\u00famero de veces que hemos visitado un sitio web?<\/p>\n\n\n\n<p><strong>\u00bfSabes c\u00f3mo cuidar nuestra huella digital activa?<\/strong><\/p>\n\n\n\n<ul><li>Cuidar las publicaciones de las redes sociales, web, foros\u2026<\/li><li>Modificar los ajustes de privacidad de las RRSS<\/li><li>Eliminar tus datos en las diversas plataformas o servicios que ya no utilices. Aunque no tengas actividad, la informaci\u00f3n sigue siendo p\u00fablica, es decir, sigue siendo visible para todo el mundo<\/li><\/ul>\n\n\n\n<p>La huella digital es uno de los aspectos que se tratan en el curso gratuito de Promoci\u00f3n de la Ciudadan\u00eda digital. \u00bfTe interesa? Puedes inscribirte ya en la convocatoria que comenzar\u00e1 el d\u00eda 29 de septiembre.<\/p>\n\n\n\n<p><a href=\"https:\/\/sede.fg.ull.es\/es\/curso\/detalle\/a22120368\/promocion-de-la-ciudadania-digital-n1\">Promoci\u00f3n de la Cidadan\u00eda digital<\/a><\/p>\n\n\n\n<p>Adem\u00e1s tambi\u00e9n tenemos otros cursos activos sobre Transformaci\u00f3n Digital, como el de <a href=\"https:\/\/sede.fg.ull.es\/es\/curso\/detalle\/a22120377\/promocion-y-gestion-digital-n1-y-n2\">Promoci\u00f3n y Gesti\u00f3n digital (N1 y N2)<\/a> que comenzar\u00e1 de forma online el pr\u00f3ximo 27 de septiembre.&nbsp;<\/p>\n\n\n\n<p>Como aperitivo, puedes escuchar nuestros \u00faltimos podcasts dedicados a la Transformaci\u00f3n Digital:<\/p>\n\n\n\n<p><strong>Cap\u00edtulo 9: Promoci\u00f3n de la Ciudadan\u00eda digital.<\/strong> En este Episodio David Alay\u00f3n conversa con Ra\u00fal Ord\u00f3\u00f1ez, consultor y formador TIC con 20 a\u00f1os de experiencia en el sector. Ra\u00fal nos cuenta c\u00f3mo ayuda a empresas, profesionales y familias que necesitan adaptarse con \u00e9xito al cambio tecnol\u00f3gico. Adem\u00e1s, Ra\u00fal y David reflexionan sobre c\u00f3mo Internet ha ayudado a la democratizaci\u00f3n del conocimiento, a problemas como la infoxicaci\u00f3n o la falta de privacidad, y sobre legislaciones como la Ley de Protecci\u00f3n de Datos.<\/p>\n\n\n\n<figure class=\"wp-block-embed is-type-rich is-provider-spotify wp-block-embed-spotify wp-embed-aspect-21-9 wp-has-aspect-ratio\"><div class=\"wp-block-embed__wrapper\">\n<iframe title=\"Spotify Embed: Promoci\u00f3n de la ciudadan\u00eda digital\" style=\"border-radius: 12px\" width=\"100%\" height=\"152\" frameborder=\"0\" allowfullscreen allow=\"autoplay; clipboard-write; encrypted-media; fullscreen; picture-in-picture\" loading=\"lazy\" src=\"https:\/\/open.spotify.com\/embed\/episode\/5BAhTMaxglKoutvKg4wXcT?si=Ol1sghPgTZ2bmp-BdjiRNA&#038;utm_source=oembed\"><\/iframe>\n<\/div><\/figure>\n\n\n\n<p><strong>Cap\u00edtulo 8: Promoci\u00f3n digital. <\/strong>En este episodio estuvimos con Marta del Amo, periodista cient\u00edfica y tecnol\u00f3gica. Hablamos sobre transformaci\u00f3n digital, industria 4.0, tecnolog\u00edas disruptivas como Inteligencia Artificial, Realidad Virtual o Blockchain y sobre disciplinas como la prospectiva estrat\u00e9gica.<\/p>\n\n\n\n<figure class=\"wp-block-embed is-type-rich is-provider-spotify wp-block-embed-spotify wp-embed-aspect-21-9 wp-has-aspect-ratio\"><div class=\"wp-block-embed__wrapper\">\n<iframe title=\"Spotify Embed: Promoci\u00f3n digital\" style=\"border-radius: 12px\" width=\"100%\" height=\"152\" frameborder=\"0\" allowfullscreen allow=\"autoplay; clipboard-write; encrypted-media; fullscreen; picture-in-picture\" loading=\"lazy\" src=\"https:\/\/open.spotify.com\/embed\/episode\/681ER387E7j6DjGSnmlhcf?si=nSOCKPZwRt-IrXXSCE9TiA&#038;dl_branch=1&#038;utm_source=oembed\"><\/iframe>\n<\/div><\/figure>\n\n\n\n<p><strong>Cap\u00edtulo 10: Gesti\u00f3n digital.<\/strong> En esta ocasi\u00f3n, intercambia reflexiones con Clara \u00c1vila, experta en el \u00e1mbito digital, con m\u00e1s de 10 a\u00f1os como consultora de marketing digital y estratega de contenidos; y actual Marketing Manager de GoDaddy. Nuestra conversaci\u00f3n gir\u00f3 en torno a estrategias digitales, influencers y celebrities, la transformaci\u00f3n digital y las competencias digitales de los profesionales del futuro.<\/p>\n\n\n\n<figure class=\"wp-block-embed is-type-rich is-provider-spotify wp-block-embed-spotify wp-embed-aspect-21-9 wp-has-aspect-ratio\"><div class=\"wp-block-embed__wrapper\">\n<iframe title=\"Spotify Embed: Gesti\u00f3n digital\" style=\"border-radius: 12px\" width=\"100%\" height=\"152\" frameborder=\"0\" allowfullscreen allow=\"autoplay; clipboard-write; encrypted-media; fullscreen; picture-in-picture\" loading=\"lazy\" src=\"https:\/\/open.spotify.com\/embed\/episode\/45nmvfSs7mLcszgfZAlIqr?si=wIDbcvoZSduMTp1saHkaPQ&#038;dl_branch=1&#038;utm_source=oembed\"><\/iframe>\n<\/div><\/figure>\n\n\n\n<p>Para cualquier consulta, no dudes en escribirnos a nuestro correo: <a>gdi@fg.ull.es<\/a> o rellenar nuestro <a href=\"https:\/\/fg.ull.es\/portal\/gdi\/contacto\/\">formulario de contacto.<\/a><\/p>\n\n\n\n<p>Este programa est\u00e1 impulsado por la Agencia Canaria de Investigaci\u00f3n, Innovaci\u00f3n y Sociedad de la Informaci\u00f3n del Gobierno de Canarias, financiado en un 85% por el Fondo Social Europeo (FSE), y desarrollado por la Universidad de La Laguna a trav\u00e9s de su Fundaci\u00f3n General. Las personas interesadas en este proyecto pueden ponerse en contacto a trav\u00e9s del correo&nbsp;<a href=\"mailto:gdi@fg.ull.es\">gdi@fg.ull.es<\/a>&nbsp;o realizar el formulario de contacto de su&nbsp;<a href=\"https:\/\/fg.ull.es\/portal\/gdi\/contacto\/\" target=\"_blank\" rel=\"noreferrer noopener\">p\u00e1gina web<\/a>.<\/p>\n","protected":false},"excerpt":{"rendered":"<p>\u00bfSab\u00edas que la huella que podemos dejar en Internet puede ser activa, como las acciones que realizamos en redes sociales; o pasiva, como el n\u00famero de veces que hemos visitado un sitio web? \u00bfSabes c\u00f3mo cuidar nuestra huella digital activa? Cuidar las publicaciones de las redes sociales, web, foros\u2026 Modificar los ajustes de privacidad de&#8230;<\/p>\n","protected":false},"author":12,"featured_media":6610,"comment_status":"closed","ping_status":"closed","sticky":false,"template":"","format":"standard","meta":{"footnotes":""},"categories":[1],"tags":[],"yoast_head":"<!-- This site is optimized with the Yoast SEO plugin v21.1 - https:\/\/yoast.com\/wordpress\/plugins\/seo\/ -->\n<title>F\u00f3rmate en Transformaci\u00f3n Digital - Programa de Gestores de la Innovaci\u00f3n<\/title>\n<meta name=\"robots\" content=\"index, follow, max-snippet:-1, max-image-preview:large, max-video-preview:-1\" \/>\n<link rel=\"canonical\" href=\"https:\/\/fg.ull.es\/portal\/gdi\/formate-en-transformacion-digital\/\" \/>\n<meta property=\"og:locale\" content=\"es_ES\" \/>\n<meta property=\"og:type\" content=\"article\" \/>\n<meta property=\"og:title\" content=\"F\u00f3rmate en Transformaci\u00f3n Digital - Programa de Gestores de la Innovaci\u00f3n\" \/>\n<meta property=\"og:description\" content=\"\u00bfSab\u00edas que la huella que podemos dejar en Internet puede ser activa, como las acciones que realizamos en redes sociales; o pasiva, como el n\u00famero de veces que hemos visitado un sitio web? \u00bfSabes c\u00f3mo cuidar nuestra huella digital activa? Cuidar las publicaciones de las redes sociales, web, foros\u2026 Modificar los ajustes de privacidad de...\" \/>\n<meta property=\"og:url\" content=\"https:\/\/fg.ull.es\/portal\/gdi\/formate-en-transformacion-digital\/\" \/>\n<meta property=\"og:site_name\" content=\"Programa de Gestores de la Innovaci\u00f3n\" \/>\n<meta property=\"article:published_time\" content=\"2022-09-15T12:24:53+00:00\" \/>\n<meta property=\"og:image\" content=\"https:\/\/fg.ull.es\/portal\/gdi\/wp-content\/uploads\/sites\/2\/2021\/11\/GDI_Transformacion-Digital-5-1-1.png\" \/>\n\t<meta property=\"og:image:width\" content=\"1200\" \/>\n\t<meta property=\"og:image:height\" content=\"1200\" \/>\n\t<meta property=\"og:image:type\" content=\"image\/png\" \/>\n<meta name=\"author\" content=\"aascanio\" \/>\n<meta name=\"twitter:card\" content=\"summary_large_image\" \/>\n<meta name=\"twitter:label1\" content=\"Written by\" \/>\n\t<meta name=\"twitter:data1\" content=\"aascanio\" \/>\n\t<meta name=\"twitter:label2\" content=\"Est. reading time\" \/>\n\t<meta name=\"twitter:data2\" content=\"3 minutos\" \/>\n<script type=\"application\/ld+json\" class=\"yoast-schema-graph\">{\"@context\":\"https:\/\/schema.org\",\"@graph\":[{\"@type\":\"Article\",\"@id\":\"https:\/\/fg.ull.es\/portal\/gdi\/formate-en-transformacion-digital\/#article\",\"isPartOf\":{\"@id\":\"https:\/\/fg.ull.es\/portal\/gdi\/formate-en-transformacion-digital\/\"},\"author\":{\"name\":\"aascanio\",\"@id\":\"https:\/\/fg.ull.es\/portal\/gdi\/#\/schema\/person\/1ad03d108c212b498a622f39176298aa\"},\"headline\":\"F\u00f3rmate en Transformaci\u00f3n Digital\",\"datePublished\":\"2022-09-15T12:24:53+00:00\",\"dateModified\":\"2022-09-15T12:24:53+00:00\",\"mainEntityOfPage\":{\"@id\":\"https:\/\/fg.ull.es\/portal\/gdi\/formate-en-transformacion-digital\/\"},\"wordCount\":535,\"publisher\":{\"@id\":\"https:\/\/fg.ull.es\/portal\/gdi\/#organization\"},\"inLanguage\":\"es\"},{\"@type\":\"WebPage\",\"@id\":\"https:\/\/fg.ull.es\/portal\/gdi\/formate-en-transformacion-digital\/\",\"url\":\"https:\/\/fg.ull.es\/portal\/gdi\/formate-en-transformacion-digital\/\",\"name\":\"F\u00f3rmate en Transformaci\u00f3n Digital - Programa de Gestores de la Innovaci\u00f3n\",\"isPartOf\":{\"@id\":\"https:\/\/fg.ull.es\/portal\/gdi\/#website\"},\"datePublished\":\"2022-09-15T12:24:53+00:00\",\"dateModified\":\"2022-09-15T12:24:53+00:00\",\"breadcrumb\":{\"@id\":\"https:\/\/fg.ull.es\/portal\/gdi\/formate-en-transformacion-digital\/#breadcrumb\"},\"inLanguage\":\"es\",\"potentialAction\":[{\"@type\":\"ReadAction\",\"target\":[\"https:\/\/fg.ull.es\/portal\/gdi\/formate-en-transformacion-digital\/\"]}]},{\"@type\":\"BreadcrumbList\",\"@id\":\"https:\/\/fg.ull.es\/portal\/gdi\/formate-en-transformacion-digital\/#breadcrumb\",\"itemListElement\":[{\"@type\":\"ListItem\",\"position\":1,\"name\":\"Portada\",\"item\":\"https:\/\/fg.ull.es\/portal\/gdi\/\"},{\"@type\":\"ListItem\",\"position\":2,\"name\":\"F\u00f3rmate en Transformaci\u00f3n Digital\"}]},{\"@type\":\"WebSite\",\"@id\":\"https:\/\/fg.ull.es\/portal\/gdi\/#website\",\"url\":\"https:\/\/fg.ull.es\/portal\/gdi\/\",\"name\":\"Programa de Gestores de la Innovaci\u00f3n\",\"description\":\"\",\"publisher\":{\"@id\":\"https:\/\/fg.ull.es\/portal\/gdi\/#organization\"},\"potentialAction\":[{\"@type\":\"SearchAction\",\"target\":{\"@type\":\"EntryPoint\",\"urlTemplate\":\"https:\/\/fg.ull.es\/portal\/gdi\/?s={search_term_string}\"},\"query-input\":\"required name=search_term_string\"}],\"inLanguage\":\"es\"},{\"@type\":\"Organization\",\"@id\":\"https:\/\/fg.ull.es\/portal\/gdi\/#organization\",\"name\":\"FUNDACI\u00d3N CANARIA GENERAL UNIVERSIDAD DE LA LAGUNA\",\"url\":\"https:\/\/fg.ull.es\/portal\/gdi\/\",\"logo\":{\"@type\":\"ImageObject\",\"inLanguage\":\"es\",\"@id\":\"https:\/\/fg.ull.es\/portal\/gdi\/#\/schema\/logo\/image\/\",\"url\":\"https:\/\/fg.ull.es\/portal\/gdi\/wp-content\/uploads\/sites\/2\/2020\/04\/FAVICON.png\",\"contentUrl\":\"https:\/\/fg.ull.es\/portal\/gdi\/wp-content\/uploads\/sites\/2\/2020\/04\/FAVICON.png\",\"width\":512,\"height\":512,\"caption\":\"FUNDACI\u00d3N CANARIA GENERAL UNIVERSIDAD DE LA LAGUNA\"},\"image\":{\"@id\":\"https:\/\/fg.ull.es\/portal\/gdi\/#\/schema\/logo\/image\/\"}},{\"@type\":\"Person\",\"@id\":\"https:\/\/fg.ull.es\/portal\/gdi\/#\/schema\/person\/1ad03d108c212b498a622f39176298aa\",\"name\":\"aascanio\",\"image\":{\"@type\":\"ImageObject\",\"inLanguage\":\"es\",\"@id\":\"https:\/\/fg.ull.es\/portal\/gdi\/#\/schema\/person\/image\/\",\"url\":\"https:\/\/secure.gravatar.com\/avatar\/fb13c6d51e43015759a2b0b66dcd2734?s=96&d=mm&r=g\",\"contentUrl\":\"https:\/\/secure.gravatar.com\/avatar\/fb13c6d51e43015759a2b0b66dcd2734?s=96&d=mm&r=g\",\"caption\":\"aascanio\"}}]}<\/script>\n<!-- \/ Yoast SEO plugin. -->","yoast_head_json":{"title":"F\u00f3rmate en Transformaci\u00f3n Digital - Programa de Gestores de la Innovaci\u00f3n","robots":{"index":"index","follow":"follow","max-snippet":"max-snippet:-1","max-image-preview":"max-image-preview:large","max-video-preview":"max-video-preview:-1"},"canonical":"https:\/\/fg.ull.es\/portal\/gdi\/formate-en-transformacion-digital\/","og_locale":"es_ES","og_type":"article","og_title":"F\u00f3rmate en Transformaci\u00f3n Digital - Programa de Gestores de la Innovaci\u00f3n","og_description":"\u00bfSab\u00edas que la huella que podemos dejar en Internet puede ser activa, como las acciones que realizamos en redes sociales; o pasiva, como el n\u00famero de veces que hemos visitado un sitio web? \u00bfSabes c\u00f3mo cuidar nuestra huella digital activa? Cuidar las publicaciones de las redes sociales, web, foros\u2026 Modificar los ajustes de privacidad de...","og_url":"https:\/\/fg.ull.es\/portal\/gdi\/formate-en-transformacion-digital\/","og_site_name":"Programa de Gestores de la Innovaci\u00f3n","article_published_time":"2022-09-15T12:24:53+00:00","og_image":[{"width":1200,"height":1200,"url":"https:\/\/fg.ull.es\/portal\/gdi\/wp-content\/uploads\/sites\/2\/2021\/11\/GDI_Transformacion-Digital-5-1-1.png","type":"image\/png"}],"author":"aascanio","twitter_card":"summary_large_image","twitter_misc":{"Written by":"aascanio","Est. reading time":"3 minutos"},"schema":{"@context":"https:\/\/schema.org","@graph":[{"@type":"Article","@id":"https:\/\/fg.ull.es\/portal\/gdi\/formate-en-transformacion-digital\/#article","isPartOf":{"@id":"https:\/\/fg.ull.es\/portal\/gdi\/formate-en-transformacion-digital\/"},"author":{"name":"aascanio","@id":"https:\/\/fg.ull.es\/portal\/gdi\/#\/schema\/person\/1ad03d108c212b498a622f39176298aa"},"headline":"F\u00f3rmate en Transformaci\u00f3n Digital","datePublished":"2022-09-15T12:24:53+00:00","dateModified":"2022-09-15T12:24:53+00:00","mainEntityOfPage":{"@id":"https:\/\/fg.ull.es\/portal\/gdi\/formate-en-transformacion-digital\/"},"wordCount":535,"publisher":{"@id":"https:\/\/fg.ull.es\/portal\/gdi\/#organization"},"inLanguage":"es"},{"@type":"WebPage","@id":"https:\/\/fg.ull.es\/portal\/gdi\/formate-en-transformacion-digital\/","url":"https:\/\/fg.ull.es\/portal\/gdi\/formate-en-transformacion-digital\/","name":"F\u00f3rmate en Transformaci\u00f3n Digital - Programa de Gestores de la Innovaci\u00f3n","isPartOf":{"@id":"https:\/\/fg.ull.es\/portal\/gdi\/#website"},"datePublished":"2022-09-15T12:24:53+00:00","dateModified":"2022-09-15T12:24:53+00:00","breadcrumb":{"@id":"https:\/\/fg.ull.es\/portal\/gdi\/formate-en-transformacion-digital\/#breadcrumb"},"inLanguage":"es","potentialAction":[{"@type":"ReadAction","target":["https:\/\/fg.ull.es\/portal\/gdi\/formate-en-transformacion-digital\/"]}]},{"@type":"BreadcrumbList","@id":"https:\/\/fg.ull.es\/portal\/gdi\/formate-en-transformacion-digital\/#breadcrumb","itemListElement":[{"@type":"ListItem","position":1,"name":"Portada","item":"https:\/\/fg.ull.es\/portal\/gdi\/"},{"@type":"ListItem","position":2,"name":"F\u00f3rmate en Transformaci\u00f3n Digital"}]},{"@type":"WebSite","@id":"https:\/\/fg.ull.es\/portal\/gdi\/#website","url":"https:\/\/fg.ull.es\/portal\/gdi\/","name":"Programa de Gestores de la Innovaci\u00f3n","description":"","publisher":{"@id":"https:\/\/fg.ull.es\/portal\/gdi\/#organization"},"potentialAction":[{"@type":"SearchAction","target":{"@type":"EntryPoint","urlTemplate":"https:\/\/fg.ull.es\/portal\/gdi\/?s={search_term_string}"},"query-input":"required name=search_term_string"}],"inLanguage":"es"},{"@type":"Organization","@id":"https:\/\/fg.ull.es\/portal\/gdi\/#organization","name":"FUNDACI\u00d3N CANARIA GENERAL UNIVERSIDAD DE LA LAGUNA","url":"https:\/\/fg.ull.es\/portal\/gdi\/","logo":{"@type":"ImageObject","inLanguage":"es","@id":"https:\/\/fg.ull.es\/portal\/gdi\/#\/schema\/logo\/image\/","url":"https:\/\/fg.ull.es\/portal\/gdi\/wp-content\/uploads\/sites\/2\/2020\/04\/FAVICON.png","contentUrl":"https:\/\/fg.ull.es\/portal\/gdi\/wp-content\/uploads\/sites\/2\/2020\/04\/FAVICON.png","width":512,"height":512,"caption":"FUNDACI\u00d3N CANARIA GENERAL UNIVERSIDAD DE LA LAGUNA"},"image":{"@id":"https:\/\/fg.ull.es\/portal\/gdi\/#\/schema\/logo\/image\/"}},{"@type":"Person","@id":"https:\/\/fg.ull.es\/portal\/gdi\/#\/schema\/person\/1ad03d108c212b498a622f39176298aa","name":"aascanio","image":{"@type":"ImageObject","inLanguage":"es","@id":"https:\/\/fg.ull.es\/portal\/gdi\/#\/schema\/person\/image\/","url":"https:\/\/secure.gravatar.com\/avatar\/fb13c6d51e43015759a2b0b66dcd2734?s=96&d=mm&r=g","contentUrl":"https:\/\/secure.gravatar.com\/avatar\/fb13c6d51e43015759a2b0b66dcd2734?s=96&d=mm&r=g","caption":"aascanio"}}]}},"_links":{"self":[{"href":"https:\/\/fg.ull.es\/portal\/gdi\/wp-json\/wp\/v2\/posts\/6893"}],"collection":[{"href":"https:\/\/fg.ull.es\/portal\/gdi\/wp-json\/wp\/v2\/posts"}],"about":[{"href":"https:\/\/fg.ull.es\/portal\/gdi\/wp-json\/wp\/v2\/types\/post"}],"author":[{"embeddable":true,"href":"https:\/\/fg.ull.es\/portal\/gdi\/wp-json\/wp\/v2\/users\/12"}],"replies":[{"embeddable":true,"href":"https:\/\/fg.ull.es\/portal\/gdi\/wp-json\/wp\/v2\/comments?post=6893"}],"version-history":[{"count":0,"href":"https:\/\/fg.ull.es\/portal\/gdi\/wp-json\/wp\/v2\/posts\/6893\/revisions"}],"wp:featuredmedia":[{"embeddable":true,"href":"https:\/\/fg.ull.es\/portal\/gdi\/wp-json\/wp\/v2\/media\/6610"}],"wp:attachment":[{"href":"https:\/\/fg.ull.es\/portal\/gdi\/wp-json\/wp\/v2\/media?parent=6893"}],"wp:term":[{"taxonomy":"category","embeddable":true,"href":"https:\/\/fg.ull.es\/portal\/gdi\/wp-json\/wp\/v2\/categories?post=6893"},{"taxonomy":"post_tag","embeddable":true,"href":"https:\/\/fg.ull.es\/portal\/gdi\/wp-json\/wp\/v2\/tags?post=6893"}],"curies":[{"name":"wp","href":"https:\/\/api.w.org\/{rel}","templated":true}]}}