{"id":6847,"date":"2022-08-24T11:44:09","date_gmt":"2022-08-24T11:44:09","guid":{"rendered":"https:\/\/fg.ull.es\/portal\/gdi\/?p=6847"},"modified":"2022-08-24T11:44:11","modified_gmt":"2022-08-24T11:44:11","slug":"el-programa-gestion-de-la-innovacion-vuelve-en-su-septima-edicion","status":"publish","type":"post","link":"https:\/\/fg.ull.es\/portal\/gdi\/el-programa-gestion-de-la-innovacion-vuelve-en-su-septima-edicion\/","title":{"rendered":"El programa Gesti\u00f3n de la Innovaci\u00f3n vuelve en su s\u00e9ptima edici\u00f3n"},"content":{"rendered":"\n<p>El Programa Gesti\u00f3n de la Innovaci\u00f3n ha comenzado ya su s\u00e9ptima edici\u00f3n, tras formar a m\u00e1s de 2.200 personas desde 2016 con sus cursos en materias de innovaci\u00f3n, transformaci\u00f3n digital y transferencia y valorizaci\u00f3n. En esta nueva convocatoria, se reanuda la formaci\u00f3n de Experto Digital en Big Data con contenidos totalmente renovados, en el que la persona interesada conocer\u00e1 las \u00faltimas tendencias y tecnolog\u00edas en automatizaci\u00f3n y optimizaci\u00f3n en la toma de decisiones.<\/p>\n\n\n\n<p>Todos los cursos que ofrece el programa son gratuitos y en modalidad online, permitiendo de esta manera que los residentes de toda Canarias puedan acceder a las formaciones. Adem\u00e1s, como en ediciones anteriores, el alumnado podr\u00e1 optar a pr\u00e1cticas remuneradas en empresas y grupos de investigaci\u00f3n, permitiendo aplicar los conocimientos adquiridos.<\/p>\n\n\n\n<p>GDI 2022, tiene las inscripciones activas para algunas formaciones, como el nivel  1  <a href=\"https:\/\/sede.fg.ull.es\/es\/curso\/detalle\/a22120354\/promocion-de-la-innovacion-n1\" target=\"_blank\" rel=\"noreferrer noopener\">Promoci\u00f3n<\/a><a href=\"https:\/\/sede.fg.ull.es\/es\/curso\/detalle\/a22120336\/promocion-y-gestion-de-la-innovacion-n1-y-n2-innovacion-tecnologica\" target=\"_blank\" rel=\"noreferrer noopener\"> de la innovaci\u00f3n<\/a>, <a href=\"https:\/\/sede.fg.ull.es\/es\/curso\/detalle\/a22120367\/experto-digital-en-comunicacion-marketing-y-comercio-digital\" target=\"_blank\" rel=\"noreferrer noopener\">Experto Digital en Comunicaci\u00f3n, Marketing y Comercio Digital<\/a> o <a href=\"https:\/\/sede.fg.ull.es\/es\/curso\/detalle\/a22120368\/promocion-de-la-ciudadania-digital-n1\">Promoci\u00f3n de la Ciudadan\u00eda digita<\/a>l<\/p>\n\n\n\n<p>El Programa de Gesti\u00f3n de la Innovaci\u00f3n trata de crear un ecosistema innovador en el archipi\u00e9lago canario, a partir de formaciones y pr\u00e1cticas que recalquen la importancia de la innovaci\u00f3n, la transformaci\u00f3n digital y la transferencia de conocimiento desde los centros de I+D hacia el tejido productivo de Canarias para el desarrollo de una econom\u00eda m\u00e1s sostenible y competitiva.<\/p>\n\n\n\n<p>Este programa est\u00e1 impulsado por la Agencia Canaria de Investigaci\u00f3n, Innovaci\u00f3n y Sociedad de la Informaci\u00f3n del Gobierno de Canarias, financiado en un 85% por el Fondo Social Europeo (FSE), y desarrollado por la Universidad de La Laguna a trav\u00e9s de su Fundaci\u00f3n General. Las personas interesadas en este proyecto pueden ponerse en contacto a trav\u00e9s del correo&nbsp;<a href=\"mailto:gdi@fg.ull.es\">gdi@fg.ull.es<\/a>&nbsp;o realizar el formulario de contacto de su&nbsp;<a href=\"https:\/\/fg.ull.es\/portal\/gdi\/contacto\/\" target=\"_blank\" rel=\"noreferrer noopener\">p\u00e1gina web<\/a>.<\/p>\n","protected":false},"excerpt":{"rendered":"<p>El Programa Gesti\u00f3n de la Innovaci\u00f3n ha comenzado ya su s\u00e9ptima edici\u00f3n, tras formar a m\u00e1s de 2.200 personas desde 2016 con sus cursos en materias de innovaci\u00f3n, transformaci\u00f3n digital y transferencia y valorizaci\u00f3n. En esta nueva convocatoria, se reanuda la formaci\u00f3n de Experto Digital en Big Data con contenidos totalmente renovados, en el que&#8230;<\/p>\n","protected":false},"author":12,"featured_media":6848,"comment_status":"closed","ping_status":"closed","sticky":false,"template":"","format":"standard","meta":{"footnotes":""},"categories":[1],"tags":[],"yoast_head":"<!-- This site is optimized with the Yoast SEO plugin v21.1 - https:\/\/yoast.com\/wordpress\/plugins\/seo\/ -->\n<title>El programa Gesti\u00f3n de la Innovaci\u00f3n vuelve en su s\u00e9ptima edici\u00f3n - Programa de Gestores de la Innovaci\u00f3n<\/title>\n<meta name=\"robots\" content=\"index, follow, max-snippet:-1, max-image-preview:large, max-video-preview:-1\" \/>\n<link rel=\"canonical\" href=\"https:\/\/fg.ull.es\/portal\/gdi\/el-programa-gestion-de-la-innovacion-vuelve-en-su-septima-edicion\/\" \/>\n<meta property=\"og:locale\" content=\"es_ES\" \/>\n<meta property=\"og:type\" content=\"article\" \/>\n<meta property=\"og:title\" content=\"El programa Gesti\u00f3n de la Innovaci\u00f3n vuelve en su s\u00e9ptima edici\u00f3n - Programa de Gestores de la Innovaci\u00f3n\" \/>\n<meta property=\"og:description\" content=\"El Programa Gesti\u00f3n de la Innovaci\u00f3n ha comenzado ya su s\u00e9ptima edici\u00f3n, tras formar a m\u00e1s de 2.200 personas desde 2016 con sus cursos en materias de innovaci\u00f3n, transformaci\u00f3n digital y transferencia y valorizaci\u00f3n. En esta nueva convocatoria, se reanuda la formaci\u00f3n de Experto Digital en Big Data con contenidos totalmente renovados, en el que...\" \/>\n<meta property=\"og:url\" content=\"https:\/\/fg.ull.es\/portal\/gdi\/el-programa-gestion-de-la-innovacion-vuelve-en-su-septima-edicion\/\" \/>\n<meta property=\"og:site_name\" content=\"Programa de Gestores de la Innovaci\u00f3n\" \/>\n<meta property=\"article:published_time\" content=\"2022-08-24T11:44:09+00:00\" \/>\n<meta property=\"article:modified_time\" content=\"2022-08-24T11:44:11+00:00\" \/>\n<meta property=\"og:image\" content=\"https:\/\/fg.ull.es\/portal\/gdi\/wp-content\/uploads\/sites\/2\/2022\/08\/GDI.jpg\" \/>\n\t<meta property=\"og:image:width\" content=\"1280\" \/>\n\t<meta property=\"og:image:height\" content=\"853\" \/>\n\t<meta property=\"og:image:type\" content=\"image\/jpeg\" \/>\n<meta name=\"author\" content=\"aascanio\" \/>\n<meta name=\"twitter:card\" content=\"summary_large_image\" \/>\n<meta name=\"twitter:label1\" content=\"Written by\" \/>\n\t<meta name=\"twitter:data1\" content=\"aascanio\" \/>\n\t<meta name=\"twitter:label2\" content=\"Est. reading time\" \/>\n\t<meta name=\"twitter:data2\" content=\"2 minutos\" \/>\n<script type=\"application\/ld+json\" class=\"yoast-schema-graph\">{\"@context\":\"https:\/\/schema.org\",\"@graph\":[{\"@type\":\"Article\",\"@id\":\"https:\/\/fg.ull.es\/portal\/gdi\/el-programa-gestion-de-la-innovacion-vuelve-en-su-septima-edicion\/#article\",\"isPartOf\":{\"@id\":\"https:\/\/fg.ull.es\/portal\/gdi\/el-programa-gestion-de-la-innovacion-vuelve-en-su-septima-edicion\/\"},\"author\":{\"name\":\"aascanio\",\"@id\":\"https:\/\/fg.ull.es\/portal\/gdi\/#\/schema\/person\/1ad03d108c212b498a622f39176298aa\"},\"headline\":\"El programa Gesti\u00f3n de la Innovaci\u00f3n vuelve en su s\u00e9ptima edici\u00f3n\",\"datePublished\":\"2022-08-24T11:44:09+00:00\",\"dateModified\":\"2022-08-24T11:44:11+00:00\",\"mainEntityOfPage\":{\"@id\":\"https:\/\/fg.ull.es\/portal\/gdi\/el-programa-gestion-de-la-innovacion-vuelve-en-su-septima-edicion\/\"},\"wordCount\":335,\"publisher\":{\"@id\":\"https:\/\/fg.ull.es\/portal\/gdi\/#organization\"},\"inLanguage\":\"es\"},{\"@type\":\"WebPage\",\"@id\":\"https:\/\/fg.ull.es\/portal\/gdi\/el-programa-gestion-de-la-innovacion-vuelve-en-su-septima-edicion\/\",\"url\":\"https:\/\/fg.ull.es\/portal\/gdi\/el-programa-gestion-de-la-innovacion-vuelve-en-su-septima-edicion\/\",\"name\":\"El programa Gesti\u00f3n de la Innovaci\u00f3n vuelve en su s\u00e9ptima edici\u00f3n - Programa de Gestores de la Innovaci\u00f3n\",\"isPartOf\":{\"@id\":\"https:\/\/fg.ull.es\/portal\/gdi\/#website\"},\"datePublished\":\"2022-08-24T11:44:09+00:00\",\"dateModified\":\"2022-08-24T11:44:11+00:00\",\"breadcrumb\":{\"@id\":\"https:\/\/fg.ull.es\/portal\/gdi\/el-programa-gestion-de-la-innovacion-vuelve-en-su-septima-edicion\/#breadcrumb\"},\"inLanguage\":\"es\",\"potentialAction\":[{\"@type\":\"ReadAction\",\"target\":[\"https:\/\/fg.ull.es\/portal\/gdi\/el-programa-gestion-de-la-innovacion-vuelve-en-su-septima-edicion\/\"]}]},{\"@type\":\"BreadcrumbList\",\"@id\":\"https:\/\/fg.ull.es\/portal\/gdi\/el-programa-gestion-de-la-innovacion-vuelve-en-su-septima-edicion\/#breadcrumb\",\"itemListElement\":[{\"@type\":\"ListItem\",\"position\":1,\"name\":\"Portada\",\"item\":\"https:\/\/fg.ull.es\/portal\/gdi\/\"},{\"@type\":\"ListItem\",\"position\":2,\"name\":\"El programa Gesti\u00f3n de la Innovaci\u00f3n vuelve en su s\u00e9ptima edici\u00f3n\"}]},{\"@type\":\"WebSite\",\"@id\":\"https:\/\/fg.ull.es\/portal\/gdi\/#website\",\"url\":\"https:\/\/fg.ull.es\/portal\/gdi\/\",\"name\":\"Programa de Gestores de la Innovaci\u00f3n\",\"description\":\"\",\"publisher\":{\"@id\":\"https:\/\/fg.ull.es\/portal\/gdi\/#organization\"},\"potentialAction\":[{\"@type\":\"SearchAction\",\"target\":{\"@type\":\"EntryPoint\",\"urlTemplate\":\"https:\/\/fg.ull.es\/portal\/gdi\/?s={search_term_string}\"},\"query-input\":\"required name=search_term_string\"}],\"inLanguage\":\"es\"},{\"@type\":\"Organization\",\"@id\":\"https:\/\/fg.ull.es\/portal\/gdi\/#organization\",\"name\":\"FUNDACI\u00d3N CANARIA GENERAL UNIVERSIDAD DE LA LAGUNA\",\"url\":\"https:\/\/fg.ull.es\/portal\/gdi\/\",\"logo\":{\"@type\":\"ImageObject\",\"inLanguage\":\"es\",\"@id\":\"https:\/\/fg.ull.es\/portal\/gdi\/#\/schema\/logo\/image\/\",\"url\":\"https:\/\/fg.ull.es\/portal\/gdi\/wp-content\/uploads\/sites\/2\/2020\/04\/FAVICON.png\",\"contentUrl\":\"https:\/\/fg.ull.es\/portal\/gdi\/wp-content\/uploads\/sites\/2\/2020\/04\/FAVICON.png\",\"width\":512,\"height\":512,\"caption\":\"FUNDACI\u00d3N CANARIA GENERAL UNIVERSIDAD DE LA LAGUNA\"},\"image\":{\"@id\":\"https:\/\/fg.ull.es\/portal\/gdi\/#\/schema\/logo\/image\/\"}},{\"@type\":\"Person\",\"@id\":\"https:\/\/fg.ull.es\/portal\/gdi\/#\/schema\/person\/1ad03d108c212b498a622f39176298aa\",\"name\":\"aascanio\",\"image\":{\"@type\":\"ImageObject\",\"inLanguage\":\"es\",\"@id\":\"https:\/\/fg.ull.es\/portal\/gdi\/#\/schema\/person\/image\/\",\"url\":\"https:\/\/secure.gravatar.com\/avatar\/fb13c6d51e43015759a2b0b66dcd2734?s=96&d=mm&r=g\",\"contentUrl\":\"https:\/\/secure.gravatar.com\/avatar\/fb13c6d51e43015759a2b0b66dcd2734?s=96&d=mm&r=g\",\"caption\":\"aascanio\"}}]}<\/script>\n<!-- \/ Yoast SEO plugin. -->","yoast_head_json":{"title":"El programa Gesti\u00f3n de la Innovaci\u00f3n vuelve en su s\u00e9ptima edici\u00f3n - Programa de Gestores de la Innovaci\u00f3n","robots":{"index":"index","follow":"follow","max-snippet":"max-snippet:-1","max-image-preview":"max-image-preview:large","max-video-preview":"max-video-preview:-1"},"canonical":"https:\/\/fg.ull.es\/portal\/gdi\/el-programa-gestion-de-la-innovacion-vuelve-en-su-septima-edicion\/","og_locale":"es_ES","og_type":"article","og_title":"El programa Gesti\u00f3n de la Innovaci\u00f3n vuelve en su s\u00e9ptima edici\u00f3n - Programa de Gestores de la Innovaci\u00f3n","og_description":"El Programa Gesti\u00f3n de la Innovaci\u00f3n ha comenzado ya su s\u00e9ptima edici\u00f3n, tras formar a m\u00e1s de 2.200 personas desde 2016 con sus cursos en materias de innovaci\u00f3n, transformaci\u00f3n digital y transferencia y valorizaci\u00f3n. En esta nueva convocatoria, se reanuda la formaci\u00f3n de Experto Digital en Big Data con contenidos totalmente renovados, en el que...","og_url":"https:\/\/fg.ull.es\/portal\/gdi\/el-programa-gestion-de-la-innovacion-vuelve-en-su-septima-edicion\/","og_site_name":"Programa de Gestores de la Innovaci\u00f3n","article_published_time":"2022-08-24T11:44:09+00:00","article_modified_time":"2022-08-24T11:44:11+00:00","og_image":[{"width":1280,"height":853,"url":"https:\/\/fg.ull.es\/portal\/gdi\/wp-content\/uploads\/sites\/2\/2022\/08\/GDI.jpg","type":"image\/jpeg"}],"author":"aascanio","twitter_card":"summary_large_image","twitter_misc":{"Written by":"aascanio","Est. reading time":"2 minutos"},"schema":{"@context":"https:\/\/schema.org","@graph":[{"@type":"Article","@id":"https:\/\/fg.ull.es\/portal\/gdi\/el-programa-gestion-de-la-innovacion-vuelve-en-su-septima-edicion\/#article","isPartOf":{"@id":"https:\/\/fg.ull.es\/portal\/gdi\/el-programa-gestion-de-la-innovacion-vuelve-en-su-septima-edicion\/"},"author":{"name":"aascanio","@id":"https:\/\/fg.ull.es\/portal\/gdi\/#\/schema\/person\/1ad03d108c212b498a622f39176298aa"},"headline":"El programa Gesti\u00f3n de la Innovaci\u00f3n vuelve en su s\u00e9ptima edici\u00f3n","datePublished":"2022-08-24T11:44:09+00:00","dateModified":"2022-08-24T11:44:11+00:00","mainEntityOfPage":{"@id":"https:\/\/fg.ull.es\/portal\/gdi\/el-programa-gestion-de-la-innovacion-vuelve-en-su-septima-edicion\/"},"wordCount":335,"publisher":{"@id":"https:\/\/fg.ull.es\/portal\/gdi\/#organization"},"inLanguage":"es"},{"@type":"WebPage","@id":"https:\/\/fg.ull.es\/portal\/gdi\/el-programa-gestion-de-la-innovacion-vuelve-en-su-septima-edicion\/","url":"https:\/\/fg.ull.es\/portal\/gdi\/el-programa-gestion-de-la-innovacion-vuelve-en-su-septima-edicion\/","name":"El programa Gesti\u00f3n de la Innovaci\u00f3n vuelve en su s\u00e9ptima edici\u00f3n - Programa de Gestores de la Innovaci\u00f3n","isPartOf":{"@id":"https:\/\/fg.ull.es\/portal\/gdi\/#website"},"datePublished":"2022-08-24T11:44:09+00:00","dateModified":"2022-08-24T11:44:11+00:00","breadcrumb":{"@id":"https:\/\/fg.ull.es\/portal\/gdi\/el-programa-gestion-de-la-innovacion-vuelve-en-su-septima-edicion\/#breadcrumb"},"inLanguage":"es","potentialAction":[{"@type":"ReadAction","target":["https:\/\/fg.ull.es\/portal\/gdi\/el-programa-gestion-de-la-innovacion-vuelve-en-su-septima-edicion\/"]}]},{"@type":"BreadcrumbList","@id":"https:\/\/fg.ull.es\/portal\/gdi\/el-programa-gestion-de-la-innovacion-vuelve-en-su-septima-edicion\/#breadcrumb","itemListElement":[{"@type":"ListItem","position":1,"name":"Portada","item":"https:\/\/fg.ull.es\/portal\/gdi\/"},{"@type":"ListItem","position":2,"name":"El programa Gesti\u00f3n de la Innovaci\u00f3n vuelve en su s\u00e9ptima edici\u00f3n"}]},{"@type":"WebSite","@id":"https:\/\/fg.ull.es\/portal\/gdi\/#website","url":"https:\/\/fg.ull.es\/portal\/gdi\/","name":"Programa de Gestores de la Innovaci\u00f3n","description":"","publisher":{"@id":"https:\/\/fg.ull.es\/portal\/gdi\/#organization"},"potentialAction":[{"@type":"SearchAction","target":{"@type":"EntryPoint","urlTemplate":"https:\/\/fg.ull.es\/portal\/gdi\/?s={search_term_string}"},"query-input":"required name=search_term_string"}],"inLanguage":"es"},{"@type":"Organization","@id":"https:\/\/fg.ull.es\/portal\/gdi\/#organization","name":"FUNDACI\u00d3N CANARIA GENERAL UNIVERSIDAD DE LA LAGUNA","url":"https:\/\/fg.ull.es\/portal\/gdi\/","logo":{"@type":"ImageObject","inLanguage":"es","@id":"https:\/\/fg.ull.es\/portal\/gdi\/#\/schema\/logo\/image\/","url":"https:\/\/fg.ull.es\/portal\/gdi\/wp-content\/uploads\/sites\/2\/2020\/04\/FAVICON.png","contentUrl":"https:\/\/fg.ull.es\/portal\/gdi\/wp-content\/uploads\/sites\/2\/2020\/04\/FAVICON.png","width":512,"height":512,"caption":"FUNDACI\u00d3N CANARIA GENERAL UNIVERSIDAD DE LA LAGUNA"},"image":{"@id":"https:\/\/fg.ull.es\/portal\/gdi\/#\/schema\/logo\/image\/"}},{"@type":"Person","@id":"https:\/\/fg.ull.es\/portal\/gdi\/#\/schema\/person\/1ad03d108c212b498a622f39176298aa","name":"aascanio","image":{"@type":"ImageObject","inLanguage":"es","@id":"https:\/\/fg.ull.es\/portal\/gdi\/#\/schema\/person\/image\/","url":"https:\/\/secure.gravatar.com\/avatar\/fb13c6d51e43015759a2b0b66dcd2734?s=96&d=mm&r=g","contentUrl":"https:\/\/secure.gravatar.com\/avatar\/fb13c6d51e43015759a2b0b66dcd2734?s=96&d=mm&r=g","caption":"aascanio"}}]}},"_links":{"self":[{"href":"https:\/\/fg.ull.es\/portal\/gdi\/wp-json\/wp\/v2\/posts\/6847"}],"collection":[{"href":"https:\/\/fg.ull.es\/portal\/gdi\/wp-json\/wp\/v2\/posts"}],"about":[{"href":"https:\/\/fg.ull.es\/portal\/gdi\/wp-json\/wp\/v2\/types\/post"}],"author":[{"embeddable":true,"href":"https:\/\/fg.ull.es\/portal\/gdi\/wp-json\/wp\/v2\/users\/12"}],"replies":[{"embeddable":true,"href":"https:\/\/fg.ull.es\/portal\/gdi\/wp-json\/wp\/v2\/comments?post=6847"}],"version-history":[{"count":1,"href":"https:\/\/fg.ull.es\/portal\/gdi\/wp-json\/wp\/v2\/posts\/6847\/revisions"}],"predecessor-version":[{"id":6849,"href":"https:\/\/fg.ull.es\/portal\/gdi\/wp-json\/wp\/v2\/posts\/6847\/revisions\/6849"}],"wp:featuredmedia":[{"embeddable":true,"href":"https:\/\/fg.ull.es\/portal\/gdi\/wp-json\/wp\/v2\/media\/6848"}],"wp:attachment":[{"href":"https:\/\/fg.ull.es\/portal\/gdi\/wp-json\/wp\/v2\/media?parent=6847"}],"wp:term":[{"taxonomy":"category","embeddable":true,"href":"https:\/\/fg.ull.es\/portal\/gdi\/wp-json\/wp\/v2\/categories?post=6847"},{"taxonomy":"post_tag","embeddable":true,"href":"https:\/\/fg.ull.es\/portal\/gdi\/wp-json\/wp\/v2\/tags?post=6847"}],"curies":[{"name":"wp","href":"https:\/\/api.w.org\/{rel}","templated":true}]}}