{"id":6574,"date":"2021-11-16T09:31:09","date_gmt":"2021-11-16T09:31:09","guid":{"rendered":"https:\/\/fg.ull.es\/portal\/gdi\/?p=6574"},"modified":"2021-11-16T11:00:12","modified_gmt":"2021-11-16T11:00:12","slug":"las-formaciones-de-gdi-te-ofrecen-mas-oportunidades-laborales","status":"publish","type":"post","link":"https:\/\/fg.ull.es\/portal\/gdi\/las-formaciones-de-gdi-te-ofrecen-mas-oportunidades-laborales\/","title":{"rendered":"Las formaciones de GDI te ofrecen m\u00e1s oportunidades laborales"},"content":{"rendered":"\n<p>\u00bfSab\u00edas que las formaciones del Programa de Gesti\u00f3n de la Innovaci\u00f3n te ofrecen m\u00e1s oportunidades laborales?<\/p>\n\n\n\n<p>En los \u00faltimos a\u00f1os, la <strong>transformaci\u00f3n digital ha sido fundamental para el avance de cualquier empresa<\/strong>. La actual situaci\u00f3n derivada de la pandemia de la COVID-19 ha propiciado el aumento de la demanda por parte de las empresas de perfiles con formaci\u00f3n en transformaci\u00f3n digital e innovaci\u00f3n.<\/p>\n\n\n\n<p>En el a\u00f1o 2020, <strong>m\u00e1s de 30 empresas solicitaron<\/strong> a la Fundaci\u00f3n General de Universidad de La Laguna<strong> perfiles con formaci\u00f3n en innovaci\u00f3n<\/strong>, y en lo que llevamos de curso 2021, ya se han recibido m\u00e1s de 25 solicitudes.<\/p>\n\n\n\n<p>El Programa GDI te ayudar\u00e1 a formarte gratuitamente en materias de innovaci\u00f3n y transformaci\u00f3n digital que <strong>te permitir\u00e1n mejorar tu Curr\u00edculum y actualizarte en esta nueva era digital<\/strong>.<\/p>\n\n\n\n<p>La certificaci\u00f3n de los cursos del Programa, suponen un valor a\u00f1adido en el momento de contrataci\u00f3n de personal. Estas certificaciones suponen una ayuda al alumnado para conseguir la inserci\u00f3n laboral. Esto es gracias a est\u00edmulos como la convocatoria de Subvenciones para la<strong> Incorporaci\u00f3n de Personal Innovador al Tejido Productivo (IPI)<\/strong>, una iniciativa promovida por la <strong>ACIISI<\/strong>, que permite la inserci\u00f3n<s> <\/s>laboral como tecn\u00f3logos\/as en actividades de I+D+i en diferentes empresas a las personas participantes en GDI<\/p>\n\n\n\n<p>Pero \u201c<strong>\u00bfqu\u00e9 cursos puedo hacer en el Programa?<\/strong>\u201d<\/p>\n\n\n\n<p>Nuestras tres ramas formativas son Innovaci\u00f3n, Transformaci\u00f3n digital y Transferencia y Valorizaci\u00f3n. Adem\u00e1s, tambi\u00e9n hemos creado los Expertos Digitales.<\/p>\n\n\n\n<p>Ahora mismo tenemos abiertas nuevas plazas para:<\/p>\n\n\n\n<ul><li><strong><a href=\"https:\/\/sede.fg.ull.es\/es\/curso\/detalle\/a21120163\/promocion-de-la-ciudadania-digital-n1\">Prom<\/a><a href=\"https:\/\/sede.fg.ull.es\/es\/curso\/detalle\/a21120163\/promocion-de-la-ciudadania-digital-n1\" target=\"_blank\" rel=\"noreferrer noopener\">oci\u00f3n de la Ciudadan\u00eda digital.<\/a><a href=\"https:\/\/sede.fg.ull.es\/es\/curso\/detalle\/a21120163\/promocion-de-la-ciudadania-digital-n1\"> <\/a><\/strong>Si necesitas actualizarte y aprender a utilizar las herramientas digitales de uso cotidiano como el Certificado digital o el DNI electr\u00f3nico \u00a1este es tu curso! Comenzar\u00e1 el pr\u00f3ximo 23 de noviembre.<\/li><\/ul>\n\n\n\n<ul><li><a href=\"https:\/\/sede.fg.ull.es\/es\/curso\/detalle\/a21120168\/promocion-y-gestion-digital-n1-y-n2\" target=\"_blank\" rel=\"noreferrer noopener\"><strong>Promoci\u00f3n y Gesti\u00f3n digital (N1 y N2)<\/strong>.<\/a> Para comenzar tu formaci\u00f3n en Transformaci\u00f3n digital,\u00a0 aprender metodolog\u00edas y herramientas de aplicaci\u00f3n para promover la transformaci\u00f3n digital en entornos empresariales. Este curso empezar\u00e1 el 1 de diciembre.<\/li><\/ul>\n\n\n\n<ul><li><strong><a href=\"https:\/\/sede.fg.ull.es\/es\/curso\/detalle\/a21120160\/promocion-y-gestion-de-la-innovacion-n1-y-n2-innovacion-verde-y-sostenibilidad\" target=\"_blank\" rel=\"noreferrer noopener\">Promoci\u00f3n y Gesti\u00f3n de la Innovaci\u00f3n (N1 y N2). <\/a><\/strong>Aprender\u00e1s, por ejemplo, sobre I+D p\u00fablica e innovaci\u00f3n empresarial. Adem\u00e1s, este curso tiene un m\u00f3dulo en Innovaci\u00f3n verde y sostenibilidad. Empieza el 24 de noviembre.<\/li><\/ul>\n\n\n\n<p><strong>\u00a1Son los \u00faltimos cursos del a\u00f1o!<\/strong><\/p>\n\n\n\n<p>Para cualquier consulta, no dudes en escribirnos a nuestro correo: <a rel=\"noreferrer noopener\" href=\"mailto:gdi@fg.ull.es\" target=\"_blank\">gdi@fg.ull.es<\/a> o rellenar nuestro <a href=\"https:\/\/fg.ull.es\/portal\/gdi\/contacto\/\">formulario de contacto.<\/a><\/p>\n\n\n\n<p>Este programa es un proyecto de la Agencia Canaria de Investigaci\u00f3n, Innovaci\u00f3n y Sociedad de la Informaci\u00f3n del Gobierno de Canarias, cofinanciado en un 85% por el Fondo Social Europeo (FSE) en los t\u00e9rminos establecidos en el Programa Operativo de Canarias 2014-2020, en el Eje prioritario 1, Objetivo tem\u00e1tico 8, Prioridad de inversi\u00f3n, 8.1, Objetivo espec\u00edfico 8.1.2.<\/p>\n","protected":false},"excerpt":{"rendered":"<p>\u00bfSab\u00edas que las formaciones del Programa de Gesti\u00f3n de la Innovaci\u00f3n te ofrecen m\u00e1s oportunidades laborales? En los \u00faltimos a\u00f1os, la transformaci\u00f3n digital ha sido fundamental para el avance de cualquier empresa. La actual situaci\u00f3n derivada de la pandemia de la COVID-19 ha propiciado el aumento de la demanda por parte de las empresas de&#8230;<\/p>\n","protected":false},"author":12,"featured_media":6575,"comment_status":"closed","ping_status":"closed","sticky":false,"template":"","format":"standard","meta":{"footnotes":""},"categories":[1],"tags":[],"yoast_head":"<!-- This site is optimized with the Yoast SEO plugin v21.1 - https:\/\/yoast.com\/wordpress\/plugins\/seo\/ -->\n<title>Las formaciones de GDI te ofrecen m\u00e1s oportunidades laborales - Programa de Gestores de la Innovaci\u00f3n<\/title>\n<meta name=\"robots\" content=\"index, follow, max-snippet:-1, max-image-preview:large, max-video-preview:-1\" \/>\n<link rel=\"canonical\" href=\"https:\/\/fg.ull.es\/portal\/gdi\/las-formaciones-de-gdi-te-ofrecen-mas-oportunidades-laborales\/\" \/>\n<meta property=\"og:locale\" content=\"es_ES\" \/>\n<meta property=\"og:type\" content=\"article\" \/>\n<meta property=\"og:title\" content=\"Las formaciones de GDI te ofrecen m\u00e1s oportunidades laborales - Programa de Gestores de la Innovaci\u00f3n\" \/>\n<meta property=\"og:description\" content=\"\u00bfSab\u00edas que las formaciones del Programa de Gesti\u00f3n de la Innovaci\u00f3n te ofrecen m\u00e1s oportunidades laborales? En los \u00faltimos a\u00f1os, la transformaci\u00f3n digital ha sido fundamental para el avance de cualquier empresa. La actual situaci\u00f3n derivada de la pandemia de la COVID-19 ha propiciado el aumento de la demanda por parte de las empresas de...\" \/>\n<meta property=\"og:url\" content=\"https:\/\/fg.ull.es\/portal\/gdi\/las-formaciones-de-gdi-te-ofrecen-mas-oportunidades-laborales\/\" \/>\n<meta property=\"og:site_name\" content=\"Programa de Gestores de la Innovaci\u00f3n\" \/>\n<meta property=\"article:published_time\" content=\"2021-11-16T09:31:09+00:00\" \/>\n<meta property=\"article:modified_time\" content=\"2021-11-16T11:00:12+00:00\" \/>\n<meta property=\"og:image\" content=\"https:\/\/fg.ull.es\/portal\/gdi\/wp-content\/uploads\/sites\/2\/2021\/11\/GDI_Generico-5-16-9.png\" \/>\n\t<meta property=\"og:image:width\" content=\"1920\" \/>\n\t<meta property=\"og:image:height\" content=\"1080\" \/>\n\t<meta property=\"og:image:type\" content=\"image\/png\" \/>\n<meta name=\"author\" content=\"aascanio\" \/>\n<meta name=\"twitter:card\" content=\"summary_large_image\" \/>\n<meta name=\"twitter:label1\" content=\"Written by\" \/>\n\t<meta name=\"twitter:data1\" content=\"aascanio\" \/>\n\t<meta name=\"twitter:label2\" content=\"Est. reading time\" \/>\n\t<meta name=\"twitter:data2\" content=\"2 minutos\" \/>\n<script type=\"application\/ld+json\" class=\"yoast-schema-graph\">{\"@context\":\"https:\/\/schema.org\",\"@graph\":[{\"@type\":\"Article\",\"@id\":\"https:\/\/fg.ull.es\/portal\/gdi\/las-formaciones-de-gdi-te-ofrecen-mas-oportunidades-laborales\/#article\",\"isPartOf\":{\"@id\":\"https:\/\/fg.ull.es\/portal\/gdi\/las-formaciones-de-gdi-te-ofrecen-mas-oportunidades-laborales\/\"},\"author\":{\"name\":\"aascanio\",\"@id\":\"https:\/\/fg.ull.es\/portal\/gdi\/#\/schema\/person\/1ad03d108c212b498a622f39176298aa\"},\"headline\":\"Las formaciones de GDI te ofrecen m\u00e1s oportunidades laborales\",\"datePublished\":\"2021-11-16T09:31:09+00:00\",\"dateModified\":\"2021-11-16T11:00:12+00:00\",\"mainEntityOfPage\":{\"@id\":\"https:\/\/fg.ull.es\/portal\/gdi\/las-formaciones-de-gdi-te-ofrecen-mas-oportunidades-laborales\/\"},\"wordCount\":492,\"publisher\":{\"@id\":\"https:\/\/fg.ull.es\/portal\/gdi\/#organization\"},\"inLanguage\":\"es\"},{\"@type\":\"WebPage\",\"@id\":\"https:\/\/fg.ull.es\/portal\/gdi\/las-formaciones-de-gdi-te-ofrecen-mas-oportunidades-laborales\/\",\"url\":\"https:\/\/fg.ull.es\/portal\/gdi\/las-formaciones-de-gdi-te-ofrecen-mas-oportunidades-laborales\/\",\"name\":\"Las formaciones de GDI te ofrecen m\u00e1s oportunidades laborales - Programa de Gestores de la Innovaci\u00f3n\",\"isPartOf\":{\"@id\":\"https:\/\/fg.ull.es\/portal\/gdi\/#website\"},\"datePublished\":\"2021-11-16T09:31:09+00:00\",\"dateModified\":\"2021-11-16T11:00:12+00:00\",\"breadcrumb\":{\"@id\":\"https:\/\/fg.ull.es\/portal\/gdi\/las-formaciones-de-gdi-te-ofrecen-mas-oportunidades-laborales\/#breadcrumb\"},\"inLanguage\":\"es\",\"potentialAction\":[{\"@type\":\"ReadAction\",\"target\":[\"https:\/\/fg.ull.es\/portal\/gdi\/las-formaciones-de-gdi-te-ofrecen-mas-oportunidades-laborales\/\"]}]},{\"@type\":\"BreadcrumbList\",\"@id\":\"https:\/\/fg.ull.es\/portal\/gdi\/las-formaciones-de-gdi-te-ofrecen-mas-oportunidades-laborales\/#breadcrumb\",\"itemListElement\":[{\"@type\":\"ListItem\",\"position\":1,\"name\":\"Portada\",\"item\":\"https:\/\/fg.ull.es\/portal\/gdi\/\"},{\"@type\":\"ListItem\",\"position\":2,\"name\":\"Las formaciones de GDI te ofrecen m\u00e1s oportunidades laborales\"}]},{\"@type\":\"WebSite\",\"@id\":\"https:\/\/fg.ull.es\/portal\/gdi\/#website\",\"url\":\"https:\/\/fg.ull.es\/portal\/gdi\/\",\"name\":\"Programa de Gestores de la Innovaci\u00f3n\",\"description\":\"\",\"publisher\":{\"@id\":\"https:\/\/fg.ull.es\/portal\/gdi\/#organization\"},\"potentialAction\":[{\"@type\":\"SearchAction\",\"target\":{\"@type\":\"EntryPoint\",\"urlTemplate\":\"https:\/\/fg.ull.es\/portal\/gdi\/?s={search_term_string}\"},\"query-input\":\"required name=search_term_string\"}],\"inLanguage\":\"es\"},{\"@type\":\"Organization\",\"@id\":\"https:\/\/fg.ull.es\/portal\/gdi\/#organization\",\"name\":\"FUNDACI\u00d3N CANARIA GENERAL UNIVERSIDAD DE LA LAGUNA\",\"url\":\"https:\/\/fg.ull.es\/portal\/gdi\/\",\"logo\":{\"@type\":\"ImageObject\",\"inLanguage\":\"es\",\"@id\":\"https:\/\/fg.ull.es\/portal\/gdi\/#\/schema\/logo\/image\/\",\"url\":\"https:\/\/fg.ull.es\/portal\/gdi\/wp-content\/uploads\/sites\/2\/2020\/04\/FAVICON.png\",\"contentUrl\":\"https:\/\/fg.ull.es\/portal\/gdi\/wp-content\/uploads\/sites\/2\/2020\/04\/FAVICON.png\",\"width\":512,\"height\":512,\"caption\":\"FUNDACI\u00d3N CANARIA GENERAL UNIVERSIDAD DE LA LAGUNA\"},\"image\":{\"@id\":\"https:\/\/fg.ull.es\/portal\/gdi\/#\/schema\/logo\/image\/\"}},{\"@type\":\"Person\",\"@id\":\"https:\/\/fg.ull.es\/portal\/gdi\/#\/schema\/person\/1ad03d108c212b498a622f39176298aa\",\"name\":\"aascanio\",\"image\":{\"@type\":\"ImageObject\",\"inLanguage\":\"es\",\"@id\":\"https:\/\/fg.ull.es\/portal\/gdi\/#\/schema\/person\/image\/\",\"url\":\"https:\/\/secure.gravatar.com\/avatar\/fb13c6d51e43015759a2b0b66dcd2734?s=96&d=mm&r=g\",\"contentUrl\":\"https:\/\/secure.gravatar.com\/avatar\/fb13c6d51e43015759a2b0b66dcd2734?s=96&d=mm&r=g\",\"caption\":\"aascanio\"}}]}<\/script>\n<!-- \/ Yoast SEO plugin. -->","yoast_head_json":{"title":"Las formaciones de GDI te ofrecen m\u00e1s oportunidades laborales - Programa de Gestores de la Innovaci\u00f3n","robots":{"index":"index","follow":"follow","max-snippet":"max-snippet:-1","max-image-preview":"max-image-preview:large","max-video-preview":"max-video-preview:-1"},"canonical":"https:\/\/fg.ull.es\/portal\/gdi\/las-formaciones-de-gdi-te-ofrecen-mas-oportunidades-laborales\/","og_locale":"es_ES","og_type":"article","og_title":"Las formaciones de GDI te ofrecen m\u00e1s oportunidades laborales - Programa de Gestores de la Innovaci\u00f3n","og_description":"\u00bfSab\u00edas que las formaciones del Programa de Gesti\u00f3n de la Innovaci\u00f3n te ofrecen m\u00e1s oportunidades laborales? En los \u00faltimos a\u00f1os, la transformaci\u00f3n digital ha sido fundamental para el avance de cualquier empresa. La actual situaci\u00f3n derivada de la pandemia de la COVID-19 ha propiciado el aumento de la demanda por parte de las empresas de...","og_url":"https:\/\/fg.ull.es\/portal\/gdi\/las-formaciones-de-gdi-te-ofrecen-mas-oportunidades-laborales\/","og_site_name":"Programa de Gestores de la Innovaci\u00f3n","article_published_time":"2021-11-16T09:31:09+00:00","article_modified_time":"2021-11-16T11:00:12+00:00","og_image":[{"width":1920,"height":1080,"url":"https:\/\/fg.ull.es\/portal\/gdi\/wp-content\/uploads\/sites\/2\/2021\/11\/GDI_Generico-5-16-9.png","type":"image\/png"}],"author":"aascanio","twitter_card":"summary_large_image","twitter_misc":{"Written by":"aascanio","Est. reading time":"2 minutos"},"schema":{"@context":"https:\/\/schema.org","@graph":[{"@type":"Article","@id":"https:\/\/fg.ull.es\/portal\/gdi\/las-formaciones-de-gdi-te-ofrecen-mas-oportunidades-laborales\/#article","isPartOf":{"@id":"https:\/\/fg.ull.es\/portal\/gdi\/las-formaciones-de-gdi-te-ofrecen-mas-oportunidades-laborales\/"},"author":{"name":"aascanio","@id":"https:\/\/fg.ull.es\/portal\/gdi\/#\/schema\/person\/1ad03d108c212b498a622f39176298aa"},"headline":"Las formaciones de GDI te ofrecen m\u00e1s oportunidades laborales","datePublished":"2021-11-16T09:31:09+00:00","dateModified":"2021-11-16T11:00:12+00:00","mainEntityOfPage":{"@id":"https:\/\/fg.ull.es\/portal\/gdi\/las-formaciones-de-gdi-te-ofrecen-mas-oportunidades-laborales\/"},"wordCount":492,"publisher":{"@id":"https:\/\/fg.ull.es\/portal\/gdi\/#organization"},"inLanguage":"es"},{"@type":"WebPage","@id":"https:\/\/fg.ull.es\/portal\/gdi\/las-formaciones-de-gdi-te-ofrecen-mas-oportunidades-laborales\/","url":"https:\/\/fg.ull.es\/portal\/gdi\/las-formaciones-de-gdi-te-ofrecen-mas-oportunidades-laborales\/","name":"Las formaciones de GDI te ofrecen m\u00e1s oportunidades laborales - Programa de Gestores de la Innovaci\u00f3n","isPartOf":{"@id":"https:\/\/fg.ull.es\/portal\/gdi\/#website"},"datePublished":"2021-11-16T09:31:09+00:00","dateModified":"2021-11-16T11:00:12+00:00","breadcrumb":{"@id":"https:\/\/fg.ull.es\/portal\/gdi\/las-formaciones-de-gdi-te-ofrecen-mas-oportunidades-laborales\/#breadcrumb"},"inLanguage":"es","potentialAction":[{"@type":"ReadAction","target":["https:\/\/fg.ull.es\/portal\/gdi\/las-formaciones-de-gdi-te-ofrecen-mas-oportunidades-laborales\/"]}]},{"@type":"BreadcrumbList","@id":"https:\/\/fg.ull.es\/portal\/gdi\/las-formaciones-de-gdi-te-ofrecen-mas-oportunidades-laborales\/#breadcrumb","itemListElement":[{"@type":"ListItem","position":1,"name":"Portada","item":"https:\/\/fg.ull.es\/portal\/gdi\/"},{"@type":"ListItem","position":2,"name":"Las formaciones de GDI te ofrecen m\u00e1s oportunidades laborales"}]},{"@type":"WebSite","@id":"https:\/\/fg.ull.es\/portal\/gdi\/#website","url":"https:\/\/fg.ull.es\/portal\/gdi\/","name":"Programa de Gestores de la Innovaci\u00f3n","description":"","publisher":{"@id":"https:\/\/fg.ull.es\/portal\/gdi\/#organization"},"potentialAction":[{"@type":"SearchAction","target":{"@type":"EntryPoint","urlTemplate":"https:\/\/fg.ull.es\/portal\/gdi\/?s={search_term_string}"},"query-input":"required name=search_term_string"}],"inLanguage":"es"},{"@type":"Organization","@id":"https:\/\/fg.ull.es\/portal\/gdi\/#organization","name":"FUNDACI\u00d3N CANARIA GENERAL UNIVERSIDAD DE LA LAGUNA","url":"https:\/\/fg.ull.es\/portal\/gdi\/","logo":{"@type":"ImageObject","inLanguage":"es","@id":"https:\/\/fg.ull.es\/portal\/gdi\/#\/schema\/logo\/image\/","url":"https:\/\/fg.ull.es\/portal\/gdi\/wp-content\/uploads\/sites\/2\/2020\/04\/FAVICON.png","contentUrl":"https:\/\/fg.ull.es\/portal\/gdi\/wp-content\/uploads\/sites\/2\/2020\/04\/FAVICON.png","width":512,"height":512,"caption":"FUNDACI\u00d3N CANARIA GENERAL UNIVERSIDAD DE LA LAGUNA"},"image":{"@id":"https:\/\/fg.ull.es\/portal\/gdi\/#\/schema\/logo\/image\/"}},{"@type":"Person","@id":"https:\/\/fg.ull.es\/portal\/gdi\/#\/schema\/person\/1ad03d108c212b498a622f39176298aa","name":"aascanio","image":{"@type":"ImageObject","inLanguage":"es","@id":"https:\/\/fg.ull.es\/portal\/gdi\/#\/schema\/person\/image\/","url":"https:\/\/secure.gravatar.com\/avatar\/fb13c6d51e43015759a2b0b66dcd2734?s=96&d=mm&r=g","contentUrl":"https:\/\/secure.gravatar.com\/avatar\/fb13c6d51e43015759a2b0b66dcd2734?s=96&d=mm&r=g","caption":"aascanio"}}]}},"_links":{"self":[{"href":"https:\/\/fg.ull.es\/portal\/gdi\/wp-json\/wp\/v2\/posts\/6574"}],"collection":[{"href":"https:\/\/fg.ull.es\/portal\/gdi\/wp-json\/wp\/v2\/posts"}],"about":[{"href":"https:\/\/fg.ull.es\/portal\/gdi\/wp-json\/wp\/v2\/types\/post"}],"author":[{"embeddable":true,"href":"https:\/\/fg.ull.es\/portal\/gdi\/wp-json\/wp\/v2\/users\/12"}],"replies":[{"embeddable":true,"href":"https:\/\/fg.ull.es\/portal\/gdi\/wp-json\/wp\/v2\/comments?post=6574"}],"version-history":[{"count":3,"href":"https:\/\/fg.ull.es\/portal\/gdi\/wp-json\/wp\/v2\/posts\/6574\/revisions"}],"predecessor-version":[{"id":6581,"href":"https:\/\/fg.ull.es\/portal\/gdi\/wp-json\/wp\/v2\/posts\/6574\/revisions\/6581"}],"wp:featuredmedia":[{"embeddable":true,"href":"https:\/\/fg.ull.es\/portal\/gdi\/wp-json\/wp\/v2\/media\/6575"}],"wp:attachment":[{"href":"https:\/\/fg.ull.es\/portal\/gdi\/wp-json\/wp\/v2\/media?parent=6574"}],"wp:term":[{"taxonomy":"category","embeddable":true,"href":"https:\/\/fg.ull.es\/portal\/gdi\/wp-json\/wp\/v2\/categories?post=6574"},{"taxonomy":"post_tag","embeddable":true,"href":"https:\/\/fg.ull.es\/portal\/gdi\/wp-json\/wp\/v2\/tags?post=6574"}],"curies":[{"name":"wp","href":"https:\/\/api.w.org\/{rel}","templated":true}]}}