{"id":6571,"date":"2021-11-16T09:23:29","date_gmt":"2021-11-16T09:23:29","guid":{"rendered":"https:\/\/fg.ull.es\/portal\/gdi\/?p=6571"},"modified":"2021-11-16T09:23:31","modified_gmt":"2021-11-16T09:23:31","slug":"podcast-gdi-ep-9-promocion-de-la-ciudadania-digital","status":"publish","type":"post","link":"https:\/\/fg.ull.es\/portal\/gdi\/podcast-gdi-ep-9-promocion-de-la-ciudadania-digital\/","title":{"rendered":"Podcast GDI Ep. 9 Promoci\u00f3n de la Ciudadan\u00eda Digital"},"content":{"rendered":"\n<p>Hoy queremos recomendarte el Episodio 9 de nuestro Podcast, dedicado a la Promoci\u00f3n de la Ciudadan\u00eda Digital.<\/p>\n\n\n\n<p>En este Episodio David Alay\u00f3n conversa con Ra\u00fal Ord\u00f3\u00f1ez, consultor y formador TIC con 20 a\u00f1os de experiencia en el sector.<\/p>\n\n\n\n<p>Ra\u00fal nos cuenta c\u00f3mo ayuda a empresas, profesionales y familias que necesitan adaptarse con \u00e9xito al cambio tecnol\u00f3gico. Adem\u00e1s, Ra\u00fal y David reflexionan sobre c\u00f3mo Internet ha ayudado a la democratizaci\u00f3n del conocimiento, a problemas como la infoxicaci\u00f3n o la falta de privacidad, y sobre legislaciones como la Ley de Protecci\u00f3n de Datos.<\/p>\n\n\n\n<p>Puedes escuchar el Podcast aqu\u00ed:<\/p>\n\n\n\n<figure class=\"wp-block-embed-spotify wp-block-embed is-type-rich is-provider-spotify wp-embed-aspect-21-9 wp-has-aspect-ratio\"><div class=\"wp-block-embed__wrapper\">\n<iframe loading=\"lazy\" title=\"Spotify Embed: Promoci\u00f3n de la ciudadan\u00eda digital\" width=\"100%\" height=\"152\" frameborder=\"0\" allowfullscreen allow=\"autoplay; clipboard-write; encrypted-media; fullscreen; picture-in-picture\" src=\"https:\/\/open.spotify.com\/embed\/episode\/5BAhTMaxglKoutvKg4wXcT?si=Ol1sghPgTZ2bmp-BdjiRNA&#038;utm_source=oembed\"><\/iframe>\n<\/div><\/figure>\n\n\n\n<p>Si te ha gustado y te suena interesante el mundo de la Transformaci\u00f3n Digital y quieres empezar a formarte para ser un Ciudadano Digital \u00a1est\u00e1s de suerte!<\/p>\n\n\n\n<p>Ahora mismo, tenemos plazas abiertas para nuestro curso gratuito de\u00a0 Promoci\u00f3n de la Ciudadan\u00eda Digital que comenzar\u00e1 el pr\u00f3ximo 23 de noviembre de forma online.<strong> \u00a1Es el \u00faltimo curso del a\u00f1o!<\/strong><\/p>\n\n\n\n<div class=\"wp-block-buttons aligncenter is-layout-flex wp-block-buttons-is-layout-flex\">\n<div class=\"wp-block-button\"><a class=\"wp-block-button__link has-white-color has-luminous-vivid-orange-background-color has-text-color has-background\" href=\"https:\/\/sede.fg.ull.es\/es\/curso\/detalle\/a21120163\/promocion-de-la-ciudadania-digital-n1\">\u00a1INSCR\u00cdBETE AQU\u00cd!<\/a><\/div>\n<\/div>\n\n\n\n<p>Para cualquier consulta, no dudes en escribirnos a nuestro correo: gdi@fg.ull.es o rellenar nuestro <a href=\"https:\/\/fg.ull.es\/portal\/gdi\/contacto\/\">formulario de contacto.<\/a><\/p>\n\n\n\n<p>Este programa es un proyecto de la Agencia Canaria de Investigaci\u00f3n, Innovaci\u00f3n y Sociedad de la Informaci\u00f3n del Gobierno de Canarias, cofinanciado en un 85% por el Fondo Social Europeo (FSE) en los t\u00e9rminos establecidos en el Programa Operativo de Canarias 2014-2020, en el Eje prioritario 1, Objetivo tem\u00e1tico 8, Prioridad de inversi\u00f3n, 8.1, Objetivo espec\u00edfico 8.1.2.<\/p>\n","protected":false},"excerpt":{"rendered":"<p>Hoy queremos recomendarte el Episodio 9 de nuestro Podcast, dedicado a la Promoci\u00f3n de la Ciudadan\u00eda Digital. En este Episodio David Alay\u00f3n conversa con Ra\u00fal Ord\u00f3\u00f1ez, consultor y formador TIC con 20 a\u00f1os de experiencia en el sector. Ra\u00fal nos cuenta c\u00f3mo ayuda a empresas, profesionales y familias que necesitan adaptarse con \u00e9xito al cambio&#8230;<\/p>\n","protected":false},"author":12,"featured_media":6572,"comment_status":"closed","ping_status":"closed","sticky":false,"template":"","format":"standard","meta":{"footnotes":""},"categories":[1],"tags":[],"yoast_head":"<!-- This site is optimized with the Yoast SEO plugin v21.1 - https:\/\/yoast.com\/wordpress\/plugins\/seo\/ -->\n<title>Podcast GDI Ep. 9 Promoci\u00f3n de la Ciudadan\u00eda Digital - Programa de Gestores de la Innovaci\u00f3n<\/title>\n<meta name=\"robots\" content=\"index, follow, max-snippet:-1, max-image-preview:large, max-video-preview:-1\" \/>\n<link rel=\"canonical\" href=\"https:\/\/fg.ull.es\/portal\/gdi\/podcast-gdi-ep-9-promocion-de-la-ciudadania-digital\/\" \/>\n<meta property=\"og:locale\" content=\"es_ES\" \/>\n<meta property=\"og:type\" content=\"article\" \/>\n<meta property=\"og:title\" content=\"Podcast GDI Ep. 9 Promoci\u00f3n de la Ciudadan\u00eda Digital - Programa de Gestores de la Innovaci\u00f3n\" \/>\n<meta property=\"og:description\" content=\"Hoy queremos recomendarte el Episodio 9 de nuestro Podcast, dedicado a la Promoci\u00f3n de la Ciudadan\u00eda Digital. En este Episodio David Alay\u00f3n conversa con Ra\u00fal Ord\u00f3\u00f1ez, consultor y formador TIC con 20 a\u00f1os de experiencia en el sector. Ra\u00fal nos cuenta c\u00f3mo ayuda a empresas, profesionales y familias que necesitan adaptarse con \u00e9xito al cambio...\" \/>\n<meta property=\"og:url\" content=\"https:\/\/fg.ull.es\/portal\/gdi\/podcast-gdi-ep-9-promocion-de-la-ciudadania-digital\/\" \/>\n<meta property=\"og:site_name\" content=\"Programa de Gestores de la Innovaci\u00f3n\" \/>\n<meta property=\"article:published_time\" content=\"2021-11-16T09:23:29+00:00\" \/>\n<meta property=\"article:modified_time\" content=\"2021-11-16T09:23:31+00:00\" \/>\n<meta property=\"og:image\" content=\"https:\/\/fg.ull.es\/portal\/gdi\/wp-content\/uploads\/sites\/2\/2021\/11\/Ep-9.-Raul-Ordonez.jpg\" \/>\n\t<meta property=\"og:image:width\" content=\"1081\" \/>\n\t<meta property=\"og:image:height\" content=\"1081\" \/>\n\t<meta property=\"og:image:type\" content=\"image\/jpeg\" \/>\n<meta name=\"author\" content=\"aascanio\" \/>\n<meta name=\"twitter:card\" content=\"summary_large_image\" \/>\n<meta name=\"twitter:label1\" content=\"Written by\" \/>\n\t<meta name=\"twitter:data1\" content=\"aascanio\" \/>\n\t<meta name=\"twitter:label2\" content=\"Est. reading time\" \/>\n\t<meta name=\"twitter:data2\" content=\"2 minutos\" \/>\n<script type=\"application\/ld+json\" class=\"yoast-schema-graph\">{\"@context\":\"https:\/\/schema.org\",\"@graph\":[{\"@type\":\"Article\",\"@id\":\"https:\/\/fg.ull.es\/portal\/gdi\/podcast-gdi-ep-9-promocion-de-la-ciudadania-digital\/#article\",\"isPartOf\":{\"@id\":\"https:\/\/fg.ull.es\/portal\/gdi\/podcast-gdi-ep-9-promocion-de-la-ciudadania-digital\/\"},\"author\":{\"name\":\"aascanio\",\"@id\":\"https:\/\/fg.ull.es\/portal\/gdi\/#\/schema\/person\/1ad03d108c212b498a622f39176298aa\"},\"headline\":\"Podcast GDI Ep. 9 Promoci\u00f3n de la Ciudadan\u00eda Digital\",\"datePublished\":\"2021-11-16T09:23:29+00:00\",\"dateModified\":\"2021-11-16T09:23:31+00:00\",\"mainEntityOfPage\":{\"@id\":\"https:\/\/fg.ull.es\/portal\/gdi\/podcast-gdi-ep-9-promocion-de-la-ciudadania-digital\/\"},\"wordCount\":275,\"publisher\":{\"@id\":\"https:\/\/fg.ull.es\/portal\/gdi\/#organization\"},\"inLanguage\":\"es\"},{\"@type\":\"WebPage\",\"@id\":\"https:\/\/fg.ull.es\/portal\/gdi\/podcast-gdi-ep-9-promocion-de-la-ciudadania-digital\/\",\"url\":\"https:\/\/fg.ull.es\/portal\/gdi\/podcast-gdi-ep-9-promocion-de-la-ciudadania-digital\/\",\"name\":\"Podcast GDI Ep. 9 Promoci\u00f3n de la Ciudadan\u00eda Digital - Programa de Gestores de la Innovaci\u00f3n\",\"isPartOf\":{\"@id\":\"https:\/\/fg.ull.es\/portal\/gdi\/#website\"},\"datePublished\":\"2021-11-16T09:23:29+00:00\",\"dateModified\":\"2021-11-16T09:23:31+00:00\",\"breadcrumb\":{\"@id\":\"https:\/\/fg.ull.es\/portal\/gdi\/podcast-gdi-ep-9-promocion-de-la-ciudadania-digital\/#breadcrumb\"},\"inLanguage\":\"es\",\"potentialAction\":[{\"@type\":\"ReadAction\",\"target\":[\"https:\/\/fg.ull.es\/portal\/gdi\/podcast-gdi-ep-9-promocion-de-la-ciudadania-digital\/\"]}]},{\"@type\":\"BreadcrumbList\",\"@id\":\"https:\/\/fg.ull.es\/portal\/gdi\/podcast-gdi-ep-9-promocion-de-la-ciudadania-digital\/#breadcrumb\",\"itemListElement\":[{\"@type\":\"ListItem\",\"position\":1,\"name\":\"Portada\",\"item\":\"https:\/\/fg.ull.es\/portal\/gdi\/\"},{\"@type\":\"ListItem\",\"position\":2,\"name\":\"Podcast GDI Ep. 9 Promoci\u00f3n de la Ciudadan\u00eda Digital\"}]},{\"@type\":\"WebSite\",\"@id\":\"https:\/\/fg.ull.es\/portal\/gdi\/#website\",\"url\":\"https:\/\/fg.ull.es\/portal\/gdi\/\",\"name\":\"Programa de Gestores de la Innovaci\u00f3n\",\"description\":\"\",\"publisher\":{\"@id\":\"https:\/\/fg.ull.es\/portal\/gdi\/#organization\"},\"potentialAction\":[{\"@type\":\"SearchAction\",\"target\":{\"@type\":\"EntryPoint\",\"urlTemplate\":\"https:\/\/fg.ull.es\/portal\/gdi\/?s={search_term_string}\"},\"query-input\":\"required name=search_term_string\"}],\"inLanguage\":\"es\"},{\"@type\":\"Organization\",\"@id\":\"https:\/\/fg.ull.es\/portal\/gdi\/#organization\",\"name\":\"FUNDACI\u00d3N CANARIA GENERAL UNIVERSIDAD DE LA LAGUNA\",\"url\":\"https:\/\/fg.ull.es\/portal\/gdi\/\",\"logo\":{\"@type\":\"ImageObject\",\"inLanguage\":\"es\",\"@id\":\"https:\/\/fg.ull.es\/portal\/gdi\/#\/schema\/logo\/image\/\",\"url\":\"https:\/\/fg.ull.es\/portal\/gdi\/wp-content\/uploads\/sites\/2\/2020\/04\/FAVICON.png\",\"contentUrl\":\"https:\/\/fg.ull.es\/portal\/gdi\/wp-content\/uploads\/sites\/2\/2020\/04\/FAVICON.png\",\"width\":512,\"height\":512,\"caption\":\"FUNDACI\u00d3N CANARIA GENERAL UNIVERSIDAD DE LA LAGUNA\"},\"image\":{\"@id\":\"https:\/\/fg.ull.es\/portal\/gdi\/#\/schema\/logo\/image\/\"}},{\"@type\":\"Person\",\"@id\":\"https:\/\/fg.ull.es\/portal\/gdi\/#\/schema\/person\/1ad03d108c212b498a622f39176298aa\",\"name\":\"aascanio\",\"image\":{\"@type\":\"ImageObject\",\"inLanguage\":\"es\",\"@id\":\"https:\/\/fg.ull.es\/portal\/gdi\/#\/schema\/person\/image\/\",\"url\":\"https:\/\/secure.gravatar.com\/avatar\/fb13c6d51e43015759a2b0b66dcd2734?s=96&d=mm&r=g\",\"contentUrl\":\"https:\/\/secure.gravatar.com\/avatar\/fb13c6d51e43015759a2b0b66dcd2734?s=96&d=mm&r=g\",\"caption\":\"aascanio\"}}]}<\/script>\n<!-- \/ Yoast SEO plugin. -->","yoast_head_json":{"title":"Podcast GDI Ep. 9 Promoci\u00f3n de la Ciudadan\u00eda Digital - Programa de Gestores de la Innovaci\u00f3n","robots":{"index":"index","follow":"follow","max-snippet":"max-snippet:-1","max-image-preview":"max-image-preview:large","max-video-preview":"max-video-preview:-1"},"canonical":"https:\/\/fg.ull.es\/portal\/gdi\/podcast-gdi-ep-9-promocion-de-la-ciudadania-digital\/","og_locale":"es_ES","og_type":"article","og_title":"Podcast GDI Ep. 9 Promoci\u00f3n de la Ciudadan\u00eda Digital - Programa de Gestores de la Innovaci\u00f3n","og_description":"Hoy queremos recomendarte el Episodio 9 de nuestro Podcast, dedicado a la Promoci\u00f3n de la Ciudadan\u00eda Digital. En este Episodio David Alay\u00f3n conversa con Ra\u00fal Ord\u00f3\u00f1ez, consultor y formador TIC con 20 a\u00f1os de experiencia en el sector. Ra\u00fal nos cuenta c\u00f3mo ayuda a empresas, profesionales y familias que necesitan adaptarse con \u00e9xito al cambio...","og_url":"https:\/\/fg.ull.es\/portal\/gdi\/podcast-gdi-ep-9-promocion-de-la-ciudadania-digital\/","og_site_name":"Programa de Gestores de la Innovaci\u00f3n","article_published_time":"2021-11-16T09:23:29+00:00","article_modified_time":"2021-11-16T09:23:31+00:00","og_image":[{"width":1081,"height":1081,"url":"https:\/\/fg.ull.es\/portal\/gdi\/wp-content\/uploads\/sites\/2\/2021\/11\/Ep-9.-Raul-Ordonez.jpg","type":"image\/jpeg"}],"author":"aascanio","twitter_card":"summary_large_image","twitter_misc":{"Written by":"aascanio","Est. reading time":"2 minutos"},"schema":{"@context":"https:\/\/schema.org","@graph":[{"@type":"Article","@id":"https:\/\/fg.ull.es\/portal\/gdi\/podcast-gdi-ep-9-promocion-de-la-ciudadania-digital\/#article","isPartOf":{"@id":"https:\/\/fg.ull.es\/portal\/gdi\/podcast-gdi-ep-9-promocion-de-la-ciudadania-digital\/"},"author":{"name":"aascanio","@id":"https:\/\/fg.ull.es\/portal\/gdi\/#\/schema\/person\/1ad03d108c212b498a622f39176298aa"},"headline":"Podcast GDI Ep. 9 Promoci\u00f3n de la Ciudadan\u00eda Digital","datePublished":"2021-11-16T09:23:29+00:00","dateModified":"2021-11-16T09:23:31+00:00","mainEntityOfPage":{"@id":"https:\/\/fg.ull.es\/portal\/gdi\/podcast-gdi-ep-9-promocion-de-la-ciudadania-digital\/"},"wordCount":275,"publisher":{"@id":"https:\/\/fg.ull.es\/portal\/gdi\/#organization"},"inLanguage":"es"},{"@type":"WebPage","@id":"https:\/\/fg.ull.es\/portal\/gdi\/podcast-gdi-ep-9-promocion-de-la-ciudadania-digital\/","url":"https:\/\/fg.ull.es\/portal\/gdi\/podcast-gdi-ep-9-promocion-de-la-ciudadania-digital\/","name":"Podcast GDI Ep. 9 Promoci\u00f3n de la Ciudadan\u00eda Digital - Programa de Gestores de la Innovaci\u00f3n","isPartOf":{"@id":"https:\/\/fg.ull.es\/portal\/gdi\/#website"},"datePublished":"2021-11-16T09:23:29+00:00","dateModified":"2021-11-16T09:23:31+00:00","breadcrumb":{"@id":"https:\/\/fg.ull.es\/portal\/gdi\/podcast-gdi-ep-9-promocion-de-la-ciudadania-digital\/#breadcrumb"},"inLanguage":"es","potentialAction":[{"@type":"ReadAction","target":["https:\/\/fg.ull.es\/portal\/gdi\/podcast-gdi-ep-9-promocion-de-la-ciudadania-digital\/"]}]},{"@type":"BreadcrumbList","@id":"https:\/\/fg.ull.es\/portal\/gdi\/podcast-gdi-ep-9-promocion-de-la-ciudadania-digital\/#breadcrumb","itemListElement":[{"@type":"ListItem","position":1,"name":"Portada","item":"https:\/\/fg.ull.es\/portal\/gdi\/"},{"@type":"ListItem","position":2,"name":"Podcast GDI Ep. 9 Promoci\u00f3n de la Ciudadan\u00eda Digital"}]},{"@type":"WebSite","@id":"https:\/\/fg.ull.es\/portal\/gdi\/#website","url":"https:\/\/fg.ull.es\/portal\/gdi\/","name":"Programa de Gestores de la Innovaci\u00f3n","description":"","publisher":{"@id":"https:\/\/fg.ull.es\/portal\/gdi\/#organization"},"potentialAction":[{"@type":"SearchAction","target":{"@type":"EntryPoint","urlTemplate":"https:\/\/fg.ull.es\/portal\/gdi\/?s={search_term_string}"},"query-input":"required name=search_term_string"}],"inLanguage":"es"},{"@type":"Organization","@id":"https:\/\/fg.ull.es\/portal\/gdi\/#organization","name":"FUNDACI\u00d3N CANARIA GENERAL UNIVERSIDAD DE LA LAGUNA","url":"https:\/\/fg.ull.es\/portal\/gdi\/","logo":{"@type":"ImageObject","inLanguage":"es","@id":"https:\/\/fg.ull.es\/portal\/gdi\/#\/schema\/logo\/image\/","url":"https:\/\/fg.ull.es\/portal\/gdi\/wp-content\/uploads\/sites\/2\/2020\/04\/FAVICON.png","contentUrl":"https:\/\/fg.ull.es\/portal\/gdi\/wp-content\/uploads\/sites\/2\/2020\/04\/FAVICON.png","width":512,"height":512,"caption":"FUNDACI\u00d3N CANARIA GENERAL UNIVERSIDAD DE LA LAGUNA"},"image":{"@id":"https:\/\/fg.ull.es\/portal\/gdi\/#\/schema\/logo\/image\/"}},{"@type":"Person","@id":"https:\/\/fg.ull.es\/portal\/gdi\/#\/schema\/person\/1ad03d108c212b498a622f39176298aa","name":"aascanio","image":{"@type":"ImageObject","inLanguage":"es","@id":"https:\/\/fg.ull.es\/portal\/gdi\/#\/schema\/person\/image\/","url":"https:\/\/secure.gravatar.com\/avatar\/fb13c6d51e43015759a2b0b66dcd2734?s=96&d=mm&r=g","contentUrl":"https:\/\/secure.gravatar.com\/avatar\/fb13c6d51e43015759a2b0b66dcd2734?s=96&d=mm&r=g","caption":"aascanio"}}]}},"_links":{"self":[{"href":"https:\/\/fg.ull.es\/portal\/gdi\/wp-json\/wp\/v2\/posts\/6571"}],"collection":[{"href":"https:\/\/fg.ull.es\/portal\/gdi\/wp-json\/wp\/v2\/posts"}],"about":[{"href":"https:\/\/fg.ull.es\/portal\/gdi\/wp-json\/wp\/v2\/types\/post"}],"author":[{"embeddable":true,"href":"https:\/\/fg.ull.es\/portal\/gdi\/wp-json\/wp\/v2\/users\/12"}],"replies":[{"embeddable":true,"href":"https:\/\/fg.ull.es\/portal\/gdi\/wp-json\/wp\/v2\/comments?post=6571"}],"version-history":[{"count":1,"href":"https:\/\/fg.ull.es\/portal\/gdi\/wp-json\/wp\/v2\/posts\/6571\/revisions"}],"predecessor-version":[{"id":6573,"href":"https:\/\/fg.ull.es\/portal\/gdi\/wp-json\/wp\/v2\/posts\/6571\/revisions\/6573"}],"wp:featuredmedia":[{"embeddable":true,"href":"https:\/\/fg.ull.es\/portal\/gdi\/wp-json\/wp\/v2\/media\/6572"}],"wp:attachment":[{"href":"https:\/\/fg.ull.es\/portal\/gdi\/wp-json\/wp\/v2\/media?parent=6571"}],"wp:term":[{"taxonomy":"category","embeddable":true,"href":"https:\/\/fg.ull.es\/portal\/gdi\/wp-json\/wp\/v2\/categories?post=6571"},{"taxonomy":"post_tag","embeddable":true,"href":"https:\/\/fg.ull.es\/portal\/gdi\/wp-json\/wp\/v2\/tags?post=6571"}],"curies":[{"name":"wp","href":"https:\/\/api.w.org\/{rel}","templated":true}]}}