{"id":6521,"date":"2021-11-03T11:02:54","date_gmt":"2021-11-03T11:02:54","guid":{"rendered":"https:\/\/fg.ull.es\/portal\/gdi\/?p=6521"},"modified":"2021-11-03T11:38:34","modified_gmt":"2021-11-03T11:38:34","slug":"podcast-gdi-ep-5-innovacion-verde-y-sostenibilidad","status":"publish","type":"post","link":"https:\/\/fg.ull.es\/portal\/gdi\/podcast-gdi-ep-5-innovacion-verde-y-sostenibilidad\/","title":{"rendered":"Podcast GDI Ep.5 Innovaci\u00f3n verde y sostenibilidad"},"content":{"rendered":"\n<p>\u00bfConoces ya nuestros podcast? Tenemos todos los episodios subidos a las plataformas digitales Spotify e Ivoox, ya que pensamos, que de esta forma podr\u00edas navegar y escuchar el que prefieras en un momento determinado.<\/p>\n\n\n\n<p>Nuestra recomendaci\u00f3n para esta semana,&nbsp; es el Episodio 5, dedicado a nuestro m\u00f3dulo de Innovaci\u00f3n verde y sostenibilidad.<\/p>\n\n\n\n<p>En esta ocasi\u00f3n contamos como invitado especial a Nicola Cerantola, ingeniero mec\u00e1nico y fundador de Ecologing vinculado al Dise\u00f1o sostenible, Emprendimiento Verde y la Econom\u00eda Circular. Con \u00e9l hablamos de la sostenibilidad, la econom\u00eda generativa, el papel de las empresas y la regulaci\u00f3n y en general de la innovaci\u00f3n verde.<\/p>\n\n\n\n<figure class=\"wp-block-embed-spotify wp-block-embed is-type-rich is-provider-spotify wp-embed-aspect-21-9 wp-has-aspect-ratio\"><div class=\"wp-block-embed__wrapper\">\n<iframe loading=\"lazy\" title=\"Spotify Embed: Innovaci\u00f3n verde y sostenibilidad\" width=\"100%\" height=\"152\" frameborder=\"0\" allowfullscreen allow=\"autoplay; clipboard-write; encrypted-media; fullscreen; picture-in-picture\" src=\"https:\/\/open.spotify.com\/embed\/episode\/52mEEhD3MdduxxgijLOdUr?si=tYDKH8LnQQWBIsLtaYBvlg&#038;utm_source=oembed\"><\/iframe>\n<\/div><\/figure>\n\n\n\n<p>Ahora mismo, tenemos plazas abiertas para nuestro curso gratuito de Promoci\u00f3n y Gesti\u00f3n de la innovaci\u00f3n (N1 y N2) &#8211; Innovaci\u00f3n verde y sostenibilidad, que comenzar\u00e1 el pr\u00f3ximo 24 de noviembre de forma online.<\/p>\n\n\n\n<div class=\"wp-block-buttons aligncenter is-layout-flex wp-block-buttons-is-layout-flex\">\n<div class=\"wp-block-button\"><a class=\"wp-block-button__link has-white-color has-light-green-cyan-to-vivid-green-cyan-gradient-background has-text-color has-background\" href=\"https:\/\/sede.fg.ull.es\/es\/curso\/detalle\/a21120160\/promocion-y-gestion-de-la-innovacion-n1-y-n2-innovacion-verde-y-sostenibilidad\" target=\"_blank\" rel=\"noreferrer noopener\">\u00a1Inscr\u00edbete aqu\u00ed!<\/a><\/div>\n<\/div>\n\n\n\n<p>Si te ha gustado este podcast, no dudes en echarle un ojo al contenido del curso, ya que es una oportunidad estupenda para mejorar tu formaci\u00f3n y conocimientos en este \u00e1mbito.<\/p>\n\n\n\n<p>Para cualquier consulta, no dudes en escribirnos a nuestro correo: gdi@fg.ull.es o rellenar nuestro <a href=\"https:\/\/fg.ull.es\/portal\/gdi\/contacto\/\">formulario de contacto.<\/a><\/p>\n\n\n\n<p>Este programa es un proyecto de la Agencia Canaria de Investigaci\u00f3n, Innovaci\u00f3n y Sociedad de la Informaci\u00f3n del Gobierno de Canarias, cofinanciado en un 85% por el Fondo Social Europeo (FSE) en los t\u00e9rminos establecidos en el Programa Operativo de Canarias 2014-2020, en el Eje prioritario 1, Objetivo tem\u00e1tico 8, Prioridad de inversi\u00f3n, 8.1, Objetivo espec\u00edfico 8.1.2.<\/p>\n","protected":false},"excerpt":{"rendered":"<p>\u00bfConoces ya nuestros podcast? Tenemos todos los episodios subidos a las plataformas digitales Spotify e Ivoox, ya que pensamos, que de esta forma podr\u00edas navegar y escuchar el que prefieras en un momento determinado. Nuestra recomendaci\u00f3n para esta semana,&nbsp; es el Episodio 5, dedicado a nuestro m\u00f3dulo de Innovaci\u00f3n verde y sostenibilidad. En esta ocasi\u00f3n&#8230;<\/p>\n","protected":false},"author":12,"featured_media":6523,"comment_status":"closed","ping_status":"closed","sticky":false,"template":"","format":"standard","meta":{"footnotes":""},"categories":[1],"tags":[],"yoast_head":"<!-- This site is optimized with the Yoast SEO plugin v21.1 - https:\/\/yoast.com\/wordpress\/plugins\/seo\/ -->\n<title>Podcast GDI Ep.5 Innovaci\u00f3n verde y sostenibilidad - Programa de Gestores de la Innovaci\u00f3n<\/title>\n<meta name=\"robots\" content=\"index, follow, max-snippet:-1, max-image-preview:large, max-video-preview:-1\" \/>\n<link rel=\"canonical\" href=\"https:\/\/fg.ull.es\/portal\/gdi\/podcast-gdi-ep-5-innovacion-verde-y-sostenibilidad\/\" \/>\n<meta property=\"og:locale\" content=\"es_ES\" \/>\n<meta property=\"og:type\" content=\"article\" \/>\n<meta property=\"og:title\" content=\"Podcast GDI Ep.5 Innovaci\u00f3n verde y sostenibilidad - Programa de Gestores de la Innovaci\u00f3n\" \/>\n<meta property=\"og:description\" content=\"\u00bfConoces ya nuestros podcast? Tenemos todos los episodios subidos a las plataformas digitales Spotify e Ivoox, ya que pensamos, que de esta forma podr\u00edas navegar y escuchar el que prefieras en un momento determinado. Nuestra recomendaci\u00f3n para esta semana,&nbsp; es el Episodio 5, dedicado a nuestro m\u00f3dulo de Innovaci\u00f3n verde y sostenibilidad. En esta ocasi\u00f3n...\" \/>\n<meta property=\"og:url\" content=\"https:\/\/fg.ull.es\/portal\/gdi\/podcast-gdi-ep-5-innovacion-verde-y-sostenibilidad\/\" \/>\n<meta property=\"og:site_name\" content=\"Programa de Gestores de la Innovaci\u00f3n\" \/>\n<meta property=\"article:published_time\" content=\"2021-11-03T11:02:54+00:00\" \/>\n<meta property=\"article:modified_time\" content=\"2021-11-03T11:38:34+00:00\" \/>\n<meta property=\"og:image\" content=\"https:\/\/fg.ull.es\/portal\/gdi\/wp-content\/uploads\/sites\/2\/2021\/11\/Ep.5-Nicola-Cerantola.jpg\" \/>\n\t<meta property=\"og:image:width\" content=\"1081\" \/>\n\t<meta property=\"og:image:height\" content=\"1081\" \/>\n\t<meta property=\"og:image:type\" content=\"image\/jpeg\" \/>\n<meta name=\"author\" content=\"aascanio\" \/>\n<meta name=\"twitter:card\" content=\"summary_large_image\" \/>\n<meta name=\"twitter:label1\" content=\"Written by\" \/>\n\t<meta name=\"twitter:data1\" content=\"aascanio\" \/>\n\t<meta name=\"twitter:label2\" content=\"Est. reading time\" \/>\n\t<meta name=\"twitter:data2\" content=\"2 minutos\" \/>\n<script type=\"application\/ld+json\" class=\"yoast-schema-graph\">{\"@context\":\"https:\/\/schema.org\",\"@graph\":[{\"@type\":\"Article\",\"@id\":\"https:\/\/fg.ull.es\/portal\/gdi\/podcast-gdi-ep-5-innovacion-verde-y-sostenibilidad\/#article\",\"isPartOf\":{\"@id\":\"https:\/\/fg.ull.es\/portal\/gdi\/podcast-gdi-ep-5-innovacion-verde-y-sostenibilidad\/\"},\"author\":{\"name\":\"aascanio\",\"@id\":\"https:\/\/fg.ull.es\/portal\/gdi\/#\/schema\/person\/1ad03d108c212b498a622f39176298aa\"},\"headline\":\"Podcast GDI Ep.5 Innovaci\u00f3n verde y sostenibilidad\",\"datePublished\":\"2021-11-03T11:02:54+00:00\",\"dateModified\":\"2021-11-03T11:38:34+00:00\",\"mainEntityOfPage\":{\"@id\":\"https:\/\/fg.ull.es\/portal\/gdi\/podcast-gdi-ep-5-innovacion-verde-y-sostenibilidad\/\"},\"wordCount\":283,\"publisher\":{\"@id\":\"https:\/\/fg.ull.es\/portal\/gdi\/#organization\"},\"inLanguage\":\"es\"},{\"@type\":\"WebPage\",\"@id\":\"https:\/\/fg.ull.es\/portal\/gdi\/podcast-gdi-ep-5-innovacion-verde-y-sostenibilidad\/\",\"url\":\"https:\/\/fg.ull.es\/portal\/gdi\/podcast-gdi-ep-5-innovacion-verde-y-sostenibilidad\/\",\"name\":\"Podcast GDI Ep.5 Innovaci\u00f3n verde y sostenibilidad - Programa de Gestores de la Innovaci\u00f3n\",\"isPartOf\":{\"@id\":\"https:\/\/fg.ull.es\/portal\/gdi\/#website\"},\"datePublished\":\"2021-11-03T11:02:54+00:00\",\"dateModified\":\"2021-11-03T11:38:34+00:00\",\"breadcrumb\":{\"@id\":\"https:\/\/fg.ull.es\/portal\/gdi\/podcast-gdi-ep-5-innovacion-verde-y-sostenibilidad\/#breadcrumb\"},\"inLanguage\":\"es\",\"potentialAction\":[{\"@type\":\"ReadAction\",\"target\":[\"https:\/\/fg.ull.es\/portal\/gdi\/podcast-gdi-ep-5-innovacion-verde-y-sostenibilidad\/\"]}]},{\"@type\":\"BreadcrumbList\",\"@id\":\"https:\/\/fg.ull.es\/portal\/gdi\/podcast-gdi-ep-5-innovacion-verde-y-sostenibilidad\/#breadcrumb\",\"itemListElement\":[{\"@type\":\"ListItem\",\"position\":1,\"name\":\"Portada\",\"item\":\"https:\/\/fg.ull.es\/portal\/gdi\/\"},{\"@type\":\"ListItem\",\"position\":2,\"name\":\"Podcast GDI Ep.5 Innovaci\u00f3n verde y sostenibilidad\"}]},{\"@type\":\"WebSite\",\"@id\":\"https:\/\/fg.ull.es\/portal\/gdi\/#website\",\"url\":\"https:\/\/fg.ull.es\/portal\/gdi\/\",\"name\":\"Programa de Gestores de la Innovaci\u00f3n\",\"description\":\"\",\"publisher\":{\"@id\":\"https:\/\/fg.ull.es\/portal\/gdi\/#organization\"},\"potentialAction\":[{\"@type\":\"SearchAction\",\"target\":{\"@type\":\"EntryPoint\",\"urlTemplate\":\"https:\/\/fg.ull.es\/portal\/gdi\/?s={search_term_string}\"},\"query-input\":\"required name=search_term_string\"}],\"inLanguage\":\"es\"},{\"@type\":\"Organization\",\"@id\":\"https:\/\/fg.ull.es\/portal\/gdi\/#organization\",\"name\":\"FUNDACI\u00d3N CANARIA GENERAL UNIVERSIDAD DE LA LAGUNA\",\"url\":\"https:\/\/fg.ull.es\/portal\/gdi\/\",\"logo\":{\"@type\":\"ImageObject\",\"inLanguage\":\"es\",\"@id\":\"https:\/\/fg.ull.es\/portal\/gdi\/#\/schema\/logo\/image\/\",\"url\":\"https:\/\/fg.ull.es\/portal\/gdi\/wp-content\/uploads\/sites\/2\/2020\/04\/FAVICON.png\",\"contentUrl\":\"https:\/\/fg.ull.es\/portal\/gdi\/wp-content\/uploads\/sites\/2\/2020\/04\/FAVICON.png\",\"width\":512,\"height\":512,\"caption\":\"FUNDACI\u00d3N CANARIA GENERAL UNIVERSIDAD DE LA LAGUNA\"},\"image\":{\"@id\":\"https:\/\/fg.ull.es\/portal\/gdi\/#\/schema\/logo\/image\/\"}},{\"@type\":\"Person\",\"@id\":\"https:\/\/fg.ull.es\/portal\/gdi\/#\/schema\/person\/1ad03d108c212b498a622f39176298aa\",\"name\":\"aascanio\",\"image\":{\"@type\":\"ImageObject\",\"inLanguage\":\"es\",\"@id\":\"https:\/\/fg.ull.es\/portal\/gdi\/#\/schema\/person\/image\/\",\"url\":\"https:\/\/secure.gravatar.com\/avatar\/fb13c6d51e43015759a2b0b66dcd2734?s=96&d=mm&r=g\",\"contentUrl\":\"https:\/\/secure.gravatar.com\/avatar\/fb13c6d51e43015759a2b0b66dcd2734?s=96&d=mm&r=g\",\"caption\":\"aascanio\"}}]}<\/script>\n<!-- \/ Yoast SEO plugin. -->","yoast_head_json":{"title":"Podcast GDI Ep.5 Innovaci\u00f3n verde y sostenibilidad - Programa de Gestores de la Innovaci\u00f3n","robots":{"index":"index","follow":"follow","max-snippet":"max-snippet:-1","max-image-preview":"max-image-preview:large","max-video-preview":"max-video-preview:-1"},"canonical":"https:\/\/fg.ull.es\/portal\/gdi\/podcast-gdi-ep-5-innovacion-verde-y-sostenibilidad\/","og_locale":"es_ES","og_type":"article","og_title":"Podcast GDI Ep.5 Innovaci\u00f3n verde y sostenibilidad - Programa de Gestores de la Innovaci\u00f3n","og_description":"\u00bfConoces ya nuestros podcast? Tenemos todos los episodios subidos a las plataformas digitales Spotify e Ivoox, ya que pensamos, que de esta forma podr\u00edas navegar y escuchar el que prefieras en un momento determinado. Nuestra recomendaci\u00f3n para esta semana,&nbsp; es el Episodio 5, dedicado a nuestro m\u00f3dulo de Innovaci\u00f3n verde y sostenibilidad. En esta ocasi\u00f3n...","og_url":"https:\/\/fg.ull.es\/portal\/gdi\/podcast-gdi-ep-5-innovacion-verde-y-sostenibilidad\/","og_site_name":"Programa de Gestores de la Innovaci\u00f3n","article_published_time":"2021-11-03T11:02:54+00:00","article_modified_time":"2021-11-03T11:38:34+00:00","og_image":[{"width":1081,"height":1081,"url":"https:\/\/fg.ull.es\/portal\/gdi\/wp-content\/uploads\/sites\/2\/2021\/11\/Ep.5-Nicola-Cerantola.jpg","type":"image\/jpeg"}],"author":"aascanio","twitter_card":"summary_large_image","twitter_misc":{"Written by":"aascanio","Est. reading time":"2 minutos"},"schema":{"@context":"https:\/\/schema.org","@graph":[{"@type":"Article","@id":"https:\/\/fg.ull.es\/portal\/gdi\/podcast-gdi-ep-5-innovacion-verde-y-sostenibilidad\/#article","isPartOf":{"@id":"https:\/\/fg.ull.es\/portal\/gdi\/podcast-gdi-ep-5-innovacion-verde-y-sostenibilidad\/"},"author":{"name":"aascanio","@id":"https:\/\/fg.ull.es\/portal\/gdi\/#\/schema\/person\/1ad03d108c212b498a622f39176298aa"},"headline":"Podcast GDI Ep.5 Innovaci\u00f3n verde y sostenibilidad","datePublished":"2021-11-03T11:02:54+00:00","dateModified":"2021-11-03T11:38:34+00:00","mainEntityOfPage":{"@id":"https:\/\/fg.ull.es\/portal\/gdi\/podcast-gdi-ep-5-innovacion-verde-y-sostenibilidad\/"},"wordCount":283,"publisher":{"@id":"https:\/\/fg.ull.es\/portal\/gdi\/#organization"},"inLanguage":"es"},{"@type":"WebPage","@id":"https:\/\/fg.ull.es\/portal\/gdi\/podcast-gdi-ep-5-innovacion-verde-y-sostenibilidad\/","url":"https:\/\/fg.ull.es\/portal\/gdi\/podcast-gdi-ep-5-innovacion-verde-y-sostenibilidad\/","name":"Podcast GDI Ep.5 Innovaci\u00f3n verde y sostenibilidad - Programa de Gestores de la Innovaci\u00f3n","isPartOf":{"@id":"https:\/\/fg.ull.es\/portal\/gdi\/#website"},"datePublished":"2021-11-03T11:02:54+00:00","dateModified":"2021-11-03T11:38:34+00:00","breadcrumb":{"@id":"https:\/\/fg.ull.es\/portal\/gdi\/podcast-gdi-ep-5-innovacion-verde-y-sostenibilidad\/#breadcrumb"},"inLanguage":"es","potentialAction":[{"@type":"ReadAction","target":["https:\/\/fg.ull.es\/portal\/gdi\/podcast-gdi-ep-5-innovacion-verde-y-sostenibilidad\/"]}]},{"@type":"BreadcrumbList","@id":"https:\/\/fg.ull.es\/portal\/gdi\/podcast-gdi-ep-5-innovacion-verde-y-sostenibilidad\/#breadcrumb","itemListElement":[{"@type":"ListItem","position":1,"name":"Portada","item":"https:\/\/fg.ull.es\/portal\/gdi\/"},{"@type":"ListItem","position":2,"name":"Podcast GDI Ep.5 Innovaci\u00f3n verde y sostenibilidad"}]},{"@type":"WebSite","@id":"https:\/\/fg.ull.es\/portal\/gdi\/#website","url":"https:\/\/fg.ull.es\/portal\/gdi\/","name":"Programa de Gestores de la Innovaci\u00f3n","description":"","publisher":{"@id":"https:\/\/fg.ull.es\/portal\/gdi\/#organization"},"potentialAction":[{"@type":"SearchAction","target":{"@type":"EntryPoint","urlTemplate":"https:\/\/fg.ull.es\/portal\/gdi\/?s={search_term_string}"},"query-input":"required name=search_term_string"}],"inLanguage":"es"},{"@type":"Organization","@id":"https:\/\/fg.ull.es\/portal\/gdi\/#organization","name":"FUNDACI\u00d3N CANARIA GENERAL UNIVERSIDAD DE LA LAGUNA","url":"https:\/\/fg.ull.es\/portal\/gdi\/","logo":{"@type":"ImageObject","inLanguage":"es","@id":"https:\/\/fg.ull.es\/portal\/gdi\/#\/schema\/logo\/image\/","url":"https:\/\/fg.ull.es\/portal\/gdi\/wp-content\/uploads\/sites\/2\/2020\/04\/FAVICON.png","contentUrl":"https:\/\/fg.ull.es\/portal\/gdi\/wp-content\/uploads\/sites\/2\/2020\/04\/FAVICON.png","width":512,"height":512,"caption":"FUNDACI\u00d3N CANARIA GENERAL UNIVERSIDAD DE LA LAGUNA"},"image":{"@id":"https:\/\/fg.ull.es\/portal\/gdi\/#\/schema\/logo\/image\/"}},{"@type":"Person","@id":"https:\/\/fg.ull.es\/portal\/gdi\/#\/schema\/person\/1ad03d108c212b498a622f39176298aa","name":"aascanio","image":{"@type":"ImageObject","inLanguage":"es","@id":"https:\/\/fg.ull.es\/portal\/gdi\/#\/schema\/person\/image\/","url":"https:\/\/secure.gravatar.com\/avatar\/fb13c6d51e43015759a2b0b66dcd2734?s=96&d=mm&r=g","contentUrl":"https:\/\/secure.gravatar.com\/avatar\/fb13c6d51e43015759a2b0b66dcd2734?s=96&d=mm&r=g","caption":"aascanio"}}]}},"_links":{"self":[{"href":"https:\/\/fg.ull.es\/portal\/gdi\/wp-json\/wp\/v2\/posts\/6521"}],"collection":[{"href":"https:\/\/fg.ull.es\/portal\/gdi\/wp-json\/wp\/v2\/posts"}],"about":[{"href":"https:\/\/fg.ull.es\/portal\/gdi\/wp-json\/wp\/v2\/types\/post"}],"author":[{"embeddable":true,"href":"https:\/\/fg.ull.es\/portal\/gdi\/wp-json\/wp\/v2\/users\/12"}],"replies":[{"embeddable":true,"href":"https:\/\/fg.ull.es\/portal\/gdi\/wp-json\/wp\/v2\/comments?post=6521"}],"version-history":[{"count":2,"href":"https:\/\/fg.ull.es\/portal\/gdi\/wp-json\/wp\/v2\/posts\/6521\/revisions"}],"predecessor-version":[{"id":6526,"href":"https:\/\/fg.ull.es\/portal\/gdi\/wp-json\/wp\/v2\/posts\/6521\/revisions\/6526"}],"wp:featuredmedia":[{"embeddable":true,"href":"https:\/\/fg.ull.es\/portal\/gdi\/wp-json\/wp\/v2\/media\/6523"}],"wp:attachment":[{"href":"https:\/\/fg.ull.es\/portal\/gdi\/wp-json\/wp\/v2\/media?parent=6521"}],"wp:term":[{"taxonomy":"category","embeddable":true,"href":"https:\/\/fg.ull.es\/portal\/gdi\/wp-json\/wp\/v2\/categories?post=6521"},{"taxonomy":"post_tag","embeddable":true,"href":"https:\/\/fg.ull.es\/portal\/gdi\/wp-json\/wp\/v2\/tags?post=6521"}],"curies":[{"name":"wp","href":"https:\/\/api.w.org\/{rel}","templated":true}]}}