{"id":6474,"date":"2021-10-21T09:01:59","date_gmt":"2021-10-21T09:01:59","guid":{"rendered":"https:\/\/fg.ull.es\/portal\/gdi\/?p=6474"},"modified":"2021-10-21T09:13:21","modified_gmt":"2021-10-21T09:13:21","slug":"podcast-gdi-ep-6-con-idoia-ortiz-innovacion-publica","status":"publish","type":"post","link":"https:\/\/fg.ull.es\/portal\/gdi\/podcast-gdi-ep-6-con-idoia-ortiz-innovacion-publica\/","title":{"rendered":"Podcast GDI Ep.6 Con Idoia Ortiz &#8211; Innovaci\u00f3n P\u00fablica"},"content":{"rendered":"\n<p>\u00bfYa conoces nuestro nuevo formato <strong>podcast<\/strong>?<\/p>\n\n\n\n<p>Hemos grabado, de mano de <strong>David Alay\u00f3n<\/strong>, estas peque\u00f1as p\u00edldoras gratuitas basadas en cada uno de los m\u00f3dulos del programa y contando con invitados e invitadas expertas en la materia. Si te apetece comenzar a escucharlos, ya est\u00e1n disponibles en las principales plataformas digitales: Spotify&nbsp;e Ivoox.&nbsp;<\/p>\n\n\n\n<p>David Alay\u00f3n, es experto en innovaci\u00f3n y en tecnolog\u00edas disruptivas, con una trayectoria de m\u00e1s de 15 a\u00f1os desarrollando e implementando estrategias y procesos de innovaci\u00f3n. Adem\u00e1s ha desarrollado productos digitales con un fuerte enfoque de experiencia de usuario (UX), destacando su experiencia en Inditex como Responsable de Proyectos de Innovaci\u00f3n.<\/p>\n\n\n\n<p>En el episodio de hoy, vinculado a la innovaci\u00f3n p\u00fablica, contamos con <strong>Idoia Ortiz<\/strong>, directora y fundadora gerente del Publictech Lab de IE University, con quien reflexionamos sobre <strong>c\u00f3mo innovan las entidades p\u00fablicas<\/strong>, qu\u00e9<strong> herramientas y veh\u00edculos existen<\/strong> para la colaboraci\u00f3n con <strong>emprendedores y emprendedoras<\/strong>, y c\u00f3mo ve el <strong>futuro de la colaboraci\u00f3n p\u00fablico-privada.<\/strong><\/p>\n\n\n\n<figure class=\"wp-block-embed-spotify wp-block-embed is-type-rich is-provider-spotify wp-embed-aspect-21-9 wp-has-aspect-ratio\"><div class=\"wp-block-embed__wrapper\">\n<iframe loading=\"lazy\" title=\"Spotify Embed: Innovaci\u00f3n p\u00fablica\" width=\"100%\" height=\"152\" frameborder=\"0\" allowfullscreen allow=\"autoplay; clipboard-write; encrypted-media; fullscreen; picture-in-picture\" src=\"https:\/\/open.spotify.com\/embed\/episode\/7kf9ZWdRdOsOXPeQGTJz3h?si=CKBjzIe-Tb6OpoCRmAy2JQ&#038;utm_source=oembed\"><\/iframe>\n<\/div><\/figure>\n\n\n\n<p>\u00bfTe gustar\u00eda formarte en mayor profundidad en este campo? Tenemos plazas gratuitas disponibles para nuestro curso <a rel=\"noreferrer noopener\" href=\"https:\/\/sede.fg.ull.es\/es\/curso\/detalle\/a21120138\/promocion-y-gestion-de-la-innovacion-n1-y-n2-innovacion-publica\" target=\"_blank\">Promoci\u00f3n y Gesti\u00f3n de la innovaci\u00f3n (N1 y N2) \u2013 Innovaci\u00f3n P\u00fablica<\/a><\/p>\n\n\n\n<div class=\"wp-block-buttons aligncenter is-layout-flex wp-block-buttons-is-layout-flex\">\n<div class=\"wp-block-button\"><a class=\"wp-block-button__link has-white-color has-light-green-cyan-to-vivid-green-cyan-gradient-background has-text-color has-background\" href=\"https:\/\/sede.fg.ull.es\/es\/curso\/detalle\/a21120138\/promocion-y-gestion-de-la-innovacion-n1-y-n2-innovacion-publica\" target=\"_blank\" rel=\"noreferrer noopener\"><strong>\u00a1Inscr\u00edbete aqu\u00ed!<\/strong><\/a><\/div>\n<\/div>\n\n\n\n<p class=\"has-text-align-center\"><strong>\u00a1Empieza el pr\u00f3ximo martes 26 de octubre y es de los \u00faltimos cursos del a\u00f1o!&nbsp;<\/strong><\/p>\n\n\n\n<p>   <\/p>\n\n\n\n<p>Para cualquier consulta, no dudes en escribirnos a nuestro correo:\u00a0<a rel=\"noreferrer noopener\" href=\"mailto:gdi@fg.ull.es\" target=\"_blank\">gdi@fg.ull.es<\/a>\u00a0o rellenar nuestro\u00a0<a href=\"https:\/\/fg.ull.es\/portal\/gdi\/contacto\/\">formulario de contacto.<\/a><\/p>\n\n\n\n<p>Este programa es un proyecto de la Agencia Canaria de Investigaci\u00f3n, Innovaci\u00f3n y Sociedad de la Informaci\u00f3n del Gobierno de Canarias, cofinanciado en un 85% por el Fondo Social Europeo (FSE) en los t\u00e9rminos establecidos en el Programa Operativo de Canarias 2014-2020, en el Eje prioritario 1, Objetivo tem\u00e1tico 8, Prioridad de inversi\u00f3n, 8.1, Objetivo espec\u00edfico 8.1.2.<\/p>\n","protected":false},"excerpt":{"rendered":"<p>\u00bfYa conoces nuestro nuevo formato podcast? Hemos grabado, de mano de David Alay\u00f3n, estas peque\u00f1as p\u00edldoras gratuitas basadas en cada uno de los m\u00f3dulos del programa y contando con invitados e invitadas expertas en la materia. Si te apetece comenzar a escucharlos, ya est\u00e1n disponibles en las principales plataformas digitales: Spotify&nbsp;e Ivoox.&nbsp; David Alay\u00f3n, es&#8230;<\/p>\n","protected":false},"author":12,"featured_media":6473,"comment_status":"closed","ping_status":"closed","sticky":false,"template":"","format":"standard","meta":{"footnotes":""},"categories":[1],"tags":[],"yoast_head":"<!-- This site is optimized with the Yoast SEO plugin v21.1 - https:\/\/yoast.com\/wordpress\/plugins\/seo\/ -->\n<title>Podcast GDI Ep.6 Con Idoia Ortiz - Innovaci\u00f3n P\u00fablica - Programa de Gestores de la Innovaci\u00f3n<\/title>\n<meta name=\"robots\" content=\"index, follow, max-snippet:-1, max-image-preview:large, max-video-preview:-1\" \/>\n<link rel=\"canonical\" href=\"https:\/\/fg.ull.es\/portal\/gdi\/podcast-gdi-ep-6-con-idoia-ortiz-innovacion-publica\/\" \/>\n<meta property=\"og:locale\" content=\"es_ES\" \/>\n<meta property=\"og:type\" content=\"article\" \/>\n<meta property=\"og:title\" content=\"Podcast GDI Ep.6 Con Idoia Ortiz - Innovaci\u00f3n P\u00fablica - Programa de Gestores de la Innovaci\u00f3n\" \/>\n<meta property=\"og:description\" content=\"\u00bfYa conoces nuestro nuevo formato podcast? Hemos grabado, de mano de David Alay\u00f3n, estas peque\u00f1as p\u00edldoras gratuitas basadas en cada uno de los m\u00f3dulos del programa y contando con invitados e invitadas expertas en la materia. Si te apetece comenzar a escucharlos, ya est\u00e1n disponibles en las principales plataformas digitales: Spotify&nbsp;e Ivoox.&nbsp; David Alay\u00f3n, es...\" \/>\n<meta property=\"og:url\" content=\"https:\/\/fg.ull.es\/portal\/gdi\/podcast-gdi-ep-6-con-idoia-ortiz-innovacion-publica\/\" \/>\n<meta property=\"og:site_name\" content=\"Programa de Gestores de la Innovaci\u00f3n\" \/>\n<meta property=\"article:published_time\" content=\"2021-10-21T09:01:59+00:00\" \/>\n<meta property=\"article:modified_time\" content=\"2021-10-21T09:13:21+00:00\" \/>\n<meta property=\"og:image\" content=\"https:\/\/fg.ull.es\/portal\/gdi\/wp-content\/uploads\/sites\/2\/2021\/10\/Ep.6-Idoia-Ortiz.jpg\" \/>\n\t<meta property=\"og:image:width\" content=\"1081\" \/>\n\t<meta property=\"og:image:height\" content=\"1081\" \/>\n\t<meta property=\"og:image:type\" content=\"image\/jpeg\" \/>\n<meta name=\"author\" content=\"aascanio\" \/>\n<meta name=\"twitter:card\" content=\"summary_large_image\" \/>\n<meta name=\"twitter:label1\" content=\"Written by\" \/>\n\t<meta name=\"twitter:data1\" content=\"aascanio\" \/>\n\t<meta name=\"twitter:label2\" content=\"Est. reading time\" \/>\n\t<meta name=\"twitter:data2\" content=\"2 minutos\" \/>\n<script type=\"application\/ld+json\" class=\"yoast-schema-graph\">{\"@context\":\"https:\/\/schema.org\",\"@graph\":[{\"@type\":\"Article\",\"@id\":\"https:\/\/fg.ull.es\/portal\/gdi\/podcast-gdi-ep-6-con-idoia-ortiz-innovacion-publica\/#article\",\"isPartOf\":{\"@id\":\"https:\/\/fg.ull.es\/portal\/gdi\/podcast-gdi-ep-6-con-idoia-ortiz-innovacion-publica\/\"},\"author\":{\"name\":\"aascanio\",\"@id\":\"https:\/\/fg.ull.es\/portal\/gdi\/#\/schema\/person\/1ad03d108c212b498a622f39176298aa\"},\"headline\":\"Podcast GDI Ep.6 Con Idoia Ortiz &#8211; Innovaci\u00f3n P\u00fablica\",\"datePublished\":\"2021-10-21T09:01:59+00:00\",\"dateModified\":\"2021-10-21T09:13:21+00:00\",\"mainEntityOfPage\":{\"@id\":\"https:\/\/fg.ull.es\/portal\/gdi\/podcast-gdi-ep-6-con-idoia-ortiz-innovacion-publica\/\"},\"wordCount\":336,\"publisher\":{\"@id\":\"https:\/\/fg.ull.es\/portal\/gdi\/#organization\"},\"inLanguage\":\"es\"},{\"@type\":\"WebPage\",\"@id\":\"https:\/\/fg.ull.es\/portal\/gdi\/podcast-gdi-ep-6-con-idoia-ortiz-innovacion-publica\/\",\"url\":\"https:\/\/fg.ull.es\/portal\/gdi\/podcast-gdi-ep-6-con-idoia-ortiz-innovacion-publica\/\",\"name\":\"Podcast GDI Ep.6 Con Idoia Ortiz - Innovaci\u00f3n P\u00fablica - Programa de Gestores de la Innovaci\u00f3n\",\"isPartOf\":{\"@id\":\"https:\/\/fg.ull.es\/portal\/gdi\/#website\"},\"datePublished\":\"2021-10-21T09:01:59+00:00\",\"dateModified\":\"2021-10-21T09:13:21+00:00\",\"breadcrumb\":{\"@id\":\"https:\/\/fg.ull.es\/portal\/gdi\/podcast-gdi-ep-6-con-idoia-ortiz-innovacion-publica\/#breadcrumb\"},\"inLanguage\":\"es\",\"potentialAction\":[{\"@type\":\"ReadAction\",\"target\":[\"https:\/\/fg.ull.es\/portal\/gdi\/podcast-gdi-ep-6-con-idoia-ortiz-innovacion-publica\/\"]}]},{\"@type\":\"BreadcrumbList\",\"@id\":\"https:\/\/fg.ull.es\/portal\/gdi\/podcast-gdi-ep-6-con-idoia-ortiz-innovacion-publica\/#breadcrumb\",\"itemListElement\":[{\"@type\":\"ListItem\",\"position\":1,\"name\":\"Portada\",\"item\":\"https:\/\/fg.ull.es\/portal\/gdi\/\"},{\"@type\":\"ListItem\",\"position\":2,\"name\":\"Podcast GDI Ep.6 Con Idoia Ortiz &#8211; Innovaci\u00f3n P\u00fablica\"}]},{\"@type\":\"WebSite\",\"@id\":\"https:\/\/fg.ull.es\/portal\/gdi\/#website\",\"url\":\"https:\/\/fg.ull.es\/portal\/gdi\/\",\"name\":\"Programa de Gestores de la Innovaci\u00f3n\",\"description\":\"\",\"publisher\":{\"@id\":\"https:\/\/fg.ull.es\/portal\/gdi\/#organization\"},\"potentialAction\":[{\"@type\":\"SearchAction\",\"target\":{\"@type\":\"EntryPoint\",\"urlTemplate\":\"https:\/\/fg.ull.es\/portal\/gdi\/?s={search_term_string}\"},\"query-input\":\"required name=search_term_string\"}],\"inLanguage\":\"es\"},{\"@type\":\"Organization\",\"@id\":\"https:\/\/fg.ull.es\/portal\/gdi\/#organization\",\"name\":\"FUNDACI\u00d3N CANARIA GENERAL UNIVERSIDAD DE LA LAGUNA\",\"url\":\"https:\/\/fg.ull.es\/portal\/gdi\/\",\"logo\":{\"@type\":\"ImageObject\",\"inLanguage\":\"es\",\"@id\":\"https:\/\/fg.ull.es\/portal\/gdi\/#\/schema\/logo\/image\/\",\"url\":\"https:\/\/fg.ull.es\/portal\/gdi\/wp-content\/uploads\/sites\/2\/2020\/04\/FAVICON.png\",\"contentUrl\":\"https:\/\/fg.ull.es\/portal\/gdi\/wp-content\/uploads\/sites\/2\/2020\/04\/FAVICON.png\",\"width\":512,\"height\":512,\"caption\":\"FUNDACI\u00d3N CANARIA GENERAL UNIVERSIDAD DE LA LAGUNA\"},\"image\":{\"@id\":\"https:\/\/fg.ull.es\/portal\/gdi\/#\/schema\/logo\/image\/\"}},{\"@type\":\"Person\",\"@id\":\"https:\/\/fg.ull.es\/portal\/gdi\/#\/schema\/person\/1ad03d108c212b498a622f39176298aa\",\"name\":\"aascanio\",\"image\":{\"@type\":\"ImageObject\",\"inLanguage\":\"es\",\"@id\":\"https:\/\/fg.ull.es\/portal\/gdi\/#\/schema\/person\/image\/\",\"url\":\"https:\/\/secure.gravatar.com\/avatar\/fb13c6d51e43015759a2b0b66dcd2734?s=96&d=mm&r=g\",\"contentUrl\":\"https:\/\/secure.gravatar.com\/avatar\/fb13c6d51e43015759a2b0b66dcd2734?s=96&d=mm&r=g\",\"caption\":\"aascanio\"}}]}<\/script>\n<!-- \/ Yoast SEO plugin. -->","yoast_head_json":{"title":"Podcast GDI Ep.6 Con Idoia Ortiz - Innovaci\u00f3n P\u00fablica - Programa de Gestores de la Innovaci\u00f3n","robots":{"index":"index","follow":"follow","max-snippet":"max-snippet:-1","max-image-preview":"max-image-preview:large","max-video-preview":"max-video-preview:-1"},"canonical":"https:\/\/fg.ull.es\/portal\/gdi\/podcast-gdi-ep-6-con-idoia-ortiz-innovacion-publica\/","og_locale":"es_ES","og_type":"article","og_title":"Podcast GDI Ep.6 Con Idoia Ortiz - Innovaci\u00f3n P\u00fablica - Programa de Gestores de la Innovaci\u00f3n","og_description":"\u00bfYa conoces nuestro nuevo formato podcast? Hemos grabado, de mano de David Alay\u00f3n, estas peque\u00f1as p\u00edldoras gratuitas basadas en cada uno de los m\u00f3dulos del programa y contando con invitados e invitadas expertas en la materia. Si te apetece comenzar a escucharlos, ya est\u00e1n disponibles en las principales plataformas digitales: Spotify&nbsp;e Ivoox.&nbsp; David Alay\u00f3n, es...","og_url":"https:\/\/fg.ull.es\/portal\/gdi\/podcast-gdi-ep-6-con-idoia-ortiz-innovacion-publica\/","og_site_name":"Programa de Gestores de la Innovaci\u00f3n","article_published_time":"2021-10-21T09:01:59+00:00","article_modified_time":"2021-10-21T09:13:21+00:00","og_image":[{"width":1081,"height":1081,"url":"https:\/\/fg.ull.es\/portal\/gdi\/wp-content\/uploads\/sites\/2\/2021\/10\/Ep.6-Idoia-Ortiz.jpg","type":"image\/jpeg"}],"author":"aascanio","twitter_card":"summary_large_image","twitter_misc":{"Written by":"aascanio","Est. reading time":"2 minutos"},"schema":{"@context":"https:\/\/schema.org","@graph":[{"@type":"Article","@id":"https:\/\/fg.ull.es\/portal\/gdi\/podcast-gdi-ep-6-con-idoia-ortiz-innovacion-publica\/#article","isPartOf":{"@id":"https:\/\/fg.ull.es\/portal\/gdi\/podcast-gdi-ep-6-con-idoia-ortiz-innovacion-publica\/"},"author":{"name":"aascanio","@id":"https:\/\/fg.ull.es\/portal\/gdi\/#\/schema\/person\/1ad03d108c212b498a622f39176298aa"},"headline":"Podcast GDI Ep.6 Con Idoia Ortiz &#8211; Innovaci\u00f3n P\u00fablica","datePublished":"2021-10-21T09:01:59+00:00","dateModified":"2021-10-21T09:13:21+00:00","mainEntityOfPage":{"@id":"https:\/\/fg.ull.es\/portal\/gdi\/podcast-gdi-ep-6-con-idoia-ortiz-innovacion-publica\/"},"wordCount":336,"publisher":{"@id":"https:\/\/fg.ull.es\/portal\/gdi\/#organization"},"inLanguage":"es"},{"@type":"WebPage","@id":"https:\/\/fg.ull.es\/portal\/gdi\/podcast-gdi-ep-6-con-idoia-ortiz-innovacion-publica\/","url":"https:\/\/fg.ull.es\/portal\/gdi\/podcast-gdi-ep-6-con-idoia-ortiz-innovacion-publica\/","name":"Podcast GDI Ep.6 Con Idoia Ortiz - Innovaci\u00f3n P\u00fablica - Programa de Gestores de la Innovaci\u00f3n","isPartOf":{"@id":"https:\/\/fg.ull.es\/portal\/gdi\/#website"},"datePublished":"2021-10-21T09:01:59+00:00","dateModified":"2021-10-21T09:13:21+00:00","breadcrumb":{"@id":"https:\/\/fg.ull.es\/portal\/gdi\/podcast-gdi-ep-6-con-idoia-ortiz-innovacion-publica\/#breadcrumb"},"inLanguage":"es","potentialAction":[{"@type":"ReadAction","target":["https:\/\/fg.ull.es\/portal\/gdi\/podcast-gdi-ep-6-con-idoia-ortiz-innovacion-publica\/"]}]},{"@type":"BreadcrumbList","@id":"https:\/\/fg.ull.es\/portal\/gdi\/podcast-gdi-ep-6-con-idoia-ortiz-innovacion-publica\/#breadcrumb","itemListElement":[{"@type":"ListItem","position":1,"name":"Portada","item":"https:\/\/fg.ull.es\/portal\/gdi\/"},{"@type":"ListItem","position":2,"name":"Podcast GDI Ep.6 Con Idoia Ortiz &#8211; Innovaci\u00f3n P\u00fablica"}]},{"@type":"WebSite","@id":"https:\/\/fg.ull.es\/portal\/gdi\/#website","url":"https:\/\/fg.ull.es\/portal\/gdi\/","name":"Programa de Gestores de la Innovaci\u00f3n","description":"","publisher":{"@id":"https:\/\/fg.ull.es\/portal\/gdi\/#organization"},"potentialAction":[{"@type":"SearchAction","target":{"@type":"EntryPoint","urlTemplate":"https:\/\/fg.ull.es\/portal\/gdi\/?s={search_term_string}"},"query-input":"required name=search_term_string"}],"inLanguage":"es"},{"@type":"Organization","@id":"https:\/\/fg.ull.es\/portal\/gdi\/#organization","name":"FUNDACI\u00d3N CANARIA GENERAL UNIVERSIDAD DE LA LAGUNA","url":"https:\/\/fg.ull.es\/portal\/gdi\/","logo":{"@type":"ImageObject","inLanguage":"es","@id":"https:\/\/fg.ull.es\/portal\/gdi\/#\/schema\/logo\/image\/","url":"https:\/\/fg.ull.es\/portal\/gdi\/wp-content\/uploads\/sites\/2\/2020\/04\/FAVICON.png","contentUrl":"https:\/\/fg.ull.es\/portal\/gdi\/wp-content\/uploads\/sites\/2\/2020\/04\/FAVICON.png","width":512,"height":512,"caption":"FUNDACI\u00d3N CANARIA GENERAL UNIVERSIDAD DE LA LAGUNA"},"image":{"@id":"https:\/\/fg.ull.es\/portal\/gdi\/#\/schema\/logo\/image\/"}},{"@type":"Person","@id":"https:\/\/fg.ull.es\/portal\/gdi\/#\/schema\/person\/1ad03d108c212b498a622f39176298aa","name":"aascanio","image":{"@type":"ImageObject","inLanguage":"es","@id":"https:\/\/fg.ull.es\/portal\/gdi\/#\/schema\/person\/image\/","url":"https:\/\/secure.gravatar.com\/avatar\/fb13c6d51e43015759a2b0b66dcd2734?s=96&d=mm&r=g","contentUrl":"https:\/\/secure.gravatar.com\/avatar\/fb13c6d51e43015759a2b0b66dcd2734?s=96&d=mm&r=g","caption":"aascanio"}}]}},"_links":{"self":[{"href":"https:\/\/fg.ull.es\/portal\/gdi\/wp-json\/wp\/v2\/posts\/6474"}],"collection":[{"href":"https:\/\/fg.ull.es\/portal\/gdi\/wp-json\/wp\/v2\/posts"}],"about":[{"href":"https:\/\/fg.ull.es\/portal\/gdi\/wp-json\/wp\/v2\/types\/post"}],"author":[{"embeddable":true,"href":"https:\/\/fg.ull.es\/portal\/gdi\/wp-json\/wp\/v2\/users\/12"}],"replies":[{"embeddable":true,"href":"https:\/\/fg.ull.es\/portal\/gdi\/wp-json\/wp\/v2\/comments?post=6474"}],"version-history":[{"count":11,"href":"https:\/\/fg.ull.es\/portal\/gdi\/wp-json\/wp\/v2\/posts\/6474\/revisions"}],"predecessor-version":[{"id":6485,"href":"https:\/\/fg.ull.es\/portal\/gdi\/wp-json\/wp\/v2\/posts\/6474\/revisions\/6485"}],"wp:featuredmedia":[{"embeddable":true,"href":"https:\/\/fg.ull.es\/portal\/gdi\/wp-json\/wp\/v2\/media\/6473"}],"wp:attachment":[{"href":"https:\/\/fg.ull.es\/portal\/gdi\/wp-json\/wp\/v2\/media?parent=6474"}],"wp:term":[{"taxonomy":"category","embeddable":true,"href":"https:\/\/fg.ull.es\/portal\/gdi\/wp-json\/wp\/v2\/categories?post=6474"},{"taxonomy":"post_tag","embeddable":true,"href":"https:\/\/fg.ull.es\/portal\/gdi\/wp-json\/wp\/v2\/tags?post=6474"}],"curies":[{"name":"wp","href":"https:\/\/api.w.org\/{rel}","templated":true}]}}