{"id":6447,"date":"2021-10-11T10:34:19","date_gmt":"2021-10-11T10:34:19","guid":{"rendered":"https:\/\/fg.ull.es\/portal\/gdi\/?p=6447"},"modified":"2021-11-03T11:09:04","modified_gmt":"2021-11-03T11:09:04","slug":"estrenamos-podcast-primeros-capitulos-de-transformacion-digital","status":"publish","type":"post","link":"https:\/\/fg.ull.es\/portal\/gdi\/estrenamos-podcast-primeros-capitulos-de-transformacion-digital\/","title":{"rendered":"\u00a1Estrenamos Podcast! Primeros cap\u00edtulos de Transformaci\u00f3n Digital"},"content":{"rendered":"\n<p>Esta sexta edici\u00f3n el Programa GDI de la Fundaci\u00f3n General de la Universidad de La Laguna trae una gran novedad para que puedas continuar y dar un plus a tu formaci\u00f3n: el nuevo formato <strong>podcast de GDI2021.<\/strong><\/p>\n\n\n\n<p>Estas peque\u00f1as p\u00edldoras gratuitas se han basado en cada uno de los m\u00f3dulos del programa y cuentan con invitados e invitadas expertas en la materia. Si te apetece comenzar a escucharlos, ya est\u00e1n disponibles en las principales plataformas digitales: Spotify&nbsp; e Ivoox.&nbsp;<\/p>\n\n\n\n<p>Estos podcast est\u00e1n guiados por David Alay\u00f3n, Experto en innovaci\u00f3n y en tecnolog\u00edas disruptivas, con una trayectoria de m\u00e1s de 15 a\u00f1os desarrollando e implementando estrategias y procesos de innovaci\u00f3n. Adem\u00e1s ha desarrollado productos digitales con un fuerte enfoque de experiencia de usuario (UX), destacando su experiencia en Inditex como Responsable de Proyectos de Innovaci\u00f3n.<\/p>\n\n\n\n<p>Hoy te invitamos a que disfrutes de los dos primeros episodios de Promoci\u00f3n y Gesti\u00f3n digital:<\/p>\n\n\n\n<p><strong>Cap\u00edtulo 8: Promoci\u00f3n digital. <\/strong>En este episodio estuvimos con Marta del Amo, periodista cient\u00edfica y tecnol\u00f3gica, actual jefa de Redacci\u00f3n y editora de la edici\u00f3n en espa\u00f1ol de &#8216;MIT Technology Review\u2019. Hablamos sobre transformaci\u00f3n digital, industria 4.0, tecnolog\u00edas disruptivas como Inteligencia Artificial, Realidad Virtual o Blockchain y sobre disciplinas como la prospectiva estrat\u00e9gica.<\/p>\n\n\n\n<figure class=\"wp-block-embed-spotify wp-block-embed is-type-rich is-provider-spotify wp-embed-aspect-21-9 wp-has-aspect-ratio\"><div class=\"wp-block-embed__wrapper\">\n<iframe loading=\"lazy\" title=\"Spotify Embed: Promoci\u00f3n digital\" width=\"100%\" height=\"152\" frameborder=\"0\" allowfullscreen allow=\"autoplay; clipboard-write; encrypted-media; fullscreen; picture-in-picture\" src=\"https:\/\/open.spotify.com\/embed\/episode\/681ER387E7j6DjGSnmlhcf?si=nSOCKPZwRt-IrXXSCE9TiA&#038;dl_branch=1&#038;utm_source=oembed\"><\/iframe>\n<\/div><\/figure>\n\n\n\n<p><strong>Cap\u00edtulo 10: Gesti\u00f3n digital.<\/strong> En esta ocasi\u00f3n, intercambia reflexiones con Clara \u00c1vila, experta en el \u00e1mbito digital, con m\u00e1s de 10 a\u00f1os como consultora de marketing digital y estratega de contenidos; y actual Marketing Manager de GoDaddy. Nuestra conversaci\u00f3n gir\u00f3 en torno a estrategias digitales, influencers y celebrities, la transformaci\u00f3n digital y las competencias digitales de los profesionales del futuro.<\/p>\n\n\n\n<figure class=\"wp-block-embed-spotify wp-block-embed is-type-rich is-provider-spotify wp-embed-aspect-21-9 wp-has-aspect-ratio\"><div class=\"wp-block-embed__wrapper\">\n<iframe loading=\"lazy\" title=\"Spotify Embed: Gesti\u00f3n digital\" width=\"100%\" height=\"152\" frameborder=\"0\" allowfullscreen allow=\"autoplay; clipboard-write; encrypted-media; fullscreen; picture-in-picture\" src=\"https:\/\/open.spotify.com\/embed\/episode\/45nmvfSs7mLcszgfZAlIqr?si=wIDbcvoZSduMTp1saHkaPQ&#038;dl_branch=1&#038;utm_source=oembed\"><\/iframe>\n<\/div><\/figure>\n\n\n\n<p>Si te resulta interesante este contenido, \u00a1est\u00e1s de suerte!<\/p>\n\n\n\n<p>Hay nuevas plazas para el curso de Promoci\u00f3n Digital que comienza este 12 de noviembre donde podr\u00e1s profundizar sobre este temario y adem\u00e1s certificarte como Promotor digital para a\u00f1adirlo a tu curr\u00edculum.\u00a0<\/p>\n\n\n\n<div class=\"wp-block-buttons aligncenter is-layout-flex wp-block-buttons-is-layout-flex\">\n<div class=\"wp-block-button\"><a class=\"wp-block-button__link has-luminous-vivid-orange-to-vivid-red-gradient-background has-background\" href=\"https:\/\/sede.fg.ull.es\/es\/curso\/detalle\/a21120149\/promocion-digital-n1\">\u00a1Inscr\u00edbete aqu\u00ed!<\/a><\/div>\n<\/div>\n","protected":false},"excerpt":{"rendered":"<p>Esta sexta edici\u00f3n el Programa GDI de la Fundaci\u00f3n General de la Universidad de La Laguna trae una gran novedad para que puedas continuar y dar un plus a tu formaci\u00f3n: el nuevo formato podcast de GDI2021. Estas peque\u00f1as p\u00edldoras gratuitas se han basado en cada uno de los m\u00f3dulos del programa y cuentan con&#8230;<\/p>\n","protected":false},"author":12,"featured_media":6449,"comment_status":"closed","ping_status":"closed","sticky":false,"template":"","format":"standard","meta":{"footnotes":""},"categories":[1],"tags":[],"yoast_head":"<!-- This site is optimized with the Yoast SEO plugin v21.1 - https:\/\/yoast.com\/wordpress\/plugins\/seo\/ -->\n<title>\u00a1Estrenamos Podcast! Primeros cap\u00edtulos de Transformaci\u00f3n Digital - Programa de Gestores de la Innovaci\u00f3n<\/title>\n<meta name=\"robots\" content=\"index, follow, max-snippet:-1, max-image-preview:large, max-video-preview:-1\" \/>\n<link rel=\"canonical\" href=\"https:\/\/fg.ull.es\/portal\/gdi\/estrenamos-podcast-primeros-capitulos-de-transformacion-digital\/\" \/>\n<meta property=\"og:locale\" content=\"es_ES\" \/>\n<meta property=\"og:type\" content=\"article\" \/>\n<meta property=\"og:title\" content=\"\u00a1Estrenamos Podcast! Primeros cap\u00edtulos de Transformaci\u00f3n Digital - Programa de Gestores de la Innovaci\u00f3n\" \/>\n<meta property=\"og:description\" content=\"Esta sexta edici\u00f3n el Programa GDI de la Fundaci\u00f3n General de la Universidad de La Laguna trae una gran novedad para que puedas continuar y dar un plus a tu formaci\u00f3n: el nuevo formato podcast de GDI2021. Estas peque\u00f1as p\u00edldoras gratuitas se han basado en cada uno de los m\u00f3dulos del programa y cuentan con...\" \/>\n<meta property=\"og:url\" content=\"https:\/\/fg.ull.es\/portal\/gdi\/estrenamos-podcast-primeros-capitulos-de-transformacion-digital\/\" \/>\n<meta property=\"og:site_name\" content=\"Programa de Gestores de la Innovaci\u00f3n\" \/>\n<meta property=\"article:published_time\" content=\"2021-10-11T10:34:19+00:00\" \/>\n<meta property=\"article:modified_time\" content=\"2021-11-03T11:09:04+00:00\" \/>\n<meta property=\"og:image\" content=\"https:\/\/fg.ull.es\/portal\/gdi\/wp-content\/uploads\/sites\/2\/2021\/10\/Podcast-GDI-scaled.jpg\" \/>\n\t<meta property=\"og:image:width\" content=\"2560\" \/>\n\t<meta property=\"og:image:height\" content=\"1709\" \/>\n\t<meta property=\"og:image:type\" content=\"image\/jpeg\" \/>\n<meta name=\"author\" content=\"aascanio\" \/>\n<meta name=\"twitter:card\" content=\"summary_large_image\" \/>\n<meta name=\"twitter:label1\" content=\"Written by\" \/>\n\t<meta name=\"twitter:data1\" content=\"aascanio\" \/>\n\t<meta name=\"twitter:label2\" content=\"Est. reading time\" \/>\n\t<meta name=\"twitter:data2\" content=\"2 minutos\" \/>\n<script type=\"application\/ld+json\" class=\"yoast-schema-graph\">{\"@context\":\"https:\/\/schema.org\",\"@graph\":[{\"@type\":\"Article\",\"@id\":\"https:\/\/fg.ull.es\/portal\/gdi\/estrenamos-podcast-primeros-capitulos-de-transformacion-digital\/#article\",\"isPartOf\":{\"@id\":\"https:\/\/fg.ull.es\/portal\/gdi\/estrenamos-podcast-primeros-capitulos-de-transformacion-digital\/\"},\"author\":{\"name\":\"aascanio\",\"@id\":\"https:\/\/fg.ull.es\/portal\/gdi\/#\/schema\/person\/1ad03d108c212b498a622f39176298aa\"},\"headline\":\"\u00a1Estrenamos Podcast! Primeros cap\u00edtulos de Transformaci\u00f3n Digital\",\"datePublished\":\"2021-10-11T10:34:19+00:00\",\"dateModified\":\"2021-11-03T11:09:04+00:00\",\"mainEntityOfPage\":{\"@id\":\"https:\/\/fg.ull.es\/portal\/gdi\/estrenamos-podcast-primeros-capitulos-de-transformacion-digital\/\"},\"wordCount\":381,\"publisher\":{\"@id\":\"https:\/\/fg.ull.es\/portal\/gdi\/#organization\"},\"inLanguage\":\"es\"},{\"@type\":\"WebPage\",\"@id\":\"https:\/\/fg.ull.es\/portal\/gdi\/estrenamos-podcast-primeros-capitulos-de-transformacion-digital\/\",\"url\":\"https:\/\/fg.ull.es\/portal\/gdi\/estrenamos-podcast-primeros-capitulos-de-transformacion-digital\/\",\"name\":\"\u00a1Estrenamos Podcast! Primeros cap\u00edtulos de Transformaci\u00f3n Digital - Programa de Gestores de la Innovaci\u00f3n\",\"isPartOf\":{\"@id\":\"https:\/\/fg.ull.es\/portal\/gdi\/#website\"},\"datePublished\":\"2021-10-11T10:34:19+00:00\",\"dateModified\":\"2021-11-03T11:09:04+00:00\",\"breadcrumb\":{\"@id\":\"https:\/\/fg.ull.es\/portal\/gdi\/estrenamos-podcast-primeros-capitulos-de-transformacion-digital\/#breadcrumb\"},\"inLanguage\":\"es\",\"potentialAction\":[{\"@type\":\"ReadAction\",\"target\":[\"https:\/\/fg.ull.es\/portal\/gdi\/estrenamos-podcast-primeros-capitulos-de-transformacion-digital\/\"]}]},{\"@type\":\"BreadcrumbList\",\"@id\":\"https:\/\/fg.ull.es\/portal\/gdi\/estrenamos-podcast-primeros-capitulos-de-transformacion-digital\/#breadcrumb\",\"itemListElement\":[{\"@type\":\"ListItem\",\"position\":1,\"name\":\"Portada\",\"item\":\"https:\/\/fg.ull.es\/portal\/gdi\/\"},{\"@type\":\"ListItem\",\"position\":2,\"name\":\"\u00a1Estrenamos Podcast! Primeros cap\u00edtulos de Transformaci\u00f3n Digital\"}]},{\"@type\":\"WebSite\",\"@id\":\"https:\/\/fg.ull.es\/portal\/gdi\/#website\",\"url\":\"https:\/\/fg.ull.es\/portal\/gdi\/\",\"name\":\"Programa de Gestores de la Innovaci\u00f3n\",\"description\":\"\",\"publisher\":{\"@id\":\"https:\/\/fg.ull.es\/portal\/gdi\/#organization\"},\"potentialAction\":[{\"@type\":\"SearchAction\",\"target\":{\"@type\":\"EntryPoint\",\"urlTemplate\":\"https:\/\/fg.ull.es\/portal\/gdi\/?s={search_term_string}\"},\"query-input\":\"required name=search_term_string\"}],\"inLanguage\":\"es\"},{\"@type\":\"Organization\",\"@id\":\"https:\/\/fg.ull.es\/portal\/gdi\/#organization\",\"name\":\"FUNDACI\u00d3N CANARIA GENERAL UNIVERSIDAD DE LA LAGUNA\",\"url\":\"https:\/\/fg.ull.es\/portal\/gdi\/\",\"logo\":{\"@type\":\"ImageObject\",\"inLanguage\":\"es\",\"@id\":\"https:\/\/fg.ull.es\/portal\/gdi\/#\/schema\/logo\/image\/\",\"url\":\"https:\/\/fg.ull.es\/portal\/gdi\/wp-content\/uploads\/sites\/2\/2020\/04\/FAVICON.png\",\"contentUrl\":\"https:\/\/fg.ull.es\/portal\/gdi\/wp-content\/uploads\/sites\/2\/2020\/04\/FAVICON.png\",\"width\":512,\"height\":512,\"caption\":\"FUNDACI\u00d3N CANARIA GENERAL UNIVERSIDAD DE LA LAGUNA\"},\"image\":{\"@id\":\"https:\/\/fg.ull.es\/portal\/gdi\/#\/schema\/logo\/image\/\"}},{\"@type\":\"Person\",\"@id\":\"https:\/\/fg.ull.es\/portal\/gdi\/#\/schema\/person\/1ad03d108c212b498a622f39176298aa\",\"name\":\"aascanio\",\"image\":{\"@type\":\"ImageObject\",\"inLanguage\":\"es\",\"@id\":\"https:\/\/fg.ull.es\/portal\/gdi\/#\/schema\/person\/image\/\",\"url\":\"https:\/\/secure.gravatar.com\/avatar\/fb13c6d51e43015759a2b0b66dcd2734?s=96&d=mm&r=g\",\"contentUrl\":\"https:\/\/secure.gravatar.com\/avatar\/fb13c6d51e43015759a2b0b66dcd2734?s=96&d=mm&r=g\",\"caption\":\"aascanio\"}}]}<\/script>\n<!-- \/ Yoast SEO plugin. -->","yoast_head_json":{"title":"\u00a1Estrenamos Podcast! Primeros cap\u00edtulos de Transformaci\u00f3n Digital - Programa de Gestores de la Innovaci\u00f3n","robots":{"index":"index","follow":"follow","max-snippet":"max-snippet:-1","max-image-preview":"max-image-preview:large","max-video-preview":"max-video-preview:-1"},"canonical":"https:\/\/fg.ull.es\/portal\/gdi\/estrenamos-podcast-primeros-capitulos-de-transformacion-digital\/","og_locale":"es_ES","og_type":"article","og_title":"\u00a1Estrenamos Podcast! Primeros cap\u00edtulos de Transformaci\u00f3n Digital - Programa de Gestores de la Innovaci\u00f3n","og_description":"Esta sexta edici\u00f3n el Programa GDI de la Fundaci\u00f3n General de la Universidad de La Laguna trae una gran novedad para que puedas continuar y dar un plus a tu formaci\u00f3n: el nuevo formato podcast de GDI2021. Estas peque\u00f1as p\u00edldoras gratuitas se han basado en cada uno de los m\u00f3dulos del programa y cuentan con...","og_url":"https:\/\/fg.ull.es\/portal\/gdi\/estrenamos-podcast-primeros-capitulos-de-transformacion-digital\/","og_site_name":"Programa de Gestores de la Innovaci\u00f3n","article_published_time":"2021-10-11T10:34:19+00:00","article_modified_time":"2021-11-03T11:09:04+00:00","og_image":[{"width":2560,"height":1709,"url":"https:\/\/fg.ull.es\/portal\/gdi\/wp-content\/uploads\/sites\/2\/2021\/10\/Podcast-GDI-scaled.jpg","type":"image\/jpeg"}],"author":"aascanio","twitter_card":"summary_large_image","twitter_misc":{"Written by":"aascanio","Est. reading time":"2 minutos"},"schema":{"@context":"https:\/\/schema.org","@graph":[{"@type":"Article","@id":"https:\/\/fg.ull.es\/portal\/gdi\/estrenamos-podcast-primeros-capitulos-de-transformacion-digital\/#article","isPartOf":{"@id":"https:\/\/fg.ull.es\/portal\/gdi\/estrenamos-podcast-primeros-capitulos-de-transformacion-digital\/"},"author":{"name":"aascanio","@id":"https:\/\/fg.ull.es\/portal\/gdi\/#\/schema\/person\/1ad03d108c212b498a622f39176298aa"},"headline":"\u00a1Estrenamos Podcast! Primeros cap\u00edtulos de Transformaci\u00f3n Digital","datePublished":"2021-10-11T10:34:19+00:00","dateModified":"2021-11-03T11:09:04+00:00","mainEntityOfPage":{"@id":"https:\/\/fg.ull.es\/portal\/gdi\/estrenamos-podcast-primeros-capitulos-de-transformacion-digital\/"},"wordCount":381,"publisher":{"@id":"https:\/\/fg.ull.es\/portal\/gdi\/#organization"},"inLanguage":"es"},{"@type":"WebPage","@id":"https:\/\/fg.ull.es\/portal\/gdi\/estrenamos-podcast-primeros-capitulos-de-transformacion-digital\/","url":"https:\/\/fg.ull.es\/portal\/gdi\/estrenamos-podcast-primeros-capitulos-de-transformacion-digital\/","name":"\u00a1Estrenamos Podcast! Primeros cap\u00edtulos de Transformaci\u00f3n Digital - Programa de Gestores de la Innovaci\u00f3n","isPartOf":{"@id":"https:\/\/fg.ull.es\/portal\/gdi\/#website"},"datePublished":"2021-10-11T10:34:19+00:00","dateModified":"2021-11-03T11:09:04+00:00","breadcrumb":{"@id":"https:\/\/fg.ull.es\/portal\/gdi\/estrenamos-podcast-primeros-capitulos-de-transformacion-digital\/#breadcrumb"},"inLanguage":"es","potentialAction":[{"@type":"ReadAction","target":["https:\/\/fg.ull.es\/portal\/gdi\/estrenamos-podcast-primeros-capitulos-de-transformacion-digital\/"]}]},{"@type":"BreadcrumbList","@id":"https:\/\/fg.ull.es\/portal\/gdi\/estrenamos-podcast-primeros-capitulos-de-transformacion-digital\/#breadcrumb","itemListElement":[{"@type":"ListItem","position":1,"name":"Portada","item":"https:\/\/fg.ull.es\/portal\/gdi\/"},{"@type":"ListItem","position":2,"name":"\u00a1Estrenamos Podcast! Primeros cap\u00edtulos de Transformaci\u00f3n Digital"}]},{"@type":"WebSite","@id":"https:\/\/fg.ull.es\/portal\/gdi\/#website","url":"https:\/\/fg.ull.es\/portal\/gdi\/","name":"Programa de Gestores de la Innovaci\u00f3n","description":"","publisher":{"@id":"https:\/\/fg.ull.es\/portal\/gdi\/#organization"},"potentialAction":[{"@type":"SearchAction","target":{"@type":"EntryPoint","urlTemplate":"https:\/\/fg.ull.es\/portal\/gdi\/?s={search_term_string}"},"query-input":"required name=search_term_string"}],"inLanguage":"es"},{"@type":"Organization","@id":"https:\/\/fg.ull.es\/portal\/gdi\/#organization","name":"FUNDACI\u00d3N CANARIA GENERAL UNIVERSIDAD DE LA LAGUNA","url":"https:\/\/fg.ull.es\/portal\/gdi\/","logo":{"@type":"ImageObject","inLanguage":"es","@id":"https:\/\/fg.ull.es\/portal\/gdi\/#\/schema\/logo\/image\/","url":"https:\/\/fg.ull.es\/portal\/gdi\/wp-content\/uploads\/sites\/2\/2020\/04\/FAVICON.png","contentUrl":"https:\/\/fg.ull.es\/portal\/gdi\/wp-content\/uploads\/sites\/2\/2020\/04\/FAVICON.png","width":512,"height":512,"caption":"FUNDACI\u00d3N CANARIA GENERAL UNIVERSIDAD DE LA LAGUNA"},"image":{"@id":"https:\/\/fg.ull.es\/portal\/gdi\/#\/schema\/logo\/image\/"}},{"@type":"Person","@id":"https:\/\/fg.ull.es\/portal\/gdi\/#\/schema\/person\/1ad03d108c212b498a622f39176298aa","name":"aascanio","image":{"@type":"ImageObject","inLanguage":"es","@id":"https:\/\/fg.ull.es\/portal\/gdi\/#\/schema\/person\/image\/","url":"https:\/\/secure.gravatar.com\/avatar\/fb13c6d51e43015759a2b0b66dcd2734?s=96&d=mm&r=g","contentUrl":"https:\/\/secure.gravatar.com\/avatar\/fb13c6d51e43015759a2b0b66dcd2734?s=96&d=mm&r=g","caption":"aascanio"}}]}},"_links":{"self":[{"href":"https:\/\/fg.ull.es\/portal\/gdi\/wp-json\/wp\/v2\/posts\/6447"}],"collection":[{"href":"https:\/\/fg.ull.es\/portal\/gdi\/wp-json\/wp\/v2\/posts"}],"about":[{"href":"https:\/\/fg.ull.es\/portal\/gdi\/wp-json\/wp\/v2\/types\/post"}],"author":[{"embeddable":true,"href":"https:\/\/fg.ull.es\/portal\/gdi\/wp-json\/wp\/v2\/users\/12"}],"replies":[{"embeddable":true,"href":"https:\/\/fg.ull.es\/portal\/gdi\/wp-json\/wp\/v2\/comments?post=6447"}],"version-history":[{"count":3,"href":"https:\/\/fg.ull.es\/portal\/gdi\/wp-json\/wp\/v2\/posts\/6447\/revisions"}],"predecessor-version":[{"id":6525,"href":"https:\/\/fg.ull.es\/portal\/gdi\/wp-json\/wp\/v2\/posts\/6447\/revisions\/6525"}],"wp:featuredmedia":[{"embeddable":true,"href":"https:\/\/fg.ull.es\/portal\/gdi\/wp-json\/wp\/v2\/media\/6449"}],"wp:attachment":[{"href":"https:\/\/fg.ull.es\/portal\/gdi\/wp-json\/wp\/v2\/media?parent=6447"}],"wp:term":[{"taxonomy":"category","embeddable":true,"href":"https:\/\/fg.ull.es\/portal\/gdi\/wp-json\/wp\/v2\/categories?post=6447"},{"taxonomy":"post_tag","embeddable":true,"href":"https:\/\/fg.ull.es\/portal\/gdi\/wp-json\/wp\/v2\/tags?post=6447"}],"curies":[{"name":"wp","href":"https:\/\/api.w.org\/{rel}","templated":true}]}}