{"id":6418,"date":"2021-09-29T11:58:49","date_gmt":"2021-09-29T11:58:49","guid":{"rendered":"https:\/\/fg.ull.es\/portal\/gdi\/?p=6418"},"modified":"2021-09-29T11:58:51","modified_gmt":"2021-09-29T11:58:51","slug":"gdi-una-formacion-llena-de-ventajas","status":"publish","type":"post","link":"https:\/\/fg.ull.es\/portal\/gdi\/gdi-una-formacion-llena-de-ventajas\/","title":{"rendered":"GDI, una formaci\u00f3n llena de ventajas"},"content":{"rendered":"\n<p>El Programa de Gesti\u00f3n de la Innovaci\u00f3n de la Fundaci\u00f3n de La Universidad de La Laguna es una oportunidad formativa espl\u00e9ndida para <strong>mejorar tu curr\u00edculum y cualificaci\u00f3n laboral.<\/strong><\/p>\n\n\n\n<p>La certificaci\u00f3n en las materias<s> <\/s>del Programa de Gesti\u00f3n de la Innovaci\u00f3n suponen un <strong>valor a\u00f1adido<\/strong> a tener en cuenta en el momento de <strong>contrataci\u00f3n de personal<\/strong>. Estas acreditaciones han servido en los \u00faltimos a\u00f1os para que el alumnado consiga una inserci\u00f3n laboral. Esto es gracias a la convocatoria de Subvenciones para la<strong> Incorporaci\u00f3n de Personal Innovador al Tejido Productivo (IPI)<\/strong>, una iniciativa promovida por la <strong>ACIISI<\/strong>, que permite la inserci\u00f3n<s> <\/s>laboral como tecn\u00f3logos\/as en actividades de I+D+i en diferentes empresas a las personas participantes en el Programa de Gesti\u00f3n de la Innovaci\u00f3n.<\/p>\n\n\n\n<p>Otra gran oportunidad que ofrece GDI es la<strong> formaci\u00f3n pr\u00e1ctica<\/strong>: el alumnado que supere los tres niveles de una de las materias formativas pueden optar a unas <strong>pr\u00e1cticas remuneradas <\/strong>en empresas y grupos de investigaci\u00f3n canarios.<\/p>\n\n\n\n<p>Ahora mismo tenemos activos algunos cursos con los que podr\u00e1s comenzar este camino de formaci\u00f3n en innovaci\u00f3n y transformaci\u00f3n digital:<\/p>\n\n\n\n<div class=\"wp-block-buttons aligncenter is-layout-flex wp-block-buttons-is-layout-flex\">\n<div class=\"wp-block-button\"><a class=\"wp-block-button__link has-white-color has-light-green-cyan-background-color has-text-color has-background\" href=\"https:\/\/sede.fg.ull.es\/es\/curso\/detalle\/a21120129\/promocion-y-gestion-de-la-innovacion-n1-y-n2-innovacion-tecnologica\" target=\"_blank\" rel=\"noreferrer noopener\">Promoci\u00f3n y Gesti\u00f3n de la innovaci\u00f3n (N1 y N2) &#8211; Innovaci\u00f3n tecnol\u00f3gica<\/a><\/div>\n<\/div>\n\n\n\n<div class=\"wp-block-buttons aligncenter is-layout-flex wp-block-buttons-is-layout-flex\">\n<div class=\"wp-block-button\"><a class=\"wp-block-button__link has-luminous-vivid-orange-background-color has-background\" href=\"https:\/\/sede.fg.ull.es\/es\/curso\/detalle\/a21120139\/promocion-y-gestion-digital-n1-y-n2\" target=\"_blank\" rel=\"noreferrer noopener\">Promoci\u00f3n y Gesti\u00f3n digital (N1 y N2)<\/a><\/div>\n<\/div>\n\n\n\n<p>Para cualquier consulta, no dudes en escribirnos a nuestro correo:&nbsp;<a rel=\"noreferrer noopener\" href=\"mailto:gdi@fg.ull.es\" target=\"_blank\">gdi@fg.ull.es<\/a>&nbsp;o rellenar nuestro&nbsp;<a href=\"https:\/\/fg.ull.es\/portal\/gdi\/contacto\/\">formulario de contacto.<\/a><\/p>\n\n\n\n<p>Este programa es un proyecto de la Agencia Canaria de Investigaci\u00f3n, Innovaci\u00f3n y Sociedad de la Informaci\u00f3n del Gobierno de Canarias, cofinanciado en un 85% por el Fondo Social Europeo (FSE) en los t\u00e9rminos establecidos en el Programa Operativo de Canarias 2014-2020, en el Eje prioritario 1, Objetivo tem\u00e1tico 8, Prioridad de inversi\u00f3n, 8.1, Objetivo espec\u00edfico 8.1.2.<\/p>\n","protected":false},"excerpt":{"rendered":"<p>El Programa de Gesti\u00f3n de la Innovaci\u00f3n de la Fundaci\u00f3n de La Universidad de La Laguna es una oportunidad formativa espl\u00e9ndida para mejorar tu curr\u00edculum y cualificaci\u00f3n laboral. La certificaci\u00f3n en las materias del Programa de Gesti\u00f3n de la Innovaci\u00f3n suponen un valor a\u00f1adido a tener en cuenta en el momento de contrataci\u00f3n de personal&#8230;.<\/p>\n","protected":false},"author":12,"featured_media":5734,"comment_status":"closed","ping_status":"closed","sticky":false,"template":"","format":"standard","meta":{"footnotes":""},"categories":[1],"tags":[],"yoast_head":"<!-- This site is optimized with the Yoast SEO plugin v21.1 - https:\/\/yoast.com\/wordpress\/plugins\/seo\/ -->\n<title>GDI, una formaci\u00f3n llena de ventajas - Programa de Gestores de la Innovaci\u00f3n<\/title>\n<meta name=\"robots\" content=\"index, follow, max-snippet:-1, max-image-preview:large, max-video-preview:-1\" \/>\n<link rel=\"canonical\" href=\"https:\/\/fg.ull.es\/portal\/gdi\/gdi-una-formacion-llena-de-ventajas\/\" \/>\n<meta property=\"og:locale\" content=\"es_ES\" \/>\n<meta property=\"og:type\" content=\"article\" \/>\n<meta property=\"og:title\" content=\"GDI, una formaci\u00f3n llena de ventajas - Programa de Gestores de la Innovaci\u00f3n\" \/>\n<meta property=\"og:description\" content=\"El Programa de Gesti\u00f3n de la Innovaci\u00f3n de la Fundaci\u00f3n de La Universidad de La Laguna es una oportunidad formativa espl\u00e9ndida para mejorar tu curr\u00edculum y cualificaci\u00f3n laboral. La certificaci\u00f3n en las materias del Programa de Gesti\u00f3n de la Innovaci\u00f3n suponen un valor a\u00f1adido a tener en cuenta en el momento de contrataci\u00f3n de personal....\" \/>\n<meta property=\"og:url\" content=\"https:\/\/fg.ull.es\/portal\/gdi\/gdi-una-formacion-llena-de-ventajas\/\" \/>\n<meta property=\"og:site_name\" content=\"Programa de Gestores de la Innovaci\u00f3n\" \/>\n<meta property=\"article:published_time\" content=\"2021-09-29T11:58:49+00:00\" \/>\n<meta property=\"article:modified_time\" content=\"2021-09-29T11:58:51+00:00\" \/>\n<meta property=\"og:image\" content=\"https:\/\/fg.ull.es\/portal\/gdi\/wp-content\/uploads\/sites\/2\/2021\/07\/GDI-N3.jpeg\" \/>\n\t<meta property=\"og:image:width\" content=\"2250\" \/>\n\t<meta property=\"og:image:height\" content=\"1500\" \/>\n\t<meta property=\"og:image:type\" content=\"image\/jpeg\" \/>\n<meta name=\"author\" content=\"aascanio\" \/>\n<meta name=\"twitter:card\" content=\"summary_large_image\" \/>\n<meta name=\"twitter:label1\" content=\"Written by\" \/>\n\t<meta name=\"twitter:data1\" content=\"aascanio\" \/>\n\t<meta name=\"twitter:label2\" content=\"Est. reading time\" \/>\n\t<meta name=\"twitter:data2\" content=\"2 minutos\" \/>\n<script type=\"application\/ld+json\" class=\"yoast-schema-graph\">{\"@context\":\"https:\/\/schema.org\",\"@graph\":[{\"@type\":\"Article\",\"@id\":\"https:\/\/fg.ull.es\/portal\/gdi\/gdi-una-formacion-llena-de-ventajas\/#article\",\"isPartOf\":{\"@id\":\"https:\/\/fg.ull.es\/portal\/gdi\/gdi-una-formacion-llena-de-ventajas\/\"},\"author\":{\"name\":\"aascanio\",\"@id\":\"https:\/\/fg.ull.es\/portal\/gdi\/#\/schema\/person\/1ad03d108c212b498a622f39176298aa\"},\"headline\":\"GDI, una formaci\u00f3n llena de ventajas\",\"datePublished\":\"2021-09-29T11:58:49+00:00\",\"dateModified\":\"2021-09-29T11:58:51+00:00\",\"mainEntityOfPage\":{\"@id\":\"https:\/\/fg.ull.es\/portal\/gdi\/gdi-una-formacion-llena-de-ventajas\/\"},\"wordCount\":321,\"publisher\":{\"@id\":\"https:\/\/fg.ull.es\/portal\/gdi\/#organization\"},\"inLanguage\":\"es\"},{\"@type\":\"WebPage\",\"@id\":\"https:\/\/fg.ull.es\/portal\/gdi\/gdi-una-formacion-llena-de-ventajas\/\",\"url\":\"https:\/\/fg.ull.es\/portal\/gdi\/gdi-una-formacion-llena-de-ventajas\/\",\"name\":\"GDI, una formaci\u00f3n llena de ventajas - Programa de Gestores de la Innovaci\u00f3n\",\"isPartOf\":{\"@id\":\"https:\/\/fg.ull.es\/portal\/gdi\/#website\"},\"datePublished\":\"2021-09-29T11:58:49+00:00\",\"dateModified\":\"2021-09-29T11:58:51+00:00\",\"breadcrumb\":{\"@id\":\"https:\/\/fg.ull.es\/portal\/gdi\/gdi-una-formacion-llena-de-ventajas\/#breadcrumb\"},\"inLanguage\":\"es\",\"potentialAction\":[{\"@type\":\"ReadAction\",\"target\":[\"https:\/\/fg.ull.es\/portal\/gdi\/gdi-una-formacion-llena-de-ventajas\/\"]}]},{\"@type\":\"BreadcrumbList\",\"@id\":\"https:\/\/fg.ull.es\/portal\/gdi\/gdi-una-formacion-llena-de-ventajas\/#breadcrumb\",\"itemListElement\":[{\"@type\":\"ListItem\",\"position\":1,\"name\":\"Portada\",\"item\":\"https:\/\/fg.ull.es\/portal\/gdi\/\"},{\"@type\":\"ListItem\",\"position\":2,\"name\":\"GDI, una formaci\u00f3n llena de ventajas\"}]},{\"@type\":\"WebSite\",\"@id\":\"https:\/\/fg.ull.es\/portal\/gdi\/#website\",\"url\":\"https:\/\/fg.ull.es\/portal\/gdi\/\",\"name\":\"Programa de Gestores de la Innovaci\u00f3n\",\"description\":\"\",\"publisher\":{\"@id\":\"https:\/\/fg.ull.es\/portal\/gdi\/#organization\"},\"potentialAction\":[{\"@type\":\"SearchAction\",\"target\":{\"@type\":\"EntryPoint\",\"urlTemplate\":\"https:\/\/fg.ull.es\/portal\/gdi\/?s={search_term_string}\"},\"query-input\":\"required name=search_term_string\"}],\"inLanguage\":\"es\"},{\"@type\":\"Organization\",\"@id\":\"https:\/\/fg.ull.es\/portal\/gdi\/#organization\",\"name\":\"FUNDACI\u00d3N CANARIA GENERAL UNIVERSIDAD DE LA LAGUNA\",\"url\":\"https:\/\/fg.ull.es\/portal\/gdi\/\",\"logo\":{\"@type\":\"ImageObject\",\"inLanguage\":\"es\",\"@id\":\"https:\/\/fg.ull.es\/portal\/gdi\/#\/schema\/logo\/image\/\",\"url\":\"https:\/\/fg.ull.es\/portal\/gdi\/wp-content\/uploads\/sites\/2\/2020\/04\/FAVICON.png\",\"contentUrl\":\"https:\/\/fg.ull.es\/portal\/gdi\/wp-content\/uploads\/sites\/2\/2020\/04\/FAVICON.png\",\"width\":512,\"height\":512,\"caption\":\"FUNDACI\u00d3N CANARIA GENERAL UNIVERSIDAD DE LA LAGUNA\"},\"image\":{\"@id\":\"https:\/\/fg.ull.es\/portal\/gdi\/#\/schema\/logo\/image\/\"}},{\"@type\":\"Person\",\"@id\":\"https:\/\/fg.ull.es\/portal\/gdi\/#\/schema\/person\/1ad03d108c212b498a622f39176298aa\",\"name\":\"aascanio\",\"image\":{\"@type\":\"ImageObject\",\"inLanguage\":\"es\",\"@id\":\"https:\/\/fg.ull.es\/portal\/gdi\/#\/schema\/person\/image\/\",\"url\":\"https:\/\/secure.gravatar.com\/avatar\/fb13c6d51e43015759a2b0b66dcd2734?s=96&d=mm&r=g\",\"contentUrl\":\"https:\/\/secure.gravatar.com\/avatar\/fb13c6d51e43015759a2b0b66dcd2734?s=96&d=mm&r=g\",\"caption\":\"aascanio\"}}]}<\/script>\n<!-- \/ Yoast SEO plugin. -->","yoast_head_json":{"title":"GDI, una formaci\u00f3n llena de ventajas - Programa de Gestores de la Innovaci\u00f3n","robots":{"index":"index","follow":"follow","max-snippet":"max-snippet:-1","max-image-preview":"max-image-preview:large","max-video-preview":"max-video-preview:-1"},"canonical":"https:\/\/fg.ull.es\/portal\/gdi\/gdi-una-formacion-llena-de-ventajas\/","og_locale":"es_ES","og_type":"article","og_title":"GDI, una formaci\u00f3n llena de ventajas - Programa de Gestores de la Innovaci\u00f3n","og_description":"El Programa de Gesti\u00f3n de la Innovaci\u00f3n de la Fundaci\u00f3n de La Universidad de La Laguna es una oportunidad formativa espl\u00e9ndida para mejorar tu curr\u00edculum y cualificaci\u00f3n laboral. La certificaci\u00f3n en las materias del Programa de Gesti\u00f3n de la Innovaci\u00f3n suponen un valor a\u00f1adido a tener en cuenta en el momento de contrataci\u00f3n de personal....","og_url":"https:\/\/fg.ull.es\/portal\/gdi\/gdi-una-formacion-llena-de-ventajas\/","og_site_name":"Programa de Gestores de la Innovaci\u00f3n","article_published_time":"2021-09-29T11:58:49+00:00","article_modified_time":"2021-09-29T11:58:51+00:00","og_image":[{"width":2250,"height":1500,"url":"https:\/\/fg.ull.es\/portal\/gdi\/wp-content\/uploads\/sites\/2\/2021\/07\/GDI-N3.jpeg","type":"image\/jpeg"}],"author":"aascanio","twitter_card":"summary_large_image","twitter_misc":{"Written by":"aascanio","Est. reading time":"2 minutos"},"schema":{"@context":"https:\/\/schema.org","@graph":[{"@type":"Article","@id":"https:\/\/fg.ull.es\/portal\/gdi\/gdi-una-formacion-llena-de-ventajas\/#article","isPartOf":{"@id":"https:\/\/fg.ull.es\/portal\/gdi\/gdi-una-formacion-llena-de-ventajas\/"},"author":{"name":"aascanio","@id":"https:\/\/fg.ull.es\/portal\/gdi\/#\/schema\/person\/1ad03d108c212b498a622f39176298aa"},"headline":"GDI, una formaci\u00f3n llena de ventajas","datePublished":"2021-09-29T11:58:49+00:00","dateModified":"2021-09-29T11:58:51+00:00","mainEntityOfPage":{"@id":"https:\/\/fg.ull.es\/portal\/gdi\/gdi-una-formacion-llena-de-ventajas\/"},"wordCount":321,"publisher":{"@id":"https:\/\/fg.ull.es\/portal\/gdi\/#organization"},"inLanguage":"es"},{"@type":"WebPage","@id":"https:\/\/fg.ull.es\/portal\/gdi\/gdi-una-formacion-llena-de-ventajas\/","url":"https:\/\/fg.ull.es\/portal\/gdi\/gdi-una-formacion-llena-de-ventajas\/","name":"GDI, una formaci\u00f3n llena de ventajas - Programa de Gestores de la Innovaci\u00f3n","isPartOf":{"@id":"https:\/\/fg.ull.es\/portal\/gdi\/#website"},"datePublished":"2021-09-29T11:58:49+00:00","dateModified":"2021-09-29T11:58:51+00:00","breadcrumb":{"@id":"https:\/\/fg.ull.es\/portal\/gdi\/gdi-una-formacion-llena-de-ventajas\/#breadcrumb"},"inLanguage":"es","potentialAction":[{"@type":"ReadAction","target":["https:\/\/fg.ull.es\/portal\/gdi\/gdi-una-formacion-llena-de-ventajas\/"]}]},{"@type":"BreadcrumbList","@id":"https:\/\/fg.ull.es\/portal\/gdi\/gdi-una-formacion-llena-de-ventajas\/#breadcrumb","itemListElement":[{"@type":"ListItem","position":1,"name":"Portada","item":"https:\/\/fg.ull.es\/portal\/gdi\/"},{"@type":"ListItem","position":2,"name":"GDI, una formaci\u00f3n llena de ventajas"}]},{"@type":"WebSite","@id":"https:\/\/fg.ull.es\/portal\/gdi\/#website","url":"https:\/\/fg.ull.es\/portal\/gdi\/","name":"Programa de Gestores de la Innovaci\u00f3n","description":"","publisher":{"@id":"https:\/\/fg.ull.es\/portal\/gdi\/#organization"},"potentialAction":[{"@type":"SearchAction","target":{"@type":"EntryPoint","urlTemplate":"https:\/\/fg.ull.es\/portal\/gdi\/?s={search_term_string}"},"query-input":"required name=search_term_string"}],"inLanguage":"es"},{"@type":"Organization","@id":"https:\/\/fg.ull.es\/portal\/gdi\/#organization","name":"FUNDACI\u00d3N CANARIA GENERAL UNIVERSIDAD DE LA LAGUNA","url":"https:\/\/fg.ull.es\/portal\/gdi\/","logo":{"@type":"ImageObject","inLanguage":"es","@id":"https:\/\/fg.ull.es\/portal\/gdi\/#\/schema\/logo\/image\/","url":"https:\/\/fg.ull.es\/portal\/gdi\/wp-content\/uploads\/sites\/2\/2020\/04\/FAVICON.png","contentUrl":"https:\/\/fg.ull.es\/portal\/gdi\/wp-content\/uploads\/sites\/2\/2020\/04\/FAVICON.png","width":512,"height":512,"caption":"FUNDACI\u00d3N CANARIA GENERAL UNIVERSIDAD DE LA LAGUNA"},"image":{"@id":"https:\/\/fg.ull.es\/portal\/gdi\/#\/schema\/logo\/image\/"}},{"@type":"Person","@id":"https:\/\/fg.ull.es\/portal\/gdi\/#\/schema\/person\/1ad03d108c212b498a622f39176298aa","name":"aascanio","image":{"@type":"ImageObject","inLanguage":"es","@id":"https:\/\/fg.ull.es\/portal\/gdi\/#\/schema\/person\/image\/","url":"https:\/\/secure.gravatar.com\/avatar\/fb13c6d51e43015759a2b0b66dcd2734?s=96&d=mm&r=g","contentUrl":"https:\/\/secure.gravatar.com\/avatar\/fb13c6d51e43015759a2b0b66dcd2734?s=96&d=mm&r=g","caption":"aascanio"}}]}},"_links":{"self":[{"href":"https:\/\/fg.ull.es\/portal\/gdi\/wp-json\/wp\/v2\/posts\/6418"}],"collection":[{"href":"https:\/\/fg.ull.es\/portal\/gdi\/wp-json\/wp\/v2\/posts"}],"about":[{"href":"https:\/\/fg.ull.es\/portal\/gdi\/wp-json\/wp\/v2\/types\/post"}],"author":[{"embeddable":true,"href":"https:\/\/fg.ull.es\/portal\/gdi\/wp-json\/wp\/v2\/users\/12"}],"replies":[{"embeddable":true,"href":"https:\/\/fg.ull.es\/portal\/gdi\/wp-json\/wp\/v2\/comments?post=6418"}],"version-history":[{"count":2,"href":"https:\/\/fg.ull.es\/portal\/gdi\/wp-json\/wp\/v2\/posts\/6418\/revisions"}],"predecessor-version":[{"id":6421,"href":"https:\/\/fg.ull.es\/portal\/gdi\/wp-json\/wp\/v2\/posts\/6418\/revisions\/6421"}],"wp:featuredmedia":[{"embeddable":true,"href":"https:\/\/fg.ull.es\/portal\/gdi\/wp-json\/wp\/v2\/media\/5734"}],"wp:attachment":[{"href":"https:\/\/fg.ull.es\/portal\/gdi\/wp-json\/wp\/v2\/media?parent=6418"}],"wp:term":[{"taxonomy":"category","embeddable":true,"href":"https:\/\/fg.ull.es\/portal\/gdi\/wp-json\/wp\/v2\/categories?post=6418"},{"taxonomy":"post_tag","embeddable":true,"href":"https:\/\/fg.ull.es\/portal\/gdi\/wp-json\/wp\/v2\/tags?post=6418"}],"curies":[{"name":"wp","href":"https:\/\/api.w.org\/{rel}","templated":true}]}}