{"id":6403,"date":"2021-09-23T12:12:27","date_gmt":"2021-09-23T12:12:27","guid":{"rendered":"https:\/\/fg.ull.es\/portal\/gdi\/?p=6403"},"modified":"2021-09-23T12:12:29","modified_gmt":"2021-09-23T12:12:29","slug":"listado-definitivo-de-empresas-participantes-en-el-programa-de-formacion-de-gestion-de-la-innovacion-2021","status":"publish","type":"post","link":"https:\/\/fg.ull.es\/portal\/gdi\/listado-definitivo-de-empresas-participantes-en-el-programa-de-formacion-de-gestion-de-la-innovacion-2021\/","title":{"rendered":"Listado definitivo de empresas participantes en el Programa de Formaci\u00f3n de Gesti\u00f3n de la Innovaci\u00f3n 2021"},"content":{"rendered":"\n<p>El d\u00eda 21 de septiembre de 2021 se publica el\u00a0<strong>listado definitivo de empresas interesadas en participar en el Programa Formativo.<\/strong><\/p>\n\n\n\n<p>En el siguiente enlace se podr\u00e1 visualizar el\u00a0<a href=\"https:\/\/drive.google.com\/file\/d\/1xcpuyV8xbk6ukuote_RruszAcK9QANDa\/view?usp=sharing\" target=\"_blank\" rel=\"noreferrer noopener nofollow\"><strong>Listado definitivo de empresas participantes en el Programa<\/strong>.<\/a><\/p>\n\n\n\n<p>Los participantes seleccionados acoger\u00e1n a parte del alumnado como personal en pr\u00e1cticas. Alumnos y alumnas que han recibido formaci\u00f3n como Consultores\/as de la innovaci\u00f3n durante las semanas precedentes y que en esta fase aplicar\u00e1n de manera pr\u00e1ctica los conocimientos adquiridos.<\/p>\n\n\n\n<p><em>El Programa de Formaci\u00f3n de Gestores de la Innovaci\u00f3n 2021, est\u00e1 impulsado en colaboraci\u00f3n con la Agencia Canaria de Investigaci\u00f3n, Innovaci\u00f3n y Sociedad de la Informaci\u00f3n (ACIISI) del Gobierno de Canarias y cofinanciado en un 85% por el Fondo Social Europeo (FSE) en los t\u00e9rminos establecidos en el Programa Operativo de Canarias 2014-2020, en el Eje prioritario 1, Objetivo tem\u00e1tico 8, Prioridad de inversi\u00f3n 8.1, Objetivo espec\u00edfico 8.1.2.<\/em><\/p>\n","protected":false},"excerpt":{"rendered":"<p>El d\u00eda 21 de septiembre de 2021 se publica el\u00a0listado definitivo de empresas interesadas en participar en el Programa Formativo. En el siguiente enlace se podr\u00e1 visualizar el\u00a0Listado definitivo de empresas participantes en el Programa. Los participantes seleccionados acoger\u00e1n a parte del alumnado como personal en pr\u00e1cticas. Alumnos y alumnas que han recibido formaci\u00f3n como&#8230;<\/p>\n","protected":false},"author":9,"featured_media":4651,"comment_status":"closed","ping_status":"closed","sticky":false,"template":"","format":"standard","meta":{"footnotes":""},"categories":[1],"tags":[],"yoast_head":"<!-- This site is optimized with the Yoast SEO plugin v21.1 - https:\/\/yoast.com\/wordpress\/plugins\/seo\/ -->\n<title>Listado definitivo de empresas participantes en el Programa de Formaci\u00f3n de Gesti\u00f3n de la Innovaci\u00f3n 2021 - Programa de Gestores de la Innovaci\u00f3n<\/title>\n<meta name=\"robots\" content=\"index, follow, max-snippet:-1, max-image-preview:large, max-video-preview:-1\" \/>\n<link rel=\"canonical\" href=\"https:\/\/fg.ull.es\/portal\/gdi\/listado-definitivo-de-empresas-participantes-en-el-programa-de-formacion-de-gestion-de-la-innovacion-2021\/\" \/>\n<meta property=\"og:locale\" content=\"es_ES\" \/>\n<meta property=\"og:type\" content=\"article\" \/>\n<meta property=\"og:title\" content=\"Listado definitivo de empresas participantes en el Programa de Formaci\u00f3n de Gesti\u00f3n de la Innovaci\u00f3n 2021 - Programa de Gestores de la Innovaci\u00f3n\" \/>\n<meta property=\"og:description\" content=\"El d\u00eda 21 de septiembre de 2021 se publica el\u00a0listado definitivo de empresas interesadas en participar en el Programa Formativo. En el siguiente enlace se podr\u00e1 visualizar el\u00a0Listado definitivo de empresas participantes en el Programa. Los participantes seleccionados acoger\u00e1n a parte del alumnado como personal en pr\u00e1cticas. Alumnos y alumnas que han recibido formaci\u00f3n como...\" \/>\n<meta property=\"og:url\" content=\"https:\/\/fg.ull.es\/portal\/gdi\/listado-definitivo-de-empresas-participantes-en-el-programa-de-formacion-de-gestion-de-la-innovacion-2021\/\" \/>\n<meta property=\"og:site_name\" content=\"Programa de Gestores de la Innovaci\u00f3n\" \/>\n<meta property=\"article:published_time\" content=\"2021-09-23T12:12:27+00:00\" \/>\n<meta property=\"article:modified_time\" content=\"2021-09-23T12:12:29+00:00\" \/>\n<meta property=\"og:image\" content=\"https:\/\/fg.ull.es\/portal\/gdi\/wp-content\/uploads\/sites\/2\/2020\/11\/BannersGDI2020-2.jpg\" \/>\n\t<meta property=\"og:image:width\" content=\"1200\" \/>\n\t<meta property=\"og:image:height\" content=\"628\" \/>\n\t<meta property=\"og:image:type\" content=\"image\/jpeg\" \/>\n<meta name=\"author\" content=\"foguisado\" \/>\n<meta name=\"twitter:card\" content=\"summary_large_image\" \/>\n<meta name=\"twitter:label1\" content=\"Written by\" \/>\n\t<meta name=\"twitter:data1\" content=\"foguisado\" \/>\n\t<meta name=\"twitter:label2\" content=\"Est. reading time\" \/>\n\t<meta name=\"twitter:data2\" content=\"1 minuto\" \/>\n<script type=\"application\/ld+json\" class=\"yoast-schema-graph\">{\"@context\":\"https:\/\/schema.org\",\"@graph\":[{\"@type\":\"Article\",\"@id\":\"https:\/\/fg.ull.es\/portal\/gdi\/listado-definitivo-de-empresas-participantes-en-el-programa-de-formacion-de-gestion-de-la-innovacion-2021\/#article\",\"isPartOf\":{\"@id\":\"https:\/\/fg.ull.es\/portal\/gdi\/listado-definitivo-de-empresas-participantes-en-el-programa-de-formacion-de-gestion-de-la-innovacion-2021\/\"},\"author\":{\"name\":\"foguisado\",\"@id\":\"https:\/\/fg.ull.es\/portal\/gdi\/#\/schema\/person\/cd0f7ca826926dd4a0eb25f9c8fb0bb3\"},\"headline\":\"Listado definitivo de empresas participantes en el Programa de Formaci\u00f3n de Gesti\u00f3n de la Innovaci\u00f3n 2021\",\"datePublished\":\"2021-09-23T12:12:27+00:00\",\"dateModified\":\"2021-09-23T12:12:29+00:00\",\"mainEntityOfPage\":{\"@id\":\"https:\/\/fg.ull.es\/portal\/gdi\/listado-definitivo-de-empresas-participantes-en-el-programa-de-formacion-de-gestion-de-la-innovacion-2021\/\"},\"wordCount\":173,\"publisher\":{\"@id\":\"https:\/\/fg.ull.es\/portal\/gdi\/#organization\"},\"inLanguage\":\"es\"},{\"@type\":\"WebPage\",\"@id\":\"https:\/\/fg.ull.es\/portal\/gdi\/listado-definitivo-de-empresas-participantes-en-el-programa-de-formacion-de-gestion-de-la-innovacion-2021\/\",\"url\":\"https:\/\/fg.ull.es\/portal\/gdi\/listado-definitivo-de-empresas-participantes-en-el-programa-de-formacion-de-gestion-de-la-innovacion-2021\/\",\"name\":\"Listado definitivo de empresas participantes en el Programa de Formaci\u00f3n de Gesti\u00f3n de la Innovaci\u00f3n 2021 - Programa de Gestores de la Innovaci\u00f3n\",\"isPartOf\":{\"@id\":\"https:\/\/fg.ull.es\/portal\/gdi\/#website\"},\"datePublished\":\"2021-09-23T12:12:27+00:00\",\"dateModified\":\"2021-09-23T12:12:29+00:00\",\"breadcrumb\":{\"@id\":\"https:\/\/fg.ull.es\/portal\/gdi\/listado-definitivo-de-empresas-participantes-en-el-programa-de-formacion-de-gestion-de-la-innovacion-2021\/#breadcrumb\"},\"inLanguage\":\"es\",\"potentialAction\":[{\"@type\":\"ReadAction\",\"target\":[\"https:\/\/fg.ull.es\/portal\/gdi\/listado-definitivo-de-empresas-participantes-en-el-programa-de-formacion-de-gestion-de-la-innovacion-2021\/\"]}]},{\"@type\":\"BreadcrumbList\",\"@id\":\"https:\/\/fg.ull.es\/portal\/gdi\/listado-definitivo-de-empresas-participantes-en-el-programa-de-formacion-de-gestion-de-la-innovacion-2021\/#breadcrumb\",\"itemListElement\":[{\"@type\":\"ListItem\",\"position\":1,\"name\":\"Portada\",\"item\":\"https:\/\/fg.ull.es\/portal\/gdi\/\"},{\"@type\":\"ListItem\",\"position\":2,\"name\":\"Listado definitivo de empresas participantes en el Programa de Formaci\u00f3n de Gesti\u00f3n de la Innovaci\u00f3n 2021\"}]},{\"@type\":\"WebSite\",\"@id\":\"https:\/\/fg.ull.es\/portal\/gdi\/#website\",\"url\":\"https:\/\/fg.ull.es\/portal\/gdi\/\",\"name\":\"Programa de Gestores de la Innovaci\u00f3n\",\"description\":\"\",\"publisher\":{\"@id\":\"https:\/\/fg.ull.es\/portal\/gdi\/#organization\"},\"potentialAction\":[{\"@type\":\"SearchAction\",\"target\":{\"@type\":\"EntryPoint\",\"urlTemplate\":\"https:\/\/fg.ull.es\/portal\/gdi\/?s={search_term_string}\"},\"query-input\":\"required name=search_term_string\"}],\"inLanguage\":\"es\"},{\"@type\":\"Organization\",\"@id\":\"https:\/\/fg.ull.es\/portal\/gdi\/#organization\",\"name\":\"FUNDACI\u00d3N CANARIA GENERAL UNIVERSIDAD DE LA LAGUNA\",\"url\":\"https:\/\/fg.ull.es\/portal\/gdi\/\",\"logo\":{\"@type\":\"ImageObject\",\"inLanguage\":\"es\",\"@id\":\"https:\/\/fg.ull.es\/portal\/gdi\/#\/schema\/logo\/image\/\",\"url\":\"https:\/\/fg.ull.es\/portal\/gdi\/wp-content\/uploads\/sites\/2\/2020\/04\/FAVICON.png\",\"contentUrl\":\"https:\/\/fg.ull.es\/portal\/gdi\/wp-content\/uploads\/sites\/2\/2020\/04\/FAVICON.png\",\"width\":512,\"height\":512,\"caption\":\"FUNDACI\u00d3N CANARIA GENERAL UNIVERSIDAD DE LA LAGUNA\"},\"image\":{\"@id\":\"https:\/\/fg.ull.es\/portal\/gdi\/#\/schema\/logo\/image\/\"}},{\"@type\":\"Person\",\"@id\":\"https:\/\/fg.ull.es\/portal\/gdi\/#\/schema\/person\/cd0f7ca826926dd4a0eb25f9c8fb0bb3\",\"name\":\"foguisado\",\"image\":{\"@type\":\"ImageObject\",\"inLanguage\":\"es\",\"@id\":\"https:\/\/fg.ull.es\/portal\/gdi\/#\/schema\/person\/image\/\",\"url\":\"https:\/\/secure.gravatar.com\/avatar\/547f00b03d8a3f8a44c7163ced6a71da?s=96&d=mm&r=g\",\"contentUrl\":\"https:\/\/secure.gravatar.com\/avatar\/547f00b03d8a3f8a44c7163ced6a71da?s=96&d=mm&r=g\",\"caption\":\"foguisado\"}}]}<\/script>\n<!-- \/ Yoast SEO plugin. -->","yoast_head_json":{"title":"Listado definitivo de empresas participantes en el Programa de Formaci\u00f3n de Gesti\u00f3n de la Innovaci\u00f3n 2021 - Programa de Gestores de la Innovaci\u00f3n","robots":{"index":"index","follow":"follow","max-snippet":"max-snippet:-1","max-image-preview":"max-image-preview:large","max-video-preview":"max-video-preview:-1"},"canonical":"https:\/\/fg.ull.es\/portal\/gdi\/listado-definitivo-de-empresas-participantes-en-el-programa-de-formacion-de-gestion-de-la-innovacion-2021\/","og_locale":"es_ES","og_type":"article","og_title":"Listado definitivo de empresas participantes en el Programa de Formaci\u00f3n de Gesti\u00f3n de la Innovaci\u00f3n 2021 - Programa de Gestores de la Innovaci\u00f3n","og_description":"El d\u00eda 21 de septiembre de 2021 se publica el\u00a0listado definitivo de empresas interesadas en participar en el Programa Formativo. En el siguiente enlace se podr\u00e1 visualizar el\u00a0Listado definitivo de empresas participantes en el Programa. Los participantes seleccionados acoger\u00e1n a parte del alumnado como personal en pr\u00e1cticas. Alumnos y alumnas que han recibido formaci\u00f3n como...","og_url":"https:\/\/fg.ull.es\/portal\/gdi\/listado-definitivo-de-empresas-participantes-en-el-programa-de-formacion-de-gestion-de-la-innovacion-2021\/","og_site_name":"Programa de Gestores de la Innovaci\u00f3n","article_published_time":"2021-09-23T12:12:27+00:00","article_modified_time":"2021-09-23T12:12:29+00:00","og_image":[{"width":1200,"height":628,"url":"https:\/\/fg.ull.es\/portal\/gdi\/wp-content\/uploads\/sites\/2\/2020\/11\/BannersGDI2020-2.jpg","type":"image\/jpeg"}],"author":"foguisado","twitter_card":"summary_large_image","twitter_misc":{"Written by":"foguisado","Est. reading time":"1 minuto"},"schema":{"@context":"https:\/\/schema.org","@graph":[{"@type":"Article","@id":"https:\/\/fg.ull.es\/portal\/gdi\/listado-definitivo-de-empresas-participantes-en-el-programa-de-formacion-de-gestion-de-la-innovacion-2021\/#article","isPartOf":{"@id":"https:\/\/fg.ull.es\/portal\/gdi\/listado-definitivo-de-empresas-participantes-en-el-programa-de-formacion-de-gestion-de-la-innovacion-2021\/"},"author":{"name":"foguisado","@id":"https:\/\/fg.ull.es\/portal\/gdi\/#\/schema\/person\/cd0f7ca826926dd4a0eb25f9c8fb0bb3"},"headline":"Listado definitivo de empresas participantes en el Programa de Formaci\u00f3n de Gesti\u00f3n de la Innovaci\u00f3n 2021","datePublished":"2021-09-23T12:12:27+00:00","dateModified":"2021-09-23T12:12:29+00:00","mainEntityOfPage":{"@id":"https:\/\/fg.ull.es\/portal\/gdi\/listado-definitivo-de-empresas-participantes-en-el-programa-de-formacion-de-gestion-de-la-innovacion-2021\/"},"wordCount":173,"publisher":{"@id":"https:\/\/fg.ull.es\/portal\/gdi\/#organization"},"inLanguage":"es"},{"@type":"WebPage","@id":"https:\/\/fg.ull.es\/portal\/gdi\/listado-definitivo-de-empresas-participantes-en-el-programa-de-formacion-de-gestion-de-la-innovacion-2021\/","url":"https:\/\/fg.ull.es\/portal\/gdi\/listado-definitivo-de-empresas-participantes-en-el-programa-de-formacion-de-gestion-de-la-innovacion-2021\/","name":"Listado definitivo de empresas participantes en el Programa de Formaci\u00f3n de Gesti\u00f3n de la Innovaci\u00f3n 2021 - Programa de Gestores de la Innovaci\u00f3n","isPartOf":{"@id":"https:\/\/fg.ull.es\/portal\/gdi\/#website"},"datePublished":"2021-09-23T12:12:27+00:00","dateModified":"2021-09-23T12:12:29+00:00","breadcrumb":{"@id":"https:\/\/fg.ull.es\/portal\/gdi\/listado-definitivo-de-empresas-participantes-en-el-programa-de-formacion-de-gestion-de-la-innovacion-2021\/#breadcrumb"},"inLanguage":"es","potentialAction":[{"@type":"ReadAction","target":["https:\/\/fg.ull.es\/portal\/gdi\/listado-definitivo-de-empresas-participantes-en-el-programa-de-formacion-de-gestion-de-la-innovacion-2021\/"]}]},{"@type":"BreadcrumbList","@id":"https:\/\/fg.ull.es\/portal\/gdi\/listado-definitivo-de-empresas-participantes-en-el-programa-de-formacion-de-gestion-de-la-innovacion-2021\/#breadcrumb","itemListElement":[{"@type":"ListItem","position":1,"name":"Portada","item":"https:\/\/fg.ull.es\/portal\/gdi\/"},{"@type":"ListItem","position":2,"name":"Listado definitivo de empresas participantes en el Programa de Formaci\u00f3n de Gesti\u00f3n de la Innovaci\u00f3n 2021"}]},{"@type":"WebSite","@id":"https:\/\/fg.ull.es\/portal\/gdi\/#website","url":"https:\/\/fg.ull.es\/portal\/gdi\/","name":"Programa de Gestores de la Innovaci\u00f3n","description":"","publisher":{"@id":"https:\/\/fg.ull.es\/portal\/gdi\/#organization"},"potentialAction":[{"@type":"SearchAction","target":{"@type":"EntryPoint","urlTemplate":"https:\/\/fg.ull.es\/portal\/gdi\/?s={search_term_string}"},"query-input":"required name=search_term_string"}],"inLanguage":"es"},{"@type":"Organization","@id":"https:\/\/fg.ull.es\/portal\/gdi\/#organization","name":"FUNDACI\u00d3N CANARIA GENERAL UNIVERSIDAD DE LA LAGUNA","url":"https:\/\/fg.ull.es\/portal\/gdi\/","logo":{"@type":"ImageObject","inLanguage":"es","@id":"https:\/\/fg.ull.es\/portal\/gdi\/#\/schema\/logo\/image\/","url":"https:\/\/fg.ull.es\/portal\/gdi\/wp-content\/uploads\/sites\/2\/2020\/04\/FAVICON.png","contentUrl":"https:\/\/fg.ull.es\/portal\/gdi\/wp-content\/uploads\/sites\/2\/2020\/04\/FAVICON.png","width":512,"height":512,"caption":"FUNDACI\u00d3N CANARIA GENERAL UNIVERSIDAD DE LA LAGUNA"},"image":{"@id":"https:\/\/fg.ull.es\/portal\/gdi\/#\/schema\/logo\/image\/"}},{"@type":"Person","@id":"https:\/\/fg.ull.es\/portal\/gdi\/#\/schema\/person\/cd0f7ca826926dd4a0eb25f9c8fb0bb3","name":"foguisado","image":{"@type":"ImageObject","inLanguage":"es","@id":"https:\/\/fg.ull.es\/portal\/gdi\/#\/schema\/person\/image\/","url":"https:\/\/secure.gravatar.com\/avatar\/547f00b03d8a3f8a44c7163ced6a71da?s=96&d=mm&r=g","contentUrl":"https:\/\/secure.gravatar.com\/avatar\/547f00b03d8a3f8a44c7163ced6a71da?s=96&d=mm&r=g","caption":"foguisado"}}]}},"_links":{"self":[{"href":"https:\/\/fg.ull.es\/portal\/gdi\/wp-json\/wp\/v2\/posts\/6403"}],"collection":[{"href":"https:\/\/fg.ull.es\/portal\/gdi\/wp-json\/wp\/v2\/posts"}],"about":[{"href":"https:\/\/fg.ull.es\/portal\/gdi\/wp-json\/wp\/v2\/types\/post"}],"author":[{"embeddable":true,"href":"https:\/\/fg.ull.es\/portal\/gdi\/wp-json\/wp\/v2\/users\/9"}],"replies":[{"embeddable":true,"href":"https:\/\/fg.ull.es\/portal\/gdi\/wp-json\/wp\/v2\/comments?post=6403"}],"version-history":[{"count":1,"href":"https:\/\/fg.ull.es\/portal\/gdi\/wp-json\/wp\/v2\/posts\/6403\/revisions"}],"predecessor-version":[{"id":6404,"href":"https:\/\/fg.ull.es\/portal\/gdi\/wp-json\/wp\/v2\/posts\/6403\/revisions\/6404"}],"wp:featuredmedia":[{"embeddable":true,"href":"https:\/\/fg.ull.es\/portal\/gdi\/wp-json\/wp\/v2\/media\/4651"}],"wp:attachment":[{"href":"https:\/\/fg.ull.es\/portal\/gdi\/wp-json\/wp\/v2\/media?parent=6403"}],"wp:term":[{"taxonomy":"category","embeddable":true,"href":"https:\/\/fg.ull.es\/portal\/gdi\/wp-json\/wp\/v2\/categories?post=6403"},{"taxonomy":"post_tag","embeddable":true,"href":"https:\/\/fg.ull.es\/portal\/gdi\/wp-json\/wp\/v2\/tags?post=6403"}],"curies":[{"name":"wp","href":"https:\/\/api.w.org\/{rel}","templated":true}]}}