{"id":6400,"date":"2021-09-23T12:07:29","date_gmt":"2021-09-23T12:07:29","guid":{"rendered":"https:\/\/fg.ull.es\/portal\/gdi\/?p=6400"},"modified":"2021-09-23T12:07:31","modified_gmt":"2021-09-23T12:07:31","slug":"listado-provisional-de-personas-admitidas-y-excluidas-formacion-practica-consultoria-innovacion-2021","status":"publish","type":"post","link":"https:\/\/fg.ull.es\/portal\/gdi\/listado-provisional-de-personas-admitidas-y-excluidas-formacion-practica-consultoria-innovacion-2021\/","title":{"rendered":"Listado provisional de personas admitidas y excluidas formaci\u00f3n pr\u00e1ctica Consultor\u00eda Innovaci\u00f3n 2021"},"content":{"rendered":"\n<p>Hoy d\u00eda 23 de septiembre de 2021 se publica el\u00a0<strong><a href=\"https:\/\/drive.google.com\/file\/d\/1Wff_aryqZbWc_wiX7mF0egro_uNUMdl3\/view?usp=sharing\" target=\"_blank\" rel=\"noreferrer noopener nofollow\">listado provisional de personas<\/a>\u00a0<\/strong>interesadas en la formaci\u00f3n pr\u00e1ctica\u00a0<strong>Consultor\u00eda en Innovaci\u00f3n<\/strong>,dentro de este Programa Formativo. Los solicitantes que as\u00ed lo estimen oportuno podr\u00e1n realizar alegaciones al presente listado hasta el\u00a0<strong>viernes 24 de septiembre de 2021 a las 23:59 a.m<\/strong>.<\/p>\n\n\n\n<p>La realizaci\u00f3n de alegaciones y eventuales consultas se realizar\u00e1n exclusivamente a trav\u00e9s del correo electr\u00f3nico\u00a0<a href=\"mailto:gdi@fg.ull.es\">gdi@fg.ull.es<\/a>\u00a0indicando en el asunto \u201cAlegaci\u00f3n al proceso de selecci\u00f3n de formaci\u00f3n pr\u00e1ctica de Consultor\u00eda Innovaci\u00f3n\u201d<\/p>\n\n\n\n<p><em>El Programa de Formaci\u00f3n de Gestores de la Innovaci\u00f3n 2021, est\u00e1 impulsado en colaboraci\u00f3n con la Agencia Canaria de Investigaci\u00f3n, Innovaci\u00f3n y Sociedad de la Informaci\u00f3n (ACIISI) del Gobierno de Canarias y cofinanciado en un 85% por el Fondo Social Europeo (FSE) en los t\u00e9rminos establecidos en el Programa Operativo de Canarias 2014-2020, en el Eje prioritario 1, Objetivo tem\u00e1tico 8, Prioridad de inversi\u00f3n 8.1, Objetivo espec\u00edfico 8.1.2<\/em><\/p>\n","protected":false},"excerpt":{"rendered":"<p>Hoy d\u00eda 23 de septiembre de 2021 se publica el\u00a0listado provisional de personas\u00a0interesadas en la formaci\u00f3n pr\u00e1ctica\u00a0Consultor\u00eda en Innovaci\u00f3n,dentro de este Programa Formativo. Los solicitantes que as\u00ed lo estimen oportuno podr\u00e1n realizar alegaciones al presente listado hasta el\u00a0viernes 24 de septiembre de 2021 a las 23:59 a.m. La realizaci\u00f3n de alegaciones y eventuales consultas se&#8230;<\/p>\n","protected":false},"author":9,"featured_media":4035,"comment_status":"closed","ping_status":"closed","sticky":false,"template":"","format":"standard","meta":{"footnotes":""},"categories":[13,17],"tags":[],"yoast_head":"<!-- This site is optimized with the Yoast SEO plugin v21.1 - https:\/\/yoast.com\/wordpress\/plugins\/seo\/ -->\n<title>Listado provisional de personas admitidas y excluidas formaci\u00f3n pr\u00e1ctica Consultor\u00eda Innovaci\u00f3n 2021 - Programa de Gestores de la Innovaci\u00f3n<\/title>\n<meta name=\"robots\" content=\"index, follow, max-snippet:-1, max-image-preview:large, max-video-preview:-1\" \/>\n<link rel=\"canonical\" href=\"https:\/\/fg.ull.es\/portal\/gdi\/listado-provisional-de-personas-admitidas-y-excluidas-formacion-practica-consultoria-innovacion-2021\/\" \/>\n<meta property=\"og:locale\" content=\"es_ES\" \/>\n<meta property=\"og:type\" content=\"article\" \/>\n<meta property=\"og:title\" content=\"Listado provisional de personas admitidas y excluidas formaci\u00f3n pr\u00e1ctica Consultor\u00eda Innovaci\u00f3n 2021 - Programa de Gestores de la Innovaci\u00f3n\" \/>\n<meta property=\"og:description\" content=\"Hoy d\u00eda 23 de septiembre de 2021 se publica el\u00a0listado provisional de personas\u00a0interesadas en la formaci\u00f3n pr\u00e1ctica\u00a0Consultor\u00eda en Innovaci\u00f3n,dentro de este Programa Formativo. Los solicitantes que as\u00ed lo estimen oportuno podr\u00e1n realizar alegaciones al presente listado hasta el\u00a0viernes 24 de septiembre de 2021 a las 23:59 a.m. La realizaci\u00f3n de alegaciones y eventuales consultas se...\" \/>\n<meta property=\"og:url\" content=\"https:\/\/fg.ull.es\/portal\/gdi\/listado-provisional-de-personas-admitidas-y-excluidas-formacion-practica-consultoria-innovacion-2021\/\" \/>\n<meta property=\"og:site_name\" content=\"Programa de Gestores de la Innovaci\u00f3n\" \/>\n<meta property=\"article:published_time\" content=\"2021-09-23T12:07:29+00:00\" \/>\n<meta property=\"article:modified_time\" content=\"2021-09-23T12:07:31+00:00\" \/>\n<meta property=\"og:image\" content=\"https:\/\/fg.ull.es\/portal\/gdi\/wp-content\/uploads\/sites\/2\/2020\/09\/Banners-GDI-6-scaled.jpg\" \/>\n\t<meta property=\"og:image:width\" content=\"2560\" \/>\n\t<meta property=\"og:image:height\" content=\"1340\" \/>\n\t<meta property=\"og:image:type\" content=\"image\/jpeg\" \/>\n<meta name=\"author\" content=\"foguisado\" \/>\n<meta name=\"twitter:card\" content=\"summary_large_image\" \/>\n<meta name=\"twitter:label1\" content=\"Written by\" \/>\n\t<meta name=\"twitter:data1\" content=\"foguisado\" \/>\n\t<meta name=\"twitter:label2\" content=\"Est. reading time\" \/>\n\t<meta name=\"twitter:data2\" content=\"1 minuto\" \/>\n<script type=\"application\/ld+json\" class=\"yoast-schema-graph\">{\"@context\":\"https:\/\/schema.org\",\"@graph\":[{\"@type\":\"Article\",\"@id\":\"https:\/\/fg.ull.es\/portal\/gdi\/listado-provisional-de-personas-admitidas-y-excluidas-formacion-practica-consultoria-innovacion-2021\/#article\",\"isPartOf\":{\"@id\":\"https:\/\/fg.ull.es\/portal\/gdi\/listado-provisional-de-personas-admitidas-y-excluidas-formacion-practica-consultoria-innovacion-2021\/\"},\"author\":{\"name\":\"foguisado\",\"@id\":\"https:\/\/fg.ull.es\/portal\/gdi\/#\/schema\/person\/cd0f7ca826926dd4a0eb25f9c8fb0bb3\"},\"headline\":\"Listado provisional de personas admitidas y excluidas formaci\u00f3n pr\u00e1ctica Consultor\u00eda Innovaci\u00f3n 2021\",\"datePublished\":\"2021-09-23T12:07:29+00:00\",\"dateModified\":\"2021-09-23T12:07:31+00:00\",\"mainEntityOfPage\":{\"@id\":\"https:\/\/fg.ull.es\/portal\/gdi\/listado-provisional-de-personas-admitidas-y-excluidas-formacion-practica-consultoria-innovacion-2021\/\"},\"wordCount\":185,\"publisher\":{\"@id\":\"https:\/\/fg.ull.es\/portal\/gdi\/#organization\"},\"articleSection\":[\"listado provisional\",\"listado provisional personas admitidas y excluidas\"],\"inLanguage\":\"es\"},{\"@type\":\"WebPage\",\"@id\":\"https:\/\/fg.ull.es\/portal\/gdi\/listado-provisional-de-personas-admitidas-y-excluidas-formacion-practica-consultoria-innovacion-2021\/\",\"url\":\"https:\/\/fg.ull.es\/portal\/gdi\/listado-provisional-de-personas-admitidas-y-excluidas-formacion-practica-consultoria-innovacion-2021\/\",\"name\":\"Listado provisional de personas admitidas y excluidas formaci\u00f3n pr\u00e1ctica Consultor\u00eda Innovaci\u00f3n 2021 - Programa de Gestores de la Innovaci\u00f3n\",\"isPartOf\":{\"@id\":\"https:\/\/fg.ull.es\/portal\/gdi\/#website\"},\"datePublished\":\"2021-09-23T12:07:29+00:00\",\"dateModified\":\"2021-09-23T12:07:31+00:00\",\"breadcrumb\":{\"@id\":\"https:\/\/fg.ull.es\/portal\/gdi\/listado-provisional-de-personas-admitidas-y-excluidas-formacion-practica-consultoria-innovacion-2021\/#breadcrumb\"},\"inLanguage\":\"es\",\"potentialAction\":[{\"@type\":\"ReadAction\",\"target\":[\"https:\/\/fg.ull.es\/portal\/gdi\/listado-provisional-de-personas-admitidas-y-excluidas-formacion-practica-consultoria-innovacion-2021\/\"]}]},{\"@type\":\"BreadcrumbList\",\"@id\":\"https:\/\/fg.ull.es\/portal\/gdi\/listado-provisional-de-personas-admitidas-y-excluidas-formacion-practica-consultoria-innovacion-2021\/#breadcrumb\",\"itemListElement\":[{\"@type\":\"ListItem\",\"position\":1,\"name\":\"Portada\",\"item\":\"https:\/\/fg.ull.es\/portal\/gdi\/\"},{\"@type\":\"ListItem\",\"position\":2,\"name\":\"Listado provisional de personas admitidas y excluidas formaci\u00f3n pr\u00e1ctica Consultor\u00eda Innovaci\u00f3n 2021\"}]},{\"@type\":\"WebSite\",\"@id\":\"https:\/\/fg.ull.es\/portal\/gdi\/#website\",\"url\":\"https:\/\/fg.ull.es\/portal\/gdi\/\",\"name\":\"Programa de Gestores de la Innovaci\u00f3n\",\"description\":\"\",\"publisher\":{\"@id\":\"https:\/\/fg.ull.es\/portal\/gdi\/#organization\"},\"potentialAction\":[{\"@type\":\"SearchAction\",\"target\":{\"@type\":\"EntryPoint\",\"urlTemplate\":\"https:\/\/fg.ull.es\/portal\/gdi\/?s={search_term_string}\"},\"query-input\":\"required name=search_term_string\"}],\"inLanguage\":\"es\"},{\"@type\":\"Organization\",\"@id\":\"https:\/\/fg.ull.es\/portal\/gdi\/#organization\",\"name\":\"FUNDACI\u00d3N CANARIA GENERAL UNIVERSIDAD DE LA LAGUNA\",\"url\":\"https:\/\/fg.ull.es\/portal\/gdi\/\",\"logo\":{\"@type\":\"ImageObject\",\"inLanguage\":\"es\",\"@id\":\"https:\/\/fg.ull.es\/portal\/gdi\/#\/schema\/logo\/image\/\",\"url\":\"https:\/\/fg.ull.es\/portal\/gdi\/wp-content\/uploads\/sites\/2\/2020\/04\/FAVICON.png\",\"contentUrl\":\"https:\/\/fg.ull.es\/portal\/gdi\/wp-content\/uploads\/sites\/2\/2020\/04\/FAVICON.png\",\"width\":512,\"height\":512,\"caption\":\"FUNDACI\u00d3N CANARIA GENERAL UNIVERSIDAD DE LA LAGUNA\"},\"image\":{\"@id\":\"https:\/\/fg.ull.es\/portal\/gdi\/#\/schema\/logo\/image\/\"}},{\"@type\":\"Person\",\"@id\":\"https:\/\/fg.ull.es\/portal\/gdi\/#\/schema\/person\/cd0f7ca826926dd4a0eb25f9c8fb0bb3\",\"name\":\"foguisado\",\"image\":{\"@type\":\"ImageObject\",\"inLanguage\":\"es\",\"@id\":\"https:\/\/fg.ull.es\/portal\/gdi\/#\/schema\/person\/image\/\",\"url\":\"https:\/\/secure.gravatar.com\/avatar\/547f00b03d8a3f8a44c7163ced6a71da?s=96&d=mm&r=g\",\"contentUrl\":\"https:\/\/secure.gravatar.com\/avatar\/547f00b03d8a3f8a44c7163ced6a71da?s=96&d=mm&r=g\",\"caption\":\"foguisado\"}}]}<\/script>\n<!-- \/ Yoast SEO plugin. -->","yoast_head_json":{"title":"Listado provisional de personas admitidas y excluidas formaci\u00f3n pr\u00e1ctica Consultor\u00eda Innovaci\u00f3n 2021 - Programa de Gestores de la Innovaci\u00f3n","robots":{"index":"index","follow":"follow","max-snippet":"max-snippet:-1","max-image-preview":"max-image-preview:large","max-video-preview":"max-video-preview:-1"},"canonical":"https:\/\/fg.ull.es\/portal\/gdi\/listado-provisional-de-personas-admitidas-y-excluidas-formacion-practica-consultoria-innovacion-2021\/","og_locale":"es_ES","og_type":"article","og_title":"Listado provisional de personas admitidas y excluidas formaci\u00f3n pr\u00e1ctica Consultor\u00eda Innovaci\u00f3n 2021 - Programa de Gestores de la Innovaci\u00f3n","og_description":"Hoy d\u00eda 23 de septiembre de 2021 se publica el\u00a0listado provisional de personas\u00a0interesadas en la formaci\u00f3n pr\u00e1ctica\u00a0Consultor\u00eda en Innovaci\u00f3n,dentro de este Programa Formativo. Los solicitantes que as\u00ed lo estimen oportuno podr\u00e1n realizar alegaciones al presente listado hasta el\u00a0viernes 24 de septiembre de 2021 a las 23:59 a.m. La realizaci\u00f3n de alegaciones y eventuales consultas se...","og_url":"https:\/\/fg.ull.es\/portal\/gdi\/listado-provisional-de-personas-admitidas-y-excluidas-formacion-practica-consultoria-innovacion-2021\/","og_site_name":"Programa de Gestores de la Innovaci\u00f3n","article_published_time":"2021-09-23T12:07:29+00:00","article_modified_time":"2021-09-23T12:07:31+00:00","og_image":[{"width":2560,"height":1340,"url":"https:\/\/fg.ull.es\/portal\/gdi\/wp-content\/uploads\/sites\/2\/2020\/09\/Banners-GDI-6-scaled.jpg","type":"image\/jpeg"}],"author":"foguisado","twitter_card":"summary_large_image","twitter_misc":{"Written by":"foguisado","Est. reading time":"1 minuto"},"schema":{"@context":"https:\/\/schema.org","@graph":[{"@type":"Article","@id":"https:\/\/fg.ull.es\/portal\/gdi\/listado-provisional-de-personas-admitidas-y-excluidas-formacion-practica-consultoria-innovacion-2021\/#article","isPartOf":{"@id":"https:\/\/fg.ull.es\/portal\/gdi\/listado-provisional-de-personas-admitidas-y-excluidas-formacion-practica-consultoria-innovacion-2021\/"},"author":{"name":"foguisado","@id":"https:\/\/fg.ull.es\/portal\/gdi\/#\/schema\/person\/cd0f7ca826926dd4a0eb25f9c8fb0bb3"},"headline":"Listado provisional de personas admitidas y excluidas formaci\u00f3n pr\u00e1ctica Consultor\u00eda Innovaci\u00f3n 2021","datePublished":"2021-09-23T12:07:29+00:00","dateModified":"2021-09-23T12:07:31+00:00","mainEntityOfPage":{"@id":"https:\/\/fg.ull.es\/portal\/gdi\/listado-provisional-de-personas-admitidas-y-excluidas-formacion-practica-consultoria-innovacion-2021\/"},"wordCount":185,"publisher":{"@id":"https:\/\/fg.ull.es\/portal\/gdi\/#organization"},"articleSection":["listado provisional","listado provisional personas admitidas y excluidas"],"inLanguage":"es"},{"@type":"WebPage","@id":"https:\/\/fg.ull.es\/portal\/gdi\/listado-provisional-de-personas-admitidas-y-excluidas-formacion-practica-consultoria-innovacion-2021\/","url":"https:\/\/fg.ull.es\/portal\/gdi\/listado-provisional-de-personas-admitidas-y-excluidas-formacion-practica-consultoria-innovacion-2021\/","name":"Listado provisional de personas admitidas y excluidas formaci\u00f3n pr\u00e1ctica Consultor\u00eda Innovaci\u00f3n 2021 - Programa de Gestores de la Innovaci\u00f3n","isPartOf":{"@id":"https:\/\/fg.ull.es\/portal\/gdi\/#website"},"datePublished":"2021-09-23T12:07:29+00:00","dateModified":"2021-09-23T12:07:31+00:00","breadcrumb":{"@id":"https:\/\/fg.ull.es\/portal\/gdi\/listado-provisional-de-personas-admitidas-y-excluidas-formacion-practica-consultoria-innovacion-2021\/#breadcrumb"},"inLanguage":"es","potentialAction":[{"@type":"ReadAction","target":["https:\/\/fg.ull.es\/portal\/gdi\/listado-provisional-de-personas-admitidas-y-excluidas-formacion-practica-consultoria-innovacion-2021\/"]}]},{"@type":"BreadcrumbList","@id":"https:\/\/fg.ull.es\/portal\/gdi\/listado-provisional-de-personas-admitidas-y-excluidas-formacion-practica-consultoria-innovacion-2021\/#breadcrumb","itemListElement":[{"@type":"ListItem","position":1,"name":"Portada","item":"https:\/\/fg.ull.es\/portal\/gdi\/"},{"@type":"ListItem","position":2,"name":"Listado provisional de personas admitidas y excluidas formaci\u00f3n pr\u00e1ctica Consultor\u00eda Innovaci\u00f3n 2021"}]},{"@type":"WebSite","@id":"https:\/\/fg.ull.es\/portal\/gdi\/#website","url":"https:\/\/fg.ull.es\/portal\/gdi\/","name":"Programa de Gestores de la Innovaci\u00f3n","description":"","publisher":{"@id":"https:\/\/fg.ull.es\/portal\/gdi\/#organization"},"potentialAction":[{"@type":"SearchAction","target":{"@type":"EntryPoint","urlTemplate":"https:\/\/fg.ull.es\/portal\/gdi\/?s={search_term_string}"},"query-input":"required name=search_term_string"}],"inLanguage":"es"},{"@type":"Organization","@id":"https:\/\/fg.ull.es\/portal\/gdi\/#organization","name":"FUNDACI\u00d3N CANARIA GENERAL UNIVERSIDAD DE LA LAGUNA","url":"https:\/\/fg.ull.es\/portal\/gdi\/","logo":{"@type":"ImageObject","inLanguage":"es","@id":"https:\/\/fg.ull.es\/portal\/gdi\/#\/schema\/logo\/image\/","url":"https:\/\/fg.ull.es\/portal\/gdi\/wp-content\/uploads\/sites\/2\/2020\/04\/FAVICON.png","contentUrl":"https:\/\/fg.ull.es\/portal\/gdi\/wp-content\/uploads\/sites\/2\/2020\/04\/FAVICON.png","width":512,"height":512,"caption":"FUNDACI\u00d3N CANARIA GENERAL UNIVERSIDAD DE LA LAGUNA"},"image":{"@id":"https:\/\/fg.ull.es\/portal\/gdi\/#\/schema\/logo\/image\/"}},{"@type":"Person","@id":"https:\/\/fg.ull.es\/portal\/gdi\/#\/schema\/person\/cd0f7ca826926dd4a0eb25f9c8fb0bb3","name":"foguisado","image":{"@type":"ImageObject","inLanguage":"es","@id":"https:\/\/fg.ull.es\/portal\/gdi\/#\/schema\/person\/image\/","url":"https:\/\/secure.gravatar.com\/avatar\/547f00b03d8a3f8a44c7163ced6a71da?s=96&d=mm&r=g","contentUrl":"https:\/\/secure.gravatar.com\/avatar\/547f00b03d8a3f8a44c7163ced6a71da?s=96&d=mm&r=g","caption":"foguisado"}}]}},"_links":{"self":[{"href":"https:\/\/fg.ull.es\/portal\/gdi\/wp-json\/wp\/v2\/posts\/6400"}],"collection":[{"href":"https:\/\/fg.ull.es\/portal\/gdi\/wp-json\/wp\/v2\/posts"}],"about":[{"href":"https:\/\/fg.ull.es\/portal\/gdi\/wp-json\/wp\/v2\/types\/post"}],"author":[{"embeddable":true,"href":"https:\/\/fg.ull.es\/portal\/gdi\/wp-json\/wp\/v2\/users\/9"}],"replies":[{"embeddable":true,"href":"https:\/\/fg.ull.es\/portal\/gdi\/wp-json\/wp\/v2\/comments?post=6400"}],"version-history":[{"count":2,"href":"https:\/\/fg.ull.es\/portal\/gdi\/wp-json\/wp\/v2\/posts\/6400\/revisions"}],"predecessor-version":[{"id":6402,"href":"https:\/\/fg.ull.es\/portal\/gdi\/wp-json\/wp\/v2\/posts\/6400\/revisions\/6402"}],"wp:featuredmedia":[{"embeddable":true,"href":"https:\/\/fg.ull.es\/portal\/gdi\/wp-json\/wp\/v2\/media\/4035"}],"wp:attachment":[{"href":"https:\/\/fg.ull.es\/portal\/gdi\/wp-json\/wp\/v2\/media?parent=6400"}],"wp:term":[{"taxonomy":"category","embeddable":true,"href":"https:\/\/fg.ull.es\/portal\/gdi\/wp-json\/wp\/v2\/categories?post=6400"},{"taxonomy":"post_tag","embeddable":true,"href":"https:\/\/fg.ull.es\/portal\/gdi\/wp-json\/wp\/v2\/tags?post=6400"}],"curies":[{"name":"wp","href":"https:\/\/api.w.org\/{rel}","templated":true}]}}