{"id":6382,"date":"2021-09-20T13:10:12","date_gmt":"2021-09-20T13:10:12","guid":{"rendered":"https:\/\/fg.ull.es\/portal\/gdi\/?p=6382"},"modified":"2021-09-21T06:23:14","modified_gmt":"2021-09-21T06:23:14","slug":"listado-provisional-de-empresas-participantes-en-el-programa-de-formacion-de-gestion-de-la-innovacion-2021","status":"publish","type":"post","link":"https:\/\/fg.ull.es\/portal\/gdi\/listado-provisional-de-empresas-participantes-en-el-programa-de-formacion-de-gestion-de-la-innovacion-2021\/","title":{"rendered":"Listado provisional de empresas participantes en el Programa de Formaci\u00f3n de Gesti\u00f3n de la Innovaci\u00f3n 2021"},"content":{"rendered":"\n<p>Hoy d\u00eda 20 de septiembre de 2021 se publica el <strong>listado provisional de empresas <\/strong>interesadas en participar en el Programa de Formaci\u00f3n de Gesti\u00f3n de la Innovaci\u00f3n 2021. Los solicitantes que as\u00ed lo estimen oportuno podr\u00e1n realizar alegaciones al presente listado hasta el <strong>mi\u00e9rcoles 22 de septiembre de 2021 a las 14:00 horas<\/strong>.<\/p>\n\n\n\n<p>En el siguiente enlace se podr\u00e1 visualizar el <strong><a href=\"https:\/\/drive.google.com\/file\/d\/1_itHLghIVAgOmHWMOmfHU_bMoABMdBXE\/view?usp=sharing\" target=\"_blank\" rel=\"noreferrer noopener nofollow\">Listado provisional<\/a><\/strong> de empresas seleccionadas.<\/p>\n\n\n\n<p>La realizaci\u00f3n de alegaciones y eventuales consultas se realizar\u00e1n exclusivamente a trav\u00e9s del correo electr\u00f3nico <a href=\"mailto:gdi@fg.ull.es\">gdi@fg.ull.es<\/a> indicando en el asunto \u201cAlegaci\u00f3n al proceso de selecci\u00f3n de Empresas\u201d.<\/p>\n\n\n\n<p>Las entidades participantes que finalmente sean seleccionados acoger\u00e1n a parte del alumnado como personal en pr\u00e1cticas. Alumnos y alumnas que han recibido formaci\u00f3n como Consultores\/as de la innovaci\u00f3n o transformaci\u00f3n digital durante los meses precedentes y que en esta fase aplicar\u00e1n de manera pr\u00e1ctica los conocimientos adquiridos.<\/p>\n\n\n\n<p><em>El Programa de Formaci\u00f3n de Gestores de la Innovaci\u00f3n 2021, est\u00e1 impulsado en colaboraci\u00f3n con la Agencia Canaria de Investigaci\u00f3n, Innovaci\u00f3n y Sociedad de la Informaci\u00f3n (ACIISI) del Gobierno de Canarias y cofinanciado en un 85% por el Fondo Social Europeo (FSE) en los t\u00e9rminos establecidos en el Programa Operativo de Canarias 2014-2020, en el Eje prioritario 1, Objetivo tem\u00e1tico 8, Prioridad de inversi\u00f3n 8.1, Objetivo espec\u00edfico 8.1.2.<\/em><\/p>\n","protected":false},"excerpt":{"rendered":"<p>Hoy d\u00eda 20 de septiembre de 2021 se publica el listado provisional de empresas interesadas en participar en el Programa de Formaci\u00f3n de Gesti\u00f3n de la Innovaci\u00f3n 2021. Los solicitantes que as\u00ed lo estimen oportuno podr\u00e1n realizar alegaciones al presente listado hasta el mi\u00e9rcoles 22 de septiembre de 2021 a las 14:00 horas. En el&#8230;<\/p>\n","protected":false},"author":9,"featured_media":5056,"comment_status":"closed","ping_status":"closed","sticky":false,"template":"","format":"standard","meta":{"footnotes":""},"categories":[13,18,1],"tags":[],"yoast_head":"<!-- This site is optimized with the Yoast SEO plugin v21.1 - https:\/\/yoast.com\/wordpress\/plugins\/seo\/ -->\n<title>Listado provisional de empresas participantes en el Programa de Formaci\u00f3n de Gesti\u00f3n de la Innovaci\u00f3n 2021 - Programa de Gestores de la Innovaci\u00f3n<\/title>\n<meta name=\"robots\" content=\"index, follow, max-snippet:-1, max-image-preview:large, max-video-preview:-1\" \/>\n<link rel=\"canonical\" href=\"https:\/\/fg.ull.es\/portal\/gdi\/listado-provisional-de-empresas-participantes-en-el-programa-de-formacion-de-gestion-de-la-innovacion-2021\/\" \/>\n<meta property=\"og:locale\" content=\"es_ES\" \/>\n<meta property=\"og:type\" content=\"article\" \/>\n<meta property=\"og:title\" content=\"Listado provisional de empresas participantes en el Programa de Formaci\u00f3n de Gesti\u00f3n de la Innovaci\u00f3n 2021 - Programa de Gestores de la Innovaci\u00f3n\" \/>\n<meta property=\"og:description\" content=\"Hoy d\u00eda 20 de septiembre de 2021 se publica el listado provisional de empresas interesadas en participar en el Programa de Formaci\u00f3n de Gesti\u00f3n de la Innovaci\u00f3n 2021. Los solicitantes que as\u00ed lo estimen oportuno podr\u00e1n realizar alegaciones al presente listado hasta el mi\u00e9rcoles 22 de septiembre de 2021 a las 14:00 horas. En el...\" \/>\n<meta property=\"og:url\" content=\"https:\/\/fg.ull.es\/portal\/gdi\/listado-provisional-de-empresas-participantes-en-el-programa-de-formacion-de-gestion-de-la-innovacion-2021\/\" \/>\n<meta property=\"og:site_name\" content=\"Programa de Gestores de la Innovaci\u00f3n\" \/>\n<meta property=\"article:published_time\" content=\"2021-09-20T13:10:12+00:00\" \/>\n<meta property=\"article:modified_time\" content=\"2021-09-21T06:23:14+00:00\" \/>\n<meta property=\"og:image\" content=\"https:\/\/fg.ull.es\/portal\/gdi\/wp-content\/uploads\/sites\/2\/2020\/12\/BannersGDI2020-2.jpg\" \/>\n\t<meta property=\"og:image:width\" content=\"1200\" \/>\n\t<meta property=\"og:image:height\" content=\"628\" \/>\n\t<meta property=\"og:image:type\" content=\"image\/jpeg\" \/>\n<meta name=\"author\" content=\"foguisado\" \/>\n<meta name=\"twitter:card\" content=\"summary_large_image\" \/>\n<meta name=\"twitter:label1\" content=\"Written by\" \/>\n\t<meta name=\"twitter:data1\" content=\"foguisado\" \/>\n\t<meta name=\"twitter:label2\" content=\"Est. reading time\" \/>\n\t<meta name=\"twitter:data2\" content=\"1 minuto\" \/>\n<script type=\"application\/ld+json\" class=\"yoast-schema-graph\">{\"@context\":\"https:\/\/schema.org\",\"@graph\":[{\"@type\":\"Article\",\"@id\":\"https:\/\/fg.ull.es\/portal\/gdi\/listado-provisional-de-empresas-participantes-en-el-programa-de-formacion-de-gestion-de-la-innovacion-2021\/#article\",\"isPartOf\":{\"@id\":\"https:\/\/fg.ull.es\/portal\/gdi\/listado-provisional-de-empresas-participantes-en-el-programa-de-formacion-de-gestion-de-la-innovacion-2021\/\"},\"author\":{\"name\":\"foguisado\",\"@id\":\"https:\/\/fg.ull.es\/portal\/gdi\/#\/schema\/person\/cd0f7ca826926dd4a0eb25f9c8fb0bb3\"},\"headline\":\"Listado provisional de empresas participantes en el Programa de Formaci\u00f3n de Gesti\u00f3n de la Innovaci\u00f3n 2021\",\"datePublished\":\"2021-09-20T13:10:12+00:00\",\"dateModified\":\"2021-09-21T06:23:14+00:00\",\"mainEntityOfPage\":{\"@id\":\"https:\/\/fg.ull.es\/portal\/gdi\/listado-provisional-de-empresas-participantes-en-el-programa-de-formacion-de-gestion-de-la-innovacion-2021\/\"},\"wordCount\":247,\"publisher\":{\"@id\":\"https:\/\/fg.ull.es\/portal\/gdi\/#organization\"},\"articleSection\":[\"listado provisional\",\"listado provisional empresas y grupos\/centros de investigaci\u00f3n\"],\"inLanguage\":\"es\"},{\"@type\":\"WebPage\",\"@id\":\"https:\/\/fg.ull.es\/portal\/gdi\/listado-provisional-de-empresas-participantes-en-el-programa-de-formacion-de-gestion-de-la-innovacion-2021\/\",\"url\":\"https:\/\/fg.ull.es\/portal\/gdi\/listado-provisional-de-empresas-participantes-en-el-programa-de-formacion-de-gestion-de-la-innovacion-2021\/\",\"name\":\"Listado provisional de empresas participantes en el Programa de Formaci\u00f3n de Gesti\u00f3n de la Innovaci\u00f3n 2021 - Programa de Gestores de la Innovaci\u00f3n\",\"isPartOf\":{\"@id\":\"https:\/\/fg.ull.es\/portal\/gdi\/#website\"},\"datePublished\":\"2021-09-20T13:10:12+00:00\",\"dateModified\":\"2021-09-21T06:23:14+00:00\",\"breadcrumb\":{\"@id\":\"https:\/\/fg.ull.es\/portal\/gdi\/listado-provisional-de-empresas-participantes-en-el-programa-de-formacion-de-gestion-de-la-innovacion-2021\/#breadcrumb\"},\"inLanguage\":\"es\",\"potentialAction\":[{\"@type\":\"ReadAction\",\"target\":[\"https:\/\/fg.ull.es\/portal\/gdi\/listado-provisional-de-empresas-participantes-en-el-programa-de-formacion-de-gestion-de-la-innovacion-2021\/\"]}]},{\"@type\":\"BreadcrumbList\",\"@id\":\"https:\/\/fg.ull.es\/portal\/gdi\/listado-provisional-de-empresas-participantes-en-el-programa-de-formacion-de-gestion-de-la-innovacion-2021\/#breadcrumb\",\"itemListElement\":[{\"@type\":\"ListItem\",\"position\":1,\"name\":\"Portada\",\"item\":\"https:\/\/fg.ull.es\/portal\/gdi\/\"},{\"@type\":\"ListItem\",\"position\":2,\"name\":\"Listado provisional de empresas participantes en el Programa de Formaci\u00f3n de Gesti\u00f3n de la Innovaci\u00f3n 2021\"}]},{\"@type\":\"WebSite\",\"@id\":\"https:\/\/fg.ull.es\/portal\/gdi\/#website\",\"url\":\"https:\/\/fg.ull.es\/portal\/gdi\/\",\"name\":\"Programa de Gestores de la Innovaci\u00f3n\",\"description\":\"\",\"publisher\":{\"@id\":\"https:\/\/fg.ull.es\/portal\/gdi\/#organization\"},\"potentialAction\":[{\"@type\":\"SearchAction\",\"target\":{\"@type\":\"EntryPoint\",\"urlTemplate\":\"https:\/\/fg.ull.es\/portal\/gdi\/?s={search_term_string}\"},\"query-input\":\"required name=search_term_string\"}],\"inLanguage\":\"es\"},{\"@type\":\"Organization\",\"@id\":\"https:\/\/fg.ull.es\/portal\/gdi\/#organization\",\"name\":\"FUNDACI\u00d3N CANARIA GENERAL UNIVERSIDAD DE LA LAGUNA\",\"url\":\"https:\/\/fg.ull.es\/portal\/gdi\/\",\"logo\":{\"@type\":\"ImageObject\",\"inLanguage\":\"es\",\"@id\":\"https:\/\/fg.ull.es\/portal\/gdi\/#\/schema\/logo\/image\/\",\"url\":\"https:\/\/fg.ull.es\/portal\/gdi\/wp-content\/uploads\/sites\/2\/2020\/04\/FAVICON.png\",\"contentUrl\":\"https:\/\/fg.ull.es\/portal\/gdi\/wp-content\/uploads\/sites\/2\/2020\/04\/FAVICON.png\",\"width\":512,\"height\":512,\"caption\":\"FUNDACI\u00d3N CANARIA GENERAL UNIVERSIDAD DE LA LAGUNA\"},\"image\":{\"@id\":\"https:\/\/fg.ull.es\/portal\/gdi\/#\/schema\/logo\/image\/\"}},{\"@type\":\"Person\",\"@id\":\"https:\/\/fg.ull.es\/portal\/gdi\/#\/schema\/person\/cd0f7ca826926dd4a0eb25f9c8fb0bb3\",\"name\":\"foguisado\",\"image\":{\"@type\":\"ImageObject\",\"inLanguage\":\"es\",\"@id\":\"https:\/\/fg.ull.es\/portal\/gdi\/#\/schema\/person\/image\/\",\"url\":\"https:\/\/secure.gravatar.com\/avatar\/547f00b03d8a3f8a44c7163ced6a71da?s=96&d=mm&r=g\",\"contentUrl\":\"https:\/\/secure.gravatar.com\/avatar\/547f00b03d8a3f8a44c7163ced6a71da?s=96&d=mm&r=g\",\"caption\":\"foguisado\"}}]}<\/script>\n<!-- \/ Yoast SEO plugin. -->","yoast_head_json":{"title":"Listado provisional de empresas participantes en el Programa de Formaci\u00f3n de Gesti\u00f3n de la Innovaci\u00f3n 2021 - Programa de Gestores de la Innovaci\u00f3n","robots":{"index":"index","follow":"follow","max-snippet":"max-snippet:-1","max-image-preview":"max-image-preview:large","max-video-preview":"max-video-preview:-1"},"canonical":"https:\/\/fg.ull.es\/portal\/gdi\/listado-provisional-de-empresas-participantes-en-el-programa-de-formacion-de-gestion-de-la-innovacion-2021\/","og_locale":"es_ES","og_type":"article","og_title":"Listado provisional de empresas participantes en el Programa de Formaci\u00f3n de Gesti\u00f3n de la Innovaci\u00f3n 2021 - Programa de Gestores de la Innovaci\u00f3n","og_description":"Hoy d\u00eda 20 de septiembre de 2021 se publica el listado provisional de empresas interesadas en participar en el Programa de Formaci\u00f3n de Gesti\u00f3n de la Innovaci\u00f3n 2021. Los solicitantes que as\u00ed lo estimen oportuno podr\u00e1n realizar alegaciones al presente listado hasta el mi\u00e9rcoles 22 de septiembre de 2021 a las 14:00 horas. En el...","og_url":"https:\/\/fg.ull.es\/portal\/gdi\/listado-provisional-de-empresas-participantes-en-el-programa-de-formacion-de-gestion-de-la-innovacion-2021\/","og_site_name":"Programa de Gestores de la Innovaci\u00f3n","article_published_time":"2021-09-20T13:10:12+00:00","article_modified_time":"2021-09-21T06:23:14+00:00","og_image":[{"width":1200,"height":628,"url":"https:\/\/fg.ull.es\/portal\/gdi\/wp-content\/uploads\/sites\/2\/2020\/12\/BannersGDI2020-2.jpg","type":"image\/jpeg"}],"author":"foguisado","twitter_card":"summary_large_image","twitter_misc":{"Written by":"foguisado","Est. reading time":"1 minuto"},"schema":{"@context":"https:\/\/schema.org","@graph":[{"@type":"Article","@id":"https:\/\/fg.ull.es\/portal\/gdi\/listado-provisional-de-empresas-participantes-en-el-programa-de-formacion-de-gestion-de-la-innovacion-2021\/#article","isPartOf":{"@id":"https:\/\/fg.ull.es\/portal\/gdi\/listado-provisional-de-empresas-participantes-en-el-programa-de-formacion-de-gestion-de-la-innovacion-2021\/"},"author":{"name":"foguisado","@id":"https:\/\/fg.ull.es\/portal\/gdi\/#\/schema\/person\/cd0f7ca826926dd4a0eb25f9c8fb0bb3"},"headline":"Listado provisional de empresas participantes en el Programa de Formaci\u00f3n de Gesti\u00f3n de la Innovaci\u00f3n 2021","datePublished":"2021-09-20T13:10:12+00:00","dateModified":"2021-09-21T06:23:14+00:00","mainEntityOfPage":{"@id":"https:\/\/fg.ull.es\/portal\/gdi\/listado-provisional-de-empresas-participantes-en-el-programa-de-formacion-de-gestion-de-la-innovacion-2021\/"},"wordCount":247,"publisher":{"@id":"https:\/\/fg.ull.es\/portal\/gdi\/#organization"},"articleSection":["listado provisional","listado provisional empresas y grupos\/centros de investigaci\u00f3n"],"inLanguage":"es"},{"@type":"WebPage","@id":"https:\/\/fg.ull.es\/portal\/gdi\/listado-provisional-de-empresas-participantes-en-el-programa-de-formacion-de-gestion-de-la-innovacion-2021\/","url":"https:\/\/fg.ull.es\/portal\/gdi\/listado-provisional-de-empresas-participantes-en-el-programa-de-formacion-de-gestion-de-la-innovacion-2021\/","name":"Listado provisional de empresas participantes en el Programa de Formaci\u00f3n de Gesti\u00f3n de la Innovaci\u00f3n 2021 - Programa de Gestores de la Innovaci\u00f3n","isPartOf":{"@id":"https:\/\/fg.ull.es\/portal\/gdi\/#website"},"datePublished":"2021-09-20T13:10:12+00:00","dateModified":"2021-09-21T06:23:14+00:00","breadcrumb":{"@id":"https:\/\/fg.ull.es\/portal\/gdi\/listado-provisional-de-empresas-participantes-en-el-programa-de-formacion-de-gestion-de-la-innovacion-2021\/#breadcrumb"},"inLanguage":"es","potentialAction":[{"@type":"ReadAction","target":["https:\/\/fg.ull.es\/portal\/gdi\/listado-provisional-de-empresas-participantes-en-el-programa-de-formacion-de-gestion-de-la-innovacion-2021\/"]}]},{"@type":"BreadcrumbList","@id":"https:\/\/fg.ull.es\/portal\/gdi\/listado-provisional-de-empresas-participantes-en-el-programa-de-formacion-de-gestion-de-la-innovacion-2021\/#breadcrumb","itemListElement":[{"@type":"ListItem","position":1,"name":"Portada","item":"https:\/\/fg.ull.es\/portal\/gdi\/"},{"@type":"ListItem","position":2,"name":"Listado provisional de empresas participantes en el Programa de Formaci\u00f3n de Gesti\u00f3n de la Innovaci\u00f3n 2021"}]},{"@type":"WebSite","@id":"https:\/\/fg.ull.es\/portal\/gdi\/#website","url":"https:\/\/fg.ull.es\/portal\/gdi\/","name":"Programa de Gestores de la Innovaci\u00f3n","description":"","publisher":{"@id":"https:\/\/fg.ull.es\/portal\/gdi\/#organization"},"potentialAction":[{"@type":"SearchAction","target":{"@type":"EntryPoint","urlTemplate":"https:\/\/fg.ull.es\/portal\/gdi\/?s={search_term_string}"},"query-input":"required name=search_term_string"}],"inLanguage":"es"},{"@type":"Organization","@id":"https:\/\/fg.ull.es\/portal\/gdi\/#organization","name":"FUNDACI\u00d3N CANARIA GENERAL UNIVERSIDAD DE LA LAGUNA","url":"https:\/\/fg.ull.es\/portal\/gdi\/","logo":{"@type":"ImageObject","inLanguage":"es","@id":"https:\/\/fg.ull.es\/portal\/gdi\/#\/schema\/logo\/image\/","url":"https:\/\/fg.ull.es\/portal\/gdi\/wp-content\/uploads\/sites\/2\/2020\/04\/FAVICON.png","contentUrl":"https:\/\/fg.ull.es\/portal\/gdi\/wp-content\/uploads\/sites\/2\/2020\/04\/FAVICON.png","width":512,"height":512,"caption":"FUNDACI\u00d3N CANARIA GENERAL UNIVERSIDAD DE LA LAGUNA"},"image":{"@id":"https:\/\/fg.ull.es\/portal\/gdi\/#\/schema\/logo\/image\/"}},{"@type":"Person","@id":"https:\/\/fg.ull.es\/portal\/gdi\/#\/schema\/person\/cd0f7ca826926dd4a0eb25f9c8fb0bb3","name":"foguisado","image":{"@type":"ImageObject","inLanguage":"es","@id":"https:\/\/fg.ull.es\/portal\/gdi\/#\/schema\/person\/image\/","url":"https:\/\/secure.gravatar.com\/avatar\/547f00b03d8a3f8a44c7163ced6a71da?s=96&d=mm&r=g","contentUrl":"https:\/\/secure.gravatar.com\/avatar\/547f00b03d8a3f8a44c7163ced6a71da?s=96&d=mm&r=g","caption":"foguisado"}}]}},"_links":{"self":[{"href":"https:\/\/fg.ull.es\/portal\/gdi\/wp-json\/wp\/v2\/posts\/6382"}],"collection":[{"href":"https:\/\/fg.ull.es\/portal\/gdi\/wp-json\/wp\/v2\/posts"}],"about":[{"href":"https:\/\/fg.ull.es\/portal\/gdi\/wp-json\/wp\/v2\/types\/post"}],"author":[{"embeddable":true,"href":"https:\/\/fg.ull.es\/portal\/gdi\/wp-json\/wp\/v2\/users\/9"}],"replies":[{"embeddable":true,"href":"https:\/\/fg.ull.es\/portal\/gdi\/wp-json\/wp\/v2\/comments?post=6382"}],"version-history":[{"count":6,"href":"https:\/\/fg.ull.es\/portal\/gdi\/wp-json\/wp\/v2\/posts\/6382\/revisions"}],"predecessor-version":[{"id":6390,"href":"https:\/\/fg.ull.es\/portal\/gdi\/wp-json\/wp\/v2\/posts\/6382\/revisions\/6390"}],"wp:featuredmedia":[{"embeddable":true,"href":"https:\/\/fg.ull.es\/portal\/gdi\/wp-json\/wp\/v2\/media\/5056"}],"wp:attachment":[{"href":"https:\/\/fg.ull.es\/portal\/gdi\/wp-json\/wp\/v2\/media?parent=6382"}],"wp:term":[{"taxonomy":"category","embeddable":true,"href":"https:\/\/fg.ull.es\/portal\/gdi\/wp-json\/wp\/v2\/categories?post=6382"},{"taxonomy":"post_tag","embeddable":true,"href":"https:\/\/fg.ull.es\/portal\/gdi\/wp-json\/wp\/v2\/tags?post=6382"}],"curies":[{"name":"wp","href":"https:\/\/api.w.org\/{rel}","templated":true}]}}