{"id":6354,"date":"2021-09-10T11:17:21","date_gmt":"2021-09-10T11:17:21","guid":{"rendered":"https:\/\/fg.ull.es\/portal\/gdi\/?p=6354"},"modified":"2021-09-10T11:17:23","modified_gmt":"2021-09-10T11:17:23","slug":"abiertas-inscripciones-para-practicas-en-empresas-y-grupos-de-investigacion","status":"publish","type":"post","link":"https:\/\/fg.ull.es\/portal\/gdi\/abiertas-inscripciones-para-practicas-en-empresas-y-grupos-de-investigacion\/","title":{"rendered":"Abiertas inscripciones para pr\u00e1cticas en empresas y grupos de investigaci\u00f3n"},"content":{"rendered":"\n<p>Desde la formaci\u00f3n de Gesti\u00f3n de la Innovaci\u00f3n te ofrecemos la posibilidad de continuar impulsando tu futuro con pr\u00e1cticas remuneradas en empresas punteras de distintas islas y grupos de investigaci\u00f3n de referencia tanto a nivel canario como internacional.<\/p>\n\n\n\n<h2 class=\"wp-block-heading\">Una de las ramas m\u00e1s interesantes de este Programa es, sin duda, la oportunidad de una formaci\u00f3n pr\u00e1ctica remunerada en Canarias.<\/h2>\n\n\n\n<p>Para poder optar a un puesto de pr\u00e1cticas, los requisitos principales son: <\/p>\n\n\n\n<ul><li>Haber participado en el&nbsp;<strong>programa formativo de Gestores de la Innovaci\u00f3n<\/strong>, y superado el&nbsp;<strong>nivel 3 de Consultor\u00eda de la innovaci\u00f3n<\/strong>&nbsp;o&nbsp;<strong>nivel 3 de Consultor\u00eda digital<\/strong>.<\/li><li>Poseer una titulaci\u00f3n superior universitaria finalizada.<\/li><li>Encontrarse en situaci\u00f3n de desempleo.<\/li><\/ul>\n\n\n\n<p>Si es as\u00ed, podr\u00edas ser&nbsp;<strong>un\/a de los 25 participantes&nbsp;<\/strong>que se insertar\u00e1n durante&nbsp;<strong>tres meses (octubre, noviembre y diciembre de 2021)<\/strong>&nbsp;en una de las empresas o grupos\/centros de investigaci\u00f3n participantes del programa.<\/p>\n\n\n\n<p>Las personas seleccionadas desarrollar\u00e1n su trabajo en las empresas o grupos\/centros de investigaci\u00f3n participantes, con un horario acorde al desarrollado por las entidades en las que sean insertados\/as, y firmar\u00e1n un convenio para regular los compromisos con la Fundaci\u00f3n General de la Universidad de La Laguna.<\/p>\n\n\n\n<p><strong>Consulta las bases<\/strong>\u00a0atentamente y confirma que cumples con los requisitos de participaci\u00f3n seg\u00fan tu formaci\u00f3n\u00a0<a rel=\"noreferrer noopener\" href=\"https:\/\/drive.google.com\/file\/d\/1ic_T-zfOxpM1Ou5Dg6LjrLWDCqOV0Zuc\/view\" target=\"_blank\">Consultor\u00eda de la innovaci\u00f3n<\/a>\u00a0o\u00a0<a href=\"https:\/\/drive.google.com\/file\/d\/1EO8h27XEnzESRkHD1lMiDPxPboi4ed4R\/view\">Consultor\u00eda digital<\/a>, tienes de\u00a0<strong>plazo hasta el 19 de septiembre a las 23:59.<\/strong><\/p>\n\n\n\n<p>Si ya has le\u00eddo las bases y cumples los requisitos, puedes inscribirte aqu\u00ed:<\/p>\n\n\n\n<div class=\"wp-block-buttons is-layout-flex wp-block-buttons-is-layout-flex\">\n<div class=\"wp-block-button\"><a class=\"wp-block-button__link has-light-green-cyan-background-color has-background\" href=\"https:\/\/docs.google.com\/forms\/d\/e\/1FAIpQLScwD2qN9n6ESir1Dh9nnQ5HHpLBAQXJvCF2MCfd-RaiE3AWsA\/viewform\" target=\"_blank\" rel=\"noreferrer noopener\">Inscripci\u00f3n alumnado formaci\u00f3n pr\u00e1ctica 2021 &#8211; Gesti\u00f3n de la innovaci\u00f3n<\/a><\/div>\n<\/div>\n\n\n\n<div class=\"wp-block-buttons is-layout-flex wp-block-buttons-is-layout-flex\">\n<div class=\"wp-block-button\"><a class=\"wp-block-button__link has-luminous-vivid-orange-background-color has-background\" href=\"https:\/\/drive.google.com\/file\/d\/1EO8h27XEnzESRkHD1lMiDPxPboi4ed4R\/view\">Inscripciones alumnado en formaci\u00f3n pr\u00e1ctica 2021 -Transformaci\u00f3n Digital <\/a><\/div>\n<\/div>\n\n\n\n<p>Para cualquier consulta, no dudes en escribirnos a nuestro correo: <a rel=\"noreferrer noopener\" href=\"mailto:gdi@fg.ull.es\" target=\"_blank\">gdi@fg.ull.es<\/a> o rellenar nuestro <a href=\"https:\/\/fg.ull.es\/portal\/gdi\/contacto\/\">formulario de contacto.<\/a><\/p>\n\n\n\n<p>Este programa es un proyecto de la Agencia Canaria de Investigaci\u00f3n, Innovaci\u00f3n y Sociedad de la Informaci\u00f3n del Gobierno de Canarias, cofinanciado en un 85% por el Fondo Social Europeo (FSE) en los t\u00e9rminos establecidos en el Programa Operativo de Canarias 2014-2020, en el Eje prioritario 1, Objetivo tem\u00e1tico 8, Prioridad de inversi\u00f3n, 8.1, Objetivo espec\u00edfico 8.1.2.<\/p>\n","protected":false},"excerpt":{"rendered":"<p>Desde la formaci\u00f3n de Gesti\u00f3n de la Innovaci\u00f3n te ofrecemos la posibilidad de continuar impulsando tu futuro con pr\u00e1cticas remuneradas en empresas punteras de distintas islas y grupos de investigaci\u00f3n de referencia tanto a nivel canario como internacional. Una de las ramas m\u00e1s interesantes de este Programa es, sin duda, la oportunidad de una formaci\u00f3n&#8230;<\/p>\n","protected":false},"author":12,"featured_media":6356,"comment_status":"closed","ping_status":"closed","sticky":false,"template":"","format":"standard","meta":{"footnotes":""},"categories":[1],"tags":[],"yoast_head":"<!-- This site is optimized with the Yoast SEO plugin v21.1 - https:\/\/yoast.com\/wordpress\/plugins\/seo\/ -->\n<title>Abiertas inscripciones para pr\u00e1cticas en empresas y grupos de investigaci\u00f3n - Programa de Gestores de la Innovaci\u00f3n<\/title>\n<meta name=\"robots\" content=\"index, follow, max-snippet:-1, max-image-preview:large, max-video-preview:-1\" \/>\n<link rel=\"canonical\" href=\"https:\/\/fg.ull.es\/portal\/gdi\/abiertas-inscripciones-para-practicas-en-empresas-y-grupos-de-investigacion\/\" \/>\n<meta property=\"og:locale\" content=\"es_ES\" \/>\n<meta property=\"og:type\" content=\"article\" \/>\n<meta property=\"og:title\" content=\"Abiertas inscripciones para pr\u00e1cticas en empresas y grupos de investigaci\u00f3n - Programa de Gestores de la Innovaci\u00f3n\" \/>\n<meta property=\"og:description\" content=\"Desde la formaci\u00f3n de Gesti\u00f3n de la Innovaci\u00f3n te ofrecemos la posibilidad de continuar impulsando tu futuro con pr\u00e1cticas remuneradas en empresas punteras de distintas islas y grupos de investigaci\u00f3n de referencia tanto a nivel canario como internacional. Una de las ramas m\u00e1s interesantes de este Programa es, sin duda, la oportunidad de una formaci\u00f3n...\" \/>\n<meta property=\"og:url\" content=\"https:\/\/fg.ull.es\/portal\/gdi\/abiertas-inscripciones-para-practicas-en-empresas-y-grupos-de-investigacion\/\" \/>\n<meta property=\"og:site_name\" content=\"Programa de Gestores de la Innovaci\u00f3n\" \/>\n<meta property=\"article:published_time\" content=\"2021-09-10T11:17:21+00:00\" \/>\n<meta property=\"article:modified_time\" content=\"2021-09-10T11:17:23+00:00\" \/>\n<meta property=\"og:image\" content=\"https:\/\/fg.ull.es\/portal\/gdi\/wp-content\/uploads\/sites\/2\/2021\/09\/Inscripciones-para-practicas-post.jpg\" \/>\n\t<meta property=\"og:image:width\" content=\"417\" \/>\n\t<meta property=\"og:image:height\" content=\"417\" \/>\n\t<meta property=\"og:image:type\" content=\"image\/jpeg\" \/>\n<meta name=\"author\" content=\"aascanio\" \/>\n<meta name=\"twitter:card\" content=\"summary_large_image\" \/>\n<meta name=\"twitter:label1\" content=\"Written by\" \/>\n\t<meta name=\"twitter:data1\" content=\"aascanio\" \/>\n\t<meta name=\"twitter:label2\" content=\"Est. reading time\" \/>\n\t<meta name=\"twitter:data2\" content=\"2 minutos\" \/>\n<script type=\"application\/ld+json\" class=\"yoast-schema-graph\">{\"@context\":\"https:\/\/schema.org\",\"@graph\":[{\"@type\":\"Article\",\"@id\":\"https:\/\/fg.ull.es\/portal\/gdi\/abiertas-inscripciones-para-practicas-en-empresas-y-grupos-de-investigacion\/#article\",\"isPartOf\":{\"@id\":\"https:\/\/fg.ull.es\/portal\/gdi\/abiertas-inscripciones-para-practicas-en-empresas-y-grupos-de-investigacion\/\"},\"author\":{\"name\":\"aascanio\",\"@id\":\"https:\/\/fg.ull.es\/portal\/gdi\/#\/schema\/person\/1ad03d108c212b498a622f39176298aa\"},\"headline\":\"Abiertas inscripciones para pr\u00e1cticas en empresas y grupos de investigaci\u00f3n\",\"datePublished\":\"2021-09-10T11:17:21+00:00\",\"dateModified\":\"2021-09-10T11:17:23+00:00\",\"mainEntityOfPage\":{\"@id\":\"https:\/\/fg.ull.es\/portal\/gdi\/abiertas-inscripciones-para-practicas-en-empresas-y-grupos-de-investigacion\/\"},\"wordCount\":386,\"publisher\":{\"@id\":\"https:\/\/fg.ull.es\/portal\/gdi\/#organization\"},\"inLanguage\":\"es\"},{\"@type\":\"WebPage\",\"@id\":\"https:\/\/fg.ull.es\/portal\/gdi\/abiertas-inscripciones-para-practicas-en-empresas-y-grupos-de-investigacion\/\",\"url\":\"https:\/\/fg.ull.es\/portal\/gdi\/abiertas-inscripciones-para-practicas-en-empresas-y-grupos-de-investigacion\/\",\"name\":\"Abiertas inscripciones para pr\u00e1cticas en empresas y grupos de investigaci\u00f3n - Programa de Gestores de la Innovaci\u00f3n\",\"isPartOf\":{\"@id\":\"https:\/\/fg.ull.es\/portal\/gdi\/#website\"},\"datePublished\":\"2021-09-10T11:17:21+00:00\",\"dateModified\":\"2021-09-10T11:17:23+00:00\",\"breadcrumb\":{\"@id\":\"https:\/\/fg.ull.es\/portal\/gdi\/abiertas-inscripciones-para-practicas-en-empresas-y-grupos-de-investigacion\/#breadcrumb\"},\"inLanguage\":\"es\",\"potentialAction\":[{\"@type\":\"ReadAction\",\"target\":[\"https:\/\/fg.ull.es\/portal\/gdi\/abiertas-inscripciones-para-practicas-en-empresas-y-grupos-de-investigacion\/\"]}]},{\"@type\":\"BreadcrumbList\",\"@id\":\"https:\/\/fg.ull.es\/portal\/gdi\/abiertas-inscripciones-para-practicas-en-empresas-y-grupos-de-investigacion\/#breadcrumb\",\"itemListElement\":[{\"@type\":\"ListItem\",\"position\":1,\"name\":\"Portada\",\"item\":\"https:\/\/fg.ull.es\/portal\/gdi\/\"},{\"@type\":\"ListItem\",\"position\":2,\"name\":\"Abiertas inscripciones para pr\u00e1cticas en empresas y grupos de investigaci\u00f3n\"}]},{\"@type\":\"WebSite\",\"@id\":\"https:\/\/fg.ull.es\/portal\/gdi\/#website\",\"url\":\"https:\/\/fg.ull.es\/portal\/gdi\/\",\"name\":\"Programa de Gestores de la Innovaci\u00f3n\",\"description\":\"\",\"publisher\":{\"@id\":\"https:\/\/fg.ull.es\/portal\/gdi\/#organization\"},\"potentialAction\":[{\"@type\":\"SearchAction\",\"target\":{\"@type\":\"EntryPoint\",\"urlTemplate\":\"https:\/\/fg.ull.es\/portal\/gdi\/?s={search_term_string}\"},\"query-input\":\"required name=search_term_string\"}],\"inLanguage\":\"es\"},{\"@type\":\"Organization\",\"@id\":\"https:\/\/fg.ull.es\/portal\/gdi\/#organization\",\"name\":\"FUNDACI\u00d3N CANARIA GENERAL UNIVERSIDAD DE LA LAGUNA\",\"url\":\"https:\/\/fg.ull.es\/portal\/gdi\/\",\"logo\":{\"@type\":\"ImageObject\",\"inLanguage\":\"es\",\"@id\":\"https:\/\/fg.ull.es\/portal\/gdi\/#\/schema\/logo\/image\/\",\"url\":\"https:\/\/fg.ull.es\/portal\/gdi\/wp-content\/uploads\/sites\/2\/2020\/04\/FAVICON.png\",\"contentUrl\":\"https:\/\/fg.ull.es\/portal\/gdi\/wp-content\/uploads\/sites\/2\/2020\/04\/FAVICON.png\",\"width\":512,\"height\":512,\"caption\":\"FUNDACI\u00d3N CANARIA GENERAL UNIVERSIDAD DE LA LAGUNA\"},\"image\":{\"@id\":\"https:\/\/fg.ull.es\/portal\/gdi\/#\/schema\/logo\/image\/\"}},{\"@type\":\"Person\",\"@id\":\"https:\/\/fg.ull.es\/portal\/gdi\/#\/schema\/person\/1ad03d108c212b498a622f39176298aa\",\"name\":\"aascanio\",\"image\":{\"@type\":\"ImageObject\",\"inLanguage\":\"es\",\"@id\":\"https:\/\/fg.ull.es\/portal\/gdi\/#\/schema\/person\/image\/\",\"url\":\"https:\/\/secure.gravatar.com\/avatar\/fb13c6d51e43015759a2b0b66dcd2734?s=96&d=mm&r=g\",\"contentUrl\":\"https:\/\/secure.gravatar.com\/avatar\/fb13c6d51e43015759a2b0b66dcd2734?s=96&d=mm&r=g\",\"caption\":\"aascanio\"}}]}<\/script>\n<!-- \/ Yoast SEO plugin. -->","yoast_head_json":{"title":"Abiertas inscripciones para pr\u00e1cticas en empresas y grupos de investigaci\u00f3n - Programa de Gestores de la Innovaci\u00f3n","robots":{"index":"index","follow":"follow","max-snippet":"max-snippet:-1","max-image-preview":"max-image-preview:large","max-video-preview":"max-video-preview:-1"},"canonical":"https:\/\/fg.ull.es\/portal\/gdi\/abiertas-inscripciones-para-practicas-en-empresas-y-grupos-de-investigacion\/","og_locale":"es_ES","og_type":"article","og_title":"Abiertas inscripciones para pr\u00e1cticas en empresas y grupos de investigaci\u00f3n - Programa de Gestores de la Innovaci\u00f3n","og_description":"Desde la formaci\u00f3n de Gesti\u00f3n de la Innovaci\u00f3n te ofrecemos la posibilidad de continuar impulsando tu futuro con pr\u00e1cticas remuneradas en empresas punteras de distintas islas y grupos de investigaci\u00f3n de referencia tanto a nivel canario como internacional. Una de las ramas m\u00e1s interesantes de este Programa es, sin duda, la oportunidad de una formaci\u00f3n...","og_url":"https:\/\/fg.ull.es\/portal\/gdi\/abiertas-inscripciones-para-practicas-en-empresas-y-grupos-de-investigacion\/","og_site_name":"Programa de Gestores de la Innovaci\u00f3n","article_published_time":"2021-09-10T11:17:21+00:00","article_modified_time":"2021-09-10T11:17:23+00:00","og_image":[{"width":417,"height":417,"url":"https:\/\/fg.ull.es\/portal\/gdi\/wp-content\/uploads\/sites\/2\/2021\/09\/Inscripciones-para-practicas-post.jpg","type":"image\/jpeg"}],"author":"aascanio","twitter_card":"summary_large_image","twitter_misc":{"Written by":"aascanio","Est. reading time":"2 minutos"},"schema":{"@context":"https:\/\/schema.org","@graph":[{"@type":"Article","@id":"https:\/\/fg.ull.es\/portal\/gdi\/abiertas-inscripciones-para-practicas-en-empresas-y-grupos-de-investigacion\/#article","isPartOf":{"@id":"https:\/\/fg.ull.es\/portal\/gdi\/abiertas-inscripciones-para-practicas-en-empresas-y-grupos-de-investigacion\/"},"author":{"name":"aascanio","@id":"https:\/\/fg.ull.es\/portal\/gdi\/#\/schema\/person\/1ad03d108c212b498a622f39176298aa"},"headline":"Abiertas inscripciones para pr\u00e1cticas en empresas y grupos de investigaci\u00f3n","datePublished":"2021-09-10T11:17:21+00:00","dateModified":"2021-09-10T11:17:23+00:00","mainEntityOfPage":{"@id":"https:\/\/fg.ull.es\/portal\/gdi\/abiertas-inscripciones-para-practicas-en-empresas-y-grupos-de-investigacion\/"},"wordCount":386,"publisher":{"@id":"https:\/\/fg.ull.es\/portal\/gdi\/#organization"},"inLanguage":"es"},{"@type":"WebPage","@id":"https:\/\/fg.ull.es\/portal\/gdi\/abiertas-inscripciones-para-practicas-en-empresas-y-grupos-de-investigacion\/","url":"https:\/\/fg.ull.es\/portal\/gdi\/abiertas-inscripciones-para-practicas-en-empresas-y-grupos-de-investigacion\/","name":"Abiertas inscripciones para pr\u00e1cticas en empresas y grupos de investigaci\u00f3n - Programa de Gestores de la Innovaci\u00f3n","isPartOf":{"@id":"https:\/\/fg.ull.es\/portal\/gdi\/#website"},"datePublished":"2021-09-10T11:17:21+00:00","dateModified":"2021-09-10T11:17:23+00:00","breadcrumb":{"@id":"https:\/\/fg.ull.es\/portal\/gdi\/abiertas-inscripciones-para-practicas-en-empresas-y-grupos-de-investigacion\/#breadcrumb"},"inLanguage":"es","potentialAction":[{"@type":"ReadAction","target":["https:\/\/fg.ull.es\/portal\/gdi\/abiertas-inscripciones-para-practicas-en-empresas-y-grupos-de-investigacion\/"]}]},{"@type":"BreadcrumbList","@id":"https:\/\/fg.ull.es\/portal\/gdi\/abiertas-inscripciones-para-practicas-en-empresas-y-grupos-de-investigacion\/#breadcrumb","itemListElement":[{"@type":"ListItem","position":1,"name":"Portada","item":"https:\/\/fg.ull.es\/portal\/gdi\/"},{"@type":"ListItem","position":2,"name":"Abiertas inscripciones para pr\u00e1cticas en empresas y grupos de investigaci\u00f3n"}]},{"@type":"WebSite","@id":"https:\/\/fg.ull.es\/portal\/gdi\/#website","url":"https:\/\/fg.ull.es\/portal\/gdi\/","name":"Programa de Gestores de la Innovaci\u00f3n","description":"","publisher":{"@id":"https:\/\/fg.ull.es\/portal\/gdi\/#organization"},"potentialAction":[{"@type":"SearchAction","target":{"@type":"EntryPoint","urlTemplate":"https:\/\/fg.ull.es\/portal\/gdi\/?s={search_term_string}"},"query-input":"required name=search_term_string"}],"inLanguage":"es"},{"@type":"Organization","@id":"https:\/\/fg.ull.es\/portal\/gdi\/#organization","name":"FUNDACI\u00d3N CANARIA GENERAL UNIVERSIDAD DE LA LAGUNA","url":"https:\/\/fg.ull.es\/portal\/gdi\/","logo":{"@type":"ImageObject","inLanguage":"es","@id":"https:\/\/fg.ull.es\/portal\/gdi\/#\/schema\/logo\/image\/","url":"https:\/\/fg.ull.es\/portal\/gdi\/wp-content\/uploads\/sites\/2\/2020\/04\/FAVICON.png","contentUrl":"https:\/\/fg.ull.es\/portal\/gdi\/wp-content\/uploads\/sites\/2\/2020\/04\/FAVICON.png","width":512,"height":512,"caption":"FUNDACI\u00d3N CANARIA GENERAL UNIVERSIDAD DE LA LAGUNA"},"image":{"@id":"https:\/\/fg.ull.es\/portal\/gdi\/#\/schema\/logo\/image\/"}},{"@type":"Person","@id":"https:\/\/fg.ull.es\/portal\/gdi\/#\/schema\/person\/1ad03d108c212b498a622f39176298aa","name":"aascanio","image":{"@type":"ImageObject","inLanguage":"es","@id":"https:\/\/fg.ull.es\/portal\/gdi\/#\/schema\/person\/image\/","url":"https:\/\/secure.gravatar.com\/avatar\/fb13c6d51e43015759a2b0b66dcd2734?s=96&d=mm&r=g","contentUrl":"https:\/\/secure.gravatar.com\/avatar\/fb13c6d51e43015759a2b0b66dcd2734?s=96&d=mm&r=g","caption":"aascanio"}}]}},"_links":{"self":[{"href":"https:\/\/fg.ull.es\/portal\/gdi\/wp-json\/wp\/v2\/posts\/6354"}],"collection":[{"href":"https:\/\/fg.ull.es\/portal\/gdi\/wp-json\/wp\/v2\/posts"}],"about":[{"href":"https:\/\/fg.ull.es\/portal\/gdi\/wp-json\/wp\/v2\/types\/post"}],"author":[{"embeddable":true,"href":"https:\/\/fg.ull.es\/portal\/gdi\/wp-json\/wp\/v2\/users\/12"}],"replies":[{"embeddable":true,"href":"https:\/\/fg.ull.es\/portal\/gdi\/wp-json\/wp\/v2\/comments?post=6354"}],"version-history":[{"count":7,"href":"https:\/\/fg.ull.es\/portal\/gdi\/wp-json\/wp\/v2\/posts\/6354\/revisions"}],"predecessor-version":[{"id":6365,"href":"https:\/\/fg.ull.es\/portal\/gdi\/wp-json\/wp\/v2\/posts\/6354\/revisions\/6365"}],"wp:featuredmedia":[{"embeddable":true,"href":"https:\/\/fg.ull.es\/portal\/gdi\/wp-json\/wp\/v2\/media\/6356"}],"wp:attachment":[{"href":"https:\/\/fg.ull.es\/portal\/gdi\/wp-json\/wp\/v2\/media?parent=6354"}],"wp:term":[{"taxonomy":"category","embeddable":true,"href":"https:\/\/fg.ull.es\/portal\/gdi\/wp-json\/wp\/v2\/categories?post=6354"},{"taxonomy":"post_tag","embeddable":true,"href":"https:\/\/fg.ull.es\/portal\/gdi\/wp-json\/wp\/v2\/tags?post=6354"}],"curies":[{"name":"wp","href":"https:\/\/api.w.org\/{rel}","templated":true}]}}