{"id":6132,"date":"2021-08-27T08:34:14","date_gmt":"2021-08-27T08:34:14","guid":{"rendered":"https:\/\/fg.ull.es\/portal\/gdi\/?p=6132"},"modified":"2021-09-08T13:16:58","modified_gmt":"2021-09-08T13:16:58","slug":"nivel-3-de-consultoria-a-un-paso-de-las-practicas","status":"publish","type":"post","link":"https:\/\/fg.ull.es\/portal\/gdi\/nivel-3-de-consultoria-a-un-paso-de-las-practicas\/","title":{"rendered":"Nivel 3 de Consultor\u00eda, a un paso de las pr\u00e1cticas"},"content":{"rendered":"\n<p>Hace tan solo unas semanas abr\u00edamos plazas para los niveles 3 de Innovaci\u00f3n y Consultor\u00eda Digital que se impartir\u00e1n este mes de septiembre y podemos confirmar con satisfacci\u00f3n que ya se ha <strong>completado el cupo para estos cursos.<\/strong><\/p>\n\n\n\n<p>Este \u00faltimo nivel de la formaci\u00f3n del Programa Gesti\u00f3n de la Innovaci\u00f3n, ofrecer\u00e1 a las personas que completen dicho nivel la opci\u00f3n de optar a unas pr\u00e1cticas formativas remuneradas en un entorno empresarial real.<\/p>\n\n\n\n<p>Las empresas que forman parte del Programa acoger\u00e1n a un consultor o consultora durante 3 meses para analizar y proponer mejoras en Innovaci\u00f3n o Transformaci\u00f3n Digital. La estancia del consultor o consultora en pr\u00e1cticas no representar\u00e1 coste para la empresa, pues \u00e9ste ser\u00e1 cubierto por la Fundaci\u00f3n General de la Universidad de La Laguna. <\/p>\n\n\n\n<p>Si te has quedado sin plaza para estos N3, \u00a1no te preocupes! Volveremos a activarlos en noviembre. \u00a1Ap\u00fantalo en la agenda!<\/p>\n\n\n\n<p>A\u00fan quedan algunas plazas disponibles para empresas que quieran participar en el Programa. Puedes consultar las bases aqu\u00ed:<\/p>\n\n\n\n<div class=\"wp-block-buttons aligncenter is-layout-flex wp-block-buttons-is-layout-flex\">\n<div class=\"wp-block-button\"><a class=\"wp-block-button__link has-vivid-cyan-blue-to-vivid-purple-gradient-background has-background\" href=\"https:\/\/drive.google.com\/file\/d\/1ZgSys4vZe1fJu2D1oG2zt8EiI-oXscVe\/view\">Informaci\u00f3n para empresas<\/a><\/div>\n<\/div>\n\n\n\n<p>No dudes en ponerte en contacto a trav\u00e9s del correo electr\u00f3nico&nbsp;<a href=\"mailto:gdi@fg.ull.es\" target=\"_blank\" rel=\"noreferrer noopener\">gdi@fg.ull.es<\/a>&nbsp;o realizar el&nbsp;<a href=\"https:\/\/fg.ull.es\/portal\/gdi\/contacto\/\">formulario de contacto<\/a>&nbsp;de la p\u00e1gina web, donde informaremos de las novedades y nuevas formaciones.<\/p>\n\n\n\n<p>Este programa es un proyecto de la Agencia Canaria de Investigaci\u00f3n, Innovaci\u00f3n y Sociedad de la Informaci\u00f3n del Gobierno de Canarias, cofinanciado en un 85% por el Fondo Social Europeo (FSE) en los t\u00e9rminos establecidos en el Programa Operativo de Canarias 2014-2020, en el Eje prioritario 1, Objetivo tem\u00e1tico 8, Prioridad de inversi\u00f3n, 8.1, Objetivo espec\u00edfico 8.1.2.<\/p>\n\n\n\n<p> <\/p>\n","protected":false},"excerpt":{"rendered":"<p>Hace tan solo unas semanas abr\u00edamos plazas para los niveles 3 de Innovaci\u00f3n y Consultor\u00eda Digital que se impartir\u00e1n este mes de septiembre y podemos confirmar con satisfacci\u00f3n que ya se ha completado el cupo para estos cursos. Este \u00faltimo nivel de la formaci\u00f3n del Programa Gesti\u00f3n de la Innovaci\u00f3n, ofrecer\u00e1 a las personas que&#8230;<\/p>\n","protected":false},"author":12,"featured_media":6309,"comment_status":"closed","ping_status":"closed","sticky":false,"template":"","format":"standard","meta":{"footnotes":""},"categories":[1],"tags":[],"yoast_head":"<!-- This site is optimized with the Yoast SEO plugin v21.1 - https:\/\/yoast.com\/wordpress\/plugins\/seo\/ -->\n<title>Nivel 3 de Consultor\u00eda, a un paso de las pr\u00e1cticas - Programa de Gestores de la Innovaci\u00f3n<\/title>\n<meta name=\"robots\" content=\"index, follow, max-snippet:-1, max-image-preview:large, max-video-preview:-1\" \/>\n<link rel=\"canonical\" href=\"https:\/\/fg.ull.es\/portal\/gdi\/nivel-3-de-consultoria-a-un-paso-de-las-practicas\/\" \/>\n<meta property=\"og:locale\" content=\"es_ES\" \/>\n<meta property=\"og:type\" content=\"article\" \/>\n<meta property=\"og:title\" content=\"Nivel 3 de Consultor\u00eda, a un paso de las pr\u00e1cticas - Programa de Gestores de la Innovaci\u00f3n\" \/>\n<meta property=\"og:description\" content=\"Hace tan solo unas semanas abr\u00edamos plazas para los niveles 3 de Innovaci\u00f3n y Consultor\u00eda Digital que se impartir\u00e1n este mes de septiembre y podemos confirmar con satisfacci\u00f3n que ya se ha completado el cupo para estos cursos. Este \u00faltimo nivel de la formaci\u00f3n del Programa Gesti\u00f3n de la Innovaci\u00f3n, ofrecer\u00e1 a las personas que...\" \/>\n<meta property=\"og:url\" content=\"https:\/\/fg.ull.es\/portal\/gdi\/nivel-3-de-consultoria-a-un-paso-de-las-practicas\/\" \/>\n<meta property=\"og:site_name\" content=\"Programa de Gestores de la Innovaci\u00f3n\" \/>\n<meta property=\"article:published_time\" content=\"2021-08-27T08:34:14+00:00\" \/>\n<meta property=\"article:modified_time\" content=\"2021-09-08T13:16:58+00:00\" \/>\n<meta property=\"og:image\" content=\"https:\/\/fg.ull.es\/portal\/gdi\/wp-content\/uploads\/sites\/2\/2021\/08\/Banners-empresas-1-5_inscripcion_abierta.jpg\" \/>\n\t<meta property=\"og:image:width\" content=\"750\" \/>\n\t<meta property=\"og:image:height\" content=\"393\" \/>\n\t<meta property=\"og:image:type\" content=\"image\/jpeg\" \/>\n<meta name=\"author\" content=\"aascanio\" \/>\n<meta name=\"twitter:card\" content=\"summary_large_image\" \/>\n<meta name=\"twitter:label1\" content=\"Written by\" \/>\n\t<meta name=\"twitter:data1\" content=\"aascanio\" \/>\n\t<meta name=\"twitter:label2\" content=\"Est. reading time\" \/>\n\t<meta name=\"twitter:data2\" content=\"2 minutos\" \/>\n<script type=\"application\/ld+json\" class=\"yoast-schema-graph\">{\"@context\":\"https:\/\/schema.org\",\"@graph\":[{\"@type\":\"Article\",\"@id\":\"https:\/\/fg.ull.es\/portal\/gdi\/nivel-3-de-consultoria-a-un-paso-de-las-practicas\/#article\",\"isPartOf\":{\"@id\":\"https:\/\/fg.ull.es\/portal\/gdi\/nivel-3-de-consultoria-a-un-paso-de-las-practicas\/\"},\"author\":{\"name\":\"aascanio\",\"@id\":\"https:\/\/fg.ull.es\/portal\/gdi\/#\/schema\/person\/1ad03d108c212b498a622f39176298aa\"},\"headline\":\"Nivel 3 de Consultor\u00eda, a un paso de las pr\u00e1cticas\",\"datePublished\":\"2021-08-27T08:34:14+00:00\",\"dateModified\":\"2021-09-08T13:16:58+00:00\",\"mainEntityOfPage\":{\"@id\":\"https:\/\/fg.ull.es\/portal\/gdi\/nivel-3-de-consultoria-a-un-paso-de-las-practicas\/\"},\"wordCount\":294,\"publisher\":{\"@id\":\"https:\/\/fg.ull.es\/portal\/gdi\/#organization\"},\"inLanguage\":\"es\"},{\"@type\":\"WebPage\",\"@id\":\"https:\/\/fg.ull.es\/portal\/gdi\/nivel-3-de-consultoria-a-un-paso-de-las-practicas\/\",\"url\":\"https:\/\/fg.ull.es\/portal\/gdi\/nivel-3-de-consultoria-a-un-paso-de-las-practicas\/\",\"name\":\"Nivel 3 de Consultor\u00eda, a un paso de las pr\u00e1cticas - Programa de Gestores de la Innovaci\u00f3n\",\"isPartOf\":{\"@id\":\"https:\/\/fg.ull.es\/portal\/gdi\/#website\"},\"datePublished\":\"2021-08-27T08:34:14+00:00\",\"dateModified\":\"2021-09-08T13:16:58+00:00\",\"breadcrumb\":{\"@id\":\"https:\/\/fg.ull.es\/portal\/gdi\/nivel-3-de-consultoria-a-un-paso-de-las-practicas\/#breadcrumb\"},\"inLanguage\":\"es\",\"potentialAction\":[{\"@type\":\"ReadAction\",\"target\":[\"https:\/\/fg.ull.es\/portal\/gdi\/nivel-3-de-consultoria-a-un-paso-de-las-practicas\/\"]}]},{\"@type\":\"BreadcrumbList\",\"@id\":\"https:\/\/fg.ull.es\/portal\/gdi\/nivel-3-de-consultoria-a-un-paso-de-las-practicas\/#breadcrumb\",\"itemListElement\":[{\"@type\":\"ListItem\",\"position\":1,\"name\":\"Portada\",\"item\":\"https:\/\/fg.ull.es\/portal\/gdi\/\"},{\"@type\":\"ListItem\",\"position\":2,\"name\":\"Nivel 3 de Consultor\u00eda, a un paso de las pr\u00e1cticas\"}]},{\"@type\":\"WebSite\",\"@id\":\"https:\/\/fg.ull.es\/portal\/gdi\/#website\",\"url\":\"https:\/\/fg.ull.es\/portal\/gdi\/\",\"name\":\"Programa de Gestores de la Innovaci\u00f3n\",\"description\":\"\",\"publisher\":{\"@id\":\"https:\/\/fg.ull.es\/portal\/gdi\/#organization\"},\"potentialAction\":[{\"@type\":\"SearchAction\",\"target\":{\"@type\":\"EntryPoint\",\"urlTemplate\":\"https:\/\/fg.ull.es\/portal\/gdi\/?s={search_term_string}\"},\"query-input\":\"required name=search_term_string\"}],\"inLanguage\":\"es\"},{\"@type\":\"Organization\",\"@id\":\"https:\/\/fg.ull.es\/portal\/gdi\/#organization\",\"name\":\"FUNDACI\u00d3N CANARIA GENERAL UNIVERSIDAD DE LA LAGUNA\",\"url\":\"https:\/\/fg.ull.es\/portal\/gdi\/\",\"logo\":{\"@type\":\"ImageObject\",\"inLanguage\":\"es\",\"@id\":\"https:\/\/fg.ull.es\/portal\/gdi\/#\/schema\/logo\/image\/\",\"url\":\"https:\/\/fg.ull.es\/portal\/gdi\/wp-content\/uploads\/sites\/2\/2020\/04\/FAVICON.png\",\"contentUrl\":\"https:\/\/fg.ull.es\/portal\/gdi\/wp-content\/uploads\/sites\/2\/2020\/04\/FAVICON.png\",\"width\":512,\"height\":512,\"caption\":\"FUNDACI\u00d3N CANARIA GENERAL UNIVERSIDAD DE LA LAGUNA\"},\"image\":{\"@id\":\"https:\/\/fg.ull.es\/portal\/gdi\/#\/schema\/logo\/image\/\"}},{\"@type\":\"Person\",\"@id\":\"https:\/\/fg.ull.es\/portal\/gdi\/#\/schema\/person\/1ad03d108c212b498a622f39176298aa\",\"name\":\"aascanio\",\"image\":{\"@type\":\"ImageObject\",\"inLanguage\":\"es\",\"@id\":\"https:\/\/fg.ull.es\/portal\/gdi\/#\/schema\/person\/image\/\",\"url\":\"https:\/\/secure.gravatar.com\/avatar\/fb13c6d51e43015759a2b0b66dcd2734?s=96&d=mm&r=g\",\"contentUrl\":\"https:\/\/secure.gravatar.com\/avatar\/fb13c6d51e43015759a2b0b66dcd2734?s=96&d=mm&r=g\",\"caption\":\"aascanio\"}}]}<\/script>\n<!-- \/ Yoast SEO plugin. -->","yoast_head_json":{"title":"Nivel 3 de Consultor\u00eda, a un paso de las pr\u00e1cticas - Programa de Gestores de la Innovaci\u00f3n","robots":{"index":"index","follow":"follow","max-snippet":"max-snippet:-1","max-image-preview":"max-image-preview:large","max-video-preview":"max-video-preview:-1"},"canonical":"https:\/\/fg.ull.es\/portal\/gdi\/nivel-3-de-consultoria-a-un-paso-de-las-practicas\/","og_locale":"es_ES","og_type":"article","og_title":"Nivel 3 de Consultor\u00eda, a un paso de las pr\u00e1cticas - Programa de Gestores de la Innovaci\u00f3n","og_description":"Hace tan solo unas semanas abr\u00edamos plazas para los niveles 3 de Innovaci\u00f3n y Consultor\u00eda Digital que se impartir\u00e1n este mes de septiembre y podemos confirmar con satisfacci\u00f3n que ya se ha completado el cupo para estos cursos. Este \u00faltimo nivel de la formaci\u00f3n del Programa Gesti\u00f3n de la Innovaci\u00f3n, ofrecer\u00e1 a las personas que...","og_url":"https:\/\/fg.ull.es\/portal\/gdi\/nivel-3-de-consultoria-a-un-paso-de-las-practicas\/","og_site_name":"Programa de Gestores de la Innovaci\u00f3n","article_published_time":"2021-08-27T08:34:14+00:00","article_modified_time":"2021-09-08T13:16:58+00:00","og_image":[{"width":750,"height":393,"url":"https:\/\/fg.ull.es\/portal\/gdi\/wp-content\/uploads\/sites\/2\/2021\/08\/Banners-empresas-1-5_inscripcion_abierta.jpg","type":"image\/jpeg"}],"author":"aascanio","twitter_card":"summary_large_image","twitter_misc":{"Written by":"aascanio","Est. reading time":"2 minutos"},"schema":{"@context":"https:\/\/schema.org","@graph":[{"@type":"Article","@id":"https:\/\/fg.ull.es\/portal\/gdi\/nivel-3-de-consultoria-a-un-paso-de-las-practicas\/#article","isPartOf":{"@id":"https:\/\/fg.ull.es\/portal\/gdi\/nivel-3-de-consultoria-a-un-paso-de-las-practicas\/"},"author":{"name":"aascanio","@id":"https:\/\/fg.ull.es\/portal\/gdi\/#\/schema\/person\/1ad03d108c212b498a622f39176298aa"},"headline":"Nivel 3 de Consultor\u00eda, a un paso de las pr\u00e1cticas","datePublished":"2021-08-27T08:34:14+00:00","dateModified":"2021-09-08T13:16:58+00:00","mainEntityOfPage":{"@id":"https:\/\/fg.ull.es\/portal\/gdi\/nivel-3-de-consultoria-a-un-paso-de-las-practicas\/"},"wordCount":294,"publisher":{"@id":"https:\/\/fg.ull.es\/portal\/gdi\/#organization"},"inLanguage":"es"},{"@type":"WebPage","@id":"https:\/\/fg.ull.es\/portal\/gdi\/nivel-3-de-consultoria-a-un-paso-de-las-practicas\/","url":"https:\/\/fg.ull.es\/portal\/gdi\/nivel-3-de-consultoria-a-un-paso-de-las-practicas\/","name":"Nivel 3 de Consultor\u00eda, a un paso de las pr\u00e1cticas - Programa de Gestores de la Innovaci\u00f3n","isPartOf":{"@id":"https:\/\/fg.ull.es\/portal\/gdi\/#website"},"datePublished":"2021-08-27T08:34:14+00:00","dateModified":"2021-09-08T13:16:58+00:00","breadcrumb":{"@id":"https:\/\/fg.ull.es\/portal\/gdi\/nivel-3-de-consultoria-a-un-paso-de-las-practicas\/#breadcrumb"},"inLanguage":"es","potentialAction":[{"@type":"ReadAction","target":["https:\/\/fg.ull.es\/portal\/gdi\/nivel-3-de-consultoria-a-un-paso-de-las-practicas\/"]}]},{"@type":"BreadcrumbList","@id":"https:\/\/fg.ull.es\/portal\/gdi\/nivel-3-de-consultoria-a-un-paso-de-las-practicas\/#breadcrumb","itemListElement":[{"@type":"ListItem","position":1,"name":"Portada","item":"https:\/\/fg.ull.es\/portal\/gdi\/"},{"@type":"ListItem","position":2,"name":"Nivel 3 de Consultor\u00eda, a un paso de las pr\u00e1cticas"}]},{"@type":"WebSite","@id":"https:\/\/fg.ull.es\/portal\/gdi\/#website","url":"https:\/\/fg.ull.es\/portal\/gdi\/","name":"Programa de Gestores de la Innovaci\u00f3n","description":"","publisher":{"@id":"https:\/\/fg.ull.es\/portal\/gdi\/#organization"},"potentialAction":[{"@type":"SearchAction","target":{"@type":"EntryPoint","urlTemplate":"https:\/\/fg.ull.es\/portal\/gdi\/?s={search_term_string}"},"query-input":"required name=search_term_string"}],"inLanguage":"es"},{"@type":"Organization","@id":"https:\/\/fg.ull.es\/portal\/gdi\/#organization","name":"FUNDACI\u00d3N CANARIA GENERAL UNIVERSIDAD DE LA LAGUNA","url":"https:\/\/fg.ull.es\/portal\/gdi\/","logo":{"@type":"ImageObject","inLanguage":"es","@id":"https:\/\/fg.ull.es\/portal\/gdi\/#\/schema\/logo\/image\/","url":"https:\/\/fg.ull.es\/portal\/gdi\/wp-content\/uploads\/sites\/2\/2020\/04\/FAVICON.png","contentUrl":"https:\/\/fg.ull.es\/portal\/gdi\/wp-content\/uploads\/sites\/2\/2020\/04\/FAVICON.png","width":512,"height":512,"caption":"FUNDACI\u00d3N CANARIA GENERAL UNIVERSIDAD DE LA LAGUNA"},"image":{"@id":"https:\/\/fg.ull.es\/portal\/gdi\/#\/schema\/logo\/image\/"}},{"@type":"Person","@id":"https:\/\/fg.ull.es\/portal\/gdi\/#\/schema\/person\/1ad03d108c212b498a622f39176298aa","name":"aascanio","image":{"@type":"ImageObject","inLanguage":"es","@id":"https:\/\/fg.ull.es\/portal\/gdi\/#\/schema\/person\/image\/","url":"https:\/\/secure.gravatar.com\/avatar\/fb13c6d51e43015759a2b0b66dcd2734?s=96&d=mm&r=g","contentUrl":"https:\/\/secure.gravatar.com\/avatar\/fb13c6d51e43015759a2b0b66dcd2734?s=96&d=mm&r=g","caption":"aascanio"}}]}},"_links":{"self":[{"href":"https:\/\/fg.ull.es\/portal\/gdi\/wp-json\/wp\/v2\/posts\/6132"}],"collection":[{"href":"https:\/\/fg.ull.es\/portal\/gdi\/wp-json\/wp\/v2\/posts"}],"about":[{"href":"https:\/\/fg.ull.es\/portal\/gdi\/wp-json\/wp\/v2\/types\/post"}],"author":[{"embeddable":true,"href":"https:\/\/fg.ull.es\/portal\/gdi\/wp-json\/wp\/v2\/users\/12"}],"replies":[{"embeddable":true,"href":"https:\/\/fg.ull.es\/portal\/gdi\/wp-json\/wp\/v2\/comments?post=6132"}],"version-history":[{"count":2,"href":"https:\/\/fg.ull.es\/portal\/gdi\/wp-json\/wp\/v2\/posts\/6132\/revisions"}],"predecessor-version":[{"id":6148,"href":"https:\/\/fg.ull.es\/portal\/gdi\/wp-json\/wp\/v2\/posts\/6132\/revisions\/6148"}],"wp:featuredmedia":[{"embeddable":true,"href":"https:\/\/fg.ull.es\/portal\/gdi\/wp-json\/wp\/v2\/media\/6309"}],"wp:attachment":[{"href":"https:\/\/fg.ull.es\/portal\/gdi\/wp-json\/wp\/v2\/media?parent=6132"}],"wp:term":[{"taxonomy":"category","embeddable":true,"href":"https:\/\/fg.ull.es\/portal\/gdi\/wp-json\/wp\/v2\/categories?post=6132"},{"taxonomy":"post_tag","embeddable":true,"href":"https:\/\/fg.ull.es\/portal\/gdi\/wp-json\/wp\/v2\/tags?post=6132"}],"curies":[{"name":"wp","href":"https:\/\/api.w.org\/{rel}","templated":true}]}}