{"id":5725,"date":"2021-07-28T12:11:14","date_gmt":"2021-07-28T12:11:14","guid":{"rendered":"https:\/\/fg.ull.es\/portal\/gdi\/?p=5725"},"modified":"2021-09-01T08:58:29","modified_gmt":"2021-09-01T08:58:29","slug":"formate-con-gdi2021","status":"publish","type":"post","link":"https:\/\/fg.ull.es\/portal\/gdi\/formate-con-gdi2021\/","title":{"rendered":"\u00a1F\u00f3rmate con GDI2021!"},"content":{"rendered":"\n<p>Comenzamos temporada de vacaciones, una oportunidad perfecta para sacar partido al tiempo libre y mejorar el curr\u00edculum. Aprovecha ahora para tomarte un peque\u00f1o momento al d\u00eda e inscribirte en nuestras pr\u00f3ximas acciones formativas gratuitas.<\/p>\n\n\n\n<p>Si te apetece aprender y capacitarte sobre Innovaci\u00f3n, tienes disponible este curso de nivel 1 y 2:<\/p>\n\n\n\n<div class=\"wp-block-buttons aligncenter is-layout-flex wp-block-buttons-is-layout-flex\">\n<div class=\"wp-block-button\"><a class=\"wp-block-button__link has-light-green-cyan-to-vivid-green-cyan-gradient-background has-background\" href=\"https:\/\/sede.fg.ull.es\/es\/curso\/detalle\/a21120114\/promocion-y-gestion-de-la-innovacion-n1-y-n2-innovacion-social\" target=\"_blank\" rel=\"noreferrer noopener\">Promoci\u00f3n y Gesti\u00f3n de la innovaci\u00f3n (N1 y N2) &#8211; Innovaci\u00f3n Social<\/a><\/div>\n<\/div>\n\n\n\n<p>Tambi\u00e9n el nivel 1 de Promoci\u00f3n de la ciudadan\u00eda digital (N1):<\/p>\n\n\n\n<div class=\"wp-block-buttons aligncenter is-layout-flex wp-block-buttons-is-layout-flex\">\n<div class=\"wp-block-button\"><a class=\"wp-block-button__link has-luminous-vivid-amber-to-luminous-vivid-orange-gradient-background has-background\" href=\"https:\/\/sede.fg.ull.es\/es\/curso\/detalle\/a21120107\/promocion-ciudadania-digital-n1\" target=\"_blank\" rel=\"noreferrer noopener\">Promoci\u00f3n de la ciudadan\u00eda digital (N1)<\/a><\/div>\n<\/div>\n\n\n\n<p>Recuerda que los <strong>requisitos<\/strong> para disfrutar de estos cursos gratuitos son:<\/p>\n\n\n\n<ul><li>Poseer nacionalidad espa\u00f1ola o ser ciudadano\/a de alg\u00fan Estado miembro de la Uni\u00f3n Europea o de terceros pa\u00edses con residencia legal en Canarias.&nbsp;<\/li><li>Haber obtenido titulaci\u00f3n universitaria en los cinco a\u00f1os anteriores a la publicaci\u00f3n de las presentes bases de selecci\u00f3n, o encontrarse cursando alguno de los dos \u00faltimos cursos de la carrera universitaria (se aportar\u00e1 titulaci\u00f3n, resguardo del pago de las tasas o copia de la matr\u00edcula del a\u00f1o en curso).<\/li><li>Encontrarse inscritas como demandante de empleo del Servicio Canario de Empleo (se acreditar\u00e1 mediante la aportaci\u00f3n del DARDE).<\/li><li>Tambi\u00e9n podr\u00e1n ser atendidas aquellas personas que, estando empleadas, se encuentren inscritas en el SCE en situaci\u00f3n de mejora de empleo.&nbsp;<\/li><li>Inscribirse telem\u00e1ticamente en plazo y entregar de forma correcta y completa, en el plazo de la convocatoria, la documentaci\u00f3n solicitada por la Fundaci\u00f3n.<\/li><\/ul>\n\n\n\n<p>No dudes en ponerte en contacto a trav\u00e9s del correo electr\u00f3nico <a href=\"mailto:gdi@fg.ull.es\" target=\"_blank\" rel=\"noreferrer noopener\">gdi@fg.ull.es<\/a> o realizar el&nbsp;<a href=\"https:\/\/fg.ull.es\/portal\/gdi\/contacto\/\">formulario de contacto<\/a>&nbsp;de la p\u00e1gina web, donde informaremos de las novedades y arranque del nuevo curso.<\/p>\n\n\n\n<p>Este programa es un proyecto de la Agencia Canaria de Investigaci\u00f3n, Innovaci\u00f3n y Sociedad de la Informaci\u00f3n del Gobierno de Canarias, cofinanciado en un 85% por el Fondo Social Europeo (FSE) en los t\u00e9rminos establecidos en el Programa Operativo de Canarias 2014-2020, en el Eje prioritario 1, Objetivo tem\u00e1tico 8, Prioridad de inversi\u00f3n, 8.1, Objetivo espec\u00edfico 8.1.2.<\/p>\n","protected":false},"excerpt":{"rendered":"<p>Comenzamos temporada de vacaciones, una oportunidad perfecta para sacar partido al tiempo libre y mejorar el curr\u00edculum. Aprovecha ahora para tomarte un peque\u00f1o momento al d\u00eda e inscribirte en nuestras pr\u00f3ximas acciones formativas gratuitas. Si te apetece aprender y capacitarte sobre Innovaci\u00f3n, tienes disponible este curso de nivel 1 y 2: Tambi\u00e9n el nivel 1&#8230;<\/p>\n","protected":false},"author":12,"featured_media":6311,"comment_status":"closed","ping_status":"closed","sticky":false,"template":"","format":"standard","meta":{"footnotes":""},"categories":[1],"tags":[],"yoast_head":"<!-- This site is optimized with the Yoast SEO plugin v21.1 - https:\/\/yoast.com\/wordpress\/plugins\/seo\/ -->\n<title>\u00a1F\u00f3rmate con GDI2021! - Programa de Gestores de la Innovaci\u00f3n<\/title>\n<meta name=\"robots\" content=\"index, follow, max-snippet:-1, max-image-preview:large, max-video-preview:-1\" \/>\n<link rel=\"canonical\" href=\"https:\/\/fg.ull.es\/portal\/gdi\/formate-con-gdi2021\/\" \/>\n<meta property=\"og:locale\" content=\"es_ES\" \/>\n<meta property=\"og:type\" content=\"article\" \/>\n<meta property=\"og:title\" content=\"\u00a1F\u00f3rmate con GDI2021! - Programa de Gestores de la Innovaci\u00f3n\" \/>\n<meta property=\"og:description\" content=\"Comenzamos temporada de vacaciones, una oportunidad perfecta para sacar partido al tiempo libre y mejorar el curr\u00edculum. Aprovecha ahora para tomarte un peque\u00f1o momento al d\u00eda e inscribirte en nuestras pr\u00f3ximas acciones formativas gratuitas. Si te apetece aprender y capacitarte sobre Innovaci\u00f3n, tienes disponible este curso de nivel 1 y 2: Tambi\u00e9n el nivel 1...\" \/>\n<meta property=\"og:url\" content=\"https:\/\/fg.ull.es\/portal\/gdi\/formate-con-gdi2021\/\" \/>\n<meta property=\"og:site_name\" content=\"Programa de Gestores de la Innovaci\u00f3n\" \/>\n<meta property=\"article:published_time\" content=\"2021-07-28T12:11:14+00:00\" \/>\n<meta property=\"article:modified_time\" content=\"2021-09-01T08:58:29+00:00\" \/>\n<meta property=\"og:image\" content=\"https:\/\/fg.ull.es\/portal\/gdi\/wp-content\/uploads\/sites\/2\/2021\/07\/Gestion-de-la-Innovacion-4_inscripcion_abierta.jpg\" \/>\n\t<meta property=\"og:image:width\" content=\"750\" \/>\n\t<meta property=\"og:image:height\" content=\"500\" \/>\n\t<meta property=\"og:image:type\" content=\"image\/jpeg\" \/>\n<meta name=\"author\" content=\"aascanio\" \/>\n<meta name=\"twitter:card\" content=\"summary_large_image\" \/>\n<meta name=\"twitter:label1\" content=\"Written by\" \/>\n\t<meta name=\"twitter:data1\" content=\"aascanio\" \/>\n\t<meta name=\"twitter:label2\" content=\"Est. reading time\" \/>\n\t<meta name=\"twitter:data2\" content=\"2 minutos\" \/>\n<script type=\"application\/ld+json\" class=\"yoast-schema-graph\">{\"@context\":\"https:\/\/schema.org\",\"@graph\":[{\"@type\":\"Article\",\"@id\":\"https:\/\/fg.ull.es\/portal\/gdi\/formate-con-gdi2021\/#article\",\"isPartOf\":{\"@id\":\"https:\/\/fg.ull.es\/portal\/gdi\/formate-con-gdi2021\/\"},\"author\":{\"name\":\"aascanio\",\"@id\":\"https:\/\/fg.ull.es\/portal\/gdi\/#\/schema\/person\/1ad03d108c212b498a622f39176298aa\"},\"headline\":\"\u00a1F\u00f3rmate con GDI2021!\",\"datePublished\":\"2021-07-28T12:11:14+00:00\",\"dateModified\":\"2021-09-01T08:58:29+00:00\",\"mainEntityOfPage\":{\"@id\":\"https:\/\/fg.ull.es\/portal\/gdi\/formate-con-gdi2021\/\"},\"wordCount\":360,\"publisher\":{\"@id\":\"https:\/\/fg.ull.es\/portal\/gdi\/#organization\"},\"inLanguage\":\"es\"},{\"@type\":\"WebPage\",\"@id\":\"https:\/\/fg.ull.es\/portal\/gdi\/formate-con-gdi2021\/\",\"url\":\"https:\/\/fg.ull.es\/portal\/gdi\/formate-con-gdi2021\/\",\"name\":\"\u00a1F\u00f3rmate con GDI2021! - Programa de Gestores de la Innovaci\u00f3n\",\"isPartOf\":{\"@id\":\"https:\/\/fg.ull.es\/portal\/gdi\/#website\"},\"datePublished\":\"2021-07-28T12:11:14+00:00\",\"dateModified\":\"2021-09-01T08:58:29+00:00\",\"breadcrumb\":{\"@id\":\"https:\/\/fg.ull.es\/portal\/gdi\/formate-con-gdi2021\/#breadcrumb\"},\"inLanguage\":\"es\",\"potentialAction\":[{\"@type\":\"ReadAction\",\"target\":[\"https:\/\/fg.ull.es\/portal\/gdi\/formate-con-gdi2021\/\"]}]},{\"@type\":\"BreadcrumbList\",\"@id\":\"https:\/\/fg.ull.es\/portal\/gdi\/formate-con-gdi2021\/#breadcrumb\",\"itemListElement\":[{\"@type\":\"ListItem\",\"position\":1,\"name\":\"Portada\",\"item\":\"https:\/\/fg.ull.es\/portal\/gdi\/\"},{\"@type\":\"ListItem\",\"position\":2,\"name\":\"\u00a1F\u00f3rmate con GDI2021!\"}]},{\"@type\":\"WebSite\",\"@id\":\"https:\/\/fg.ull.es\/portal\/gdi\/#website\",\"url\":\"https:\/\/fg.ull.es\/portal\/gdi\/\",\"name\":\"Programa de Gestores de la Innovaci\u00f3n\",\"description\":\"\",\"publisher\":{\"@id\":\"https:\/\/fg.ull.es\/portal\/gdi\/#organization\"},\"potentialAction\":[{\"@type\":\"SearchAction\",\"target\":{\"@type\":\"EntryPoint\",\"urlTemplate\":\"https:\/\/fg.ull.es\/portal\/gdi\/?s={search_term_string}\"},\"query-input\":\"required name=search_term_string\"}],\"inLanguage\":\"es\"},{\"@type\":\"Organization\",\"@id\":\"https:\/\/fg.ull.es\/portal\/gdi\/#organization\",\"name\":\"FUNDACI\u00d3N CANARIA GENERAL UNIVERSIDAD DE LA LAGUNA\",\"url\":\"https:\/\/fg.ull.es\/portal\/gdi\/\",\"logo\":{\"@type\":\"ImageObject\",\"inLanguage\":\"es\",\"@id\":\"https:\/\/fg.ull.es\/portal\/gdi\/#\/schema\/logo\/image\/\",\"url\":\"https:\/\/fg.ull.es\/portal\/gdi\/wp-content\/uploads\/sites\/2\/2020\/04\/FAVICON.png\",\"contentUrl\":\"https:\/\/fg.ull.es\/portal\/gdi\/wp-content\/uploads\/sites\/2\/2020\/04\/FAVICON.png\",\"width\":512,\"height\":512,\"caption\":\"FUNDACI\u00d3N CANARIA GENERAL UNIVERSIDAD DE LA LAGUNA\"},\"image\":{\"@id\":\"https:\/\/fg.ull.es\/portal\/gdi\/#\/schema\/logo\/image\/\"}},{\"@type\":\"Person\",\"@id\":\"https:\/\/fg.ull.es\/portal\/gdi\/#\/schema\/person\/1ad03d108c212b498a622f39176298aa\",\"name\":\"aascanio\",\"image\":{\"@type\":\"ImageObject\",\"inLanguage\":\"es\",\"@id\":\"https:\/\/fg.ull.es\/portal\/gdi\/#\/schema\/person\/image\/\",\"url\":\"https:\/\/secure.gravatar.com\/avatar\/fb13c6d51e43015759a2b0b66dcd2734?s=96&d=mm&r=g\",\"contentUrl\":\"https:\/\/secure.gravatar.com\/avatar\/fb13c6d51e43015759a2b0b66dcd2734?s=96&d=mm&r=g\",\"caption\":\"aascanio\"}}]}<\/script>\n<!-- \/ Yoast SEO plugin. -->","yoast_head_json":{"title":"\u00a1F\u00f3rmate con GDI2021! - Programa de Gestores de la Innovaci\u00f3n","robots":{"index":"index","follow":"follow","max-snippet":"max-snippet:-1","max-image-preview":"max-image-preview:large","max-video-preview":"max-video-preview:-1"},"canonical":"https:\/\/fg.ull.es\/portal\/gdi\/formate-con-gdi2021\/","og_locale":"es_ES","og_type":"article","og_title":"\u00a1F\u00f3rmate con GDI2021! - Programa de Gestores de la Innovaci\u00f3n","og_description":"Comenzamos temporada de vacaciones, una oportunidad perfecta para sacar partido al tiempo libre y mejorar el curr\u00edculum. Aprovecha ahora para tomarte un peque\u00f1o momento al d\u00eda e inscribirte en nuestras pr\u00f3ximas acciones formativas gratuitas. Si te apetece aprender y capacitarte sobre Innovaci\u00f3n, tienes disponible este curso de nivel 1 y 2: Tambi\u00e9n el nivel 1...","og_url":"https:\/\/fg.ull.es\/portal\/gdi\/formate-con-gdi2021\/","og_site_name":"Programa de Gestores de la Innovaci\u00f3n","article_published_time":"2021-07-28T12:11:14+00:00","article_modified_time":"2021-09-01T08:58:29+00:00","og_image":[{"width":750,"height":500,"url":"https:\/\/fg.ull.es\/portal\/gdi\/wp-content\/uploads\/sites\/2\/2021\/07\/Gestion-de-la-Innovacion-4_inscripcion_abierta.jpg","type":"image\/jpeg"}],"author":"aascanio","twitter_card":"summary_large_image","twitter_misc":{"Written by":"aascanio","Est. reading time":"2 minutos"},"schema":{"@context":"https:\/\/schema.org","@graph":[{"@type":"Article","@id":"https:\/\/fg.ull.es\/portal\/gdi\/formate-con-gdi2021\/#article","isPartOf":{"@id":"https:\/\/fg.ull.es\/portal\/gdi\/formate-con-gdi2021\/"},"author":{"name":"aascanio","@id":"https:\/\/fg.ull.es\/portal\/gdi\/#\/schema\/person\/1ad03d108c212b498a622f39176298aa"},"headline":"\u00a1F\u00f3rmate con GDI2021!","datePublished":"2021-07-28T12:11:14+00:00","dateModified":"2021-09-01T08:58:29+00:00","mainEntityOfPage":{"@id":"https:\/\/fg.ull.es\/portal\/gdi\/formate-con-gdi2021\/"},"wordCount":360,"publisher":{"@id":"https:\/\/fg.ull.es\/portal\/gdi\/#organization"},"inLanguage":"es"},{"@type":"WebPage","@id":"https:\/\/fg.ull.es\/portal\/gdi\/formate-con-gdi2021\/","url":"https:\/\/fg.ull.es\/portal\/gdi\/formate-con-gdi2021\/","name":"\u00a1F\u00f3rmate con GDI2021! - Programa de Gestores de la Innovaci\u00f3n","isPartOf":{"@id":"https:\/\/fg.ull.es\/portal\/gdi\/#website"},"datePublished":"2021-07-28T12:11:14+00:00","dateModified":"2021-09-01T08:58:29+00:00","breadcrumb":{"@id":"https:\/\/fg.ull.es\/portal\/gdi\/formate-con-gdi2021\/#breadcrumb"},"inLanguage":"es","potentialAction":[{"@type":"ReadAction","target":["https:\/\/fg.ull.es\/portal\/gdi\/formate-con-gdi2021\/"]}]},{"@type":"BreadcrumbList","@id":"https:\/\/fg.ull.es\/portal\/gdi\/formate-con-gdi2021\/#breadcrumb","itemListElement":[{"@type":"ListItem","position":1,"name":"Portada","item":"https:\/\/fg.ull.es\/portal\/gdi\/"},{"@type":"ListItem","position":2,"name":"\u00a1F\u00f3rmate con GDI2021!"}]},{"@type":"WebSite","@id":"https:\/\/fg.ull.es\/portal\/gdi\/#website","url":"https:\/\/fg.ull.es\/portal\/gdi\/","name":"Programa de Gestores de la Innovaci\u00f3n","description":"","publisher":{"@id":"https:\/\/fg.ull.es\/portal\/gdi\/#organization"},"potentialAction":[{"@type":"SearchAction","target":{"@type":"EntryPoint","urlTemplate":"https:\/\/fg.ull.es\/portal\/gdi\/?s={search_term_string}"},"query-input":"required name=search_term_string"}],"inLanguage":"es"},{"@type":"Organization","@id":"https:\/\/fg.ull.es\/portal\/gdi\/#organization","name":"FUNDACI\u00d3N CANARIA GENERAL UNIVERSIDAD DE LA LAGUNA","url":"https:\/\/fg.ull.es\/portal\/gdi\/","logo":{"@type":"ImageObject","inLanguage":"es","@id":"https:\/\/fg.ull.es\/portal\/gdi\/#\/schema\/logo\/image\/","url":"https:\/\/fg.ull.es\/portal\/gdi\/wp-content\/uploads\/sites\/2\/2020\/04\/FAVICON.png","contentUrl":"https:\/\/fg.ull.es\/portal\/gdi\/wp-content\/uploads\/sites\/2\/2020\/04\/FAVICON.png","width":512,"height":512,"caption":"FUNDACI\u00d3N CANARIA GENERAL UNIVERSIDAD DE LA LAGUNA"},"image":{"@id":"https:\/\/fg.ull.es\/portal\/gdi\/#\/schema\/logo\/image\/"}},{"@type":"Person","@id":"https:\/\/fg.ull.es\/portal\/gdi\/#\/schema\/person\/1ad03d108c212b498a622f39176298aa","name":"aascanio","image":{"@type":"ImageObject","inLanguage":"es","@id":"https:\/\/fg.ull.es\/portal\/gdi\/#\/schema\/person\/image\/","url":"https:\/\/secure.gravatar.com\/avatar\/fb13c6d51e43015759a2b0b66dcd2734?s=96&d=mm&r=g","contentUrl":"https:\/\/secure.gravatar.com\/avatar\/fb13c6d51e43015759a2b0b66dcd2734?s=96&d=mm&r=g","caption":"aascanio"}}]}},"_links":{"self":[{"href":"https:\/\/fg.ull.es\/portal\/gdi\/wp-json\/wp\/v2\/posts\/5725"}],"collection":[{"href":"https:\/\/fg.ull.es\/portal\/gdi\/wp-json\/wp\/v2\/posts"}],"about":[{"href":"https:\/\/fg.ull.es\/portal\/gdi\/wp-json\/wp\/v2\/types\/post"}],"author":[{"embeddable":true,"href":"https:\/\/fg.ull.es\/portal\/gdi\/wp-json\/wp\/v2\/users\/12"}],"replies":[{"embeddable":true,"href":"https:\/\/fg.ull.es\/portal\/gdi\/wp-json\/wp\/v2\/comments?post=5725"}],"version-history":[{"count":9,"href":"https:\/\/fg.ull.es\/portal\/gdi\/wp-json\/wp\/v2\/posts\/5725\/revisions"}],"predecessor-version":[{"id":6660,"href":"https:\/\/fg.ull.es\/portal\/gdi\/wp-json\/wp\/v2\/posts\/5725\/revisions\/6660"}],"wp:featuredmedia":[{"embeddable":true,"href":"https:\/\/fg.ull.es\/portal\/gdi\/wp-json\/wp\/v2\/media\/6311"}],"wp:attachment":[{"href":"https:\/\/fg.ull.es\/portal\/gdi\/wp-json\/wp\/v2\/media?parent=5725"}],"wp:term":[{"taxonomy":"category","embeddable":true,"href":"https:\/\/fg.ull.es\/portal\/gdi\/wp-json\/wp\/v2\/categories?post=5725"},{"taxonomy":"post_tag","embeddable":true,"href":"https:\/\/fg.ull.es\/portal\/gdi\/wp-json\/wp\/v2\/tags?post=5725"}],"curies":[{"name":"wp","href":"https:\/\/api.w.org\/{rel}","templated":true}]}}