{"id":5693,"date":"2021-07-21T11:09:07","date_gmt":"2021-07-21T11:09:07","guid":{"rendered":"https:\/\/fg.ull.es\/portal\/gdi\/?p=5693"},"modified":"2021-07-21T11:09:09","modified_gmt":"2021-07-21T11:09:09","slug":"presentacion-de-la-carta-de-derechos-digitales","status":"publish","type":"post","link":"https:\/\/fg.ull.es\/portal\/gdi\/presentacion-de-la-carta-de-derechos-digitales\/","title":{"rendered":"Presentaci\u00f3n de la Carta de Derechos Digitales"},"content":{"rendered":"\n<p>El pasado 14 de julio, el presidente del Gobierno, Pedro S\u00e1nchez, junto a la ministra de Justicia, Pilar Llop , y la vicepresidenta primera y ministra de Asuntos Econ\u00f3micos y Transformaci\u00f3n Digital, Nadia Calvi\u00f1o, presentaron en Moncloa la <strong>Carta de Derechos Digitales<\/strong>.<\/p>\n\n\n\n<p>Expertos coordinados por la Secretar\u00eda de Estado de Digitalizaci\u00f3n e Inteligencia Artificial (Sedia) han creado la Carta tras m\u00e1s de un a\u00f1o de trabajo. En ella se recogen los <strong>28 derechos m\u00e1s importantes del entorno digital<\/strong>, como por ejemplo la ciberseguridad, el derecho de las personas a no ser localizadas, derecho a la identidad digital o el propio acceso a internet. <\/p>\n\n\n\n<p><em>\u201cLos derechos digitales son un tema que puede pasar desapercibido con el ruido diario pero que es trascendental para la vida de los ciudadanos y sobre todo para definir qu\u00e9 mundo queremos para nuestros hijos\u201d <\/em>comentaba la vicepresidenta. Borka Adsuara, experto en Derecho Digital y uno de los autores del documento: <em>\u201cMe siento especialmente contento del derecho a la identidad digital y el derecho al&nbsp;pseudonimato, porque eran derechos que no estaban en la Constituci\u00f3n\u201d<\/em>.<\/p>\n\n\n\n<p>Nos ha parecido interesante comentar esta noticia porque estos son algunos de los temas que se estudian en el curso gratuito de Promoci\u00f3n y Gesti\u00f3n digital de Gesti\u00f3n de la Innovaci\u00f3n que tenemos activo. \u00a1Tienes toda la informaci\u00f3n aqu\u00ed! <\/p>\n\n\n\n<div class=\"wp-block-buttons aligncenter is-layout-flex wp-block-buttons-is-layout-flex\">\n<div class=\"wp-block-button\"><a class=\"wp-block-button__link has-luminous-vivid-orange-to-vivid-red-gradient-background has-background\" href=\"https:\/\/sede.fg.ull.es\/es\/curso\/detalle\/a21120106\/promocion-y-gestion-digital-n1-y-n2\">Promoci\u00f3n y Gesti\u00f3n Digital (N1 y N2)<\/a><\/div>\n<\/div>\n\n\n\n<p>Noticia v\u00eda: <a href=\"https:\/\/elpais.com\/tecnologia\/2021-07-14\/el-gobierno-presenta-una-carta-de-derechos-digitales-para-guiar-las-futuras-politicas-tecnologicas.html\">El Pa\u00eds<\/a> <\/p>\n","protected":false},"excerpt":{"rendered":"<p>El pasado 14 de julio, el presidente del Gobierno, Pedro S\u00e1nchez, junto a la ministra de Justicia, Pilar Llop , y la vicepresidenta primera y ministra de Asuntos Econ\u00f3micos y Transformaci\u00f3n Digital, Nadia Calvi\u00f1o, presentaron en Moncloa la Carta de Derechos Digitales. Expertos coordinados por la Secretar\u00eda de Estado de Digitalizaci\u00f3n e Inteligencia Artificial (Sedia)&#8230;<\/p>\n","protected":false},"author":12,"featured_media":5694,"comment_status":"closed","ping_status":"closed","sticky":false,"template":"","format":"standard","meta":{"footnotes":""},"categories":[1],"tags":[12],"yoast_head":"<!-- This site is optimized with the Yoast SEO plugin v21.1 - https:\/\/yoast.com\/wordpress\/plugins\/seo\/ -->\n<title>Presentaci\u00f3n de la Carta de Derechos Digitales - Programa de Gestores de la Innovaci\u00f3n<\/title>\n<meta name=\"robots\" content=\"index, follow, max-snippet:-1, max-image-preview:large, max-video-preview:-1\" \/>\n<link rel=\"canonical\" href=\"https:\/\/fg.ull.es\/portal\/gdi\/presentacion-de-la-carta-de-derechos-digitales\/\" \/>\n<meta property=\"og:locale\" content=\"es_ES\" \/>\n<meta property=\"og:type\" content=\"article\" \/>\n<meta property=\"og:title\" content=\"Presentaci\u00f3n de la Carta de Derechos Digitales - Programa de Gestores de la Innovaci\u00f3n\" \/>\n<meta property=\"og:description\" content=\"El pasado 14 de julio, el presidente del Gobierno, Pedro S\u00e1nchez, junto a la ministra de Justicia, Pilar Llop , y la vicepresidenta primera y ministra de Asuntos Econ\u00f3micos y Transformaci\u00f3n Digital, Nadia Calvi\u00f1o, presentaron en Moncloa la Carta de Derechos Digitales. Expertos coordinados por la Secretar\u00eda de Estado de Digitalizaci\u00f3n e Inteligencia Artificial (Sedia)...\" \/>\n<meta property=\"og:url\" content=\"https:\/\/fg.ull.es\/portal\/gdi\/presentacion-de-la-carta-de-derechos-digitales\/\" \/>\n<meta property=\"og:site_name\" content=\"Programa de Gestores de la Innovaci\u00f3n\" \/>\n<meta property=\"article:published_time\" content=\"2021-07-21T11:09:07+00:00\" \/>\n<meta property=\"article:modified_time\" content=\"2021-07-21T11:09:09+00:00\" \/>\n<meta property=\"og:image\" content=\"https:\/\/fg.ull.es\/portal\/gdi\/wp-content\/uploads\/sites\/2\/2021\/07\/Carta-de-Derechos-Digitales-min-scaled.jpg\" \/>\n\t<meta property=\"og:image:width\" content=\"2560\" \/>\n\t<meta property=\"og:image:height\" content=\"1440\" \/>\n\t<meta property=\"og:image:type\" content=\"image\/jpeg\" \/>\n<meta name=\"author\" content=\"aascanio\" \/>\n<meta name=\"twitter:card\" content=\"summary_large_image\" \/>\n<meta name=\"twitter:label1\" content=\"Written by\" \/>\n\t<meta name=\"twitter:data1\" content=\"aascanio\" \/>\n\t<meta name=\"twitter:label2\" content=\"Est. reading time\" \/>\n\t<meta name=\"twitter:data2\" content=\"1 minuto\" \/>\n<script type=\"application\/ld+json\" class=\"yoast-schema-graph\">{\"@context\":\"https:\/\/schema.org\",\"@graph\":[{\"@type\":\"Article\",\"@id\":\"https:\/\/fg.ull.es\/portal\/gdi\/presentacion-de-la-carta-de-derechos-digitales\/#article\",\"isPartOf\":{\"@id\":\"https:\/\/fg.ull.es\/portal\/gdi\/presentacion-de-la-carta-de-derechos-digitales\/\"},\"author\":{\"name\":\"aascanio\",\"@id\":\"https:\/\/fg.ull.es\/portal\/gdi\/#\/schema\/person\/1ad03d108c212b498a622f39176298aa\"},\"headline\":\"Presentaci\u00f3n de la Carta de Derechos Digitales\",\"datePublished\":\"2021-07-21T11:09:07+00:00\",\"dateModified\":\"2021-07-21T11:09:09+00:00\",\"mainEntityOfPage\":{\"@id\":\"https:\/\/fg.ull.es\/portal\/gdi\/presentacion-de-la-carta-de-derechos-digitales\/\"},\"wordCount\":253,\"publisher\":{\"@id\":\"https:\/\/fg.ull.es\/portal\/gdi\/#organization\"},\"keywords\":[\"Transformaci\u00f3n Digital\"],\"inLanguage\":\"es\"},{\"@type\":\"WebPage\",\"@id\":\"https:\/\/fg.ull.es\/portal\/gdi\/presentacion-de-la-carta-de-derechos-digitales\/\",\"url\":\"https:\/\/fg.ull.es\/portal\/gdi\/presentacion-de-la-carta-de-derechos-digitales\/\",\"name\":\"Presentaci\u00f3n de la Carta de Derechos Digitales - Programa de Gestores de la Innovaci\u00f3n\",\"isPartOf\":{\"@id\":\"https:\/\/fg.ull.es\/portal\/gdi\/#website\"},\"datePublished\":\"2021-07-21T11:09:07+00:00\",\"dateModified\":\"2021-07-21T11:09:09+00:00\",\"breadcrumb\":{\"@id\":\"https:\/\/fg.ull.es\/portal\/gdi\/presentacion-de-la-carta-de-derechos-digitales\/#breadcrumb\"},\"inLanguage\":\"es\",\"potentialAction\":[{\"@type\":\"ReadAction\",\"target\":[\"https:\/\/fg.ull.es\/portal\/gdi\/presentacion-de-la-carta-de-derechos-digitales\/\"]}]},{\"@type\":\"BreadcrumbList\",\"@id\":\"https:\/\/fg.ull.es\/portal\/gdi\/presentacion-de-la-carta-de-derechos-digitales\/#breadcrumb\",\"itemListElement\":[{\"@type\":\"ListItem\",\"position\":1,\"name\":\"Portada\",\"item\":\"https:\/\/fg.ull.es\/portal\/gdi\/\"},{\"@type\":\"ListItem\",\"position\":2,\"name\":\"Presentaci\u00f3n de la Carta de Derechos Digitales\"}]},{\"@type\":\"WebSite\",\"@id\":\"https:\/\/fg.ull.es\/portal\/gdi\/#website\",\"url\":\"https:\/\/fg.ull.es\/portal\/gdi\/\",\"name\":\"Programa de Gestores de la Innovaci\u00f3n\",\"description\":\"\",\"publisher\":{\"@id\":\"https:\/\/fg.ull.es\/portal\/gdi\/#organization\"},\"potentialAction\":[{\"@type\":\"SearchAction\",\"target\":{\"@type\":\"EntryPoint\",\"urlTemplate\":\"https:\/\/fg.ull.es\/portal\/gdi\/?s={search_term_string}\"},\"query-input\":\"required name=search_term_string\"}],\"inLanguage\":\"es\"},{\"@type\":\"Organization\",\"@id\":\"https:\/\/fg.ull.es\/portal\/gdi\/#organization\",\"name\":\"FUNDACI\u00d3N CANARIA GENERAL UNIVERSIDAD DE LA LAGUNA\",\"url\":\"https:\/\/fg.ull.es\/portal\/gdi\/\",\"logo\":{\"@type\":\"ImageObject\",\"inLanguage\":\"es\",\"@id\":\"https:\/\/fg.ull.es\/portal\/gdi\/#\/schema\/logo\/image\/\",\"url\":\"https:\/\/fg.ull.es\/portal\/gdi\/wp-content\/uploads\/sites\/2\/2020\/04\/FAVICON.png\",\"contentUrl\":\"https:\/\/fg.ull.es\/portal\/gdi\/wp-content\/uploads\/sites\/2\/2020\/04\/FAVICON.png\",\"width\":512,\"height\":512,\"caption\":\"FUNDACI\u00d3N CANARIA GENERAL UNIVERSIDAD DE LA LAGUNA\"},\"image\":{\"@id\":\"https:\/\/fg.ull.es\/portal\/gdi\/#\/schema\/logo\/image\/\"}},{\"@type\":\"Person\",\"@id\":\"https:\/\/fg.ull.es\/portal\/gdi\/#\/schema\/person\/1ad03d108c212b498a622f39176298aa\",\"name\":\"aascanio\",\"image\":{\"@type\":\"ImageObject\",\"inLanguage\":\"es\",\"@id\":\"https:\/\/fg.ull.es\/portal\/gdi\/#\/schema\/person\/image\/\",\"url\":\"https:\/\/secure.gravatar.com\/avatar\/fb13c6d51e43015759a2b0b66dcd2734?s=96&d=mm&r=g\",\"contentUrl\":\"https:\/\/secure.gravatar.com\/avatar\/fb13c6d51e43015759a2b0b66dcd2734?s=96&d=mm&r=g\",\"caption\":\"aascanio\"}}]}<\/script>\n<!-- \/ Yoast SEO plugin. -->","yoast_head_json":{"title":"Presentaci\u00f3n de la Carta de Derechos Digitales - Programa de Gestores de la Innovaci\u00f3n","robots":{"index":"index","follow":"follow","max-snippet":"max-snippet:-1","max-image-preview":"max-image-preview:large","max-video-preview":"max-video-preview:-1"},"canonical":"https:\/\/fg.ull.es\/portal\/gdi\/presentacion-de-la-carta-de-derechos-digitales\/","og_locale":"es_ES","og_type":"article","og_title":"Presentaci\u00f3n de la Carta de Derechos Digitales - Programa de Gestores de la Innovaci\u00f3n","og_description":"El pasado 14 de julio, el presidente del Gobierno, Pedro S\u00e1nchez, junto a la ministra de Justicia, Pilar Llop , y la vicepresidenta primera y ministra de Asuntos Econ\u00f3micos y Transformaci\u00f3n Digital, Nadia Calvi\u00f1o, presentaron en Moncloa la Carta de Derechos Digitales. Expertos coordinados por la Secretar\u00eda de Estado de Digitalizaci\u00f3n e Inteligencia Artificial (Sedia)...","og_url":"https:\/\/fg.ull.es\/portal\/gdi\/presentacion-de-la-carta-de-derechos-digitales\/","og_site_name":"Programa de Gestores de la Innovaci\u00f3n","article_published_time":"2021-07-21T11:09:07+00:00","article_modified_time":"2021-07-21T11:09:09+00:00","og_image":[{"width":2560,"height":1440,"url":"https:\/\/fg.ull.es\/portal\/gdi\/wp-content\/uploads\/sites\/2\/2021\/07\/Carta-de-Derechos-Digitales-min-scaled.jpg","type":"image\/jpeg"}],"author":"aascanio","twitter_card":"summary_large_image","twitter_misc":{"Written by":"aascanio","Est. reading time":"1 minuto"},"schema":{"@context":"https:\/\/schema.org","@graph":[{"@type":"Article","@id":"https:\/\/fg.ull.es\/portal\/gdi\/presentacion-de-la-carta-de-derechos-digitales\/#article","isPartOf":{"@id":"https:\/\/fg.ull.es\/portal\/gdi\/presentacion-de-la-carta-de-derechos-digitales\/"},"author":{"name":"aascanio","@id":"https:\/\/fg.ull.es\/portal\/gdi\/#\/schema\/person\/1ad03d108c212b498a622f39176298aa"},"headline":"Presentaci\u00f3n de la Carta de Derechos Digitales","datePublished":"2021-07-21T11:09:07+00:00","dateModified":"2021-07-21T11:09:09+00:00","mainEntityOfPage":{"@id":"https:\/\/fg.ull.es\/portal\/gdi\/presentacion-de-la-carta-de-derechos-digitales\/"},"wordCount":253,"publisher":{"@id":"https:\/\/fg.ull.es\/portal\/gdi\/#organization"},"keywords":["Transformaci\u00f3n Digital"],"inLanguage":"es"},{"@type":"WebPage","@id":"https:\/\/fg.ull.es\/portal\/gdi\/presentacion-de-la-carta-de-derechos-digitales\/","url":"https:\/\/fg.ull.es\/portal\/gdi\/presentacion-de-la-carta-de-derechos-digitales\/","name":"Presentaci\u00f3n de la Carta de Derechos Digitales - Programa de Gestores de la Innovaci\u00f3n","isPartOf":{"@id":"https:\/\/fg.ull.es\/portal\/gdi\/#website"},"datePublished":"2021-07-21T11:09:07+00:00","dateModified":"2021-07-21T11:09:09+00:00","breadcrumb":{"@id":"https:\/\/fg.ull.es\/portal\/gdi\/presentacion-de-la-carta-de-derechos-digitales\/#breadcrumb"},"inLanguage":"es","potentialAction":[{"@type":"ReadAction","target":["https:\/\/fg.ull.es\/portal\/gdi\/presentacion-de-la-carta-de-derechos-digitales\/"]}]},{"@type":"BreadcrumbList","@id":"https:\/\/fg.ull.es\/portal\/gdi\/presentacion-de-la-carta-de-derechos-digitales\/#breadcrumb","itemListElement":[{"@type":"ListItem","position":1,"name":"Portada","item":"https:\/\/fg.ull.es\/portal\/gdi\/"},{"@type":"ListItem","position":2,"name":"Presentaci\u00f3n de la Carta de Derechos Digitales"}]},{"@type":"WebSite","@id":"https:\/\/fg.ull.es\/portal\/gdi\/#website","url":"https:\/\/fg.ull.es\/portal\/gdi\/","name":"Programa de Gestores de la Innovaci\u00f3n","description":"","publisher":{"@id":"https:\/\/fg.ull.es\/portal\/gdi\/#organization"},"potentialAction":[{"@type":"SearchAction","target":{"@type":"EntryPoint","urlTemplate":"https:\/\/fg.ull.es\/portal\/gdi\/?s={search_term_string}"},"query-input":"required name=search_term_string"}],"inLanguage":"es"},{"@type":"Organization","@id":"https:\/\/fg.ull.es\/portal\/gdi\/#organization","name":"FUNDACI\u00d3N CANARIA GENERAL UNIVERSIDAD DE LA LAGUNA","url":"https:\/\/fg.ull.es\/portal\/gdi\/","logo":{"@type":"ImageObject","inLanguage":"es","@id":"https:\/\/fg.ull.es\/portal\/gdi\/#\/schema\/logo\/image\/","url":"https:\/\/fg.ull.es\/portal\/gdi\/wp-content\/uploads\/sites\/2\/2020\/04\/FAVICON.png","contentUrl":"https:\/\/fg.ull.es\/portal\/gdi\/wp-content\/uploads\/sites\/2\/2020\/04\/FAVICON.png","width":512,"height":512,"caption":"FUNDACI\u00d3N CANARIA GENERAL UNIVERSIDAD DE LA LAGUNA"},"image":{"@id":"https:\/\/fg.ull.es\/portal\/gdi\/#\/schema\/logo\/image\/"}},{"@type":"Person","@id":"https:\/\/fg.ull.es\/portal\/gdi\/#\/schema\/person\/1ad03d108c212b498a622f39176298aa","name":"aascanio","image":{"@type":"ImageObject","inLanguage":"es","@id":"https:\/\/fg.ull.es\/portal\/gdi\/#\/schema\/person\/image\/","url":"https:\/\/secure.gravatar.com\/avatar\/fb13c6d51e43015759a2b0b66dcd2734?s=96&d=mm&r=g","contentUrl":"https:\/\/secure.gravatar.com\/avatar\/fb13c6d51e43015759a2b0b66dcd2734?s=96&d=mm&r=g","caption":"aascanio"}}]}},"_links":{"self":[{"href":"https:\/\/fg.ull.es\/portal\/gdi\/wp-json\/wp\/v2\/posts\/5693"}],"collection":[{"href":"https:\/\/fg.ull.es\/portal\/gdi\/wp-json\/wp\/v2\/posts"}],"about":[{"href":"https:\/\/fg.ull.es\/portal\/gdi\/wp-json\/wp\/v2\/types\/post"}],"author":[{"embeddable":true,"href":"https:\/\/fg.ull.es\/portal\/gdi\/wp-json\/wp\/v2\/users\/12"}],"replies":[{"embeddable":true,"href":"https:\/\/fg.ull.es\/portal\/gdi\/wp-json\/wp\/v2\/comments?post=5693"}],"version-history":[{"count":2,"href":"https:\/\/fg.ull.es\/portal\/gdi\/wp-json\/wp\/v2\/posts\/5693\/revisions"}],"predecessor-version":[{"id":5697,"href":"https:\/\/fg.ull.es\/portal\/gdi\/wp-json\/wp\/v2\/posts\/5693\/revisions\/5697"}],"wp:featuredmedia":[{"embeddable":true,"href":"https:\/\/fg.ull.es\/portal\/gdi\/wp-json\/wp\/v2\/media\/5694"}],"wp:attachment":[{"href":"https:\/\/fg.ull.es\/portal\/gdi\/wp-json\/wp\/v2\/media?parent=5693"}],"wp:term":[{"taxonomy":"category","embeddable":true,"href":"https:\/\/fg.ull.es\/portal\/gdi\/wp-json\/wp\/v2\/categories?post=5693"},{"taxonomy":"post_tag","embeddable":true,"href":"https:\/\/fg.ull.es\/portal\/gdi\/wp-json\/wp\/v2\/tags?post=5693"}],"curies":[{"name":"wp","href":"https:\/\/api.w.org\/{rel}","templated":true}]}}