{"id":5518,"date":"2021-05-13T09:33:24","date_gmt":"2021-05-13T09:33:24","guid":{"rendered":"https:\/\/fg.ull.es\/portal\/gdi\/?p=5518"},"modified":"2021-05-13T09:33:25","modified_gmt":"2021-05-13T09:33:25","slug":"experiencia-del-alumnado-en-practicas","status":"publish","type":"post","link":"https:\/\/fg.ull.es\/portal\/gdi\/experiencia-del-alumnado-en-practicas\/","title":{"rendered":"Experiencia del alumnado en pr\u00e1cticas."},"content":{"rendered":"\n<p>Vamos cerrando este curso GDI2020 con mucha satisfacci\u00f3n: este a\u00f1o, se han impartido <strong>43 cursos en modalidad online<\/strong>, y de las casi <strong>500 personas formadas <\/strong>que han superado los diferentes niveles,&nbsp; 25 de ellas tuvieron la oportunidad de realizar <strong>pr\u00e1cticas en empresas canarias y grupos de investigaci\u00f3n.<\/strong> Esto ha sido un elemento clave para potenciar el talento innovador canario, impulsando la innovaci\u00f3n en las empresas y mejorar su competitividad.<\/p>\n\n\n\n<p>Hoy, Daniel, Sarah y Daura nos cuentan un poco m\u00e1s sobre su experiencia como consultor y consultoras en pr\u00e1cticas.<\/p>\n\n\n\n<p><strong>Daniel S\u00e1nchez<\/strong> ha realizado sus pr\u00e1cticas como consultor en Pasteler\u00eda D\u00edaz. Nos comenta que una de las partes que m\u00e1s valora de la experiencia es la <strong>implicaci\u00f3n por parte de la empresa en el proceso<\/strong>. Tambi\u00e9n destac\u00f3 que su paso por el Programa le ha servido para <em><strong>\u00abconsolidar los conocimientos <\/strong>que ya ten\u00eda en investigaci\u00f3n y redacci\u00f3n de proyectos de mi etapa universitaria y m\u00e1ster.\u00bb<\/em><\/p>\n\n\n\n<p><strong>Sarah Gonz\u00e1lez <\/strong>es una de las estudiantes en pr\u00e1cticas en un grupo de investigaci\u00f3n. <em>\u00abLa experiencia que me ha aportado participar como consultora ha sido darme <strong>un perfil m\u00e1s polivalente<\/strong> a la hora de en un futuro poder ejercer mi profesi\u00f3n\u00bb <\/em>nos comentaba. Valor\u00f3 el Programa de forma muy positiva, ya que seg\u00fan sus palabras  <em>\u00abme ha sacado completamente de mi zona de confort, en rasgos generales ha sido muy \u00fatil.\u00bb<\/em><\/p>\n\n\n\n<p>Este curso, las estad\u00edsticas de satisfacci\u00f3n del Programa Gesti\u00f3n de la Innovaci\u00f3n han sido muy positivas. <strong>El 100% de los participantes recomendar\u00eda la formaci\u00f3n a sus amigos y conocidos.<\/strong><\/p>\n\n\n\n<p><strong>Daura Ramos<\/strong>, consultora en pr\u00e1cticas en Joyer\u00eda Rub\u00ed coment\u00f3 que la experiencia en las pr\u00e1cticas <strong>mejorar\u00eda totalmente su situaci\u00f3n en el mercado laboral<\/strong> ya que su perfil se vuelve mucho m\u00e1s completo aumentando las capacidades profesionales. Por otro lado, destac\u00f3 la presencia y compromiso con la empresa:<em> \u00abten\u00eda claro que hab\u00eda que hacer un cambio en el modelo de negocio y a trav\u00e9s de este programa ha podido empezar el proceso de cambio.\u00bb<\/em><\/p>\n\n\n\n<p>Ya podemos adelantar que <strong>habr\u00e1 un pr\u00f3ximo curso GDI2021<\/strong> donde un a\u00f1o m\u00e1s, estudiantes y empresas podr\u00e1n crear sinergia para, de forma conjunta, potenciar el talento innovador canario, impulsando la innovaci\u00f3n  y mejorando su competitividad. <\/p>\n\n\n\n<p>Si te resulta interesante y te gustar\u00eda recibir m\u00e1s informaci\u00f3n de los pr\u00f3ximos cursos o inscribirte como empresa colaboradora, no dudes en escribirnos a trav\u00e9s del correo electr\u00f3nico&nbsp;<a href=\"mailto:gdi@fg.ull.es\">gdi@fg.ull.es&nbsp;<\/a>o realizar el&nbsp;<a href=\"https:\/\/fg.ull.es\/portal\/gdi\/contacto\/\">formulario de contacto<\/a>&nbsp;de la p\u00e1gina web.<\/p>\n","protected":false},"excerpt":{"rendered":"<p>Vamos cerrando este curso GDI2020 con mucha satisfacci\u00f3n: este a\u00f1o, se han impartido 43 cursos en modalidad online, y de las casi 500 personas formadas que han superado los diferentes niveles,&nbsp; 25 de ellas tuvieron la oportunidad de realizar pr\u00e1cticas en empresas canarias y grupos de investigaci\u00f3n. Esto ha sido un elemento clave para potenciar&#8230;<\/p>\n","protected":false},"author":12,"featured_media":5519,"comment_status":"closed","ping_status":"closed","sticky":false,"template":"","format":"standard","meta":{"footnotes":""},"categories":[1],"tags":[],"yoast_head":"<!-- This site is optimized with the Yoast SEO plugin v21.1 - https:\/\/yoast.com\/wordpress\/plugins\/seo\/ -->\n<title>Experiencia del alumnado en pr\u00e1cticas. - Programa de Gestores de la Innovaci\u00f3n<\/title>\n<meta name=\"robots\" content=\"index, follow, max-snippet:-1, max-image-preview:large, max-video-preview:-1\" \/>\n<link rel=\"canonical\" href=\"https:\/\/fg.ull.es\/portal\/gdi\/experiencia-del-alumnado-en-practicas\/\" \/>\n<meta property=\"og:locale\" content=\"es_ES\" \/>\n<meta property=\"og:type\" content=\"article\" \/>\n<meta property=\"og:title\" content=\"Experiencia del alumnado en pr\u00e1cticas. - Programa de Gestores de la Innovaci\u00f3n\" \/>\n<meta property=\"og:description\" content=\"Vamos cerrando este curso GDI2020 con mucha satisfacci\u00f3n: este a\u00f1o, se han impartido 43 cursos en modalidad online, y de las casi 500 personas formadas que han superado los diferentes niveles,&nbsp; 25 de ellas tuvieron la oportunidad de realizar pr\u00e1cticas en empresas canarias y grupos de investigaci\u00f3n. Esto ha sido un elemento clave para potenciar...\" \/>\n<meta property=\"og:url\" content=\"https:\/\/fg.ull.es\/portal\/gdi\/experiencia-del-alumnado-en-practicas\/\" \/>\n<meta property=\"og:site_name\" content=\"Programa de Gestores de la Innovaci\u00f3n\" \/>\n<meta property=\"article:published_time\" content=\"2021-05-13T09:33:24+00:00\" \/>\n<meta property=\"article:modified_time\" content=\"2021-05-13T09:33:25+00:00\" \/>\n<meta property=\"og:image\" content=\"https:\/\/fg.ull.es\/portal\/gdi\/wp-content\/uploads\/sites\/2\/2021\/05\/Grabacion-a-Daniel-en-GDI2020.jpg\" \/>\n\t<meta property=\"og:image:width\" content=\"1365\" \/>\n\t<meta property=\"og:image:height\" content=\"2048\" \/>\n\t<meta property=\"og:image:type\" content=\"image\/jpeg\" \/>\n<meta name=\"author\" content=\"aascanio\" \/>\n<meta name=\"twitter:card\" content=\"summary_large_image\" \/>\n<meta name=\"twitter:label1\" content=\"Written by\" \/>\n\t<meta name=\"twitter:data1\" content=\"aascanio\" \/>\n\t<meta name=\"twitter:label2\" content=\"Est. reading time\" \/>\n\t<meta name=\"twitter:data2\" content=\"2 minutos\" \/>\n<script type=\"application\/ld+json\" class=\"yoast-schema-graph\">{\"@context\":\"https:\/\/schema.org\",\"@graph\":[{\"@type\":\"Article\",\"@id\":\"https:\/\/fg.ull.es\/portal\/gdi\/experiencia-del-alumnado-en-practicas\/#article\",\"isPartOf\":{\"@id\":\"https:\/\/fg.ull.es\/portal\/gdi\/experiencia-del-alumnado-en-practicas\/\"},\"author\":{\"name\":\"aascanio\",\"@id\":\"https:\/\/fg.ull.es\/portal\/gdi\/#\/schema\/person\/1ad03d108c212b498a622f39176298aa\"},\"headline\":\"Experiencia del alumnado en pr\u00e1cticas.\",\"datePublished\":\"2021-05-13T09:33:24+00:00\",\"dateModified\":\"2021-05-13T09:33:25+00:00\",\"mainEntityOfPage\":{\"@id\":\"https:\/\/fg.ull.es\/portal\/gdi\/experiencia-del-alumnado-en-practicas\/\"},\"wordCount\":461,\"publisher\":{\"@id\":\"https:\/\/fg.ull.es\/portal\/gdi\/#organization\"},\"inLanguage\":\"es\"},{\"@type\":\"WebPage\",\"@id\":\"https:\/\/fg.ull.es\/portal\/gdi\/experiencia-del-alumnado-en-practicas\/\",\"url\":\"https:\/\/fg.ull.es\/portal\/gdi\/experiencia-del-alumnado-en-practicas\/\",\"name\":\"Experiencia del alumnado en pr\u00e1cticas. - Programa de Gestores de la Innovaci\u00f3n\",\"isPartOf\":{\"@id\":\"https:\/\/fg.ull.es\/portal\/gdi\/#website\"},\"datePublished\":\"2021-05-13T09:33:24+00:00\",\"dateModified\":\"2021-05-13T09:33:25+00:00\",\"breadcrumb\":{\"@id\":\"https:\/\/fg.ull.es\/portal\/gdi\/experiencia-del-alumnado-en-practicas\/#breadcrumb\"},\"inLanguage\":\"es\",\"potentialAction\":[{\"@type\":\"ReadAction\",\"target\":[\"https:\/\/fg.ull.es\/portal\/gdi\/experiencia-del-alumnado-en-practicas\/\"]}]},{\"@type\":\"BreadcrumbList\",\"@id\":\"https:\/\/fg.ull.es\/portal\/gdi\/experiencia-del-alumnado-en-practicas\/#breadcrumb\",\"itemListElement\":[{\"@type\":\"ListItem\",\"position\":1,\"name\":\"Portada\",\"item\":\"https:\/\/fg.ull.es\/portal\/gdi\/\"},{\"@type\":\"ListItem\",\"position\":2,\"name\":\"Experiencia del alumnado en pr\u00e1cticas.\"}]},{\"@type\":\"WebSite\",\"@id\":\"https:\/\/fg.ull.es\/portal\/gdi\/#website\",\"url\":\"https:\/\/fg.ull.es\/portal\/gdi\/\",\"name\":\"Programa de Gestores de la Innovaci\u00f3n\",\"description\":\"\",\"publisher\":{\"@id\":\"https:\/\/fg.ull.es\/portal\/gdi\/#organization\"},\"potentialAction\":[{\"@type\":\"SearchAction\",\"target\":{\"@type\":\"EntryPoint\",\"urlTemplate\":\"https:\/\/fg.ull.es\/portal\/gdi\/?s={search_term_string}\"},\"query-input\":\"required name=search_term_string\"}],\"inLanguage\":\"es\"},{\"@type\":\"Organization\",\"@id\":\"https:\/\/fg.ull.es\/portal\/gdi\/#organization\",\"name\":\"FUNDACI\u00d3N CANARIA GENERAL UNIVERSIDAD DE LA LAGUNA\",\"url\":\"https:\/\/fg.ull.es\/portal\/gdi\/\",\"logo\":{\"@type\":\"ImageObject\",\"inLanguage\":\"es\",\"@id\":\"https:\/\/fg.ull.es\/portal\/gdi\/#\/schema\/logo\/image\/\",\"url\":\"https:\/\/fg.ull.es\/portal\/gdi\/wp-content\/uploads\/sites\/2\/2020\/04\/FAVICON.png\",\"contentUrl\":\"https:\/\/fg.ull.es\/portal\/gdi\/wp-content\/uploads\/sites\/2\/2020\/04\/FAVICON.png\",\"width\":512,\"height\":512,\"caption\":\"FUNDACI\u00d3N CANARIA GENERAL UNIVERSIDAD DE LA LAGUNA\"},\"image\":{\"@id\":\"https:\/\/fg.ull.es\/portal\/gdi\/#\/schema\/logo\/image\/\"}},{\"@type\":\"Person\",\"@id\":\"https:\/\/fg.ull.es\/portal\/gdi\/#\/schema\/person\/1ad03d108c212b498a622f39176298aa\",\"name\":\"aascanio\",\"image\":{\"@type\":\"ImageObject\",\"inLanguage\":\"es\",\"@id\":\"https:\/\/fg.ull.es\/portal\/gdi\/#\/schema\/person\/image\/\",\"url\":\"https:\/\/secure.gravatar.com\/avatar\/fb13c6d51e43015759a2b0b66dcd2734?s=96&d=mm&r=g\",\"contentUrl\":\"https:\/\/secure.gravatar.com\/avatar\/fb13c6d51e43015759a2b0b66dcd2734?s=96&d=mm&r=g\",\"caption\":\"aascanio\"}}]}<\/script>\n<!-- \/ Yoast SEO plugin. -->","yoast_head_json":{"title":"Experiencia del alumnado en pr\u00e1cticas. - Programa de Gestores de la Innovaci\u00f3n","robots":{"index":"index","follow":"follow","max-snippet":"max-snippet:-1","max-image-preview":"max-image-preview:large","max-video-preview":"max-video-preview:-1"},"canonical":"https:\/\/fg.ull.es\/portal\/gdi\/experiencia-del-alumnado-en-practicas\/","og_locale":"es_ES","og_type":"article","og_title":"Experiencia del alumnado en pr\u00e1cticas. - Programa de Gestores de la Innovaci\u00f3n","og_description":"Vamos cerrando este curso GDI2020 con mucha satisfacci\u00f3n: este a\u00f1o, se han impartido 43 cursos en modalidad online, y de las casi 500 personas formadas que han superado los diferentes niveles,&nbsp; 25 de ellas tuvieron la oportunidad de realizar pr\u00e1cticas en empresas canarias y grupos de investigaci\u00f3n. Esto ha sido un elemento clave para potenciar...","og_url":"https:\/\/fg.ull.es\/portal\/gdi\/experiencia-del-alumnado-en-practicas\/","og_site_name":"Programa de Gestores de la Innovaci\u00f3n","article_published_time":"2021-05-13T09:33:24+00:00","article_modified_time":"2021-05-13T09:33:25+00:00","og_image":[{"width":1365,"height":2048,"url":"https:\/\/fg.ull.es\/portal\/gdi\/wp-content\/uploads\/sites\/2\/2021\/05\/Grabacion-a-Daniel-en-GDI2020.jpg","type":"image\/jpeg"}],"author":"aascanio","twitter_card":"summary_large_image","twitter_misc":{"Written by":"aascanio","Est. reading time":"2 minutos"},"schema":{"@context":"https:\/\/schema.org","@graph":[{"@type":"Article","@id":"https:\/\/fg.ull.es\/portal\/gdi\/experiencia-del-alumnado-en-practicas\/#article","isPartOf":{"@id":"https:\/\/fg.ull.es\/portal\/gdi\/experiencia-del-alumnado-en-practicas\/"},"author":{"name":"aascanio","@id":"https:\/\/fg.ull.es\/portal\/gdi\/#\/schema\/person\/1ad03d108c212b498a622f39176298aa"},"headline":"Experiencia del alumnado en pr\u00e1cticas.","datePublished":"2021-05-13T09:33:24+00:00","dateModified":"2021-05-13T09:33:25+00:00","mainEntityOfPage":{"@id":"https:\/\/fg.ull.es\/portal\/gdi\/experiencia-del-alumnado-en-practicas\/"},"wordCount":461,"publisher":{"@id":"https:\/\/fg.ull.es\/portal\/gdi\/#organization"},"inLanguage":"es"},{"@type":"WebPage","@id":"https:\/\/fg.ull.es\/portal\/gdi\/experiencia-del-alumnado-en-practicas\/","url":"https:\/\/fg.ull.es\/portal\/gdi\/experiencia-del-alumnado-en-practicas\/","name":"Experiencia del alumnado en pr\u00e1cticas. - Programa de Gestores de la Innovaci\u00f3n","isPartOf":{"@id":"https:\/\/fg.ull.es\/portal\/gdi\/#website"},"datePublished":"2021-05-13T09:33:24+00:00","dateModified":"2021-05-13T09:33:25+00:00","breadcrumb":{"@id":"https:\/\/fg.ull.es\/portal\/gdi\/experiencia-del-alumnado-en-practicas\/#breadcrumb"},"inLanguage":"es","potentialAction":[{"@type":"ReadAction","target":["https:\/\/fg.ull.es\/portal\/gdi\/experiencia-del-alumnado-en-practicas\/"]}]},{"@type":"BreadcrumbList","@id":"https:\/\/fg.ull.es\/portal\/gdi\/experiencia-del-alumnado-en-practicas\/#breadcrumb","itemListElement":[{"@type":"ListItem","position":1,"name":"Portada","item":"https:\/\/fg.ull.es\/portal\/gdi\/"},{"@type":"ListItem","position":2,"name":"Experiencia del alumnado en pr\u00e1cticas."}]},{"@type":"WebSite","@id":"https:\/\/fg.ull.es\/portal\/gdi\/#website","url":"https:\/\/fg.ull.es\/portal\/gdi\/","name":"Programa de Gestores de la Innovaci\u00f3n","description":"","publisher":{"@id":"https:\/\/fg.ull.es\/portal\/gdi\/#organization"},"potentialAction":[{"@type":"SearchAction","target":{"@type":"EntryPoint","urlTemplate":"https:\/\/fg.ull.es\/portal\/gdi\/?s={search_term_string}"},"query-input":"required name=search_term_string"}],"inLanguage":"es"},{"@type":"Organization","@id":"https:\/\/fg.ull.es\/portal\/gdi\/#organization","name":"FUNDACI\u00d3N CANARIA GENERAL UNIVERSIDAD DE LA LAGUNA","url":"https:\/\/fg.ull.es\/portal\/gdi\/","logo":{"@type":"ImageObject","inLanguage":"es","@id":"https:\/\/fg.ull.es\/portal\/gdi\/#\/schema\/logo\/image\/","url":"https:\/\/fg.ull.es\/portal\/gdi\/wp-content\/uploads\/sites\/2\/2020\/04\/FAVICON.png","contentUrl":"https:\/\/fg.ull.es\/portal\/gdi\/wp-content\/uploads\/sites\/2\/2020\/04\/FAVICON.png","width":512,"height":512,"caption":"FUNDACI\u00d3N CANARIA GENERAL UNIVERSIDAD DE LA LAGUNA"},"image":{"@id":"https:\/\/fg.ull.es\/portal\/gdi\/#\/schema\/logo\/image\/"}},{"@type":"Person","@id":"https:\/\/fg.ull.es\/portal\/gdi\/#\/schema\/person\/1ad03d108c212b498a622f39176298aa","name":"aascanio","image":{"@type":"ImageObject","inLanguage":"es","@id":"https:\/\/fg.ull.es\/portal\/gdi\/#\/schema\/person\/image\/","url":"https:\/\/secure.gravatar.com\/avatar\/fb13c6d51e43015759a2b0b66dcd2734?s=96&d=mm&r=g","contentUrl":"https:\/\/secure.gravatar.com\/avatar\/fb13c6d51e43015759a2b0b66dcd2734?s=96&d=mm&r=g","caption":"aascanio"}}]}},"_links":{"self":[{"href":"https:\/\/fg.ull.es\/portal\/gdi\/wp-json\/wp\/v2\/posts\/5518"}],"collection":[{"href":"https:\/\/fg.ull.es\/portal\/gdi\/wp-json\/wp\/v2\/posts"}],"about":[{"href":"https:\/\/fg.ull.es\/portal\/gdi\/wp-json\/wp\/v2\/types\/post"}],"author":[{"embeddable":true,"href":"https:\/\/fg.ull.es\/portal\/gdi\/wp-json\/wp\/v2\/users\/12"}],"replies":[{"embeddable":true,"href":"https:\/\/fg.ull.es\/portal\/gdi\/wp-json\/wp\/v2\/comments?post=5518"}],"version-history":[{"count":2,"href":"https:\/\/fg.ull.es\/portal\/gdi\/wp-json\/wp\/v2\/posts\/5518\/revisions"}],"predecessor-version":[{"id":5521,"href":"https:\/\/fg.ull.es\/portal\/gdi\/wp-json\/wp\/v2\/posts\/5518\/revisions\/5521"}],"wp:featuredmedia":[{"embeddable":true,"href":"https:\/\/fg.ull.es\/portal\/gdi\/wp-json\/wp\/v2\/media\/5519"}],"wp:attachment":[{"href":"https:\/\/fg.ull.es\/portal\/gdi\/wp-json\/wp\/v2\/media?parent=5518"}],"wp:term":[{"taxonomy":"category","embeddable":true,"href":"https:\/\/fg.ull.es\/portal\/gdi\/wp-json\/wp\/v2\/categories?post=5518"},{"taxonomy":"post_tag","embeddable":true,"href":"https:\/\/fg.ull.es\/portal\/gdi\/wp-json\/wp\/v2\/tags?post=5518"}],"curies":[{"name":"wp","href":"https:\/\/api.w.org\/{rel}","templated":true}]}}