{"id":5504,"date":"2021-06-03T09:48:01","date_gmt":"2021-06-03T09:48:01","guid":{"rendered":"https:\/\/fg.ull.es\/portal\/gdi\/?p=5504"},"modified":"2021-06-03T09:48:03","modified_gmt":"2021-06-03T09:48:03","slug":"termina-este-curso-gdi2020","status":"publish","type":"post","link":"https:\/\/fg.ull.es\/portal\/gdi\/termina-este-curso-gdi2020\/","title":{"rendered":"Termina este curso GDI2020"},"content":{"rendered":"\n<p>Esta 5\u00aa edici\u00f3n del Programa llega a su fin&#8230;\u00a1pero felices de haber formado a m\u00e1s de <strong>500<\/strong> personas!<\/p>\n\n\n\n<p>Esta formaci\u00f3n liderada por la Universidad de La Laguna a trav\u00e9s de su Fundaci\u00f3n General, ha conseguido superar el objetivo de formar a 526 personas \u00fanicas, y por primera vez de forma <strong>totalmente online<\/strong>. Gran parte de este alumnado ha realizado m\u00e1s de una acci\u00f3n formativa, por lo que se han alcanzado las<strong> 1120 acreditaciones.<\/strong><\/p>\n\n\n\n<p>El alumnado ha podido acceder a tres niveles distintos: promoci\u00f3n, gesti\u00f3n y consultor\u00eda. Se han impartido <strong>43 cursos <\/strong>en modalidad online, lo que ha supuesto un esfuerzo en la adaptaci\u00f3n, pero que <strong>nos ha permitido llegar a todas las islas. <\/strong>De las cientos de personas que han superado los diferentes niveles,&nbsp; 25 de ellas tuvieron la oportunidad de realizar <strong>pr\u00e1cticas en empresas<\/strong> de toda Canarias y <strong>grupos de investigaci\u00f3n. <\/strong>Esto sin duda, ha sido un elemento clave para potenciar el talento innovador canario, impulsando la innovaci\u00f3n en las empresas y mejorando su competitividad.<\/p>\n\n\n\n<p>Este a\u00f1o como novedad, se han activado dos <strong>nuevos cursos<\/strong> destinados a mejorar las <strong>competencias digitales <\/strong>del alumnado universitario, acciones formativas en las que se tratan temas como nuestra huella digital en internet, derechos y deberes de la ciudadan\u00eda digital, la brecha de g\u00e9nero en este entorno tecnol\u00f3gico, fuentes de informaci\u00f3n seguras, herramientas como el certificado electr\u00f3nico, etc.<\/p>\n\n\n\n<p>El 20% de los participantes aseguraron haber mejorado su situaci\u00f3n en el mercado laboral tras su paso por el programa. Cabe destacar que el<strong> 100% del alumnado recomendar\u00eda esta formaci\u00f3n<\/strong>, y el nivel de satisfacci\u00f3n global con el Programa y los docentes es muy positivo.<\/p>\n\n\n\n<p>Terminamos este curso con alumnado y docentes satisfechos, y anunciando con seguridad que en los pr\u00f3ximos meses arrancar\u00e1 una<strong> nueva edici\u00f3n <\/strong>del Programa: <strong>Gesti\u00f3n de la Innovaci\u00f3n 2021.<\/strong> Una nueva oportunidad para cursar una de nuestras l\u00edneas formativas e incluso optar a unas pr\u00e1cticas en empresa o grupo de investigaci\u00f3n. <\/p>\n\n\n\n<p>No dudes en ponerte en contacto a trav\u00e9s del correo electr\u00f3nico <a href=\"mailto:gdi@fg.ull.es\" target=\"_blank\" rel=\"noreferrer noopener\">gdi@fg.ull.es<\/a> o realizar el <a href=\"https:\/\/fg.ull.es\/portal\/gdi\/contacto\/\">formulario de contacto<\/a> de la p\u00e1gina web, donde informaremos de las novedades y arranque del nuevo curso.<\/p>\n\n\n\n<p><\/p>\n\n\n\n<p><\/p>\n","protected":false},"excerpt":{"rendered":"<p>Esta 5\u00aa edici\u00f3n del Programa llega a su fin&#8230;\u00a1pero felices de haber formado a m\u00e1s de 500 personas! Esta formaci\u00f3n liderada por la Universidad de La Laguna a trav\u00e9s de su Fundaci\u00f3n General, ha conseguido superar el objetivo de formar a 526 personas \u00fanicas, y por primera vez de forma totalmente online. Gran parte de&#8230;<\/p>\n","protected":false},"author":12,"featured_media":5506,"comment_status":"closed","ping_status":"closed","sticky":false,"template":"","format":"standard","meta":{"footnotes":""},"categories":[1],"tags":[],"yoast_head":"<!-- This site is optimized with the Yoast SEO plugin v21.1 - https:\/\/yoast.com\/wordpress\/plugins\/seo\/ -->\n<title>Termina este curso GDI2020 - Programa de Gestores de la Innovaci\u00f3n<\/title>\n<meta name=\"robots\" content=\"index, follow, max-snippet:-1, max-image-preview:large, max-video-preview:-1\" \/>\n<link rel=\"canonical\" href=\"https:\/\/fg.ull.es\/portal\/gdi\/termina-este-curso-gdi2020\/\" \/>\n<meta property=\"og:locale\" content=\"es_ES\" \/>\n<meta property=\"og:type\" content=\"article\" \/>\n<meta property=\"og:title\" content=\"Termina este curso GDI2020 - Programa de Gestores de la Innovaci\u00f3n\" \/>\n<meta property=\"og:description\" content=\"Esta 5\u00aa edici\u00f3n del Programa llega a su fin&#8230;\u00a1pero felices de haber formado a m\u00e1s de 500 personas! Esta formaci\u00f3n liderada por la Universidad de La Laguna a trav\u00e9s de su Fundaci\u00f3n General, ha conseguido superar el objetivo de formar a 526 personas \u00fanicas, y por primera vez de forma totalmente online. Gran parte de...\" \/>\n<meta property=\"og:url\" content=\"https:\/\/fg.ull.es\/portal\/gdi\/termina-este-curso-gdi2020\/\" \/>\n<meta property=\"og:site_name\" content=\"Programa de Gestores de la Innovaci\u00f3n\" \/>\n<meta property=\"article:published_time\" content=\"2021-06-03T09:48:01+00:00\" \/>\n<meta property=\"article:modified_time\" content=\"2021-06-03T09:48:03+00:00\" \/>\n<meta property=\"og:image\" content=\"https:\/\/fg.ull.es\/portal\/gdi\/wp-content\/uploads\/sites\/2\/2021\/05\/Programa-de-gestores-de-la-Innovacion-.png\" \/>\n\t<meta property=\"og:image:width\" content=\"1243\" \/>\n\t<meta property=\"og:image:height\" content=\"824\" \/>\n\t<meta property=\"og:image:type\" content=\"image\/png\" \/>\n<meta name=\"author\" content=\"aascanio\" \/>\n<meta name=\"twitter:card\" content=\"summary_large_image\" \/>\n<meta name=\"twitter:label1\" content=\"Written by\" \/>\n\t<meta name=\"twitter:data1\" content=\"aascanio\" \/>\n\t<meta name=\"twitter:label2\" content=\"Est. reading time\" \/>\n\t<meta name=\"twitter:data2\" content=\"2 minutos\" \/>\n<script type=\"application\/ld+json\" class=\"yoast-schema-graph\">{\"@context\":\"https:\/\/schema.org\",\"@graph\":[{\"@type\":\"Article\",\"@id\":\"https:\/\/fg.ull.es\/portal\/gdi\/termina-este-curso-gdi2020\/#article\",\"isPartOf\":{\"@id\":\"https:\/\/fg.ull.es\/portal\/gdi\/termina-este-curso-gdi2020\/\"},\"author\":{\"name\":\"aascanio\",\"@id\":\"https:\/\/fg.ull.es\/portal\/gdi\/#\/schema\/person\/1ad03d108c212b498a622f39176298aa\"},\"headline\":\"Termina este curso GDI2020\",\"datePublished\":\"2021-06-03T09:48:01+00:00\",\"dateModified\":\"2021-06-03T09:48:03+00:00\",\"mainEntityOfPage\":{\"@id\":\"https:\/\/fg.ull.es\/portal\/gdi\/termina-este-curso-gdi2020\/\"},\"wordCount\":385,\"publisher\":{\"@id\":\"https:\/\/fg.ull.es\/portal\/gdi\/#organization\"},\"inLanguage\":\"es\"},{\"@type\":\"WebPage\",\"@id\":\"https:\/\/fg.ull.es\/portal\/gdi\/termina-este-curso-gdi2020\/\",\"url\":\"https:\/\/fg.ull.es\/portal\/gdi\/termina-este-curso-gdi2020\/\",\"name\":\"Termina este curso GDI2020 - Programa de Gestores de la Innovaci\u00f3n\",\"isPartOf\":{\"@id\":\"https:\/\/fg.ull.es\/portal\/gdi\/#website\"},\"datePublished\":\"2021-06-03T09:48:01+00:00\",\"dateModified\":\"2021-06-03T09:48:03+00:00\",\"breadcrumb\":{\"@id\":\"https:\/\/fg.ull.es\/portal\/gdi\/termina-este-curso-gdi2020\/#breadcrumb\"},\"inLanguage\":\"es\",\"potentialAction\":[{\"@type\":\"ReadAction\",\"target\":[\"https:\/\/fg.ull.es\/portal\/gdi\/termina-este-curso-gdi2020\/\"]}]},{\"@type\":\"BreadcrumbList\",\"@id\":\"https:\/\/fg.ull.es\/portal\/gdi\/termina-este-curso-gdi2020\/#breadcrumb\",\"itemListElement\":[{\"@type\":\"ListItem\",\"position\":1,\"name\":\"Portada\",\"item\":\"https:\/\/fg.ull.es\/portal\/gdi\/\"},{\"@type\":\"ListItem\",\"position\":2,\"name\":\"Termina este curso GDI2020\"}]},{\"@type\":\"WebSite\",\"@id\":\"https:\/\/fg.ull.es\/portal\/gdi\/#website\",\"url\":\"https:\/\/fg.ull.es\/portal\/gdi\/\",\"name\":\"Programa de Gestores de la Innovaci\u00f3n\",\"description\":\"\",\"publisher\":{\"@id\":\"https:\/\/fg.ull.es\/portal\/gdi\/#organization\"},\"potentialAction\":[{\"@type\":\"SearchAction\",\"target\":{\"@type\":\"EntryPoint\",\"urlTemplate\":\"https:\/\/fg.ull.es\/portal\/gdi\/?s={search_term_string}\"},\"query-input\":\"required name=search_term_string\"}],\"inLanguage\":\"es\"},{\"@type\":\"Organization\",\"@id\":\"https:\/\/fg.ull.es\/portal\/gdi\/#organization\",\"name\":\"FUNDACI\u00d3N CANARIA GENERAL UNIVERSIDAD DE LA LAGUNA\",\"url\":\"https:\/\/fg.ull.es\/portal\/gdi\/\",\"logo\":{\"@type\":\"ImageObject\",\"inLanguage\":\"es\",\"@id\":\"https:\/\/fg.ull.es\/portal\/gdi\/#\/schema\/logo\/image\/\",\"url\":\"https:\/\/fg.ull.es\/portal\/gdi\/wp-content\/uploads\/sites\/2\/2020\/04\/FAVICON.png\",\"contentUrl\":\"https:\/\/fg.ull.es\/portal\/gdi\/wp-content\/uploads\/sites\/2\/2020\/04\/FAVICON.png\",\"width\":512,\"height\":512,\"caption\":\"FUNDACI\u00d3N CANARIA GENERAL UNIVERSIDAD DE LA LAGUNA\"},\"image\":{\"@id\":\"https:\/\/fg.ull.es\/portal\/gdi\/#\/schema\/logo\/image\/\"}},{\"@type\":\"Person\",\"@id\":\"https:\/\/fg.ull.es\/portal\/gdi\/#\/schema\/person\/1ad03d108c212b498a622f39176298aa\",\"name\":\"aascanio\",\"image\":{\"@type\":\"ImageObject\",\"inLanguage\":\"es\",\"@id\":\"https:\/\/fg.ull.es\/portal\/gdi\/#\/schema\/person\/image\/\",\"url\":\"https:\/\/secure.gravatar.com\/avatar\/fb13c6d51e43015759a2b0b66dcd2734?s=96&d=mm&r=g\",\"contentUrl\":\"https:\/\/secure.gravatar.com\/avatar\/fb13c6d51e43015759a2b0b66dcd2734?s=96&d=mm&r=g\",\"caption\":\"aascanio\"}}]}<\/script>\n<!-- \/ Yoast SEO plugin. -->","yoast_head_json":{"title":"Termina este curso GDI2020 - Programa de Gestores de la Innovaci\u00f3n","robots":{"index":"index","follow":"follow","max-snippet":"max-snippet:-1","max-image-preview":"max-image-preview:large","max-video-preview":"max-video-preview:-1"},"canonical":"https:\/\/fg.ull.es\/portal\/gdi\/termina-este-curso-gdi2020\/","og_locale":"es_ES","og_type":"article","og_title":"Termina este curso GDI2020 - Programa de Gestores de la Innovaci\u00f3n","og_description":"Esta 5\u00aa edici\u00f3n del Programa llega a su fin&#8230;\u00a1pero felices de haber formado a m\u00e1s de 500 personas! Esta formaci\u00f3n liderada por la Universidad de La Laguna a trav\u00e9s de su Fundaci\u00f3n General, ha conseguido superar el objetivo de formar a 526 personas \u00fanicas, y por primera vez de forma totalmente online. Gran parte de...","og_url":"https:\/\/fg.ull.es\/portal\/gdi\/termina-este-curso-gdi2020\/","og_site_name":"Programa de Gestores de la Innovaci\u00f3n","article_published_time":"2021-06-03T09:48:01+00:00","article_modified_time":"2021-06-03T09:48:03+00:00","og_image":[{"width":1243,"height":824,"url":"https:\/\/fg.ull.es\/portal\/gdi\/wp-content\/uploads\/sites\/2\/2021\/05\/Programa-de-gestores-de-la-Innovacion-.png","type":"image\/png"}],"author":"aascanio","twitter_card":"summary_large_image","twitter_misc":{"Written by":"aascanio","Est. reading time":"2 minutos"},"schema":{"@context":"https:\/\/schema.org","@graph":[{"@type":"Article","@id":"https:\/\/fg.ull.es\/portal\/gdi\/termina-este-curso-gdi2020\/#article","isPartOf":{"@id":"https:\/\/fg.ull.es\/portal\/gdi\/termina-este-curso-gdi2020\/"},"author":{"name":"aascanio","@id":"https:\/\/fg.ull.es\/portal\/gdi\/#\/schema\/person\/1ad03d108c212b498a622f39176298aa"},"headline":"Termina este curso GDI2020","datePublished":"2021-06-03T09:48:01+00:00","dateModified":"2021-06-03T09:48:03+00:00","mainEntityOfPage":{"@id":"https:\/\/fg.ull.es\/portal\/gdi\/termina-este-curso-gdi2020\/"},"wordCount":385,"publisher":{"@id":"https:\/\/fg.ull.es\/portal\/gdi\/#organization"},"inLanguage":"es"},{"@type":"WebPage","@id":"https:\/\/fg.ull.es\/portal\/gdi\/termina-este-curso-gdi2020\/","url":"https:\/\/fg.ull.es\/portal\/gdi\/termina-este-curso-gdi2020\/","name":"Termina este curso GDI2020 - Programa de Gestores de la Innovaci\u00f3n","isPartOf":{"@id":"https:\/\/fg.ull.es\/portal\/gdi\/#website"},"datePublished":"2021-06-03T09:48:01+00:00","dateModified":"2021-06-03T09:48:03+00:00","breadcrumb":{"@id":"https:\/\/fg.ull.es\/portal\/gdi\/termina-este-curso-gdi2020\/#breadcrumb"},"inLanguage":"es","potentialAction":[{"@type":"ReadAction","target":["https:\/\/fg.ull.es\/portal\/gdi\/termina-este-curso-gdi2020\/"]}]},{"@type":"BreadcrumbList","@id":"https:\/\/fg.ull.es\/portal\/gdi\/termina-este-curso-gdi2020\/#breadcrumb","itemListElement":[{"@type":"ListItem","position":1,"name":"Portada","item":"https:\/\/fg.ull.es\/portal\/gdi\/"},{"@type":"ListItem","position":2,"name":"Termina este curso GDI2020"}]},{"@type":"WebSite","@id":"https:\/\/fg.ull.es\/portal\/gdi\/#website","url":"https:\/\/fg.ull.es\/portal\/gdi\/","name":"Programa de Gestores de la Innovaci\u00f3n","description":"","publisher":{"@id":"https:\/\/fg.ull.es\/portal\/gdi\/#organization"},"potentialAction":[{"@type":"SearchAction","target":{"@type":"EntryPoint","urlTemplate":"https:\/\/fg.ull.es\/portal\/gdi\/?s={search_term_string}"},"query-input":"required name=search_term_string"}],"inLanguage":"es"},{"@type":"Organization","@id":"https:\/\/fg.ull.es\/portal\/gdi\/#organization","name":"FUNDACI\u00d3N CANARIA GENERAL UNIVERSIDAD DE LA LAGUNA","url":"https:\/\/fg.ull.es\/portal\/gdi\/","logo":{"@type":"ImageObject","inLanguage":"es","@id":"https:\/\/fg.ull.es\/portal\/gdi\/#\/schema\/logo\/image\/","url":"https:\/\/fg.ull.es\/portal\/gdi\/wp-content\/uploads\/sites\/2\/2020\/04\/FAVICON.png","contentUrl":"https:\/\/fg.ull.es\/portal\/gdi\/wp-content\/uploads\/sites\/2\/2020\/04\/FAVICON.png","width":512,"height":512,"caption":"FUNDACI\u00d3N CANARIA GENERAL UNIVERSIDAD DE LA LAGUNA"},"image":{"@id":"https:\/\/fg.ull.es\/portal\/gdi\/#\/schema\/logo\/image\/"}},{"@type":"Person","@id":"https:\/\/fg.ull.es\/portal\/gdi\/#\/schema\/person\/1ad03d108c212b498a622f39176298aa","name":"aascanio","image":{"@type":"ImageObject","inLanguage":"es","@id":"https:\/\/fg.ull.es\/portal\/gdi\/#\/schema\/person\/image\/","url":"https:\/\/secure.gravatar.com\/avatar\/fb13c6d51e43015759a2b0b66dcd2734?s=96&d=mm&r=g","contentUrl":"https:\/\/secure.gravatar.com\/avatar\/fb13c6d51e43015759a2b0b66dcd2734?s=96&d=mm&r=g","caption":"aascanio"}}]}},"_links":{"self":[{"href":"https:\/\/fg.ull.es\/portal\/gdi\/wp-json\/wp\/v2\/posts\/5504"}],"collection":[{"href":"https:\/\/fg.ull.es\/portal\/gdi\/wp-json\/wp\/v2\/posts"}],"about":[{"href":"https:\/\/fg.ull.es\/portal\/gdi\/wp-json\/wp\/v2\/types\/post"}],"author":[{"embeddable":true,"href":"https:\/\/fg.ull.es\/portal\/gdi\/wp-json\/wp\/v2\/users\/12"}],"replies":[{"embeddable":true,"href":"https:\/\/fg.ull.es\/portal\/gdi\/wp-json\/wp\/v2\/comments?post=5504"}],"version-history":[{"count":4,"href":"https:\/\/fg.ull.es\/portal\/gdi\/wp-json\/wp\/v2\/posts\/5504\/revisions"}],"predecessor-version":[{"id":5569,"href":"https:\/\/fg.ull.es\/portal\/gdi\/wp-json\/wp\/v2\/posts\/5504\/revisions\/5569"}],"wp:featuredmedia":[{"embeddable":true,"href":"https:\/\/fg.ull.es\/portal\/gdi\/wp-json\/wp\/v2\/media\/5506"}],"wp:attachment":[{"href":"https:\/\/fg.ull.es\/portal\/gdi\/wp-json\/wp\/v2\/media?parent=5504"}],"wp:term":[{"taxonomy":"category","embeddable":true,"href":"https:\/\/fg.ull.es\/portal\/gdi\/wp-json\/wp\/v2\/categories?post=5504"},{"taxonomy":"post_tag","embeddable":true,"href":"https:\/\/fg.ull.es\/portal\/gdi\/wp-json\/wp\/v2\/tags?post=5504"}],"curies":[{"name":"wp","href":"https:\/\/api.w.org\/{rel}","templated":true}]}}