{"id":5382,"date":"2021-03-24T09:00:25","date_gmt":"2021-03-24T09:00:25","guid":{"rendered":"https:\/\/fg.ull.es\/portal\/gdi\/?p=5382"},"modified":"2021-03-24T09:00:27","modified_gmt":"2021-03-24T09:00:27","slug":"primer-paso-para-hacer-realidad-tu-idea-empresarial-el-modelo-canvas","status":"publish","type":"post","link":"https:\/\/fg.ull.es\/portal\/gdi\/primer-paso-para-hacer-realidad-tu-idea-empresarial-el-modelo-canvas\/","title":{"rendered":"Primer paso para hacer realidad tu idea empresarial: el Modelo Canvas"},"content":{"rendered":"\n<p>\u00bfTienes una idea de negocio innovador y no sabes cu\u00e1les son los primeros pasos para desarrollarla? La primera tarea es tener claro tu proyecto, as\u00ed como cada uno de los aspectos claves de tu negocio.&nbsp;<\/p>\n\n\n\n<p>Hoy te mostramos una herramienta para definir cada uno de los factores esenciales a la hora de hacer realidad tu idea de negocio: el <strong>Modelo Canvas<\/strong>. Su finalidad es determinar y componer el modelo de negocio en 9 categor\u00edas:<\/p>\n\n\n\n<ul><li><strong>Segmento de clientes<\/strong>. Es importante conocer qui\u00e9nes son nuestros clientes, que pueden ser de varios tipos dependiendo de la finalidad de la empresa.&nbsp;<\/li><\/ul>\n\n\n\n<ul><li><strong>Propuesta de valor<\/strong>. Es indispensable saber qu\u00e9 va a diferenciarte de la competencia y as\u00ed obtener una ventaja frente al resto, ya sea una ventaja del servicio\/producto, econ\u00f3mico u otro.&nbsp;<\/li><\/ul>\n\n\n\n<ul><li><strong>Canales de distribuci\u00f3n<\/strong>. \u00bfC\u00f3mo podr\u00e1n adquirir tu servicio\/producto? Hay que tener en cuenta los diversos canales de comunicaci\u00f3n, distribuci\u00f3n y ventas.<\/li><\/ul>\n\n\n\n<ul><li><strong>Relaci\u00f3n con el cliente<\/strong>. Hay que tener en cuenta el tipo de trato que habr\u00e1 con el cliente, \u00bfser\u00e1 automatizado? \u00bfpersonalizado?. Si hay un buen servicio, se garantiza una relaci\u00f3n buena y estable con los diferentes segmentos de clientes y con ello, el n\u00famero de ventas.&nbsp;<\/li><\/ul>\n\n\n\n<ul><li><strong>Flujos de ingreso<\/strong>. Este es el resultado de las ventas de tu propuesta de valor, es decir, de tu producto o servicio.<\/li><\/ul>\n\n\n\n<ul><li><strong>Recursos clave<\/strong>. \u00bfQu\u00e9 medios necesitas para ofrecer tu producto? Hay que valorar los medios f\u00edsicos, digitales, humanos, financieros&#8230;<\/li><\/ul>\n\n\n\n<ul><li><strong>Actividades clave<\/strong>. Se trata de las acciones que hay que realizar para llevar a cabo la propuesta de valor y la venta de la misma.&nbsp;<\/li><\/ul>\n\n\n\n<ul><li><strong>Red de partners<\/strong>. Ciertas acciones se externalizan y algunos recursos se adquieren fuera de la empresa.&nbsp;<\/li><\/ul>\n\n\n\n<ul><li><strong>Estructura de costos<\/strong>. Hay que ser conscientes de los principales costos de la empresa.&nbsp;<\/li><\/ul>\n\n\n\n<p>\u00bfTe resulta interesante el Modelo Canvas? Es uno de los apartados que se tratan en el Nivel 2 de nuestra formaci\u00f3n en Innovaci\u00f3n. Tenemos nuevas plazas abiertas para los Niveles 1 y 2 de Innovaci\u00f3n P\u00fablica. Empezamos el d\u00eda 20 de abril de forma totalmente <strong>online.<\/strong>\u00a0\u00bfTe apuntas?<\/p>\n\n\n\n<div class=\"wp-block-buttons aligncenter is-layout-flex wp-block-buttons-is-layout-flex\">\n<div class=\"wp-block-button\"><a class=\"wp-block-button__link has-white-color has-light-green-cyan-background-color has-text-color has-background\" href=\"https:\/\/sede.fg.ull.es\/es\/curso\/detalle\/a21120054\/promocion-y-gestion-de-la-innovacion-n1-y-n2-innovacion-publica-abril-2021\" target=\"_blank\" rel=\"noreferrer noopener\">Promoci\u00f3n y Gesti\u00f3n de la innovaci\u00f3n (N1 y N2) \u2013 Innovaci\u00f3n p\u00fablica<\/a><\/div>\n<\/div>\n\n\n\n<p>Para cualquier consulta, no dudes en escribirnos a nuestro correo: <a href=\"mailto:gdi@fg.ull.es\">gdi@fg.ull.es<\/a> o rellenar nuestro <a href=\"https:\/\/fg.ull.es\/portal\/gdi\/contacto\/\">formulario de contacto.<\/a><\/p>\n","protected":false},"excerpt":{"rendered":"<p>\u00bfTienes una idea de negocio innovador y no sabes cu\u00e1les son los primeros pasos para desarrollarla? La primera tarea es tener claro tu proyecto, as\u00ed como cada uno de los aspectos claves de tu negocio.&nbsp; Hoy te mostramos una herramienta para definir cada uno de los factores esenciales a la hora de hacer realidad tu&#8230;<\/p>\n","protected":false},"author":12,"featured_media":5383,"comment_status":"closed","ping_status":"closed","sticky":false,"template":"","format":"standard","meta":{"footnotes":""},"categories":[1],"tags":[],"yoast_head":"<!-- This site is optimized with the Yoast SEO plugin v21.1 - https:\/\/yoast.com\/wordpress\/plugins\/seo\/ -->\n<title>Primer paso para hacer realidad tu idea empresarial: el Modelo Canvas - Programa de Gestores de la Innovaci\u00f3n<\/title>\n<meta name=\"robots\" content=\"index, follow, max-snippet:-1, max-image-preview:large, max-video-preview:-1\" \/>\n<link rel=\"canonical\" href=\"https:\/\/fg.ull.es\/portal\/gdi\/primer-paso-para-hacer-realidad-tu-idea-empresarial-el-modelo-canvas\/\" \/>\n<meta property=\"og:locale\" content=\"es_ES\" \/>\n<meta property=\"og:type\" content=\"article\" \/>\n<meta property=\"og:title\" content=\"Primer paso para hacer realidad tu idea empresarial: el Modelo Canvas - Programa de Gestores de la Innovaci\u00f3n\" \/>\n<meta property=\"og:description\" content=\"\u00bfTienes una idea de negocio innovador y no sabes cu\u00e1les son los primeros pasos para desarrollarla? La primera tarea es tener claro tu proyecto, as\u00ed como cada uno de los aspectos claves de tu negocio.&nbsp; Hoy te mostramos una herramienta para definir cada uno de los factores esenciales a la hora de hacer realidad tu...\" \/>\n<meta property=\"og:url\" content=\"https:\/\/fg.ull.es\/portal\/gdi\/primer-paso-para-hacer-realidad-tu-idea-empresarial-el-modelo-canvas\/\" \/>\n<meta property=\"og:site_name\" content=\"Programa de Gestores de la Innovaci\u00f3n\" \/>\n<meta property=\"article:published_time\" content=\"2021-03-24T09:00:25+00:00\" \/>\n<meta property=\"article:modified_time\" content=\"2021-03-24T09:00:27+00:00\" \/>\n<meta property=\"og:image\" content=\"https:\/\/fg.ull.es\/portal\/gdi\/wp-content\/uploads\/sites\/2\/2021\/03\/Captura-de-pantalla-2021-03-23-a-las-11.03.03.png\" \/>\n\t<meta property=\"og:image:width\" content=\"1198\" \/>\n\t<meta property=\"og:image:height\" content=\"673\" \/>\n\t<meta property=\"og:image:type\" content=\"image\/png\" \/>\n<meta name=\"author\" content=\"aascanio\" \/>\n<meta name=\"twitter:card\" content=\"summary_large_image\" \/>\n<meta name=\"twitter:label1\" content=\"Written by\" \/>\n\t<meta name=\"twitter:data1\" content=\"aascanio\" \/>\n\t<meta name=\"twitter:label2\" content=\"Est. reading time\" \/>\n\t<meta name=\"twitter:data2\" content=\"2 minutos\" \/>\n<script type=\"application\/ld+json\" class=\"yoast-schema-graph\">{\"@context\":\"https:\/\/schema.org\",\"@graph\":[{\"@type\":\"Article\",\"@id\":\"https:\/\/fg.ull.es\/portal\/gdi\/primer-paso-para-hacer-realidad-tu-idea-empresarial-el-modelo-canvas\/#article\",\"isPartOf\":{\"@id\":\"https:\/\/fg.ull.es\/portal\/gdi\/primer-paso-para-hacer-realidad-tu-idea-empresarial-el-modelo-canvas\/\"},\"author\":{\"name\":\"aascanio\",\"@id\":\"https:\/\/fg.ull.es\/portal\/gdi\/#\/schema\/person\/1ad03d108c212b498a622f39176298aa\"},\"headline\":\"Primer paso para hacer realidad tu idea empresarial: el Modelo Canvas\",\"datePublished\":\"2021-03-24T09:00:25+00:00\",\"dateModified\":\"2021-03-24T09:00:27+00:00\",\"mainEntityOfPage\":{\"@id\":\"https:\/\/fg.ull.es\/portal\/gdi\/primer-paso-para-hacer-realidad-tu-idea-empresarial-el-modelo-canvas\/\"},\"wordCount\":406,\"publisher\":{\"@id\":\"https:\/\/fg.ull.es\/portal\/gdi\/#organization\"},\"inLanguage\":\"es\"},{\"@type\":\"WebPage\",\"@id\":\"https:\/\/fg.ull.es\/portal\/gdi\/primer-paso-para-hacer-realidad-tu-idea-empresarial-el-modelo-canvas\/\",\"url\":\"https:\/\/fg.ull.es\/portal\/gdi\/primer-paso-para-hacer-realidad-tu-idea-empresarial-el-modelo-canvas\/\",\"name\":\"Primer paso para hacer realidad tu idea empresarial: el Modelo Canvas - Programa de Gestores de la Innovaci\u00f3n\",\"isPartOf\":{\"@id\":\"https:\/\/fg.ull.es\/portal\/gdi\/#website\"},\"datePublished\":\"2021-03-24T09:00:25+00:00\",\"dateModified\":\"2021-03-24T09:00:27+00:00\",\"breadcrumb\":{\"@id\":\"https:\/\/fg.ull.es\/portal\/gdi\/primer-paso-para-hacer-realidad-tu-idea-empresarial-el-modelo-canvas\/#breadcrumb\"},\"inLanguage\":\"es\",\"potentialAction\":[{\"@type\":\"ReadAction\",\"target\":[\"https:\/\/fg.ull.es\/portal\/gdi\/primer-paso-para-hacer-realidad-tu-idea-empresarial-el-modelo-canvas\/\"]}]},{\"@type\":\"BreadcrumbList\",\"@id\":\"https:\/\/fg.ull.es\/portal\/gdi\/primer-paso-para-hacer-realidad-tu-idea-empresarial-el-modelo-canvas\/#breadcrumb\",\"itemListElement\":[{\"@type\":\"ListItem\",\"position\":1,\"name\":\"Portada\",\"item\":\"https:\/\/fg.ull.es\/portal\/gdi\/\"},{\"@type\":\"ListItem\",\"position\":2,\"name\":\"Primer paso para hacer realidad tu idea empresarial: el Modelo Canvas\"}]},{\"@type\":\"WebSite\",\"@id\":\"https:\/\/fg.ull.es\/portal\/gdi\/#website\",\"url\":\"https:\/\/fg.ull.es\/portal\/gdi\/\",\"name\":\"Programa de Gestores de la Innovaci\u00f3n\",\"description\":\"\",\"publisher\":{\"@id\":\"https:\/\/fg.ull.es\/portal\/gdi\/#organization\"},\"potentialAction\":[{\"@type\":\"SearchAction\",\"target\":{\"@type\":\"EntryPoint\",\"urlTemplate\":\"https:\/\/fg.ull.es\/portal\/gdi\/?s={search_term_string}\"},\"query-input\":\"required name=search_term_string\"}],\"inLanguage\":\"es\"},{\"@type\":\"Organization\",\"@id\":\"https:\/\/fg.ull.es\/portal\/gdi\/#organization\",\"name\":\"FUNDACI\u00d3N CANARIA GENERAL UNIVERSIDAD DE LA LAGUNA\",\"url\":\"https:\/\/fg.ull.es\/portal\/gdi\/\",\"logo\":{\"@type\":\"ImageObject\",\"inLanguage\":\"es\",\"@id\":\"https:\/\/fg.ull.es\/portal\/gdi\/#\/schema\/logo\/image\/\",\"url\":\"https:\/\/fg.ull.es\/portal\/gdi\/wp-content\/uploads\/sites\/2\/2020\/04\/FAVICON.png\",\"contentUrl\":\"https:\/\/fg.ull.es\/portal\/gdi\/wp-content\/uploads\/sites\/2\/2020\/04\/FAVICON.png\",\"width\":512,\"height\":512,\"caption\":\"FUNDACI\u00d3N CANARIA GENERAL UNIVERSIDAD DE LA LAGUNA\"},\"image\":{\"@id\":\"https:\/\/fg.ull.es\/portal\/gdi\/#\/schema\/logo\/image\/\"}},{\"@type\":\"Person\",\"@id\":\"https:\/\/fg.ull.es\/portal\/gdi\/#\/schema\/person\/1ad03d108c212b498a622f39176298aa\",\"name\":\"aascanio\",\"image\":{\"@type\":\"ImageObject\",\"inLanguage\":\"es\",\"@id\":\"https:\/\/fg.ull.es\/portal\/gdi\/#\/schema\/person\/image\/\",\"url\":\"https:\/\/secure.gravatar.com\/avatar\/fb13c6d51e43015759a2b0b66dcd2734?s=96&d=mm&r=g\",\"contentUrl\":\"https:\/\/secure.gravatar.com\/avatar\/fb13c6d51e43015759a2b0b66dcd2734?s=96&d=mm&r=g\",\"caption\":\"aascanio\"}}]}<\/script>\n<!-- \/ Yoast SEO plugin. -->","yoast_head_json":{"title":"Primer paso para hacer realidad tu idea empresarial: el Modelo Canvas - Programa de Gestores de la Innovaci\u00f3n","robots":{"index":"index","follow":"follow","max-snippet":"max-snippet:-1","max-image-preview":"max-image-preview:large","max-video-preview":"max-video-preview:-1"},"canonical":"https:\/\/fg.ull.es\/portal\/gdi\/primer-paso-para-hacer-realidad-tu-idea-empresarial-el-modelo-canvas\/","og_locale":"es_ES","og_type":"article","og_title":"Primer paso para hacer realidad tu idea empresarial: el Modelo Canvas - Programa de Gestores de la Innovaci\u00f3n","og_description":"\u00bfTienes una idea de negocio innovador y no sabes cu\u00e1les son los primeros pasos para desarrollarla? La primera tarea es tener claro tu proyecto, as\u00ed como cada uno de los aspectos claves de tu negocio.&nbsp; Hoy te mostramos una herramienta para definir cada uno de los factores esenciales a la hora de hacer realidad tu...","og_url":"https:\/\/fg.ull.es\/portal\/gdi\/primer-paso-para-hacer-realidad-tu-idea-empresarial-el-modelo-canvas\/","og_site_name":"Programa de Gestores de la Innovaci\u00f3n","article_published_time":"2021-03-24T09:00:25+00:00","article_modified_time":"2021-03-24T09:00:27+00:00","og_image":[{"width":1198,"height":673,"url":"https:\/\/fg.ull.es\/portal\/gdi\/wp-content\/uploads\/sites\/2\/2021\/03\/Captura-de-pantalla-2021-03-23-a-las-11.03.03.png","type":"image\/png"}],"author":"aascanio","twitter_card":"summary_large_image","twitter_misc":{"Written by":"aascanio","Est. reading time":"2 minutos"},"schema":{"@context":"https:\/\/schema.org","@graph":[{"@type":"Article","@id":"https:\/\/fg.ull.es\/portal\/gdi\/primer-paso-para-hacer-realidad-tu-idea-empresarial-el-modelo-canvas\/#article","isPartOf":{"@id":"https:\/\/fg.ull.es\/portal\/gdi\/primer-paso-para-hacer-realidad-tu-idea-empresarial-el-modelo-canvas\/"},"author":{"name":"aascanio","@id":"https:\/\/fg.ull.es\/portal\/gdi\/#\/schema\/person\/1ad03d108c212b498a622f39176298aa"},"headline":"Primer paso para hacer realidad tu idea empresarial: el Modelo Canvas","datePublished":"2021-03-24T09:00:25+00:00","dateModified":"2021-03-24T09:00:27+00:00","mainEntityOfPage":{"@id":"https:\/\/fg.ull.es\/portal\/gdi\/primer-paso-para-hacer-realidad-tu-idea-empresarial-el-modelo-canvas\/"},"wordCount":406,"publisher":{"@id":"https:\/\/fg.ull.es\/portal\/gdi\/#organization"},"inLanguage":"es"},{"@type":"WebPage","@id":"https:\/\/fg.ull.es\/portal\/gdi\/primer-paso-para-hacer-realidad-tu-idea-empresarial-el-modelo-canvas\/","url":"https:\/\/fg.ull.es\/portal\/gdi\/primer-paso-para-hacer-realidad-tu-idea-empresarial-el-modelo-canvas\/","name":"Primer paso para hacer realidad tu idea empresarial: el Modelo Canvas - Programa de Gestores de la Innovaci\u00f3n","isPartOf":{"@id":"https:\/\/fg.ull.es\/portal\/gdi\/#website"},"datePublished":"2021-03-24T09:00:25+00:00","dateModified":"2021-03-24T09:00:27+00:00","breadcrumb":{"@id":"https:\/\/fg.ull.es\/portal\/gdi\/primer-paso-para-hacer-realidad-tu-idea-empresarial-el-modelo-canvas\/#breadcrumb"},"inLanguage":"es","potentialAction":[{"@type":"ReadAction","target":["https:\/\/fg.ull.es\/portal\/gdi\/primer-paso-para-hacer-realidad-tu-idea-empresarial-el-modelo-canvas\/"]}]},{"@type":"BreadcrumbList","@id":"https:\/\/fg.ull.es\/portal\/gdi\/primer-paso-para-hacer-realidad-tu-idea-empresarial-el-modelo-canvas\/#breadcrumb","itemListElement":[{"@type":"ListItem","position":1,"name":"Portada","item":"https:\/\/fg.ull.es\/portal\/gdi\/"},{"@type":"ListItem","position":2,"name":"Primer paso para hacer realidad tu idea empresarial: el Modelo Canvas"}]},{"@type":"WebSite","@id":"https:\/\/fg.ull.es\/portal\/gdi\/#website","url":"https:\/\/fg.ull.es\/portal\/gdi\/","name":"Programa de Gestores de la Innovaci\u00f3n","description":"","publisher":{"@id":"https:\/\/fg.ull.es\/portal\/gdi\/#organization"},"potentialAction":[{"@type":"SearchAction","target":{"@type":"EntryPoint","urlTemplate":"https:\/\/fg.ull.es\/portal\/gdi\/?s={search_term_string}"},"query-input":"required name=search_term_string"}],"inLanguage":"es"},{"@type":"Organization","@id":"https:\/\/fg.ull.es\/portal\/gdi\/#organization","name":"FUNDACI\u00d3N CANARIA GENERAL UNIVERSIDAD DE LA LAGUNA","url":"https:\/\/fg.ull.es\/portal\/gdi\/","logo":{"@type":"ImageObject","inLanguage":"es","@id":"https:\/\/fg.ull.es\/portal\/gdi\/#\/schema\/logo\/image\/","url":"https:\/\/fg.ull.es\/portal\/gdi\/wp-content\/uploads\/sites\/2\/2020\/04\/FAVICON.png","contentUrl":"https:\/\/fg.ull.es\/portal\/gdi\/wp-content\/uploads\/sites\/2\/2020\/04\/FAVICON.png","width":512,"height":512,"caption":"FUNDACI\u00d3N CANARIA GENERAL UNIVERSIDAD DE LA LAGUNA"},"image":{"@id":"https:\/\/fg.ull.es\/portal\/gdi\/#\/schema\/logo\/image\/"}},{"@type":"Person","@id":"https:\/\/fg.ull.es\/portal\/gdi\/#\/schema\/person\/1ad03d108c212b498a622f39176298aa","name":"aascanio","image":{"@type":"ImageObject","inLanguage":"es","@id":"https:\/\/fg.ull.es\/portal\/gdi\/#\/schema\/person\/image\/","url":"https:\/\/secure.gravatar.com\/avatar\/fb13c6d51e43015759a2b0b66dcd2734?s=96&d=mm&r=g","contentUrl":"https:\/\/secure.gravatar.com\/avatar\/fb13c6d51e43015759a2b0b66dcd2734?s=96&d=mm&r=g","caption":"aascanio"}}]}},"_links":{"self":[{"href":"https:\/\/fg.ull.es\/portal\/gdi\/wp-json\/wp\/v2\/posts\/5382"}],"collection":[{"href":"https:\/\/fg.ull.es\/portal\/gdi\/wp-json\/wp\/v2\/posts"}],"about":[{"href":"https:\/\/fg.ull.es\/portal\/gdi\/wp-json\/wp\/v2\/types\/post"}],"author":[{"embeddable":true,"href":"https:\/\/fg.ull.es\/portal\/gdi\/wp-json\/wp\/v2\/users\/12"}],"replies":[{"embeddable":true,"href":"https:\/\/fg.ull.es\/portal\/gdi\/wp-json\/wp\/v2\/comments?post=5382"}],"version-history":[{"count":3,"href":"https:\/\/fg.ull.es\/portal\/gdi\/wp-json\/wp\/v2\/posts\/5382\/revisions"}],"predecessor-version":[{"id":5388,"href":"https:\/\/fg.ull.es\/portal\/gdi\/wp-json\/wp\/v2\/posts\/5382\/revisions\/5388"}],"wp:featuredmedia":[{"embeddable":true,"href":"https:\/\/fg.ull.es\/portal\/gdi\/wp-json\/wp\/v2\/media\/5383"}],"wp:attachment":[{"href":"https:\/\/fg.ull.es\/portal\/gdi\/wp-json\/wp\/v2\/media?parent=5382"}],"wp:term":[{"taxonomy":"category","embeddable":true,"href":"https:\/\/fg.ull.es\/portal\/gdi\/wp-json\/wp\/v2\/categories?post=5382"},{"taxonomy":"post_tag","embeddable":true,"href":"https:\/\/fg.ull.es\/portal\/gdi\/wp-json\/wp\/v2\/tags?post=5382"}],"curies":[{"name":"wp","href":"https:\/\/api.w.org\/{rel}","templated":true}]}}