{"id":5363,"date":"2021-03-16T11:00:35","date_gmt":"2021-03-16T11:00:35","guid":{"rendered":"https:\/\/fg.ull.es\/portal\/gdi\/?p=5363"},"modified":"2021-03-16T12:47:55","modified_gmt":"2021-03-16T12:47:55","slug":"la-importancia-de-las-redes-sociales-en-tu-empresa","status":"publish","type":"post","link":"https:\/\/fg.ull.es\/portal\/gdi\/la-importancia-de-las-redes-sociales-en-tu-empresa\/","title":{"rendered":"La importancia de las redes sociales en tu empresa"},"content":{"rendered":"\n<p>A d\u00eda de hoy, las redes sociales son un medio de comunicaci\u00f3n pr\u00e1cticamente obligatorio en empresas, organismos e instituciones.&nbsp;<\/p>\n\n\n\n<p>El \u00faltimo estudio de <a href=\"https:\/\/iabspain.es\/estudio\/estudio-redes-sociales-2020\/\">IAB Spain<\/a> sobre las redes sociales refleja que el 87% de los internautas de 16 a 65 a\u00f1os utiliza las redes sociales, lo que representa casi 26 millones de usuarios en Espa\u00f1a. Asimismo, destaca que las plataformas sociales son un canal de influencia y de informaci\u00f3n, siendo el 56% de los encuestados los que considera que influye a la hora de comprar un producto o servicio, y el 59% menciona haber buscado informaci\u00f3n sobre productos o servicios en las redes sociales antes de realizar una compra.&nbsp;<\/p>\n\n\n\n<p>Este es uno de los motivos por los que una empresa deber\u00eda estar presente en las RRSS pero no es lo \u00fanico, \u00bfqu\u00e9 ventajas y beneficios tienen las redes sociales corporativas?<\/p>\n\n\n\n<ul><li>La reputaci\u00f3n. Las redes sociales permiten conocer en tiempo real la opini\u00f3n, tanto individual como masiva, de las diferentes audiencias hacia la empresa.&nbsp;<\/li><\/ul>\n\n\n\n<ul><li>La notoriedad de la marca. La comunicaci\u00f3n online persigue potenciar el reconocimiento de la marca empresarial y posicionarla, a trav\u00e9s de una estrategia de generaci\u00f3n de contenidos que pueda incrementar la visibilidad de la misma, y fomentar el conocimiento de las empresas y sus servicios.<\/li><\/ul>\n\n\n\n<ul><li>Crear y proteger una imagen de marca y un lenguaje propio reconocible para los usuarios.<\/li><\/ul>\n\n\n\n<ul><li>Incrementar las interacciones y la comunidad con la marca en las diversas plataformas sociales.<\/li><\/ul>\n\n\n\n<ul><li>Transformar seguidores en clientes gracias a una buena estrategia de comunicaci\u00f3n digital.<\/li><\/ul>\n\n\n\n<ul><li>Atracci\u00f3n y retenci\u00f3n de talento en la empresa.<\/li><\/ul>\n\n\n\n<ul><li>Plataforma para generar negocio directo.<\/li><\/ul>\n\n\n\n<ul><li>Generar tr\u00e1fico a nuestra p\u00e1gina web.<\/li><\/ul>\n\n\n\n<ul><li>Posibilidad de conversar directamente con los usuarios.<\/li><\/ul>\n\n\n\n<ul><li>Aportar una imagen cercana y fresca.<\/li><\/ul>\n\n\n\n<ul><li>Baja inversi\u00f3n. Las redes sociales son una herramienta de promoci\u00f3n muy econ\u00f3mica.<\/li><\/ul>\n\n\n\n<p>\u00bfTe interesan estos temas de Innovaci\u00f3n y Transformaci\u00f3n Digital? Entonces puede que te gusten nuestros pr\u00f3ximos cursos:<\/p>\n\n\n\n<div class=\"wp-block-buttons aligncenter is-layout-flex wp-block-buttons-is-layout-flex\">\n<div class=\"wp-block-button\"><a class=\"wp-block-button__link has-black-color has-luminous-vivid-amber-background-color has-text-color has-background\" href=\"https:\/\/sede.fg.ull.es\/es\/curso\/detalle\/a21120044\/experto-digital-en-comunicacion-marketing-y-comercio-digital-ii\">Experto Digital en Comunicaci\u00f3n, Marketing y Comercio Digital &#8211; 13 de abril<\/a><\/div>\n<\/div>\n\n\n\n<div class=\"wp-block-buttons aligncenter is-layout-flex wp-block-buttons-is-layout-flex\">\n<div class=\"wp-block-button\"><a class=\"wp-block-button__link has-black-color has-light-green-cyan-background-color has-text-color has-background\" href=\"https:\/\/sede.fg.ull.es\/es\/curso\/detalle\/a21120047\/promocion-de-la-innovacion-n1\">Promoci\u00f3n de la innovaci\u00f3n (N1) &#8211; 19 de abril<\/a><\/div>\n<\/div>\n\n\n\n<div class=\"wp-block-buttons aligncenter is-layout-flex wp-block-buttons-is-layout-flex\">\n<div class=\"wp-block-button\"><a class=\"wp-block-button__link has-luminous-vivid-orange-background-color has-background\" href=\"https:\/\/sede.fg.ull.es\/es\/curso\/detalle\/a21120043\/promocion-y-gestion-digital-n1-y-n2\">Promoci\u00f3n y Gesti\u00f3n digital (N1 y N2) &#8211; 7 de abril<\/a><\/div>\n<\/div>\n\n\n\n<div class=\"wp-block-buttons is-layout-flex wp-block-buttons-is-layout-flex\">\n<div class=\"wp-block-button\"><a class=\"wp-block-button__link has-luminous-vivid-orange-background-color has-background\" href=\"https:\/\/sede.fg.ull.es\/es\/curso\/detalle\/a21120048\/ciudadania-digital-habilidades-digitales-para-la-transformacion\">Ciudadan\u00eda digital, habilidades digitales para la transformaci\u00f3n. &#8211; 6 de abril<\/a><\/div>\n<\/div>\n\n\n\n<p>Recuerda, la formaci\u00f3n en el Programa de Gesti\u00f3n de la Innovaci\u00f3n es gratuita, online, y convalidables por cr\u00e9ditos ECTs.<\/p>\n\n\n\n<p>Para cualquier consulta, no dudes en escribirnos a nuestro correo: <a href=\"mailto:gdi@fg.ull.es\"><a href=\"mailto:gdi@fg.ull.es\">gdi@fg.ull.es\u00a0<\/a><\/a> o rellena nuestro <a href=\"https:\/\/fg.ull.es\/portal\/gdi\/contacto\/\">formulario de contacto.<\/a><\/p>\n","protected":false},"excerpt":{"rendered":"<p>A d\u00eda de hoy, las redes sociales son un medio de comunicaci\u00f3n pr\u00e1cticamente obligatorio en empresas, organismos e instituciones.&nbsp; El \u00faltimo estudio de IAB Spain sobre las redes sociales refleja que el 87% de los internautas de 16 a 65 a\u00f1os utiliza las redes sociales, lo que representa casi 26 millones de usuarios en Espa\u00f1a&#8230;.<\/p>\n","protected":false},"author":12,"featured_media":5364,"comment_status":"closed","ping_status":"closed","sticky":false,"template":"","format":"standard","meta":{"footnotes":""},"categories":[1],"tags":[],"yoast_head":"<!-- This site is optimized with the Yoast SEO plugin v21.1 - https:\/\/yoast.com\/wordpress\/plugins\/seo\/ -->\n<title>La importancia de las redes sociales en tu empresa - Programa de Gestores de la Innovaci\u00f3n<\/title>\n<meta name=\"robots\" content=\"index, follow, max-snippet:-1, max-image-preview:large, max-video-preview:-1\" \/>\n<link rel=\"canonical\" href=\"https:\/\/fg.ull.es\/portal\/gdi\/la-importancia-de-las-redes-sociales-en-tu-empresa\/\" \/>\n<meta property=\"og:locale\" content=\"es_ES\" \/>\n<meta property=\"og:type\" content=\"article\" \/>\n<meta property=\"og:title\" content=\"La importancia de las redes sociales en tu empresa - Programa de Gestores de la Innovaci\u00f3n\" \/>\n<meta property=\"og:description\" content=\"A d\u00eda de hoy, las redes sociales son un medio de comunicaci\u00f3n pr\u00e1cticamente obligatorio en empresas, organismos e instituciones.&nbsp; El \u00faltimo estudio de IAB Spain sobre las redes sociales refleja que el 87% de los internautas de 16 a 65 a\u00f1os utiliza las redes sociales, lo que representa casi 26 millones de usuarios en Espa\u00f1a....\" \/>\n<meta property=\"og:url\" content=\"https:\/\/fg.ull.es\/portal\/gdi\/la-importancia-de-las-redes-sociales-en-tu-empresa\/\" \/>\n<meta property=\"og:site_name\" content=\"Programa de Gestores de la Innovaci\u00f3n\" \/>\n<meta property=\"article:published_time\" content=\"2021-03-16T11:00:35+00:00\" \/>\n<meta property=\"article:modified_time\" content=\"2021-03-16T12:47:55+00:00\" \/>\n<meta property=\"og:image\" content=\"https:\/\/fg.ull.es\/portal\/gdi\/wp-content\/uploads\/sites\/2\/2021\/03\/pexels-tracy-le-blanc-607812.jpg\" \/>\n\t<meta property=\"og:image:width\" content=\"1600\" \/>\n\t<meta property=\"og:image:height\" content=\"1067\" \/>\n\t<meta property=\"og:image:type\" content=\"image\/jpeg\" \/>\n<meta name=\"author\" content=\"aascanio\" \/>\n<meta name=\"twitter:card\" content=\"summary_large_image\" \/>\n<meta name=\"twitter:label1\" content=\"Written by\" \/>\n\t<meta name=\"twitter:data1\" content=\"aascanio\" \/>\n\t<meta name=\"twitter:label2\" content=\"Est. reading time\" \/>\n\t<meta name=\"twitter:data2\" content=\"2 minutos\" \/>\n<script type=\"application\/ld+json\" class=\"yoast-schema-graph\">{\"@context\":\"https:\/\/schema.org\",\"@graph\":[{\"@type\":\"Article\",\"@id\":\"https:\/\/fg.ull.es\/portal\/gdi\/la-importancia-de-las-redes-sociales-en-tu-empresa\/#article\",\"isPartOf\":{\"@id\":\"https:\/\/fg.ull.es\/portal\/gdi\/la-importancia-de-las-redes-sociales-en-tu-empresa\/\"},\"author\":{\"name\":\"aascanio\",\"@id\":\"https:\/\/fg.ull.es\/portal\/gdi\/#\/schema\/person\/1ad03d108c212b498a622f39176298aa\"},\"headline\":\"La importancia de las redes sociales en tu empresa\",\"datePublished\":\"2021-03-16T11:00:35+00:00\",\"dateModified\":\"2021-03-16T12:47:55+00:00\",\"mainEntityOfPage\":{\"@id\":\"https:\/\/fg.ull.es\/portal\/gdi\/la-importancia-de-las-redes-sociales-en-tu-empresa\/\"},\"wordCount\":429,\"publisher\":{\"@id\":\"https:\/\/fg.ull.es\/portal\/gdi\/#organization\"},\"inLanguage\":\"es\"},{\"@type\":\"WebPage\",\"@id\":\"https:\/\/fg.ull.es\/portal\/gdi\/la-importancia-de-las-redes-sociales-en-tu-empresa\/\",\"url\":\"https:\/\/fg.ull.es\/portal\/gdi\/la-importancia-de-las-redes-sociales-en-tu-empresa\/\",\"name\":\"La importancia de las redes sociales en tu empresa - Programa de Gestores de la Innovaci\u00f3n\",\"isPartOf\":{\"@id\":\"https:\/\/fg.ull.es\/portal\/gdi\/#website\"},\"datePublished\":\"2021-03-16T11:00:35+00:00\",\"dateModified\":\"2021-03-16T12:47:55+00:00\",\"breadcrumb\":{\"@id\":\"https:\/\/fg.ull.es\/portal\/gdi\/la-importancia-de-las-redes-sociales-en-tu-empresa\/#breadcrumb\"},\"inLanguage\":\"es\",\"potentialAction\":[{\"@type\":\"ReadAction\",\"target\":[\"https:\/\/fg.ull.es\/portal\/gdi\/la-importancia-de-las-redes-sociales-en-tu-empresa\/\"]}]},{\"@type\":\"BreadcrumbList\",\"@id\":\"https:\/\/fg.ull.es\/portal\/gdi\/la-importancia-de-las-redes-sociales-en-tu-empresa\/#breadcrumb\",\"itemListElement\":[{\"@type\":\"ListItem\",\"position\":1,\"name\":\"Portada\",\"item\":\"https:\/\/fg.ull.es\/portal\/gdi\/\"},{\"@type\":\"ListItem\",\"position\":2,\"name\":\"La importancia de las redes sociales en tu empresa\"}]},{\"@type\":\"WebSite\",\"@id\":\"https:\/\/fg.ull.es\/portal\/gdi\/#website\",\"url\":\"https:\/\/fg.ull.es\/portal\/gdi\/\",\"name\":\"Programa de Gestores de la Innovaci\u00f3n\",\"description\":\"\",\"publisher\":{\"@id\":\"https:\/\/fg.ull.es\/portal\/gdi\/#organization\"},\"potentialAction\":[{\"@type\":\"SearchAction\",\"target\":{\"@type\":\"EntryPoint\",\"urlTemplate\":\"https:\/\/fg.ull.es\/portal\/gdi\/?s={search_term_string}\"},\"query-input\":\"required name=search_term_string\"}],\"inLanguage\":\"es\"},{\"@type\":\"Organization\",\"@id\":\"https:\/\/fg.ull.es\/portal\/gdi\/#organization\",\"name\":\"FUNDACI\u00d3N CANARIA GENERAL UNIVERSIDAD DE LA LAGUNA\",\"url\":\"https:\/\/fg.ull.es\/portal\/gdi\/\",\"logo\":{\"@type\":\"ImageObject\",\"inLanguage\":\"es\",\"@id\":\"https:\/\/fg.ull.es\/portal\/gdi\/#\/schema\/logo\/image\/\",\"url\":\"https:\/\/fg.ull.es\/portal\/gdi\/wp-content\/uploads\/sites\/2\/2020\/04\/FAVICON.png\",\"contentUrl\":\"https:\/\/fg.ull.es\/portal\/gdi\/wp-content\/uploads\/sites\/2\/2020\/04\/FAVICON.png\",\"width\":512,\"height\":512,\"caption\":\"FUNDACI\u00d3N CANARIA GENERAL UNIVERSIDAD DE LA LAGUNA\"},\"image\":{\"@id\":\"https:\/\/fg.ull.es\/portal\/gdi\/#\/schema\/logo\/image\/\"}},{\"@type\":\"Person\",\"@id\":\"https:\/\/fg.ull.es\/portal\/gdi\/#\/schema\/person\/1ad03d108c212b498a622f39176298aa\",\"name\":\"aascanio\",\"image\":{\"@type\":\"ImageObject\",\"inLanguage\":\"es\",\"@id\":\"https:\/\/fg.ull.es\/portal\/gdi\/#\/schema\/person\/image\/\",\"url\":\"https:\/\/secure.gravatar.com\/avatar\/fb13c6d51e43015759a2b0b66dcd2734?s=96&d=mm&r=g\",\"contentUrl\":\"https:\/\/secure.gravatar.com\/avatar\/fb13c6d51e43015759a2b0b66dcd2734?s=96&d=mm&r=g\",\"caption\":\"aascanio\"}}]}<\/script>\n<!-- \/ Yoast SEO plugin. -->","yoast_head_json":{"title":"La importancia de las redes sociales en tu empresa - Programa de Gestores de la Innovaci\u00f3n","robots":{"index":"index","follow":"follow","max-snippet":"max-snippet:-1","max-image-preview":"max-image-preview:large","max-video-preview":"max-video-preview:-1"},"canonical":"https:\/\/fg.ull.es\/portal\/gdi\/la-importancia-de-las-redes-sociales-en-tu-empresa\/","og_locale":"es_ES","og_type":"article","og_title":"La importancia de las redes sociales en tu empresa - Programa de Gestores de la Innovaci\u00f3n","og_description":"A d\u00eda de hoy, las redes sociales son un medio de comunicaci\u00f3n pr\u00e1cticamente obligatorio en empresas, organismos e instituciones.&nbsp; El \u00faltimo estudio de IAB Spain sobre las redes sociales refleja que el 87% de los internautas de 16 a 65 a\u00f1os utiliza las redes sociales, lo que representa casi 26 millones de usuarios en Espa\u00f1a....","og_url":"https:\/\/fg.ull.es\/portal\/gdi\/la-importancia-de-las-redes-sociales-en-tu-empresa\/","og_site_name":"Programa de Gestores de la Innovaci\u00f3n","article_published_time":"2021-03-16T11:00:35+00:00","article_modified_time":"2021-03-16T12:47:55+00:00","og_image":[{"width":1600,"height":1067,"url":"https:\/\/fg.ull.es\/portal\/gdi\/wp-content\/uploads\/sites\/2\/2021\/03\/pexels-tracy-le-blanc-607812.jpg","type":"image\/jpeg"}],"author":"aascanio","twitter_card":"summary_large_image","twitter_misc":{"Written by":"aascanio","Est. reading time":"2 minutos"},"schema":{"@context":"https:\/\/schema.org","@graph":[{"@type":"Article","@id":"https:\/\/fg.ull.es\/portal\/gdi\/la-importancia-de-las-redes-sociales-en-tu-empresa\/#article","isPartOf":{"@id":"https:\/\/fg.ull.es\/portal\/gdi\/la-importancia-de-las-redes-sociales-en-tu-empresa\/"},"author":{"name":"aascanio","@id":"https:\/\/fg.ull.es\/portal\/gdi\/#\/schema\/person\/1ad03d108c212b498a622f39176298aa"},"headline":"La importancia de las redes sociales en tu empresa","datePublished":"2021-03-16T11:00:35+00:00","dateModified":"2021-03-16T12:47:55+00:00","mainEntityOfPage":{"@id":"https:\/\/fg.ull.es\/portal\/gdi\/la-importancia-de-las-redes-sociales-en-tu-empresa\/"},"wordCount":429,"publisher":{"@id":"https:\/\/fg.ull.es\/portal\/gdi\/#organization"},"inLanguage":"es"},{"@type":"WebPage","@id":"https:\/\/fg.ull.es\/portal\/gdi\/la-importancia-de-las-redes-sociales-en-tu-empresa\/","url":"https:\/\/fg.ull.es\/portal\/gdi\/la-importancia-de-las-redes-sociales-en-tu-empresa\/","name":"La importancia de las redes sociales en tu empresa - Programa de Gestores de la Innovaci\u00f3n","isPartOf":{"@id":"https:\/\/fg.ull.es\/portal\/gdi\/#website"},"datePublished":"2021-03-16T11:00:35+00:00","dateModified":"2021-03-16T12:47:55+00:00","breadcrumb":{"@id":"https:\/\/fg.ull.es\/portal\/gdi\/la-importancia-de-las-redes-sociales-en-tu-empresa\/#breadcrumb"},"inLanguage":"es","potentialAction":[{"@type":"ReadAction","target":["https:\/\/fg.ull.es\/portal\/gdi\/la-importancia-de-las-redes-sociales-en-tu-empresa\/"]}]},{"@type":"BreadcrumbList","@id":"https:\/\/fg.ull.es\/portal\/gdi\/la-importancia-de-las-redes-sociales-en-tu-empresa\/#breadcrumb","itemListElement":[{"@type":"ListItem","position":1,"name":"Portada","item":"https:\/\/fg.ull.es\/portal\/gdi\/"},{"@type":"ListItem","position":2,"name":"La importancia de las redes sociales en tu empresa"}]},{"@type":"WebSite","@id":"https:\/\/fg.ull.es\/portal\/gdi\/#website","url":"https:\/\/fg.ull.es\/portal\/gdi\/","name":"Programa de Gestores de la Innovaci\u00f3n","description":"","publisher":{"@id":"https:\/\/fg.ull.es\/portal\/gdi\/#organization"},"potentialAction":[{"@type":"SearchAction","target":{"@type":"EntryPoint","urlTemplate":"https:\/\/fg.ull.es\/portal\/gdi\/?s={search_term_string}"},"query-input":"required name=search_term_string"}],"inLanguage":"es"},{"@type":"Organization","@id":"https:\/\/fg.ull.es\/portal\/gdi\/#organization","name":"FUNDACI\u00d3N CANARIA GENERAL UNIVERSIDAD DE LA LAGUNA","url":"https:\/\/fg.ull.es\/portal\/gdi\/","logo":{"@type":"ImageObject","inLanguage":"es","@id":"https:\/\/fg.ull.es\/portal\/gdi\/#\/schema\/logo\/image\/","url":"https:\/\/fg.ull.es\/portal\/gdi\/wp-content\/uploads\/sites\/2\/2020\/04\/FAVICON.png","contentUrl":"https:\/\/fg.ull.es\/portal\/gdi\/wp-content\/uploads\/sites\/2\/2020\/04\/FAVICON.png","width":512,"height":512,"caption":"FUNDACI\u00d3N CANARIA GENERAL UNIVERSIDAD DE LA LAGUNA"},"image":{"@id":"https:\/\/fg.ull.es\/portal\/gdi\/#\/schema\/logo\/image\/"}},{"@type":"Person","@id":"https:\/\/fg.ull.es\/portal\/gdi\/#\/schema\/person\/1ad03d108c212b498a622f39176298aa","name":"aascanio","image":{"@type":"ImageObject","inLanguage":"es","@id":"https:\/\/fg.ull.es\/portal\/gdi\/#\/schema\/person\/image\/","url":"https:\/\/secure.gravatar.com\/avatar\/fb13c6d51e43015759a2b0b66dcd2734?s=96&d=mm&r=g","contentUrl":"https:\/\/secure.gravatar.com\/avatar\/fb13c6d51e43015759a2b0b66dcd2734?s=96&d=mm&r=g","caption":"aascanio"}}]}},"_links":{"self":[{"href":"https:\/\/fg.ull.es\/portal\/gdi\/wp-json\/wp\/v2\/posts\/5363"}],"collection":[{"href":"https:\/\/fg.ull.es\/portal\/gdi\/wp-json\/wp\/v2\/posts"}],"about":[{"href":"https:\/\/fg.ull.es\/portal\/gdi\/wp-json\/wp\/v2\/types\/post"}],"author":[{"embeddable":true,"href":"https:\/\/fg.ull.es\/portal\/gdi\/wp-json\/wp\/v2\/users\/12"}],"replies":[{"embeddable":true,"href":"https:\/\/fg.ull.es\/portal\/gdi\/wp-json\/wp\/v2\/comments?post=5363"}],"version-history":[{"count":2,"href":"https:\/\/fg.ull.es\/portal\/gdi\/wp-json\/wp\/v2\/posts\/5363\/revisions"}],"predecessor-version":[{"id":5367,"href":"https:\/\/fg.ull.es\/portal\/gdi\/wp-json\/wp\/v2\/posts\/5363\/revisions\/5367"}],"wp:featuredmedia":[{"embeddable":true,"href":"https:\/\/fg.ull.es\/portal\/gdi\/wp-json\/wp\/v2\/media\/5364"}],"wp:attachment":[{"href":"https:\/\/fg.ull.es\/portal\/gdi\/wp-json\/wp\/v2\/media?parent=5363"}],"wp:term":[{"taxonomy":"category","embeddable":true,"href":"https:\/\/fg.ull.es\/portal\/gdi\/wp-json\/wp\/v2\/categories?post=5363"},{"taxonomy":"post_tag","embeddable":true,"href":"https:\/\/fg.ull.es\/portal\/gdi\/wp-json\/wp\/v2\/tags?post=5363"}],"curies":[{"name":"wp","href":"https:\/\/api.w.org\/{rel}","templated":true}]}}