{"id":5327,"date":"2021-03-08T10:45:55","date_gmt":"2021-03-08T10:45:55","guid":{"rendered":"https:\/\/fg.ull.es\/portal\/gdi\/?p=5327"},"modified":"2021-03-10T10:18:28","modified_gmt":"2021-03-10T10:18:28","slug":"tu-huella-digital-en-internet","status":"publish","type":"post","link":"https:\/\/fg.ull.es\/portal\/gdi\/tu-huella-digital-en-internet\/","title":{"rendered":"Tu huella digital en Internet"},"content":{"rendered":"\n<p><\/p>\n\n\n\n<p>Cada uno de nosotros dejamos nuestra huella digital en internet en el d\u00eda a d\u00eda, \u00bfqu\u00e9 significa esto? que todas las actividades, usos y comunicaciones en los entornos digitales se pueden rastrear.&nbsp;<\/p>\n\n\n\n<p>El rastro que podemos dejar puede ser activa, como las acciones que realizamos en redes sociales, como es compartir o comentar una publicaci\u00f3n en <em>Facebook<\/em>; o pasiva, como el n\u00famero de veces que hemos visitado un sitio web.&nbsp;<\/p>\n\n\n\n<p><strong>\u00bfPor qu\u00e9 hay que tener cuidado?<\/strong><\/p>\n\n\n\n<p>La mayor\u00eda de veces dejar esta huella es beneficiosa para darnos a conocer, pero en otras puede ser peligrosa o puede perjudicarnos a la hora de realizar algunas acciones:<\/p>\n\n\n\n<ul><li>Muchas empresas analizan la huella digital de las personas que optan a sus ofertas de empleo durante el proceso de selecci\u00f3n. \u00bfC\u00f3mo? Entrando a las diversas plataformas sociales para conocer al candidato y saber si es adecuado su perfil para el puesto.<\/li><\/ul>\n\n\n\n<ul><li>La huella digital puede ser utilizada por otros para recabar informaci\u00f3n sobre nosotros, incluso suplantar la identidad de un usuario.<\/li><\/ul>\n\n\n\n<p><strong>\u00bfC\u00f3mo cuidar nuestra huella digital activa?<\/strong><\/p>\n\n\n\n<ul><li>Cuidar las publicaciones de las redes sociales, web, foros\u2026<\/li><li>Modificar los ajustes de privacidad de las RRSS<\/li><li>Eliminar tus datos en las diversas plataformas o servicios que ya no utilices. Aunque no tengas actividad, la informaci\u00f3n sigue siendo p\u00fablica, es decir, sigue siendo visible para todo el mundo<\/li><\/ul>\n\n\n\n<p>La huella digital es uno de los aspectos que se tratan en el Nivel 0 de Ciudadan\u00eda Digital, habilidades digitales para la transformaci\u00f3n digital. \u00bfTe interesa? Puedes inscribirte ya en el pr\u00f3ximo curso que comenzar\u00e1 el d\u00eda 16 de marzo.&nbsp;<\/p>\n\n\n\n<div class=\"wp-block-buttons aligncenter is-layout-flex wp-block-buttons-is-layout-flex\">\n<div class=\"wp-block-button is-style-fill\"><a class=\"wp-block-button__link has-luminous-vivid-amber-to-luminous-vivid-orange-gradient-background has-background\" href=\"https:\/\/sede.fg.ull.es\/es\/curso\/detalle\/a21120048\/ciudadania-digital-habilidades-digitales-para-la-transformacionn\" target=\"_blank\" rel=\"noreferrer noopener\">Nivel 0 de Ciudadan\u00eda Digital<\/a><\/div>\n<\/div>\n\n\n\n<p>Para cualquier consulta, no dudes en escribirnos a nuestro correo: gdi@fg.ull.es o rellenar nuestro <a href=\"https:\/\/fg.ull.es\/portal\/gdi\/contacto\/\">formulario de contacto.<\/a><\/p>\n","protected":false},"excerpt":{"rendered":"<p>Cada uno de nosotros dejamos nuestra huella digital en internet en el d\u00eda a d\u00eda, \u00bfqu\u00e9 significa esto? que todas las actividades, usos y comunicaciones en los entornos digitales se pueden rastrear.&nbsp; El rastro que podemos dejar puede ser activa, como las acciones que realizamos en redes sociales, como es compartir o comentar una publicaci\u00f3n&#8230;<\/p>\n","protected":false},"author":12,"featured_media":5329,"comment_status":"closed","ping_status":"closed","sticky":false,"template":"","format":"standard","meta":{"footnotes":""},"categories":[1],"tags":[],"yoast_head":"<!-- This site is optimized with the Yoast SEO plugin v21.1 - https:\/\/yoast.com\/wordpress\/plugins\/seo\/ -->\n<title>Tu huella digital en Internet - Programa de Gestores de la Innovaci\u00f3n<\/title>\n<meta name=\"robots\" content=\"index, follow, max-snippet:-1, max-image-preview:large, max-video-preview:-1\" \/>\n<link rel=\"canonical\" href=\"https:\/\/fg.ull.es\/portal\/gdi\/tu-huella-digital-en-internet\/\" \/>\n<meta property=\"og:locale\" content=\"es_ES\" \/>\n<meta property=\"og:type\" content=\"article\" \/>\n<meta property=\"og:title\" content=\"Tu huella digital en Internet - Programa de Gestores de la Innovaci\u00f3n\" \/>\n<meta property=\"og:description\" content=\"Cada uno de nosotros dejamos nuestra huella digital en internet en el d\u00eda a d\u00eda, \u00bfqu\u00e9 significa esto? que todas las actividades, usos y comunicaciones en los entornos digitales se pueden rastrear.&nbsp; El rastro que podemos dejar puede ser activa, como las acciones que realizamos en redes sociales, como es compartir o comentar una publicaci\u00f3n...\" \/>\n<meta property=\"og:url\" content=\"https:\/\/fg.ull.es\/portal\/gdi\/tu-huella-digital-en-internet\/\" \/>\n<meta property=\"og:site_name\" content=\"Programa de Gestores de la Innovaci\u00f3n\" \/>\n<meta property=\"article:published_time\" content=\"2021-03-08T10:45:55+00:00\" \/>\n<meta property=\"article:modified_time\" content=\"2021-03-10T10:18:28+00:00\" \/>\n<meta property=\"og:image\" content=\"https:\/\/fg.ull.es\/portal\/gdi\/wp-content\/uploads\/sites\/2\/2021\/03\/Captura-de-pantalla-2021-03-08-a-las-10.32.11.png\" \/>\n\t<meta property=\"og:image:width\" content=\"1192\" \/>\n\t<meta property=\"og:image:height\" content=\"587\" \/>\n\t<meta property=\"og:image:type\" content=\"image\/png\" \/>\n<meta name=\"author\" content=\"aascanio\" \/>\n<meta name=\"twitter:card\" content=\"summary_large_image\" \/>\n<meta name=\"twitter:label1\" content=\"Written by\" \/>\n\t<meta name=\"twitter:data1\" content=\"aascanio\" \/>\n\t<meta name=\"twitter:label2\" content=\"Est. reading time\" \/>\n\t<meta name=\"twitter:data2\" content=\"2 minutos\" \/>\n<script type=\"application\/ld+json\" class=\"yoast-schema-graph\">{\"@context\":\"https:\/\/schema.org\",\"@graph\":[{\"@type\":\"Article\",\"@id\":\"https:\/\/fg.ull.es\/portal\/gdi\/tu-huella-digital-en-internet\/#article\",\"isPartOf\":{\"@id\":\"https:\/\/fg.ull.es\/portal\/gdi\/tu-huella-digital-en-internet\/\"},\"author\":{\"name\":\"aascanio\",\"@id\":\"https:\/\/fg.ull.es\/portal\/gdi\/#\/schema\/person\/1ad03d108c212b498a622f39176298aa\"},\"headline\":\"Tu huella digital en Internet\",\"datePublished\":\"2021-03-08T10:45:55+00:00\",\"dateModified\":\"2021-03-10T10:18:28+00:00\",\"mainEntityOfPage\":{\"@id\":\"https:\/\/fg.ull.es\/portal\/gdi\/tu-huella-digital-en-internet\/\"},\"wordCount\":307,\"publisher\":{\"@id\":\"https:\/\/fg.ull.es\/portal\/gdi\/#organization\"},\"inLanguage\":\"es\"},{\"@type\":\"WebPage\",\"@id\":\"https:\/\/fg.ull.es\/portal\/gdi\/tu-huella-digital-en-internet\/\",\"url\":\"https:\/\/fg.ull.es\/portal\/gdi\/tu-huella-digital-en-internet\/\",\"name\":\"Tu huella digital en Internet - Programa de Gestores de la Innovaci\u00f3n\",\"isPartOf\":{\"@id\":\"https:\/\/fg.ull.es\/portal\/gdi\/#website\"},\"datePublished\":\"2021-03-08T10:45:55+00:00\",\"dateModified\":\"2021-03-10T10:18:28+00:00\",\"breadcrumb\":{\"@id\":\"https:\/\/fg.ull.es\/portal\/gdi\/tu-huella-digital-en-internet\/#breadcrumb\"},\"inLanguage\":\"es\",\"potentialAction\":[{\"@type\":\"ReadAction\",\"target\":[\"https:\/\/fg.ull.es\/portal\/gdi\/tu-huella-digital-en-internet\/\"]}]},{\"@type\":\"BreadcrumbList\",\"@id\":\"https:\/\/fg.ull.es\/portal\/gdi\/tu-huella-digital-en-internet\/#breadcrumb\",\"itemListElement\":[{\"@type\":\"ListItem\",\"position\":1,\"name\":\"Portada\",\"item\":\"https:\/\/fg.ull.es\/portal\/gdi\/\"},{\"@type\":\"ListItem\",\"position\":2,\"name\":\"Tu huella digital en Internet\"}]},{\"@type\":\"WebSite\",\"@id\":\"https:\/\/fg.ull.es\/portal\/gdi\/#website\",\"url\":\"https:\/\/fg.ull.es\/portal\/gdi\/\",\"name\":\"Programa de Gestores de la Innovaci\u00f3n\",\"description\":\"\",\"publisher\":{\"@id\":\"https:\/\/fg.ull.es\/portal\/gdi\/#organization\"},\"potentialAction\":[{\"@type\":\"SearchAction\",\"target\":{\"@type\":\"EntryPoint\",\"urlTemplate\":\"https:\/\/fg.ull.es\/portal\/gdi\/?s={search_term_string}\"},\"query-input\":\"required name=search_term_string\"}],\"inLanguage\":\"es\"},{\"@type\":\"Organization\",\"@id\":\"https:\/\/fg.ull.es\/portal\/gdi\/#organization\",\"name\":\"FUNDACI\u00d3N CANARIA GENERAL UNIVERSIDAD DE LA LAGUNA\",\"url\":\"https:\/\/fg.ull.es\/portal\/gdi\/\",\"logo\":{\"@type\":\"ImageObject\",\"inLanguage\":\"es\",\"@id\":\"https:\/\/fg.ull.es\/portal\/gdi\/#\/schema\/logo\/image\/\",\"url\":\"https:\/\/fg.ull.es\/portal\/gdi\/wp-content\/uploads\/sites\/2\/2020\/04\/FAVICON.png\",\"contentUrl\":\"https:\/\/fg.ull.es\/portal\/gdi\/wp-content\/uploads\/sites\/2\/2020\/04\/FAVICON.png\",\"width\":512,\"height\":512,\"caption\":\"FUNDACI\u00d3N CANARIA GENERAL UNIVERSIDAD DE LA LAGUNA\"},\"image\":{\"@id\":\"https:\/\/fg.ull.es\/portal\/gdi\/#\/schema\/logo\/image\/\"}},{\"@type\":\"Person\",\"@id\":\"https:\/\/fg.ull.es\/portal\/gdi\/#\/schema\/person\/1ad03d108c212b498a622f39176298aa\",\"name\":\"aascanio\",\"image\":{\"@type\":\"ImageObject\",\"inLanguage\":\"es\",\"@id\":\"https:\/\/fg.ull.es\/portal\/gdi\/#\/schema\/person\/image\/\",\"url\":\"https:\/\/secure.gravatar.com\/avatar\/fb13c6d51e43015759a2b0b66dcd2734?s=96&d=mm&r=g\",\"contentUrl\":\"https:\/\/secure.gravatar.com\/avatar\/fb13c6d51e43015759a2b0b66dcd2734?s=96&d=mm&r=g\",\"caption\":\"aascanio\"}}]}<\/script>\n<!-- \/ Yoast SEO plugin. -->","yoast_head_json":{"title":"Tu huella digital en Internet - Programa de Gestores de la Innovaci\u00f3n","robots":{"index":"index","follow":"follow","max-snippet":"max-snippet:-1","max-image-preview":"max-image-preview:large","max-video-preview":"max-video-preview:-1"},"canonical":"https:\/\/fg.ull.es\/portal\/gdi\/tu-huella-digital-en-internet\/","og_locale":"es_ES","og_type":"article","og_title":"Tu huella digital en Internet - Programa de Gestores de la Innovaci\u00f3n","og_description":"Cada uno de nosotros dejamos nuestra huella digital en internet en el d\u00eda a d\u00eda, \u00bfqu\u00e9 significa esto? que todas las actividades, usos y comunicaciones en los entornos digitales se pueden rastrear.&nbsp; El rastro que podemos dejar puede ser activa, como las acciones que realizamos en redes sociales, como es compartir o comentar una publicaci\u00f3n...","og_url":"https:\/\/fg.ull.es\/portal\/gdi\/tu-huella-digital-en-internet\/","og_site_name":"Programa de Gestores de la Innovaci\u00f3n","article_published_time":"2021-03-08T10:45:55+00:00","article_modified_time":"2021-03-10T10:18:28+00:00","og_image":[{"width":1192,"height":587,"url":"https:\/\/fg.ull.es\/portal\/gdi\/wp-content\/uploads\/sites\/2\/2021\/03\/Captura-de-pantalla-2021-03-08-a-las-10.32.11.png","type":"image\/png"}],"author":"aascanio","twitter_card":"summary_large_image","twitter_misc":{"Written by":"aascanio","Est. reading time":"2 minutos"},"schema":{"@context":"https:\/\/schema.org","@graph":[{"@type":"Article","@id":"https:\/\/fg.ull.es\/portal\/gdi\/tu-huella-digital-en-internet\/#article","isPartOf":{"@id":"https:\/\/fg.ull.es\/portal\/gdi\/tu-huella-digital-en-internet\/"},"author":{"name":"aascanio","@id":"https:\/\/fg.ull.es\/portal\/gdi\/#\/schema\/person\/1ad03d108c212b498a622f39176298aa"},"headline":"Tu huella digital en Internet","datePublished":"2021-03-08T10:45:55+00:00","dateModified":"2021-03-10T10:18:28+00:00","mainEntityOfPage":{"@id":"https:\/\/fg.ull.es\/portal\/gdi\/tu-huella-digital-en-internet\/"},"wordCount":307,"publisher":{"@id":"https:\/\/fg.ull.es\/portal\/gdi\/#organization"},"inLanguage":"es"},{"@type":"WebPage","@id":"https:\/\/fg.ull.es\/portal\/gdi\/tu-huella-digital-en-internet\/","url":"https:\/\/fg.ull.es\/portal\/gdi\/tu-huella-digital-en-internet\/","name":"Tu huella digital en Internet - Programa de Gestores de la Innovaci\u00f3n","isPartOf":{"@id":"https:\/\/fg.ull.es\/portal\/gdi\/#website"},"datePublished":"2021-03-08T10:45:55+00:00","dateModified":"2021-03-10T10:18:28+00:00","breadcrumb":{"@id":"https:\/\/fg.ull.es\/portal\/gdi\/tu-huella-digital-en-internet\/#breadcrumb"},"inLanguage":"es","potentialAction":[{"@type":"ReadAction","target":["https:\/\/fg.ull.es\/portal\/gdi\/tu-huella-digital-en-internet\/"]}]},{"@type":"BreadcrumbList","@id":"https:\/\/fg.ull.es\/portal\/gdi\/tu-huella-digital-en-internet\/#breadcrumb","itemListElement":[{"@type":"ListItem","position":1,"name":"Portada","item":"https:\/\/fg.ull.es\/portal\/gdi\/"},{"@type":"ListItem","position":2,"name":"Tu huella digital en Internet"}]},{"@type":"WebSite","@id":"https:\/\/fg.ull.es\/portal\/gdi\/#website","url":"https:\/\/fg.ull.es\/portal\/gdi\/","name":"Programa de Gestores de la Innovaci\u00f3n","description":"","publisher":{"@id":"https:\/\/fg.ull.es\/portal\/gdi\/#organization"},"potentialAction":[{"@type":"SearchAction","target":{"@type":"EntryPoint","urlTemplate":"https:\/\/fg.ull.es\/portal\/gdi\/?s={search_term_string}"},"query-input":"required name=search_term_string"}],"inLanguage":"es"},{"@type":"Organization","@id":"https:\/\/fg.ull.es\/portal\/gdi\/#organization","name":"FUNDACI\u00d3N CANARIA GENERAL UNIVERSIDAD DE LA LAGUNA","url":"https:\/\/fg.ull.es\/portal\/gdi\/","logo":{"@type":"ImageObject","inLanguage":"es","@id":"https:\/\/fg.ull.es\/portal\/gdi\/#\/schema\/logo\/image\/","url":"https:\/\/fg.ull.es\/portal\/gdi\/wp-content\/uploads\/sites\/2\/2020\/04\/FAVICON.png","contentUrl":"https:\/\/fg.ull.es\/portal\/gdi\/wp-content\/uploads\/sites\/2\/2020\/04\/FAVICON.png","width":512,"height":512,"caption":"FUNDACI\u00d3N CANARIA GENERAL UNIVERSIDAD DE LA LAGUNA"},"image":{"@id":"https:\/\/fg.ull.es\/portal\/gdi\/#\/schema\/logo\/image\/"}},{"@type":"Person","@id":"https:\/\/fg.ull.es\/portal\/gdi\/#\/schema\/person\/1ad03d108c212b498a622f39176298aa","name":"aascanio","image":{"@type":"ImageObject","inLanguage":"es","@id":"https:\/\/fg.ull.es\/portal\/gdi\/#\/schema\/person\/image\/","url":"https:\/\/secure.gravatar.com\/avatar\/fb13c6d51e43015759a2b0b66dcd2734?s=96&d=mm&r=g","contentUrl":"https:\/\/secure.gravatar.com\/avatar\/fb13c6d51e43015759a2b0b66dcd2734?s=96&d=mm&r=g","caption":"aascanio"}}]}},"_links":{"self":[{"href":"https:\/\/fg.ull.es\/portal\/gdi\/wp-json\/wp\/v2\/posts\/5327"}],"collection":[{"href":"https:\/\/fg.ull.es\/portal\/gdi\/wp-json\/wp\/v2\/posts"}],"about":[{"href":"https:\/\/fg.ull.es\/portal\/gdi\/wp-json\/wp\/v2\/types\/post"}],"author":[{"embeddable":true,"href":"https:\/\/fg.ull.es\/portal\/gdi\/wp-json\/wp\/v2\/users\/12"}],"replies":[{"embeddable":true,"href":"https:\/\/fg.ull.es\/portal\/gdi\/wp-json\/wp\/v2\/comments?post=5327"}],"version-history":[{"count":3,"href":"https:\/\/fg.ull.es\/portal\/gdi\/wp-json\/wp\/v2\/posts\/5327\/revisions"}],"predecessor-version":[{"id":5350,"href":"https:\/\/fg.ull.es\/portal\/gdi\/wp-json\/wp\/v2\/posts\/5327\/revisions\/5350"}],"wp:featuredmedia":[{"embeddable":true,"href":"https:\/\/fg.ull.es\/portal\/gdi\/wp-json\/wp\/v2\/media\/5329"}],"wp:attachment":[{"href":"https:\/\/fg.ull.es\/portal\/gdi\/wp-json\/wp\/v2\/media?parent=5327"}],"wp:term":[{"taxonomy":"category","embeddable":true,"href":"https:\/\/fg.ull.es\/portal\/gdi\/wp-json\/wp\/v2\/categories?post=5327"},{"taxonomy":"post_tag","embeddable":true,"href":"https:\/\/fg.ull.es\/portal\/gdi\/wp-json\/wp\/v2\/tags?post=5327"}],"curies":[{"name":"wp","href":"https:\/\/api.w.org\/{rel}","templated":true}]}}