{"id":5313,"date":"2021-03-01T11:38:48","date_gmt":"2021-03-01T11:38:48","guid":{"rendered":"https:\/\/fg.ull.es\/portal\/gdi\/?p=5313"},"modified":"2021-03-01T11:40:33","modified_gmt":"2021-03-01T11:40:33","slug":"la-transformacion-digital-en-las-empresas","status":"publish","type":"post","link":"https:\/\/fg.ull.es\/portal\/gdi\/la-transformacion-digital-en-las-empresas\/","title":{"rendered":"La transformaci\u00f3n digital en las empresas"},"content":{"rendered":"\n<p>\u00bfSab\u00edas qu\u00e9 ocho de cada diez organizaciones han acelerado sus programas de Transformaci\u00f3n Digital en 2020?<\/p>\n\n\n\n<p>Desde hace un tiempo sabemos que la transformaci\u00f3n digital es fundamental para cualquier empresa, pero con el COVID-19 ha sido inevitable la aceleraci\u00f3n de la misma para adaptarnos a una nueva situaci\u00f3n.<\/p>\n\n\n\n<p>Hace unos meses, se publicaba el estudio global TD Index 2020, por <a href=\"https:\/\/www.delltechnologies.com\/es-es\/index.htm\">Dell Technologies<\/a>, una investigaci\u00f3n que refleja el comportamiento empresarial como consecuencia de la pandemia mundial.&nbsp;<\/p>\n\n\n\n<p>El 85% de los negocios afirma que debido a esta situaci\u00f3n, es necesario una \u201cinfraestructura de IT m\u00e1s \u00e1gil y escalable para poder enfrentarse a contingencias\u201d. Este estudio explica que las inversiones en tecnolog\u00eda en Europa en los pr\u00f3ximos tres a\u00f1os ser\u00e1n en ciberseguridad, infraestructura 5G y hardware preparado para 5G, herramientas de gesti\u00f3n de datos, privacidad y entornos de nube h\u00edbrida. En relaci\u00f3n al 5G se puede apreciar desde hace un tiempo que las compa\u00f1\u00edas telef\u00f3nicas lo est\u00e1n implantando, as\u00ed como los fabricantes de telefon\u00eda que, a d\u00eda de hoy, crean dispositivos con esta tecnolog\u00eda.<\/p>\n\n\n\n<p>Como se ha expuesto, muchas empresas han tenido que adaptarse a este nuevo entorno que se nos presenta para seguir adelante. Un ejemplo, ha sido el mundo de la hosteler\u00eda. Cuando acab\u00f3 el confinamiento en Espa\u00f1a y se iban estableciendo una serie de medidas para poder salir a la calle y poder consumir en bares y restaurantes, se empez\u00f3 a utilizar los c\u00f3digos QR para sustituir a la carta f\u00edsica por la digital. Un cambio significativo en el sector hostelero para tomar m\u00e1s medidas respecto al virus.&nbsp;<\/p>\n\n\n\n<p>A d\u00eda de hoy, es necesaria la evoluci\u00f3n de las empresas en el sector digital y tener personas que sean capaces de trabajar en este \u00e1mbito que cada d\u00eda se va actualizando.<\/p>\n\n\n\n<p>\u00bfTe interesa iniciarte en el mundo digital? Entonces nuestro nuevo curso de  Nivel 0 en Transformaci\u00f3n Digital \u00a1es para ti! En esta formaci\u00f3n, aprender\u00e1s c\u00f3mo arrancar y alinear los procesos de transformaci\u00f3n digital en las organizaciones y mejorar los conocimientos en el uso cotidiano de herramientas digitales. Tienes toda la informaci\u00f3n de este curso gratuito y online aqu\u00ed:<\/p>\n\n\n\n<p><\/p>\n\n\n\n<div class=\"wp-block-buttons aligncenter is-layout-flex wp-block-buttons-is-layout-flex\">\n<div class=\"wp-block-button\"><a class=\"wp-block-button__link has-luminous-vivid-amber-to-luminous-vivid-orange-gradient-background has-background\" href=\"https:\/\/sede.fg.ull.es\/es\/curso\/detalle\/a21120039\/ciudadania-digital-espacios-digitales-para-la-transformacion\">Ciudadan\u00eda digital, espacios digitales para la transformaci\u00f3n.<\/a><\/div>\n<\/div>\n\n\n\n<p><\/p>\n\n\n\n<p>Para cualquier consulta, no dudes en escribirnos a nuestro correo: <a href=\"mailto:gdi@fg.ull.es\">gdi@fg.ull.es<\/a> o rellenar nuestro <a href=\"https:\/\/fg.ull.es\/portal\/gdi\/contacto\/\">formulario de contacto.<\/a><\/p>\n","protected":false},"excerpt":{"rendered":"<p>\u00bfSab\u00edas qu\u00e9 ocho de cada diez organizaciones han acelerado sus programas de Transformaci\u00f3n Digital en 2020? Desde hace un tiempo sabemos que la transformaci\u00f3n digital es fundamental para cualquier empresa, pero con el COVID-19 ha sido inevitable la aceleraci\u00f3n de la misma para adaptarnos a una nueva situaci\u00f3n. Hace unos meses, se publicaba el estudio&#8230;<\/p>\n","protected":false},"author":12,"featured_media":5315,"comment_status":"closed","ping_status":"closed","sticky":false,"template":"","format":"standard","meta":{"footnotes":""},"categories":[1],"tags":[],"yoast_head":"<!-- This site is optimized with the Yoast SEO plugin v21.1 - https:\/\/yoast.com\/wordpress\/plugins\/seo\/ -->\n<title>La transformaci\u00f3n digital en las empresas - Programa de Gestores de la Innovaci\u00f3n<\/title>\n<meta name=\"robots\" content=\"index, follow, max-snippet:-1, max-image-preview:large, max-video-preview:-1\" \/>\n<link rel=\"canonical\" href=\"https:\/\/fg.ull.es\/portal\/gdi\/la-transformacion-digital-en-las-empresas\/\" \/>\n<meta property=\"og:locale\" content=\"es_ES\" \/>\n<meta property=\"og:type\" content=\"article\" \/>\n<meta property=\"og:title\" content=\"La transformaci\u00f3n digital en las empresas - Programa de Gestores de la Innovaci\u00f3n\" \/>\n<meta property=\"og:description\" content=\"\u00bfSab\u00edas qu\u00e9 ocho de cada diez organizaciones han acelerado sus programas de Transformaci\u00f3n Digital en 2020? Desde hace un tiempo sabemos que la transformaci\u00f3n digital es fundamental para cualquier empresa, pero con el COVID-19 ha sido inevitable la aceleraci\u00f3n de la misma para adaptarnos a una nueva situaci\u00f3n. Hace unos meses, se publicaba el estudio...\" \/>\n<meta property=\"og:url\" content=\"https:\/\/fg.ull.es\/portal\/gdi\/la-transformacion-digital-en-las-empresas\/\" \/>\n<meta property=\"og:site_name\" content=\"Programa de Gestores de la Innovaci\u00f3n\" \/>\n<meta property=\"article:published_time\" content=\"2021-03-01T11:38:48+00:00\" \/>\n<meta property=\"article:modified_time\" content=\"2021-03-01T11:40:33+00:00\" \/>\n<meta property=\"og:image\" content=\"https:\/\/fg.ull.es\/portal\/gdi\/wp-content\/uploads\/sites\/2\/2021\/03\/Captura-de-pantalla-2021-03-01-a-las-11.34.38.png\" \/>\n\t<meta property=\"og:image:width\" content=\"1199\" \/>\n\t<meta property=\"og:image:height\" content=\"652\" \/>\n\t<meta property=\"og:image:type\" content=\"image\/png\" \/>\n<meta name=\"author\" content=\"aascanio\" \/>\n<meta name=\"twitter:card\" content=\"summary_large_image\" \/>\n<meta name=\"twitter:label1\" content=\"Written by\" \/>\n\t<meta name=\"twitter:data1\" content=\"aascanio\" \/>\n\t<meta name=\"twitter:label2\" content=\"Est. reading time\" \/>\n\t<meta name=\"twitter:data2\" content=\"2 minutos\" \/>\n<script type=\"application\/ld+json\" class=\"yoast-schema-graph\">{\"@context\":\"https:\/\/schema.org\",\"@graph\":[{\"@type\":\"Article\",\"@id\":\"https:\/\/fg.ull.es\/portal\/gdi\/la-transformacion-digital-en-las-empresas\/#article\",\"isPartOf\":{\"@id\":\"https:\/\/fg.ull.es\/portal\/gdi\/la-transformacion-digital-en-las-empresas\/\"},\"author\":{\"name\":\"aascanio\",\"@id\":\"https:\/\/fg.ull.es\/portal\/gdi\/#\/schema\/person\/1ad03d108c212b498a622f39176298aa\"},\"headline\":\"La transformaci\u00f3n digital en las empresas\",\"datePublished\":\"2021-03-01T11:38:48+00:00\",\"dateModified\":\"2021-03-01T11:40:33+00:00\",\"mainEntityOfPage\":{\"@id\":\"https:\/\/fg.ull.es\/portal\/gdi\/la-transformacion-digital-en-las-empresas\/\"},\"wordCount\":417,\"publisher\":{\"@id\":\"https:\/\/fg.ull.es\/portal\/gdi\/#organization\"},\"inLanguage\":\"es\"},{\"@type\":\"WebPage\",\"@id\":\"https:\/\/fg.ull.es\/portal\/gdi\/la-transformacion-digital-en-las-empresas\/\",\"url\":\"https:\/\/fg.ull.es\/portal\/gdi\/la-transformacion-digital-en-las-empresas\/\",\"name\":\"La transformaci\u00f3n digital en las empresas - Programa de Gestores de la Innovaci\u00f3n\",\"isPartOf\":{\"@id\":\"https:\/\/fg.ull.es\/portal\/gdi\/#website\"},\"datePublished\":\"2021-03-01T11:38:48+00:00\",\"dateModified\":\"2021-03-01T11:40:33+00:00\",\"breadcrumb\":{\"@id\":\"https:\/\/fg.ull.es\/portal\/gdi\/la-transformacion-digital-en-las-empresas\/#breadcrumb\"},\"inLanguage\":\"es\",\"potentialAction\":[{\"@type\":\"ReadAction\",\"target\":[\"https:\/\/fg.ull.es\/portal\/gdi\/la-transformacion-digital-en-las-empresas\/\"]}]},{\"@type\":\"BreadcrumbList\",\"@id\":\"https:\/\/fg.ull.es\/portal\/gdi\/la-transformacion-digital-en-las-empresas\/#breadcrumb\",\"itemListElement\":[{\"@type\":\"ListItem\",\"position\":1,\"name\":\"Portada\",\"item\":\"https:\/\/fg.ull.es\/portal\/gdi\/\"},{\"@type\":\"ListItem\",\"position\":2,\"name\":\"La transformaci\u00f3n digital en las empresas\"}]},{\"@type\":\"WebSite\",\"@id\":\"https:\/\/fg.ull.es\/portal\/gdi\/#website\",\"url\":\"https:\/\/fg.ull.es\/portal\/gdi\/\",\"name\":\"Programa de Gestores de la Innovaci\u00f3n\",\"description\":\"\",\"publisher\":{\"@id\":\"https:\/\/fg.ull.es\/portal\/gdi\/#organization\"},\"potentialAction\":[{\"@type\":\"SearchAction\",\"target\":{\"@type\":\"EntryPoint\",\"urlTemplate\":\"https:\/\/fg.ull.es\/portal\/gdi\/?s={search_term_string}\"},\"query-input\":\"required name=search_term_string\"}],\"inLanguage\":\"es\"},{\"@type\":\"Organization\",\"@id\":\"https:\/\/fg.ull.es\/portal\/gdi\/#organization\",\"name\":\"FUNDACI\u00d3N CANARIA GENERAL UNIVERSIDAD DE LA LAGUNA\",\"url\":\"https:\/\/fg.ull.es\/portal\/gdi\/\",\"logo\":{\"@type\":\"ImageObject\",\"inLanguage\":\"es\",\"@id\":\"https:\/\/fg.ull.es\/portal\/gdi\/#\/schema\/logo\/image\/\",\"url\":\"https:\/\/fg.ull.es\/portal\/gdi\/wp-content\/uploads\/sites\/2\/2020\/04\/FAVICON.png\",\"contentUrl\":\"https:\/\/fg.ull.es\/portal\/gdi\/wp-content\/uploads\/sites\/2\/2020\/04\/FAVICON.png\",\"width\":512,\"height\":512,\"caption\":\"FUNDACI\u00d3N CANARIA GENERAL UNIVERSIDAD DE LA LAGUNA\"},\"image\":{\"@id\":\"https:\/\/fg.ull.es\/portal\/gdi\/#\/schema\/logo\/image\/\"}},{\"@type\":\"Person\",\"@id\":\"https:\/\/fg.ull.es\/portal\/gdi\/#\/schema\/person\/1ad03d108c212b498a622f39176298aa\",\"name\":\"aascanio\",\"image\":{\"@type\":\"ImageObject\",\"inLanguage\":\"es\",\"@id\":\"https:\/\/fg.ull.es\/portal\/gdi\/#\/schema\/person\/image\/\",\"url\":\"https:\/\/secure.gravatar.com\/avatar\/fb13c6d51e43015759a2b0b66dcd2734?s=96&d=mm&r=g\",\"contentUrl\":\"https:\/\/secure.gravatar.com\/avatar\/fb13c6d51e43015759a2b0b66dcd2734?s=96&d=mm&r=g\",\"caption\":\"aascanio\"}}]}<\/script>\n<!-- \/ Yoast SEO plugin. -->","yoast_head_json":{"title":"La transformaci\u00f3n digital en las empresas - Programa de Gestores de la Innovaci\u00f3n","robots":{"index":"index","follow":"follow","max-snippet":"max-snippet:-1","max-image-preview":"max-image-preview:large","max-video-preview":"max-video-preview:-1"},"canonical":"https:\/\/fg.ull.es\/portal\/gdi\/la-transformacion-digital-en-las-empresas\/","og_locale":"es_ES","og_type":"article","og_title":"La transformaci\u00f3n digital en las empresas - Programa de Gestores de la Innovaci\u00f3n","og_description":"\u00bfSab\u00edas qu\u00e9 ocho de cada diez organizaciones han acelerado sus programas de Transformaci\u00f3n Digital en 2020? Desde hace un tiempo sabemos que la transformaci\u00f3n digital es fundamental para cualquier empresa, pero con el COVID-19 ha sido inevitable la aceleraci\u00f3n de la misma para adaptarnos a una nueva situaci\u00f3n. Hace unos meses, se publicaba el estudio...","og_url":"https:\/\/fg.ull.es\/portal\/gdi\/la-transformacion-digital-en-las-empresas\/","og_site_name":"Programa de Gestores de la Innovaci\u00f3n","article_published_time":"2021-03-01T11:38:48+00:00","article_modified_time":"2021-03-01T11:40:33+00:00","og_image":[{"width":1199,"height":652,"url":"https:\/\/fg.ull.es\/portal\/gdi\/wp-content\/uploads\/sites\/2\/2021\/03\/Captura-de-pantalla-2021-03-01-a-las-11.34.38.png","type":"image\/png"}],"author":"aascanio","twitter_card":"summary_large_image","twitter_misc":{"Written by":"aascanio","Est. reading time":"2 minutos"},"schema":{"@context":"https:\/\/schema.org","@graph":[{"@type":"Article","@id":"https:\/\/fg.ull.es\/portal\/gdi\/la-transformacion-digital-en-las-empresas\/#article","isPartOf":{"@id":"https:\/\/fg.ull.es\/portal\/gdi\/la-transformacion-digital-en-las-empresas\/"},"author":{"name":"aascanio","@id":"https:\/\/fg.ull.es\/portal\/gdi\/#\/schema\/person\/1ad03d108c212b498a622f39176298aa"},"headline":"La transformaci\u00f3n digital en las empresas","datePublished":"2021-03-01T11:38:48+00:00","dateModified":"2021-03-01T11:40:33+00:00","mainEntityOfPage":{"@id":"https:\/\/fg.ull.es\/portal\/gdi\/la-transformacion-digital-en-las-empresas\/"},"wordCount":417,"publisher":{"@id":"https:\/\/fg.ull.es\/portal\/gdi\/#organization"},"inLanguage":"es"},{"@type":"WebPage","@id":"https:\/\/fg.ull.es\/portal\/gdi\/la-transformacion-digital-en-las-empresas\/","url":"https:\/\/fg.ull.es\/portal\/gdi\/la-transformacion-digital-en-las-empresas\/","name":"La transformaci\u00f3n digital en las empresas - Programa de Gestores de la Innovaci\u00f3n","isPartOf":{"@id":"https:\/\/fg.ull.es\/portal\/gdi\/#website"},"datePublished":"2021-03-01T11:38:48+00:00","dateModified":"2021-03-01T11:40:33+00:00","breadcrumb":{"@id":"https:\/\/fg.ull.es\/portal\/gdi\/la-transformacion-digital-en-las-empresas\/#breadcrumb"},"inLanguage":"es","potentialAction":[{"@type":"ReadAction","target":["https:\/\/fg.ull.es\/portal\/gdi\/la-transformacion-digital-en-las-empresas\/"]}]},{"@type":"BreadcrumbList","@id":"https:\/\/fg.ull.es\/portal\/gdi\/la-transformacion-digital-en-las-empresas\/#breadcrumb","itemListElement":[{"@type":"ListItem","position":1,"name":"Portada","item":"https:\/\/fg.ull.es\/portal\/gdi\/"},{"@type":"ListItem","position":2,"name":"La transformaci\u00f3n digital en las empresas"}]},{"@type":"WebSite","@id":"https:\/\/fg.ull.es\/portal\/gdi\/#website","url":"https:\/\/fg.ull.es\/portal\/gdi\/","name":"Programa de Gestores de la Innovaci\u00f3n","description":"","publisher":{"@id":"https:\/\/fg.ull.es\/portal\/gdi\/#organization"},"potentialAction":[{"@type":"SearchAction","target":{"@type":"EntryPoint","urlTemplate":"https:\/\/fg.ull.es\/portal\/gdi\/?s={search_term_string}"},"query-input":"required name=search_term_string"}],"inLanguage":"es"},{"@type":"Organization","@id":"https:\/\/fg.ull.es\/portal\/gdi\/#organization","name":"FUNDACI\u00d3N CANARIA GENERAL UNIVERSIDAD DE LA LAGUNA","url":"https:\/\/fg.ull.es\/portal\/gdi\/","logo":{"@type":"ImageObject","inLanguage":"es","@id":"https:\/\/fg.ull.es\/portal\/gdi\/#\/schema\/logo\/image\/","url":"https:\/\/fg.ull.es\/portal\/gdi\/wp-content\/uploads\/sites\/2\/2020\/04\/FAVICON.png","contentUrl":"https:\/\/fg.ull.es\/portal\/gdi\/wp-content\/uploads\/sites\/2\/2020\/04\/FAVICON.png","width":512,"height":512,"caption":"FUNDACI\u00d3N CANARIA GENERAL UNIVERSIDAD DE LA LAGUNA"},"image":{"@id":"https:\/\/fg.ull.es\/portal\/gdi\/#\/schema\/logo\/image\/"}},{"@type":"Person","@id":"https:\/\/fg.ull.es\/portal\/gdi\/#\/schema\/person\/1ad03d108c212b498a622f39176298aa","name":"aascanio","image":{"@type":"ImageObject","inLanguage":"es","@id":"https:\/\/fg.ull.es\/portal\/gdi\/#\/schema\/person\/image\/","url":"https:\/\/secure.gravatar.com\/avatar\/fb13c6d51e43015759a2b0b66dcd2734?s=96&d=mm&r=g","contentUrl":"https:\/\/secure.gravatar.com\/avatar\/fb13c6d51e43015759a2b0b66dcd2734?s=96&d=mm&r=g","caption":"aascanio"}}]}},"_links":{"self":[{"href":"https:\/\/fg.ull.es\/portal\/gdi\/wp-json\/wp\/v2\/posts\/5313"}],"collection":[{"href":"https:\/\/fg.ull.es\/portal\/gdi\/wp-json\/wp\/v2\/posts"}],"about":[{"href":"https:\/\/fg.ull.es\/portal\/gdi\/wp-json\/wp\/v2\/types\/post"}],"author":[{"embeddable":true,"href":"https:\/\/fg.ull.es\/portal\/gdi\/wp-json\/wp\/v2\/users\/12"}],"replies":[{"embeddable":true,"href":"https:\/\/fg.ull.es\/portal\/gdi\/wp-json\/wp\/v2\/comments?post=5313"}],"version-history":[{"count":2,"href":"https:\/\/fg.ull.es\/portal\/gdi\/wp-json\/wp\/v2\/posts\/5313\/revisions"}],"predecessor-version":[{"id":5319,"href":"https:\/\/fg.ull.es\/portal\/gdi\/wp-json\/wp\/v2\/posts\/5313\/revisions\/5319"}],"wp:featuredmedia":[{"embeddable":true,"href":"https:\/\/fg.ull.es\/portal\/gdi\/wp-json\/wp\/v2\/media\/5315"}],"wp:attachment":[{"href":"https:\/\/fg.ull.es\/portal\/gdi\/wp-json\/wp\/v2\/media?parent=5313"}],"wp:term":[{"taxonomy":"category","embeddable":true,"href":"https:\/\/fg.ull.es\/portal\/gdi\/wp-json\/wp\/v2\/categories?post=5313"},{"taxonomy":"post_tag","embeddable":true,"href":"https:\/\/fg.ull.es\/portal\/gdi\/wp-json\/wp\/v2\/tags?post=5313"}],"curies":[{"name":"wp","href":"https:\/\/api.w.org\/{rel}","templated":true}]}}