{"id":5292,"date":"2021-02-23T13:29:54","date_gmt":"2021-02-23T13:29:54","guid":{"rendered":"https:\/\/fg.ull.es\/portal\/gdi\/?p=5292"},"modified":"2021-02-23T13:33:48","modified_gmt":"2021-02-23T13:33:48","slug":"jornadas-sobre-consumo-digital-en-la-poblacion-universitaria-de-canarias","status":"publish","type":"post","link":"https:\/\/fg.ull.es\/portal\/gdi\/jornadas-sobre-consumo-digital-en-la-poblacion-universitaria-de-canarias\/","title":{"rendered":"Jornadas sobre Consumo Digital en la Poblaci\u00f3n Universitaria de Canarias"},"content":{"rendered":"\n<p>Este jueves 25 de febrero tendr\u00e1n lugar las Jornadas sobre Consumo Digital en la Poblaci\u00f3n Universitaria de Canarias, donde el Laboratorio de Innovaci\u00f3n Social dar\u00e1 a conocer los resultados del estudio de investigaci\u00f3n\u00a0 que se realiz\u00f3 en las dos universidades p\u00fablicas de Canarias (ULL Y ULPGC) sobre <em>\u00abConsumo Digital en la Juventud Universitaria de Canarias\u00bb<\/em>\u00a0el cual\u00a0est\u00e1 realizado por el Laboratorio de Innovaci\u00f3n Social de la Universidad de La Laguna y financiado por la Direcci\u00f3n General de Juventud del Gobierno de Canarias.\u00a0<\/p>\n\n\n\n<figure class=\"wp-block-image size-large\"><img decoding=\"async\" loading=\"lazy\" width=\"724\" height=\"1024\" src=\"https:\/\/fg.ull.es\/portal\/gdi\/wp-content\/uploads\/sites\/2\/2021\/02\/Programacion-jornadas-consumo-724x1024.jpg\" alt=\"\" class=\"wp-image-5293\" srcset=\"https:\/\/fg.ull.es\/portal\/gdi\/wp-content\/uploads\/sites\/2\/2021\/02\/Programacion-jornadas-consumo-724x1024.jpg 724w, https:\/\/fg.ull.es\/portal\/gdi\/wp-content\/uploads\/sites\/2\/2021\/02\/Programacion-jornadas-consumo-212x300.jpg 212w, https:\/\/fg.ull.es\/portal\/gdi\/wp-content\/uploads\/sites\/2\/2021\/02\/Programacion-jornadas-consumo-768x1086.jpg 768w, https:\/\/fg.ull.es\/portal\/gdi\/wp-content\/uploads\/sites\/2\/2021\/02\/Programacion-jornadas-consumo-1086x1536.jpg 1086w, https:\/\/fg.ull.es\/portal\/gdi\/wp-content\/uploads\/sites\/2\/2021\/02\/Programacion-jornadas-consumo-375x530.jpg 375w, https:\/\/fg.ull.es\/portal\/gdi\/wp-content\/uploads\/sites\/2\/2021\/02\/Programacion-jornadas-consumo-750x1061.jpg 750w, https:\/\/fg.ull.es\/portal\/gdi\/wp-content\/uploads\/sites\/2\/2021\/02\/Programacion-jornadas-consumo-1140x1612.jpg 1140w, https:\/\/fg.ull.es\/portal\/gdi\/wp-content\/uploads\/sites\/2\/2021\/02\/Programacion-jornadas-consumo.jpg 1190w\" sizes=\"(max-width: 724px) 100vw, 724px\" \/><\/figure>\n\n\n\n<p>Las jornadas se van a celebrar en horario de 9.30 a 12.30h en el aula Magna de la Facultad Ciencias &#8211; Secci\u00f3n de F\u00edsica y Matem\u00e1ticas.\u00a0Puedes participar en las jornadas de manera online o acudir de forma presencial. Inscr\u00edbete a trav\u00e9s del\u00a0siguiente enlace:\u00a0<a rel=\"noreferrer noopener\" href=\"https:\/\/www.google.com\/url?q=https:\/\/cutt.ly\/Vlg4aWI&amp;sa=D&amp;source=hangouts&amp;ust=1614084129831000&amp;usg=AFQjCNFlKYmByk7iNo0aRrklEhhWNUCcIg\" target=\"_blank\">https:\/\/cutt.ly\/Vlg4aWI<\/a><\/p>\n","protected":false},"excerpt":{"rendered":"<p>Este jueves 25 de febrero tendr\u00e1n lugar las Jornadas sobre Consumo Digital en la Poblaci\u00f3n Universitaria de Canarias, donde el Laboratorio de Innovaci\u00f3n Social dar\u00e1 a conocer los resultados del estudio de investigaci\u00f3n\u00a0 que se realiz\u00f3 en las dos universidades p\u00fablicas de Canarias (ULL Y ULPGC) sobre \u00abConsumo Digital en la Juventud Universitaria de Canarias\u00bb\u00a0el&#8230;<\/p>\n","protected":false},"author":12,"featured_media":5295,"comment_status":"closed","ping_status":"closed","sticky":false,"template":"","format":"standard","meta":{"footnotes":""},"categories":[1],"tags":[],"yoast_head":"<!-- This site is optimized with the Yoast SEO plugin v21.1 - https:\/\/yoast.com\/wordpress\/plugins\/seo\/ -->\n<title>Jornadas sobre Consumo Digital en la Poblaci\u00f3n Universitaria de Canarias - Programa de Gestores de la Innovaci\u00f3n<\/title>\n<meta name=\"robots\" content=\"index, follow, max-snippet:-1, max-image-preview:large, max-video-preview:-1\" \/>\n<link rel=\"canonical\" href=\"https:\/\/fg.ull.es\/portal\/gdi\/jornadas-sobre-consumo-digital-en-la-poblacion-universitaria-de-canarias\/\" \/>\n<meta property=\"og:locale\" content=\"es_ES\" \/>\n<meta property=\"og:type\" content=\"article\" \/>\n<meta property=\"og:title\" content=\"Jornadas sobre Consumo Digital en la Poblaci\u00f3n Universitaria de Canarias - Programa de Gestores de la Innovaci\u00f3n\" \/>\n<meta property=\"og:description\" content=\"Este jueves 25 de febrero tendr\u00e1n lugar las Jornadas sobre Consumo Digital en la Poblaci\u00f3n Universitaria de Canarias, donde el Laboratorio de Innovaci\u00f3n Social dar\u00e1 a conocer los resultados del estudio de investigaci\u00f3n\u00a0 que se realiz\u00f3 en las dos universidades p\u00fablicas de Canarias (ULL Y ULPGC) sobre \u00abConsumo Digital en la Juventud Universitaria de Canarias\u00bb\u00a0el...\" \/>\n<meta property=\"og:url\" content=\"https:\/\/fg.ull.es\/portal\/gdi\/jornadas-sobre-consumo-digital-en-la-poblacion-universitaria-de-canarias\/\" \/>\n<meta property=\"og:site_name\" content=\"Programa de Gestores de la Innovaci\u00f3n\" \/>\n<meta property=\"article:published_time\" content=\"2021-02-23T13:29:54+00:00\" \/>\n<meta property=\"article:modified_time\" content=\"2021-02-23T13:33:48+00:00\" \/>\n<meta property=\"og:image\" content=\"https:\/\/fg.ull.es\/portal\/gdi\/wp-content\/uploads\/sites\/2\/2021\/02\/unnamed.jpg\" \/>\n\t<meta property=\"og:image:width\" content=\"1201\" \/>\n\t<meta property=\"og:image:height\" content=\"628\" \/>\n\t<meta property=\"og:image:type\" content=\"image\/jpeg\" \/>\n<meta name=\"author\" content=\"aascanio\" \/>\n<meta name=\"twitter:card\" content=\"summary_large_image\" \/>\n<meta name=\"twitter:label1\" content=\"Written by\" \/>\n\t<meta name=\"twitter:data1\" content=\"aascanio\" \/>\n\t<meta name=\"twitter:label2\" content=\"Est. reading time\" \/>\n\t<meta name=\"twitter:data2\" content=\"1 minuto\" \/>\n<script type=\"application\/ld+json\" class=\"yoast-schema-graph\">{\"@context\":\"https:\/\/schema.org\",\"@graph\":[{\"@type\":\"Article\",\"@id\":\"https:\/\/fg.ull.es\/portal\/gdi\/jornadas-sobre-consumo-digital-en-la-poblacion-universitaria-de-canarias\/#article\",\"isPartOf\":{\"@id\":\"https:\/\/fg.ull.es\/portal\/gdi\/jornadas-sobre-consumo-digital-en-la-poblacion-universitaria-de-canarias\/\"},\"author\":{\"name\":\"aascanio\",\"@id\":\"https:\/\/fg.ull.es\/portal\/gdi\/#\/schema\/person\/1ad03d108c212b498a622f39176298aa\"},\"headline\":\"Jornadas sobre Consumo Digital en la Poblaci\u00f3n Universitaria de Canarias\",\"datePublished\":\"2021-02-23T13:29:54+00:00\",\"dateModified\":\"2021-02-23T13:33:48+00:00\",\"mainEntityOfPage\":{\"@id\":\"https:\/\/fg.ull.es\/portal\/gdi\/jornadas-sobre-consumo-digital-en-la-poblacion-universitaria-de-canarias\/\"},\"wordCount\":154,\"publisher\":{\"@id\":\"https:\/\/fg.ull.es\/portal\/gdi\/#organization\"},\"inLanguage\":\"es\"},{\"@type\":\"WebPage\",\"@id\":\"https:\/\/fg.ull.es\/portal\/gdi\/jornadas-sobre-consumo-digital-en-la-poblacion-universitaria-de-canarias\/\",\"url\":\"https:\/\/fg.ull.es\/portal\/gdi\/jornadas-sobre-consumo-digital-en-la-poblacion-universitaria-de-canarias\/\",\"name\":\"Jornadas sobre Consumo Digital en la Poblaci\u00f3n Universitaria de Canarias - Programa de Gestores de la Innovaci\u00f3n\",\"isPartOf\":{\"@id\":\"https:\/\/fg.ull.es\/portal\/gdi\/#website\"},\"datePublished\":\"2021-02-23T13:29:54+00:00\",\"dateModified\":\"2021-02-23T13:33:48+00:00\",\"breadcrumb\":{\"@id\":\"https:\/\/fg.ull.es\/portal\/gdi\/jornadas-sobre-consumo-digital-en-la-poblacion-universitaria-de-canarias\/#breadcrumb\"},\"inLanguage\":\"es\",\"potentialAction\":[{\"@type\":\"ReadAction\",\"target\":[\"https:\/\/fg.ull.es\/portal\/gdi\/jornadas-sobre-consumo-digital-en-la-poblacion-universitaria-de-canarias\/\"]}]},{\"@type\":\"BreadcrumbList\",\"@id\":\"https:\/\/fg.ull.es\/portal\/gdi\/jornadas-sobre-consumo-digital-en-la-poblacion-universitaria-de-canarias\/#breadcrumb\",\"itemListElement\":[{\"@type\":\"ListItem\",\"position\":1,\"name\":\"Portada\",\"item\":\"https:\/\/fg.ull.es\/portal\/gdi\/\"},{\"@type\":\"ListItem\",\"position\":2,\"name\":\"Jornadas sobre Consumo Digital en la Poblaci\u00f3n Universitaria de Canarias\"}]},{\"@type\":\"WebSite\",\"@id\":\"https:\/\/fg.ull.es\/portal\/gdi\/#website\",\"url\":\"https:\/\/fg.ull.es\/portal\/gdi\/\",\"name\":\"Programa de Gestores de la Innovaci\u00f3n\",\"description\":\"\",\"publisher\":{\"@id\":\"https:\/\/fg.ull.es\/portal\/gdi\/#organization\"},\"potentialAction\":[{\"@type\":\"SearchAction\",\"target\":{\"@type\":\"EntryPoint\",\"urlTemplate\":\"https:\/\/fg.ull.es\/portal\/gdi\/?s={search_term_string}\"},\"query-input\":\"required name=search_term_string\"}],\"inLanguage\":\"es\"},{\"@type\":\"Organization\",\"@id\":\"https:\/\/fg.ull.es\/portal\/gdi\/#organization\",\"name\":\"FUNDACI\u00d3N CANARIA GENERAL UNIVERSIDAD DE LA LAGUNA\",\"url\":\"https:\/\/fg.ull.es\/portal\/gdi\/\",\"logo\":{\"@type\":\"ImageObject\",\"inLanguage\":\"es\",\"@id\":\"https:\/\/fg.ull.es\/portal\/gdi\/#\/schema\/logo\/image\/\",\"url\":\"https:\/\/fg.ull.es\/portal\/gdi\/wp-content\/uploads\/sites\/2\/2020\/04\/FAVICON.png\",\"contentUrl\":\"https:\/\/fg.ull.es\/portal\/gdi\/wp-content\/uploads\/sites\/2\/2020\/04\/FAVICON.png\",\"width\":512,\"height\":512,\"caption\":\"FUNDACI\u00d3N CANARIA GENERAL UNIVERSIDAD DE LA LAGUNA\"},\"image\":{\"@id\":\"https:\/\/fg.ull.es\/portal\/gdi\/#\/schema\/logo\/image\/\"}},{\"@type\":\"Person\",\"@id\":\"https:\/\/fg.ull.es\/portal\/gdi\/#\/schema\/person\/1ad03d108c212b498a622f39176298aa\",\"name\":\"aascanio\",\"image\":{\"@type\":\"ImageObject\",\"inLanguage\":\"es\",\"@id\":\"https:\/\/fg.ull.es\/portal\/gdi\/#\/schema\/person\/image\/\",\"url\":\"https:\/\/secure.gravatar.com\/avatar\/fb13c6d51e43015759a2b0b66dcd2734?s=96&d=mm&r=g\",\"contentUrl\":\"https:\/\/secure.gravatar.com\/avatar\/fb13c6d51e43015759a2b0b66dcd2734?s=96&d=mm&r=g\",\"caption\":\"aascanio\"}}]}<\/script>\n<!-- \/ Yoast SEO plugin. -->","yoast_head_json":{"title":"Jornadas sobre Consumo Digital en la Poblaci\u00f3n Universitaria de Canarias - Programa de Gestores de la Innovaci\u00f3n","robots":{"index":"index","follow":"follow","max-snippet":"max-snippet:-1","max-image-preview":"max-image-preview:large","max-video-preview":"max-video-preview:-1"},"canonical":"https:\/\/fg.ull.es\/portal\/gdi\/jornadas-sobre-consumo-digital-en-la-poblacion-universitaria-de-canarias\/","og_locale":"es_ES","og_type":"article","og_title":"Jornadas sobre Consumo Digital en la Poblaci\u00f3n Universitaria de Canarias - Programa de Gestores de la Innovaci\u00f3n","og_description":"Este jueves 25 de febrero tendr\u00e1n lugar las Jornadas sobre Consumo Digital en la Poblaci\u00f3n Universitaria de Canarias, donde el Laboratorio de Innovaci\u00f3n Social dar\u00e1 a conocer los resultados del estudio de investigaci\u00f3n\u00a0 que se realiz\u00f3 en las dos universidades p\u00fablicas de Canarias (ULL Y ULPGC) sobre \u00abConsumo Digital en la Juventud Universitaria de Canarias\u00bb\u00a0el...","og_url":"https:\/\/fg.ull.es\/portal\/gdi\/jornadas-sobre-consumo-digital-en-la-poblacion-universitaria-de-canarias\/","og_site_name":"Programa de Gestores de la Innovaci\u00f3n","article_published_time":"2021-02-23T13:29:54+00:00","article_modified_time":"2021-02-23T13:33:48+00:00","og_image":[{"width":1201,"height":628,"url":"https:\/\/fg.ull.es\/portal\/gdi\/wp-content\/uploads\/sites\/2\/2021\/02\/unnamed.jpg","type":"image\/jpeg"}],"author":"aascanio","twitter_card":"summary_large_image","twitter_misc":{"Written by":"aascanio","Est. reading time":"1 minuto"},"schema":{"@context":"https:\/\/schema.org","@graph":[{"@type":"Article","@id":"https:\/\/fg.ull.es\/portal\/gdi\/jornadas-sobre-consumo-digital-en-la-poblacion-universitaria-de-canarias\/#article","isPartOf":{"@id":"https:\/\/fg.ull.es\/portal\/gdi\/jornadas-sobre-consumo-digital-en-la-poblacion-universitaria-de-canarias\/"},"author":{"name":"aascanio","@id":"https:\/\/fg.ull.es\/portal\/gdi\/#\/schema\/person\/1ad03d108c212b498a622f39176298aa"},"headline":"Jornadas sobre Consumo Digital en la Poblaci\u00f3n Universitaria de Canarias","datePublished":"2021-02-23T13:29:54+00:00","dateModified":"2021-02-23T13:33:48+00:00","mainEntityOfPage":{"@id":"https:\/\/fg.ull.es\/portal\/gdi\/jornadas-sobre-consumo-digital-en-la-poblacion-universitaria-de-canarias\/"},"wordCount":154,"publisher":{"@id":"https:\/\/fg.ull.es\/portal\/gdi\/#organization"},"inLanguage":"es"},{"@type":"WebPage","@id":"https:\/\/fg.ull.es\/portal\/gdi\/jornadas-sobre-consumo-digital-en-la-poblacion-universitaria-de-canarias\/","url":"https:\/\/fg.ull.es\/portal\/gdi\/jornadas-sobre-consumo-digital-en-la-poblacion-universitaria-de-canarias\/","name":"Jornadas sobre Consumo Digital en la Poblaci\u00f3n Universitaria de Canarias - Programa de Gestores de la Innovaci\u00f3n","isPartOf":{"@id":"https:\/\/fg.ull.es\/portal\/gdi\/#website"},"datePublished":"2021-02-23T13:29:54+00:00","dateModified":"2021-02-23T13:33:48+00:00","breadcrumb":{"@id":"https:\/\/fg.ull.es\/portal\/gdi\/jornadas-sobre-consumo-digital-en-la-poblacion-universitaria-de-canarias\/#breadcrumb"},"inLanguage":"es","potentialAction":[{"@type":"ReadAction","target":["https:\/\/fg.ull.es\/portal\/gdi\/jornadas-sobre-consumo-digital-en-la-poblacion-universitaria-de-canarias\/"]}]},{"@type":"BreadcrumbList","@id":"https:\/\/fg.ull.es\/portal\/gdi\/jornadas-sobre-consumo-digital-en-la-poblacion-universitaria-de-canarias\/#breadcrumb","itemListElement":[{"@type":"ListItem","position":1,"name":"Portada","item":"https:\/\/fg.ull.es\/portal\/gdi\/"},{"@type":"ListItem","position":2,"name":"Jornadas sobre Consumo Digital en la Poblaci\u00f3n Universitaria de Canarias"}]},{"@type":"WebSite","@id":"https:\/\/fg.ull.es\/portal\/gdi\/#website","url":"https:\/\/fg.ull.es\/portal\/gdi\/","name":"Programa de Gestores de la Innovaci\u00f3n","description":"","publisher":{"@id":"https:\/\/fg.ull.es\/portal\/gdi\/#organization"},"potentialAction":[{"@type":"SearchAction","target":{"@type":"EntryPoint","urlTemplate":"https:\/\/fg.ull.es\/portal\/gdi\/?s={search_term_string}"},"query-input":"required name=search_term_string"}],"inLanguage":"es"},{"@type":"Organization","@id":"https:\/\/fg.ull.es\/portal\/gdi\/#organization","name":"FUNDACI\u00d3N CANARIA GENERAL UNIVERSIDAD DE LA LAGUNA","url":"https:\/\/fg.ull.es\/portal\/gdi\/","logo":{"@type":"ImageObject","inLanguage":"es","@id":"https:\/\/fg.ull.es\/portal\/gdi\/#\/schema\/logo\/image\/","url":"https:\/\/fg.ull.es\/portal\/gdi\/wp-content\/uploads\/sites\/2\/2020\/04\/FAVICON.png","contentUrl":"https:\/\/fg.ull.es\/portal\/gdi\/wp-content\/uploads\/sites\/2\/2020\/04\/FAVICON.png","width":512,"height":512,"caption":"FUNDACI\u00d3N CANARIA GENERAL UNIVERSIDAD DE LA LAGUNA"},"image":{"@id":"https:\/\/fg.ull.es\/portal\/gdi\/#\/schema\/logo\/image\/"}},{"@type":"Person","@id":"https:\/\/fg.ull.es\/portal\/gdi\/#\/schema\/person\/1ad03d108c212b498a622f39176298aa","name":"aascanio","image":{"@type":"ImageObject","inLanguage":"es","@id":"https:\/\/fg.ull.es\/portal\/gdi\/#\/schema\/person\/image\/","url":"https:\/\/secure.gravatar.com\/avatar\/fb13c6d51e43015759a2b0b66dcd2734?s=96&d=mm&r=g","contentUrl":"https:\/\/secure.gravatar.com\/avatar\/fb13c6d51e43015759a2b0b66dcd2734?s=96&d=mm&r=g","caption":"aascanio"}}]}},"_links":{"self":[{"href":"https:\/\/fg.ull.es\/portal\/gdi\/wp-json\/wp\/v2\/posts\/5292"}],"collection":[{"href":"https:\/\/fg.ull.es\/portal\/gdi\/wp-json\/wp\/v2\/posts"}],"about":[{"href":"https:\/\/fg.ull.es\/portal\/gdi\/wp-json\/wp\/v2\/types\/post"}],"author":[{"embeddable":true,"href":"https:\/\/fg.ull.es\/portal\/gdi\/wp-json\/wp\/v2\/users\/12"}],"replies":[{"embeddable":true,"href":"https:\/\/fg.ull.es\/portal\/gdi\/wp-json\/wp\/v2\/comments?post=5292"}],"version-history":[{"count":1,"href":"https:\/\/fg.ull.es\/portal\/gdi\/wp-json\/wp\/v2\/posts\/5292\/revisions"}],"predecessor-version":[{"id":5294,"href":"https:\/\/fg.ull.es\/portal\/gdi\/wp-json\/wp\/v2\/posts\/5292\/revisions\/5294"}],"wp:featuredmedia":[{"embeddable":true,"href":"https:\/\/fg.ull.es\/portal\/gdi\/wp-json\/wp\/v2\/media\/5295"}],"wp:attachment":[{"href":"https:\/\/fg.ull.es\/portal\/gdi\/wp-json\/wp\/v2\/media?parent=5292"}],"wp:term":[{"taxonomy":"category","embeddable":true,"href":"https:\/\/fg.ull.es\/portal\/gdi\/wp-json\/wp\/v2\/categories?post=5292"},{"taxonomy":"post_tag","embeddable":true,"href":"https:\/\/fg.ull.es\/portal\/gdi\/wp-json\/wp\/v2\/tags?post=5292"}],"curies":[{"name":"wp","href":"https:\/\/api.w.org\/{rel}","templated":true}]}}