{"id":5288,"date":"2021-02-23T13:40:54","date_gmt":"2021-02-23T13:40:54","guid":{"rendered":"https:\/\/fg.ull.es\/portal\/gdi\/?p=5288"},"modified":"2021-03-01T11:39:32","modified_gmt":"2021-03-01T11:39:32","slug":"cafe-virtual-con-gdi-que-hay-de-nuevo-un-evento-online-del-programa-gestion-de-la-innovacion","status":"publish","type":"post","link":"https:\/\/fg.ull.es\/portal\/gdi\/cafe-virtual-con-gdi-que-hay-de-nuevo-un-evento-online-del-programa-gestion-de-la-innovacion\/","title":{"rendered":"Caf\u00e9 virtual con GDI &#8211; \u00bfQu\u00e9 hay de nuevo?, un evento online del Programa Gesti\u00f3n de la Innovaci\u00f3n"},"content":{"rendered":"\n<ul><li><strong>Este encuentro virtual a trav\u00e9s del canal de Youtube de la FGULL tuvo lugar el lunes 22 de febrero a las 12:00 horas para presentar un balance de la actual edici\u00f3n de Gesti\u00f3n de la Innovaci\u00f3n<\/strong><\/li><\/ul>\n\n\n\n<p>Este lunes 22 de febrero a las 12:00 horas, ha tenido lugar el \u2018Caf\u00e9 virtual con GDI- \u00bfQu\u00e9 hay de nuevo?, un evento en <em>streaming<\/em> a trav\u00e9s del canal de Youtube de la Fundaci\u00f3n General de la Universidad de La Laguna organizado por el Programa Gesti\u00f3n de la Innovaci\u00f3n. Durante la sesi\u00f3n se mostr\u00f3 el balance del programa que comenz\u00f3 en septiembre de 2020. Adem\u00e1s, se present\u00f3 la nueva formaci\u00f3n nivel 0 de Transformaci\u00f3n Digital y se conocieron los testimonios de alumnado y empresas beneficiarias de este programa.&nbsp;<\/p>\n\n\n\n<p>En este encuentro intervinieron Rosa Aguilar, rectora de la Universidad de La Laguna; Carlos Navarro, Director de la Agencia Canaria de Investigaci\u00f3n, Innovaci\u00f3n y Sociedad de la Informaci\u00f3n (ACIISI); el Vicerrector de la Agencia Digital, Modernizaci\u00f3n y Campus Central, Jorge Riera; el Vicerrector de Investigaci\u00f3n, Transferencia y Campus Santa Cruz y Sur, Ernesto Pereda; y Laura Castillo, docente de los cursos de Nivel 0. Asimismo, se mostraron los testimonios de algunas empresas, grupos de investigaci\u00f3n y alumnado que ha participado en este programa.<\/p>\n\n\n\n<p>Gesti\u00f3n de la Innovaci\u00f3n 2020 cuenta con formaciones gratuitas de Transferencia y Valorizaci\u00f3n, Innovaci\u00f3n, Transformaci\u00f3n Digital y Expertos. El programa cuenta hasta el momento con cinco ediciones y, en este 2020 todos los cursos se han realizado 100% online. Esto ha supuesto una nueva oportunidad para hacer llegar el programa formativo a toda Canarias.<\/p>\n\n\n\n<figure class=\"wp-block-image size-large\"><img decoding=\"async\" loading=\"lazy\" width=\"1024\" height=\"683\" src=\"https:\/\/fg.ull.es\/portal\/gdi\/wp-content\/uploads\/sites\/2\/2021\/02\/IMG_1412-1024x683.jpg\" alt=\"\" class=\"wp-image-5289\" srcset=\"https:\/\/fg.ull.es\/portal\/gdi\/wp-content\/uploads\/sites\/2\/2021\/02\/IMG_1412-1024x683.jpg 1024w, https:\/\/fg.ull.es\/portal\/gdi\/wp-content\/uploads\/sites\/2\/2021\/02\/IMG_1412-300x200.jpg 300w, https:\/\/fg.ull.es\/portal\/gdi\/wp-content\/uploads\/sites\/2\/2021\/02\/IMG_1412-768x512.jpg 768w, https:\/\/fg.ull.es\/portal\/gdi\/wp-content\/uploads\/sites\/2\/2021\/02\/IMG_1412-1536x1024.jpg 1536w, https:\/\/fg.ull.es\/portal\/gdi\/wp-content\/uploads\/sites\/2\/2021\/02\/IMG_1412-375x250.jpg 375w, https:\/\/fg.ull.es\/portal\/gdi\/wp-content\/uploads\/sites\/2\/2021\/02\/IMG_1412-750x500.jpg 750w, https:\/\/fg.ull.es\/portal\/gdi\/wp-content\/uploads\/sites\/2\/2021\/02\/IMG_1412-1140x760.jpg 1140w, https:\/\/fg.ull.es\/portal\/gdi\/wp-content\/uploads\/sites\/2\/2021\/02\/IMG_1412.jpg 2048w\" sizes=\"(max-width: 1024px) 100vw, 1024px\" \/><figcaption> <\/figcaption><\/figure>\n\n\n\n<p>Son varias las empresas que cuentan o han contado con personas que se han formado a trav\u00e9s de este programa como consultores y consultoras. Guillermo P\u00e9rez, el CEO de Flow the App, coment\u00f3 que les cost\u00f3 conseguir a alguien formado en el Programa de Gesti\u00f3n de la Innovaci\u00f3n por la alta demanda de este perfil. Asimismo, tambi\u00e9n se cont\u00f3 con el testimonio de Jos\u00e9 Antonio P\u00e9rez, miembro del grupo de investigaci\u00f3n NUTRALIPIDS de la ULL que explic\u00f3&nbsp; la necesidad de tener a alguien para \u201ctransferir el conocimiento y sus resultados de investigaci\u00f3n a la sociedad\u201d.<\/p>\n\n\n\n<p>Como novedad en sus formaciones, se estrenar\u00e1 pr\u00f3ximamente el nuevo nivel 0 en Transformaci\u00f3n Digital, dirigido a mejorar las competencias digitales de uso diario de la comunidad universitaria. Laura Castillo, docente de esta nueva formaci\u00f3n especific\u00f3 que el objetivo es \u201cimpulsar ciudadanos competentes en el entorno digital\u201d. Asimismo, de esta formaci\u00f3n, que est\u00e1 dividida en dos cursos, mencion\u00f3 que su finalidad es que los estudiantes \u201cpuedan interactuar con otros usuarios, siendo capaces de identificar cu\u00e1les son las amenazas de la red y aprovechar todas sus ventajas\u201d.<\/p>\n\n\n\n<p>En esta quinta edici\u00f3n del Programa Gesti\u00f3n de la Innovaci\u00f3n se han formado m\u00e1s de 300 personas y para finales de este a\u00f1o se prev\u00e9 conseguir m\u00e1s de 400 personas \u00fanicas formadas. Asimismo, se han logrado 600 acreditaciones entre las diferentes formaciones y niveles, y 25 personas tienen una plaza para su formaci\u00f3n pr\u00e1ctica en empresas, grupos y centros de investigaci\u00f3n tras haber superado los 3 niveles de una de las ramas formativas.&nbsp;<\/p>\n\n\n\n<p>Este programa es un proyecto de la Agencia Canaria de Investigaci\u00f3n, Innovaci\u00f3n y Sociedad de la Informaci\u00f3n del Gobierno de Canarias, cofinanciado en un 85% por el Fondo Social Europeo (FSE) en los t\u00e9rminos establecidos en el Programa Operativo de Canarias 2014-2020, en el Eje prioritario 1, Objetivo tem\u00e1tico 8, Prioridad de inversi\u00f3n, 8.1, Objetivo espec\u00edfico 8.1.2.<\/p>\n\n\n\n<p>Las personas interesadas en este proyecto pueden ponerse en contacto con el Programa GDI a trav\u00e9s del correo electr\u00f3nico <a>gdi@fg.ull.es<\/a> o rellenar nuestro <a href=\"https:\/\/fg.ull.es\/portal\/gdi\/contacto\/\">formulario de contacto.<\/a><\/p>\n","protected":false},"excerpt":{"rendered":"<p>Este encuentro virtual a trav\u00e9s del canal de Youtube de la FGULL tuvo lugar el lunes 22 de febrero a las 12:00 horas para presentar un balance de la actual edici\u00f3n de Gesti\u00f3n de la Innovaci\u00f3n Este lunes 22 de febrero a las 12:00 horas, ha tenido lugar el \u2018Caf\u00e9 virtual con GDI- \u00bfQu\u00e9 hay&#8230;<\/p>\n","protected":false},"author":12,"featured_media":5290,"comment_status":"closed","ping_status":"closed","sticky":false,"template":"","format":"standard","meta":{"footnotes":""},"categories":[1],"tags":[],"yoast_head":"<!-- This site is optimized with the Yoast SEO plugin v21.1 - https:\/\/yoast.com\/wordpress\/plugins\/seo\/ -->\n<title>Caf\u00e9 virtual con GDI - \u00bfQu\u00e9 hay de nuevo?, un evento online del Programa Gesti\u00f3n de la Innovaci\u00f3n - Programa de Gestores de la Innovaci\u00f3n<\/title>\n<meta name=\"robots\" content=\"index, follow, max-snippet:-1, max-image-preview:large, max-video-preview:-1\" \/>\n<link rel=\"canonical\" href=\"https:\/\/fg.ull.es\/portal\/gdi\/cafe-virtual-con-gdi-que-hay-de-nuevo-un-evento-online-del-programa-gestion-de-la-innovacion\/\" \/>\n<meta property=\"og:locale\" content=\"es_ES\" \/>\n<meta property=\"og:type\" content=\"article\" \/>\n<meta property=\"og:title\" content=\"Caf\u00e9 virtual con GDI - \u00bfQu\u00e9 hay de nuevo?, un evento online del Programa Gesti\u00f3n de la Innovaci\u00f3n - Programa de Gestores de la Innovaci\u00f3n\" \/>\n<meta property=\"og:description\" content=\"Este encuentro virtual a trav\u00e9s del canal de Youtube de la FGULL tuvo lugar el lunes 22 de febrero a las 12:00 horas para presentar un balance de la actual edici\u00f3n de Gesti\u00f3n de la Innovaci\u00f3n Este lunes 22 de febrero a las 12:00 horas, ha tenido lugar el \u2018Caf\u00e9 virtual con GDI- \u00bfQu\u00e9 hay...\" \/>\n<meta property=\"og:url\" content=\"https:\/\/fg.ull.es\/portal\/gdi\/cafe-virtual-con-gdi-que-hay-de-nuevo-un-evento-online-del-programa-gestion-de-la-innovacion\/\" \/>\n<meta property=\"og:site_name\" content=\"Programa de Gestores de la Innovaci\u00f3n\" \/>\n<meta property=\"article:published_time\" content=\"2021-02-23T13:40:54+00:00\" \/>\n<meta property=\"article:modified_time\" content=\"2021-03-01T11:39:32+00:00\" \/>\n<meta property=\"og:image\" content=\"https:\/\/fg.ull.es\/portal\/gdi\/wp-content\/uploads\/sites\/2\/2021\/02\/IMG_0334.jpg\" \/>\n\t<meta property=\"og:image:width\" content=\"2048\" \/>\n\t<meta property=\"og:image:height\" content=\"1536\" \/>\n\t<meta property=\"og:image:type\" content=\"image\/jpeg\" \/>\n<meta name=\"author\" content=\"aascanio\" \/>\n<meta name=\"twitter:card\" content=\"summary_large_image\" \/>\n<meta name=\"twitter:label1\" content=\"Written by\" \/>\n\t<meta name=\"twitter:data1\" content=\"aascanio\" \/>\n\t<meta name=\"twitter:label2\" content=\"Est. reading time\" \/>\n\t<meta name=\"twitter:data2\" content=\"3 minutos\" \/>\n<script type=\"application\/ld+json\" class=\"yoast-schema-graph\">{\"@context\":\"https:\/\/schema.org\",\"@graph\":[{\"@type\":\"Article\",\"@id\":\"https:\/\/fg.ull.es\/portal\/gdi\/cafe-virtual-con-gdi-que-hay-de-nuevo-un-evento-online-del-programa-gestion-de-la-innovacion\/#article\",\"isPartOf\":{\"@id\":\"https:\/\/fg.ull.es\/portal\/gdi\/cafe-virtual-con-gdi-que-hay-de-nuevo-un-evento-online-del-programa-gestion-de-la-innovacion\/\"},\"author\":{\"name\":\"aascanio\",\"@id\":\"https:\/\/fg.ull.es\/portal\/gdi\/#\/schema\/person\/1ad03d108c212b498a622f39176298aa\"},\"headline\":\"Caf\u00e9 virtual con GDI &#8211; \u00bfQu\u00e9 hay de nuevo?, un evento online del Programa Gesti\u00f3n de la Innovaci\u00f3n\",\"datePublished\":\"2021-02-23T13:40:54+00:00\",\"dateModified\":\"2021-03-01T11:39:32+00:00\",\"mainEntityOfPage\":{\"@id\":\"https:\/\/fg.ull.es\/portal\/gdi\/cafe-virtual-con-gdi-que-hay-de-nuevo-un-evento-online-del-programa-gestion-de-la-innovacion\/\"},\"wordCount\":657,\"publisher\":{\"@id\":\"https:\/\/fg.ull.es\/portal\/gdi\/#organization\"},\"inLanguage\":\"es\"},{\"@type\":\"WebPage\",\"@id\":\"https:\/\/fg.ull.es\/portal\/gdi\/cafe-virtual-con-gdi-que-hay-de-nuevo-un-evento-online-del-programa-gestion-de-la-innovacion\/\",\"url\":\"https:\/\/fg.ull.es\/portal\/gdi\/cafe-virtual-con-gdi-que-hay-de-nuevo-un-evento-online-del-programa-gestion-de-la-innovacion\/\",\"name\":\"Caf\u00e9 virtual con GDI - \u00bfQu\u00e9 hay de nuevo?, un evento online del Programa Gesti\u00f3n de la Innovaci\u00f3n - Programa de Gestores de la Innovaci\u00f3n\",\"isPartOf\":{\"@id\":\"https:\/\/fg.ull.es\/portal\/gdi\/#website\"},\"datePublished\":\"2021-02-23T13:40:54+00:00\",\"dateModified\":\"2021-03-01T11:39:32+00:00\",\"breadcrumb\":{\"@id\":\"https:\/\/fg.ull.es\/portal\/gdi\/cafe-virtual-con-gdi-que-hay-de-nuevo-un-evento-online-del-programa-gestion-de-la-innovacion\/#breadcrumb\"},\"inLanguage\":\"es\",\"potentialAction\":[{\"@type\":\"ReadAction\",\"target\":[\"https:\/\/fg.ull.es\/portal\/gdi\/cafe-virtual-con-gdi-que-hay-de-nuevo-un-evento-online-del-programa-gestion-de-la-innovacion\/\"]}]},{\"@type\":\"BreadcrumbList\",\"@id\":\"https:\/\/fg.ull.es\/portal\/gdi\/cafe-virtual-con-gdi-que-hay-de-nuevo-un-evento-online-del-programa-gestion-de-la-innovacion\/#breadcrumb\",\"itemListElement\":[{\"@type\":\"ListItem\",\"position\":1,\"name\":\"Portada\",\"item\":\"https:\/\/fg.ull.es\/portal\/gdi\/\"},{\"@type\":\"ListItem\",\"position\":2,\"name\":\"Caf\u00e9 virtual con GDI &#8211; \u00bfQu\u00e9 hay de nuevo?, un evento online del Programa Gesti\u00f3n de la Innovaci\u00f3n\"}]},{\"@type\":\"WebSite\",\"@id\":\"https:\/\/fg.ull.es\/portal\/gdi\/#website\",\"url\":\"https:\/\/fg.ull.es\/portal\/gdi\/\",\"name\":\"Programa de Gestores de la Innovaci\u00f3n\",\"description\":\"\",\"publisher\":{\"@id\":\"https:\/\/fg.ull.es\/portal\/gdi\/#organization\"},\"potentialAction\":[{\"@type\":\"SearchAction\",\"target\":{\"@type\":\"EntryPoint\",\"urlTemplate\":\"https:\/\/fg.ull.es\/portal\/gdi\/?s={search_term_string}\"},\"query-input\":\"required name=search_term_string\"}],\"inLanguage\":\"es\"},{\"@type\":\"Organization\",\"@id\":\"https:\/\/fg.ull.es\/portal\/gdi\/#organization\",\"name\":\"FUNDACI\u00d3N CANARIA GENERAL UNIVERSIDAD DE LA LAGUNA\",\"url\":\"https:\/\/fg.ull.es\/portal\/gdi\/\",\"logo\":{\"@type\":\"ImageObject\",\"inLanguage\":\"es\",\"@id\":\"https:\/\/fg.ull.es\/portal\/gdi\/#\/schema\/logo\/image\/\",\"url\":\"https:\/\/fg.ull.es\/portal\/gdi\/wp-content\/uploads\/sites\/2\/2020\/04\/FAVICON.png\",\"contentUrl\":\"https:\/\/fg.ull.es\/portal\/gdi\/wp-content\/uploads\/sites\/2\/2020\/04\/FAVICON.png\",\"width\":512,\"height\":512,\"caption\":\"FUNDACI\u00d3N CANARIA GENERAL UNIVERSIDAD DE LA LAGUNA\"},\"image\":{\"@id\":\"https:\/\/fg.ull.es\/portal\/gdi\/#\/schema\/logo\/image\/\"}},{\"@type\":\"Person\",\"@id\":\"https:\/\/fg.ull.es\/portal\/gdi\/#\/schema\/person\/1ad03d108c212b498a622f39176298aa\",\"name\":\"aascanio\",\"image\":{\"@type\":\"ImageObject\",\"inLanguage\":\"es\",\"@id\":\"https:\/\/fg.ull.es\/portal\/gdi\/#\/schema\/person\/image\/\",\"url\":\"https:\/\/secure.gravatar.com\/avatar\/fb13c6d51e43015759a2b0b66dcd2734?s=96&d=mm&r=g\",\"contentUrl\":\"https:\/\/secure.gravatar.com\/avatar\/fb13c6d51e43015759a2b0b66dcd2734?s=96&d=mm&r=g\",\"caption\":\"aascanio\"}}]}<\/script>\n<!-- \/ Yoast SEO plugin. -->","yoast_head_json":{"title":"Caf\u00e9 virtual con GDI - \u00bfQu\u00e9 hay de nuevo?, un evento online del Programa Gesti\u00f3n de la Innovaci\u00f3n - Programa de Gestores de la Innovaci\u00f3n","robots":{"index":"index","follow":"follow","max-snippet":"max-snippet:-1","max-image-preview":"max-image-preview:large","max-video-preview":"max-video-preview:-1"},"canonical":"https:\/\/fg.ull.es\/portal\/gdi\/cafe-virtual-con-gdi-que-hay-de-nuevo-un-evento-online-del-programa-gestion-de-la-innovacion\/","og_locale":"es_ES","og_type":"article","og_title":"Caf\u00e9 virtual con GDI - \u00bfQu\u00e9 hay de nuevo?, un evento online del Programa Gesti\u00f3n de la Innovaci\u00f3n - Programa de Gestores de la Innovaci\u00f3n","og_description":"Este encuentro virtual a trav\u00e9s del canal de Youtube de la FGULL tuvo lugar el lunes 22 de febrero a las 12:00 horas para presentar un balance de la actual edici\u00f3n de Gesti\u00f3n de la Innovaci\u00f3n Este lunes 22 de febrero a las 12:00 horas, ha tenido lugar el \u2018Caf\u00e9 virtual con GDI- \u00bfQu\u00e9 hay...","og_url":"https:\/\/fg.ull.es\/portal\/gdi\/cafe-virtual-con-gdi-que-hay-de-nuevo-un-evento-online-del-programa-gestion-de-la-innovacion\/","og_site_name":"Programa de Gestores de la Innovaci\u00f3n","article_published_time":"2021-02-23T13:40:54+00:00","article_modified_time":"2021-03-01T11:39:32+00:00","og_image":[{"width":2048,"height":1536,"url":"https:\/\/fg.ull.es\/portal\/gdi\/wp-content\/uploads\/sites\/2\/2021\/02\/IMG_0334.jpg","type":"image\/jpeg"}],"author":"aascanio","twitter_card":"summary_large_image","twitter_misc":{"Written by":"aascanio","Est. reading time":"3 minutos"},"schema":{"@context":"https:\/\/schema.org","@graph":[{"@type":"Article","@id":"https:\/\/fg.ull.es\/portal\/gdi\/cafe-virtual-con-gdi-que-hay-de-nuevo-un-evento-online-del-programa-gestion-de-la-innovacion\/#article","isPartOf":{"@id":"https:\/\/fg.ull.es\/portal\/gdi\/cafe-virtual-con-gdi-que-hay-de-nuevo-un-evento-online-del-programa-gestion-de-la-innovacion\/"},"author":{"name":"aascanio","@id":"https:\/\/fg.ull.es\/portal\/gdi\/#\/schema\/person\/1ad03d108c212b498a622f39176298aa"},"headline":"Caf\u00e9 virtual con GDI &#8211; \u00bfQu\u00e9 hay de nuevo?, un evento online del Programa Gesti\u00f3n de la Innovaci\u00f3n","datePublished":"2021-02-23T13:40:54+00:00","dateModified":"2021-03-01T11:39:32+00:00","mainEntityOfPage":{"@id":"https:\/\/fg.ull.es\/portal\/gdi\/cafe-virtual-con-gdi-que-hay-de-nuevo-un-evento-online-del-programa-gestion-de-la-innovacion\/"},"wordCount":657,"publisher":{"@id":"https:\/\/fg.ull.es\/portal\/gdi\/#organization"},"inLanguage":"es"},{"@type":"WebPage","@id":"https:\/\/fg.ull.es\/portal\/gdi\/cafe-virtual-con-gdi-que-hay-de-nuevo-un-evento-online-del-programa-gestion-de-la-innovacion\/","url":"https:\/\/fg.ull.es\/portal\/gdi\/cafe-virtual-con-gdi-que-hay-de-nuevo-un-evento-online-del-programa-gestion-de-la-innovacion\/","name":"Caf\u00e9 virtual con GDI - \u00bfQu\u00e9 hay de nuevo?, un evento online del Programa Gesti\u00f3n de la Innovaci\u00f3n - Programa de Gestores de la Innovaci\u00f3n","isPartOf":{"@id":"https:\/\/fg.ull.es\/portal\/gdi\/#website"},"datePublished":"2021-02-23T13:40:54+00:00","dateModified":"2021-03-01T11:39:32+00:00","breadcrumb":{"@id":"https:\/\/fg.ull.es\/portal\/gdi\/cafe-virtual-con-gdi-que-hay-de-nuevo-un-evento-online-del-programa-gestion-de-la-innovacion\/#breadcrumb"},"inLanguage":"es","potentialAction":[{"@type":"ReadAction","target":["https:\/\/fg.ull.es\/portal\/gdi\/cafe-virtual-con-gdi-que-hay-de-nuevo-un-evento-online-del-programa-gestion-de-la-innovacion\/"]}]},{"@type":"BreadcrumbList","@id":"https:\/\/fg.ull.es\/portal\/gdi\/cafe-virtual-con-gdi-que-hay-de-nuevo-un-evento-online-del-programa-gestion-de-la-innovacion\/#breadcrumb","itemListElement":[{"@type":"ListItem","position":1,"name":"Portada","item":"https:\/\/fg.ull.es\/portal\/gdi\/"},{"@type":"ListItem","position":2,"name":"Caf\u00e9 virtual con GDI &#8211; \u00bfQu\u00e9 hay de nuevo?, un evento online del Programa Gesti\u00f3n de la Innovaci\u00f3n"}]},{"@type":"WebSite","@id":"https:\/\/fg.ull.es\/portal\/gdi\/#website","url":"https:\/\/fg.ull.es\/portal\/gdi\/","name":"Programa de Gestores de la Innovaci\u00f3n","description":"","publisher":{"@id":"https:\/\/fg.ull.es\/portal\/gdi\/#organization"},"potentialAction":[{"@type":"SearchAction","target":{"@type":"EntryPoint","urlTemplate":"https:\/\/fg.ull.es\/portal\/gdi\/?s={search_term_string}"},"query-input":"required name=search_term_string"}],"inLanguage":"es"},{"@type":"Organization","@id":"https:\/\/fg.ull.es\/portal\/gdi\/#organization","name":"FUNDACI\u00d3N CANARIA GENERAL UNIVERSIDAD DE LA LAGUNA","url":"https:\/\/fg.ull.es\/portal\/gdi\/","logo":{"@type":"ImageObject","inLanguage":"es","@id":"https:\/\/fg.ull.es\/portal\/gdi\/#\/schema\/logo\/image\/","url":"https:\/\/fg.ull.es\/portal\/gdi\/wp-content\/uploads\/sites\/2\/2020\/04\/FAVICON.png","contentUrl":"https:\/\/fg.ull.es\/portal\/gdi\/wp-content\/uploads\/sites\/2\/2020\/04\/FAVICON.png","width":512,"height":512,"caption":"FUNDACI\u00d3N CANARIA GENERAL UNIVERSIDAD DE LA LAGUNA"},"image":{"@id":"https:\/\/fg.ull.es\/portal\/gdi\/#\/schema\/logo\/image\/"}},{"@type":"Person","@id":"https:\/\/fg.ull.es\/portal\/gdi\/#\/schema\/person\/1ad03d108c212b498a622f39176298aa","name":"aascanio","image":{"@type":"ImageObject","inLanguage":"es","@id":"https:\/\/fg.ull.es\/portal\/gdi\/#\/schema\/person\/image\/","url":"https:\/\/secure.gravatar.com\/avatar\/fb13c6d51e43015759a2b0b66dcd2734?s=96&d=mm&r=g","contentUrl":"https:\/\/secure.gravatar.com\/avatar\/fb13c6d51e43015759a2b0b66dcd2734?s=96&d=mm&r=g","caption":"aascanio"}}]}},"_links":{"self":[{"href":"https:\/\/fg.ull.es\/portal\/gdi\/wp-json\/wp\/v2\/posts\/5288"}],"collection":[{"href":"https:\/\/fg.ull.es\/portal\/gdi\/wp-json\/wp\/v2\/posts"}],"about":[{"href":"https:\/\/fg.ull.es\/portal\/gdi\/wp-json\/wp\/v2\/types\/post"}],"author":[{"embeddable":true,"href":"https:\/\/fg.ull.es\/portal\/gdi\/wp-json\/wp\/v2\/users\/12"}],"replies":[{"embeddable":true,"href":"https:\/\/fg.ull.es\/portal\/gdi\/wp-json\/wp\/v2\/comments?post=5288"}],"version-history":[{"count":3,"href":"https:\/\/fg.ull.es\/portal\/gdi\/wp-json\/wp\/v2\/posts\/5288\/revisions"}],"predecessor-version":[{"id":5317,"href":"https:\/\/fg.ull.es\/portal\/gdi\/wp-json\/wp\/v2\/posts\/5288\/revisions\/5317"}],"wp:featuredmedia":[{"embeddable":true,"href":"https:\/\/fg.ull.es\/portal\/gdi\/wp-json\/wp\/v2\/media\/5290"}],"wp:attachment":[{"href":"https:\/\/fg.ull.es\/portal\/gdi\/wp-json\/wp\/v2\/media?parent=5288"}],"wp:term":[{"taxonomy":"category","embeddable":true,"href":"https:\/\/fg.ull.es\/portal\/gdi\/wp-json\/wp\/v2\/categories?post=5288"},{"taxonomy":"post_tag","embeddable":true,"href":"https:\/\/fg.ull.es\/portal\/gdi\/wp-json\/wp\/v2\/tags?post=5288"}],"curies":[{"name":"wp","href":"https:\/\/api.w.org\/{rel}","templated":true}]}}