{"id":5206,"date":"2021-01-28T14:08:11","date_gmt":"2021-01-28T14:08:11","guid":{"rendered":"https:\/\/fg.ull.es\/portal\/gdi\/?p=5206"},"modified":"2021-08-15T06:03:19","modified_gmt":"2021-08-15T06:03:19","slug":"listado-definitivo-de-personas-admitidas-y-excluidas-formacion-practica-nivel-3-consultoria-de-la-innovacion-2020","status":"publish","type":"post","link":"https:\/\/fg.ull.es\/portal\/gdi\/listado-definitivo-de-personas-admitidas-y-excluidas-formacion-practica-nivel-3-consultoria-de-la-innovacion-2020\/","title":{"rendered":"Listado definitivo de personas admitidas y excluidas formaci\u00f3n pr\u00e1ctica Nivel 3. Consultor\u00eda de la innovaci\u00f3n 2020"},"content":{"rendered":"\n<p>Hoy, d\u00eda 27 de enero de 2021 se publica el <strong>listado definitivo&nbsp;<\/strong>de personas admitidas y excluidas para realizar la formaci\u00f3n pr\u00e1ctica del Nivel 3 de Consultor\u00eda&nbsp;de&nbsp;la Innovaci\u00f3n, en el contexto del Programa de Formaci\u00f3n de Gestores de la Innovaci\u00f3n.<\/p>\n\n\n\n<p>Disponible\u00a0<strong><a href=\"https:\/\/drive.google.com\/file\/d\/1cX7cIAql_dv2cLzjkH6iL9Y08ajdrDiz\/view?usp=sharing\" target=\"_blank\" rel=\"noreferrer noopener\">aqu\u00ed<\/a><\/strong>.<\/p>\n\n\n\n<p><em>El Programa de Formaci\u00f3n de Gestores de la Innovaci\u00f3n 2020, est\u00e1 impulsado en colaboraci\u00f3n con la Agencia Canaria de Investigaci\u00f3n, Innovaci\u00f3n y Sociedad de la Informaci\u00f3n (ACIISI) del Gobierno de Canarias y cofinanciado en un 85% por el Fondo Social Europeo (FSE) en los t\u00e9rminos establecidos en el Programa Operativo de Canarias 2014-2020, en el Eje prioritario 1, Objetivo tem\u00e1tico 8, Prioridad de inversi\u00f3n 8.1, Objetivo espec\u00edfico 8.1.2.<\/em><\/p>\n\n\n\n<figure class=\"wp-block-image size-large\"><img decoding=\"async\" loading=\"lazy\" width=\"1024\" height=\"131\" src=\"https:\/\/fg.ull.es\/portal\/gdi\/wp-content\/uploads\/sites\/2\/2020\/03\/Footer_GDI_2020_WEB-1024x131.jpg\" alt=\"\" class=\"wp-image-3694\" srcset=\"https:\/\/fg.ull.es\/portal\/gdi\/wp-content\/uploads\/sites\/2\/2020\/03\/Footer_GDI_2020_WEB-1024x131.jpg 1024w, https:\/\/fg.ull.es\/portal\/gdi\/wp-content\/uploads\/sites\/2\/2020\/03\/Footer_GDI_2020_WEB-300x38.jpg 300w, https:\/\/fg.ull.es\/portal\/gdi\/wp-content\/uploads\/sites\/2\/2020\/03\/Footer_GDI_2020_WEB-768x98.jpg 768w, https:\/\/fg.ull.es\/portal\/gdi\/wp-content\/uploads\/sites\/2\/2020\/03\/Footer_GDI_2020_WEB-375x48.jpg 375w, https:\/\/fg.ull.es\/portal\/gdi\/wp-content\/uploads\/sites\/2\/2020\/03\/Footer_GDI_2020_WEB-750x96.jpg 750w, https:\/\/fg.ull.es\/portal\/gdi\/wp-content\/uploads\/sites\/2\/2020\/03\/Footer_GDI_2020_WEB-1140x146.jpg 1140w, https:\/\/fg.ull.es\/portal\/gdi\/wp-content\/uploads\/sites\/2\/2020\/03\/Footer_GDI_2020_WEB.jpg 1376w\" sizes=\"(max-width: 1024px) 100vw, 1024px\" \/><\/figure>\n","protected":false},"excerpt":{"rendered":"<p>Hoy, d\u00eda 27 de enero de 2021 se publica el listado definitivo&nbsp;de personas admitidas y excluidas para realizar la formaci\u00f3n pr\u00e1ctica del Nivel 3 de Consultor\u00eda&nbsp;de&nbsp;la Innovaci\u00f3n, en el contexto del Programa de Formaci\u00f3n de Gestores de la Innovaci\u00f3n. Disponible\u00a0aqu\u00ed. El Programa de Formaci\u00f3n de Gestores de la Innovaci\u00f3n 2020, est\u00e1 impulsado en colaboraci\u00f3n con&#8230;<\/p>\n","protected":false},"author":9,"featured_media":4141,"comment_status":"closed","ping_status":"closed","sticky":false,"template":"","format":"standard","meta":{"footnotes":""},"categories":[16,1],"tags":[],"yoast_head":"<!-- This site is optimized with the Yoast SEO plugin v21.1 - https:\/\/yoast.com\/wordpress\/plugins\/seo\/ -->\n<title>Listado definitivo de personas admitidas y excluidas formaci\u00f3n pr\u00e1ctica Nivel 3. Consultor\u00eda de la innovaci\u00f3n 2020 - Programa de Gestores de la Innovaci\u00f3n<\/title>\n<meta name=\"robots\" content=\"index, follow, max-snippet:-1, max-image-preview:large, max-video-preview:-1\" \/>\n<link rel=\"canonical\" href=\"https:\/\/fg.ull.es\/portal\/gdi\/listado-definitivo-de-personas-admitidas-y-excluidas-formacion-practica-nivel-3-consultoria-de-la-innovacion-2020\/\" \/>\n<meta property=\"og:locale\" content=\"es_ES\" \/>\n<meta property=\"og:type\" content=\"article\" \/>\n<meta property=\"og:title\" content=\"Listado definitivo de personas admitidas y excluidas formaci\u00f3n pr\u00e1ctica Nivel 3. Consultor\u00eda de la innovaci\u00f3n 2020 - Programa de Gestores de la Innovaci\u00f3n\" \/>\n<meta property=\"og:description\" content=\"Hoy, d\u00eda 27 de enero de 2021 se publica el listado definitivo&nbsp;de personas admitidas y excluidas para realizar la formaci\u00f3n pr\u00e1ctica del Nivel 3 de Consultor\u00eda&nbsp;de&nbsp;la Innovaci\u00f3n, en el contexto del Programa de Formaci\u00f3n de Gestores de la Innovaci\u00f3n. Disponible\u00a0aqu\u00ed. El Programa de Formaci\u00f3n de Gestores de la Innovaci\u00f3n 2020, est\u00e1 impulsado en colaboraci\u00f3n con...\" \/>\n<meta property=\"og:url\" content=\"https:\/\/fg.ull.es\/portal\/gdi\/listado-definitivo-de-personas-admitidas-y-excluidas-formacion-practica-nivel-3-consultoria-de-la-innovacion-2020\/\" \/>\n<meta property=\"og:site_name\" content=\"Programa de Gestores de la Innovaci\u00f3n\" \/>\n<meta property=\"article:published_time\" content=\"2021-01-28T14:08:11+00:00\" \/>\n<meta property=\"article:modified_time\" content=\"2021-08-15T06:03:19+00:00\" \/>\n<meta property=\"og:image\" content=\"https:\/\/fg.ull.es\/portal\/gdi\/wp-content\/uploads\/sites\/2\/2020\/09\/gdi-banner-innovacion@2x.png\" \/>\n\t<meta property=\"og:image:width\" content=\"856\" \/>\n\t<meta property=\"og:image:height\" content=\"390\" \/>\n\t<meta property=\"og:image:type\" content=\"image\/png\" \/>\n<meta name=\"author\" content=\"foguisado\" \/>\n<meta name=\"twitter:card\" content=\"summary_large_image\" \/>\n<meta name=\"twitter:label1\" content=\"Written by\" \/>\n\t<meta name=\"twitter:data1\" content=\"foguisado\" \/>\n\t<meta name=\"twitter:label2\" content=\"Est. reading time\" \/>\n\t<meta name=\"twitter:data2\" content=\"1 minuto\" \/>\n<script type=\"application\/ld+json\" class=\"yoast-schema-graph\">{\"@context\":\"https:\/\/schema.org\",\"@graph\":[{\"@type\":\"Article\",\"@id\":\"https:\/\/fg.ull.es\/portal\/gdi\/listado-definitivo-de-personas-admitidas-y-excluidas-formacion-practica-nivel-3-consultoria-de-la-innovacion-2020\/#article\",\"isPartOf\":{\"@id\":\"https:\/\/fg.ull.es\/portal\/gdi\/listado-definitivo-de-personas-admitidas-y-excluidas-formacion-practica-nivel-3-consultoria-de-la-innovacion-2020\/\"},\"author\":{\"name\":\"foguisado\",\"@id\":\"https:\/\/fg.ull.es\/portal\/gdi\/#\/schema\/person\/cd0f7ca826926dd4a0eb25f9c8fb0bb3\"},\"headline\":\"Listado definitivo de personas admitidas y excluidas formaci\u00f3n pr\u00e1ctica Nivel 3. Consultor\u00eda de la innovaci\u00f3n 2020\",\"datePublished\":\"2021-01-28T14:08:11+00:00\",\"dateModified\":\"2021-08-15T06:03:19+00:00\",\"mainEntityOfPage\":{\"@id\":\"https:\/\/fg.ull.es\/portal\/gdi\/listado-definitivo-de-personas-admitidas-y-excluidas-formacion-practica-nivel-3-consultoria-de-la-innovacion-2020\/\"},\"wordCount\":141,\"publisher\":{\"@id\":\"https:\/\/fg.ull.es\/portal\/gdi\/#organization\"},\"articleSection\":[\"listado definitivo personas admitidas y excluidas\"],\"inLanguage\":\"es\"},{\"@type\":\"WebPage\",\"@id\":\"https:\/\/fg.ull.es\/portal\/gdi\/listado-definitivo-de-personas-admitidas-y-excluidas-formacion-practica-nivel-3-consultoria-de-la-innovacion-2020\/\",\"url\":\"https:\/\/fg.ull.es\/portal\/gdi\/listado-definitivo-de-personas-admitidas-y-excluidas-formacion-practica-nivel-3-consultoria-de-la-innovacion-2020\/\",\"name\":\"Listado definitivo de personas admitidas y excluidas formaci\u00f3n pr\u00e1ctica Nivel 3. Consultor\u00eda de la innovaci\u00f3n 2020 - Programa de Gestores de la Innovaci\u00f3n\",\"isPartOf\":{\"@id\":\"https:\/\/fg.ull.es\/portal\/gdi\/#website\"},\"datePublished\":\"2021-01-28T14:08:11+00:00\",\"dateModified\":\"2021-08-15T06:03:19+00:00\",\"breadcrumb\":{\"@id\":\"https:\/\/fg.ull.es\/portal\/gdi\/listado-definitivo-de-personas-admitidas-y-excluidas-formacion-practica-nivel-3-consultoria-de-la-innovacion-2020\/#breadcrumb\"},\"inLanguage\":\"es\",\"potentialAction\":[{\"@type\":\"ReadAction\",\"target\":[\"https:\/\/fg.ull.es\/portal\/gdi\/listado-definitivo-de-personas-admitidas-y-excluidas-formacion-practica-nivel-3-consultoria-de-la-innovacion-2020\/\"]}]},{\"@type\":\"BreadcrumbList\",\"@id\":\"https:\/\/fg.ull.es\/portal\/gdi\/listado-definitivo-de-personas-admitidas-y-excluidas-formacion-practica-nivel-3-consultoria-de-la-innovacion-2020\/#breadcrumb\",\"itemListElement\":[{\"@type\":\"ListItem\",\"position\":1,\"name\":\"Portada\",\"item\":\"https:\/\/fg.ull.es\/portal\/gdi\/\"},{\"@type\":\"ListItem\",\"position\":2,\"name\":\"Listado definitivo de personas admitidas y excluidas formaci\u00f3n pr\u00e1ctica Nivel 3. Consultor\u00eda de la innovaci\u00f3n 2020\"}]},{\"@type\":\"WebSite\",\"@id\":\"https:\/\/fg.ull.es\/portal\/gdi\/#website\",\"url\":\"https:\/\/fg.ull.es\/portal\/gdi\/\",\"name\":\"Programa de Gestores de la Innovaci\u00f3n\",\"description\":\"\",\"publisher\":{\"@id\":\"https:\/\/fg.ull.es\/portal\/gdi\/#organization\"},\"potentialAction\":[{\"@type\":\"SearchAction\",\"target\":{\"@type\":\"EntryPoint\",\"urlTemplate\":\"https:\/\/fg.ull.es\/portal\/gdi\/?s={search_term_string}\"},\"query-input\":\"required name=search_term_string\"}],\"inLanguage\":\"es\"},{\"@type\":\"Organization\",\"@id\":\"https:\/\/fg.ull.es\/portal\/gdi\/#organization\",\"name\":\"FUNDACI\u00d3N CANARIA GENERAL UNIVERSIDAD DE LA LAGUNA\",\"url\":\"https:\/\/fg.ull.es\/portal\/gdi\/\",\"logo\":{\"@type\":\"ImageObject\",\"inLanguage\":\"es\",\"@id\":\"https:\/\/fg.ull.es\/portal\/gdi\/#\/schema\/logo\/image\/\",\"url\":\"https:\/\/fg.ull.es\/portal\/gdi\/wp-content\/uploads\/sites\/2\/2020\/04\/FAVICON.png\",\"contentUrl\":\"https:\/\/fg.ull.es\/portal\/gdi\/wp-content\/uploads\/sites\/2\/2020\/04\/FAVICON.png\",\"width\":512,\"height\":512,\"caption\":\"FUNDACI\u00d3N CANARIA GENERAL UNIVERSIDAD DE LA LAGUNA\"},\"image\":{\"@id\":\"https:\/\/fg.ull.es\/portal\/gdi\/#\/schema\/logo\/image\/\"}},{\"@type\":\"Person\",\"@id\":\"https:\/\/fg.ull.es\/portal\/gdi\/#\/schema\/person\/cd0f7ca826926dd4a0eb25f9c8fb0bb3\",\"name\":\"foguisado\",\"image\":{\"@type\":\"ImageObject\",\"inLanguage\":\"es\",\"@id\":\"https:\/\/fg.ull.es\/portal\/gdi\/#\/schema\/person\/image\/\",\"url\":\"https:\/\/secure.gravatar.com\/avatar\/547f00b03d8a3f8a44c7163ced6a71da?s=96&d=mm&r=g\",\"contentUrl\":\"https:\/\/secure.gravatar.com\/avatar\/547f00b03d8a3f8a44c7163ced6a71da?s=96&d=mm&r=g\",\"caption\":\"foguisado\"}}]}<\/script>\n<!-- \/ Yoast SEO plugin. -->","yoast_head_json":{"title":"Listado definitivo de personas admitidas y excluidas formaci\u00f3n pr\u00e1ctica Nivel 3. Consultor\u00eda de la innovaci\u00f3n 2020 - Programa de Gestores de la Innovaci\u00f3n","robots":{"index":"index","follow":"follow","max-snippet":"max-snippet:-1","max-image-preview":"max-image-preview:large","max-video-preview":"max-video-preview:-1"},"canonical":"https:\/\/fg.ull.es\/portal\/gdi\/listado-definitivo-de-personas-admitidas-y-excluidas-formacion-practica-nivel-3-consultoria-de-la-innovacion-2020\/","og_locale":"es_ES","og_type":"article","og_title":"Listado definitivo de personas admitidas y excluidas formaci\u00f3n pr\u00e1ctica Nivel 3. Consultor\u00eda de la innovaci\u00f3n 2020 - Programa de Gestores de la Innovaci\u00f3n","og_description":"Hoy, d\u00eda 27 de enero de 2021 se publica el listado definitivo&nbsp;de personas admitidas y excluidas para realizar la formaci\u00f3n pr\u00e1ctica del Nivel 3 de Consultor\u00eda&nbsp;de&nbsp;la Innovaci\u00f3n, en el contexto del Programa de Formaci\u00f3n de Gestores de la Innovaci\u00f3n. Disponible\u00a0aqu\u00ed. El Programa de Formaci\u00f3n de Gestores de la Innovaci\u00f3n 2020, est\u00e1 impulsado en colaboraci\u00f3n con...","og_url":"https:\/\/fg.ull.es\/portal\/gdi\/listado-definitivo-de-personas-admitidas-y-excluidas-formacion-practica-nivel-3-consultoria-de-la-innovacion-2020\/","og_site_name":"Programa de Gestores de la Innovaci\u00f3n","article_published_time":"2021-01-28T14:08:11+00:00","article_modified_time":"2021-08-15T06:03:19+00:00","og_image":[{"width":856,"height":390,"url":"https:\/\/fg.ull.es\/portal\/gdi\/wp-content\/uploads\/sites\/2\/2020\/09\/gdi-banner-innovacion@2x.png","type":"image\/png"}],"author":"foguisado","twitter_card":"summary_large_image","twitter_misc":{"Written by":"foguisado","Est. reading time":"1 minuto"},"schema":{"@context":"https:\/\/schema.org","@graph":[{"@type":"Article","@id":"https:\/\/fg.ull.es\/portal\/gdi\/listado-definitivo-de-personas-admitidas-y-excluidas-formacion-practica-nivel-3-consultoria-de-la-innovacion-2020\/#article","isPartOf":{"@id":"https:\/\/fg.ull.es\/portal\/gdi\/listado-definitivo-de-personas-admitidas-y-excluidas-formacion-practica-nivel-3-consultoria-de-la-innovacion-2020\/"},"author":{"name":"foguisado","@id":"https:\/\/fg.ull.es\/portal\/gdi\/#\/schema\/person\/cd0f7ca826926dd4a0eb25f9c8fb0bb3"},"headline":"Listado definitivo de personas admitidas y excluidas formaci\u00f3n pr\u00e1ctica Nivel 3. Consultor\u00eda de la innovaci\u00f3n 2020","datePublished":"2021-01-28T14:08:11+00:00","dateModified":"2021-08-15T06:03:19+00:00","mainEntityOfPage":{"@id":"https:\/\/fg.ull.es\/portal\/gdi\/listado-definitivo-de-personas-admitidas-y-excluidas-formacion-practica-nivel-3-consultoria-de-la-innovacion-2020\/"},"wordCount":141,"publisher":{"@id":"https:\/\/fg.ull.es\/portal\/gdi\/#organization"},"articleSection":["listado definitivo personas admitidas y excluidas"],"inLanguage":"es"},{"@type":"WebPage","@id":"https:\/\/fg.ull.es\/portal\/gdi\/listado-definitivo-de-personas-admitidas-y-excluidas-formacion-practica-nivel-3-consultoria-de-la-innovacion-2020\/","url":"https:\/\/fg.ull.es\/portal\/gdi\/listado-definitivo-de-personas-admitidas-y-excluidas-formacion-practica-nivel-3-consultoria-de-la-innovacion-2020\/","name":"Listado definitivo de personas admitidas y excluidas formaci\u00f3n pr\u00e1ctica Nivel 3. Consultor\u00eda de la innovaci\u00f3n 2020 - Programa de Gestores de la Innovaci\u00f3n","isPartOf":{"@id":"https:\/\/fg.ull.es\/portal\/gdi\/#website"},"datePublished":"2021-01-28T14:08:11+00:00","dateModified":"2021-08-15T06:03:19+00:00","breadcrumb":{"@id":"https:\/\/fg.ull.es\/portal\/gdi\/listado-definitivo-de-personas-admitidas-y-excluidas-formacion-practica-nivel-3-consultoria-de-la-innovacion-2020\/#breadcrumb"},"inLanguage":"es","potentialAction":[{"@type":"ReadAction","target":["https:\/\/fg.ull.es\/portal\/gdi\/listado-definitivo-de-personas-admitidas-y-excluidas-formacion-practica-nivel-3-consultoria-de-la-innovacion-2020\/"]}]},{"@type":"BreadcrumbList","@id":"https:\/\/fg.ull.es\/portal\/gdi\/listado-definitivo-de-personas-admitidas-y-excluidas-formacion-practica-nivel-3-consultoria-de-la-innovacion-2020\/#breadcrumb","itemListElement":[{"@type":"ListItem","position":1,"name":"Portada","item":"https:\/\/fg.ull.es\/portal\/gdi\/"},{"@type":"ListItem","position":2,"name":"Listado definitivo de personas admitidas y excluidas formaci\u00f3n pr\u00e1ctica Nivel 3. Consultor\u00eda de la innovaci\u00f3n 2020"}]},{"@type":"WebSite","@id":"https:\/\/fg.ull.es\/portal\/gdi\/#website","url":"https:\/\/fg.ull.es\/portal\/gdi\/","name":"Programa de Gestores de la Innovaci\u00f3n","description":"","publisher":{"@id":"https:\/\/fg.ull.es\/portal\/gdi\/#organization"},"potentialAction":[{"@type":"SearchAction","target":{"@type":"EntryPoint","urlTemplate":"https:\/\/fg.ull.es\/portal\/gdi\/?s={search_term_string}"},"query-input":"required name=search_term_string"}],"inLanguage":"es"},{"@type":"Organization","@id":"https:\/\/fg.ull.es\/portal\/gdi\/#organization","name":"FUNDACI\u00d3N CANARIA GENERAL UNIVERSIDAD DE LA LAGUNA","url":"https:\/\/fg.ull.es\/portal\/gdi\/","logo":{"@type":"ImageObject","inLanguage":"es","@id":"https:\/\/fg.ull.es\/portal\/gdi\/#\/schema\/logo\/image\/","url":"https:\/\/fg.ull.es\/portal\/gdi\/wp-content\/uploads\/sites\/2\/2020\/04\/FAVICON.png","contentUrl":"https:\/\/fg.ull.es\/portal\/gdi\/wp-content\/uploads\/sites\/2\/2020\/04\/FAVICON.png","width":512,"height":512,"caption":"FUNDACI\u00d3N CANARIA GENERAL UNIVERSIDAD DE LA LAGUNA"},"image":{"@id":"https:\/\/fg.ull.es\/portal\/gdi\/#\/schema\/logo\/image\/"}},{"@type":"Person","@id":"https:\/\/fg.ull.es\/portal\/gdi\/#\/schema\/person\/cd0f7ca826926dd4a0eb25f9c8fb0bb3","name":"foguisado","image":{"@type":"ImageObject","inLanguage":"es","@id":"https:\/\/fg.ull.es\/portal\/gdi\/#\/schema\/person\/image\/","url":"https:\/\/secure.gravatar.com\/avatar\/547f00b03d8a3f8a44c7163ced6a71da?s=96&d=mm&r=g","contentUrl":"https:\/\/secure.gravatar.com\/avatar\/547f00b03d8a3f8a44c7163ced6a71da?s=96&d=mm&r=g","caption":"foguisado"}}]}},"_links":{"self":[{"href":"https:\/\/fg.ull.es\/portal\/gdi\/wp-json\/wp\/v2\/posts\/5206"}],"collection":[{"href":"https:\/\/fg.ull.es\/portal\/gdi\/wp-json\/wp\/v2\/posts"}],"about":[{"href":"https:\/\/fg.ull.es\/portal\/gdi\/wp-json\/wp\/v2\/types\/post"}],"author":[{"embeddable":true,"href":"https:\/\/fg.ull.es\/portal\/gdi\/wp-json\/wp\/v2\/users\/9"}],"replies":[{"embeddable":true,"href":"https:\/\/fg.ull.es\/portal\/gdi\/wp-json\/wp\/v2\/comments?post=5206"}],"version-history":[{"count":5,"href":"https:\/\/fg.ull.es\/portal\/gdi\/wp-json\/wp\/v2\/posts\/5206\/revisions"}],"predecessor-version":[{"id":5225,"href":"https:\/\/fg.ull.es\/portal\/gdi\/wp-json\/wp\/v2\/posts\/5206\/revisions\/5225"}],"wp:featuredmedia":[{"embeddable":true,"href":"https:\/\/fg.ull.es\/portal\/gdi\/wp-json\/wp\/v2\/media\/4141"}],"wp:attachment":[{"href":"https:\/\/fg.ull.es\/portal\/gdi\/wp-json\/wp\/v2\/media?parent=5206"}],"wp:term":[{"taxonomy":"category","embeddable":true,"href":"https:\/\/fg.ull.es\/portal\/gdi\/wp-json\/wp\/v2\/categories?post=5206"},{"taxonomy":"post_tag","embeddable":true,"href":"https:\/\/fg.ull.es\/portal\/gdi\/wp-json\/wp\/v2\/tags?post=5206"}],"curies":[{"name":"wp","href":"https:\/\/api.w.org\/{rel}","templated":true}]}}