{"id":5079,"date":"2021-01-25T18:47:00","date_gmt":"2021-01-25T18:47:00","guid":{"rendered":"https:\/\/fg.ull.es\/portal\/gdi\/?p=5079"},"modified":"2021-01-26T09:04:31","modified_gmt":"2021-01-26T09:04:31","slug":"gdi-abre-puertas-al-mercado-laboral-hablamos-con-fatima-tapia","status":"publish","type":"post","link":"https:\/\/fg.ull.es\/portal\/gdi\/gdi-abre-puertas-al-mercado-laboral-hablamos-con-fatima-tapia\/","title":{"rendered":"GDI abre puertas al mercado laboral. Hablamos con F\u00e1tima Tapia"},"content":{"rendered":"\n<p>F\u00e1tima Tapia, graduada en Periodismo por la Universidad de La Laguna curs\u00f3 los tres niveles de Innovaci\u00f3n de nuestro Programa de Gesti\u00f3n de la Innovaci\u00f3n del pasado 2019. <\/p>\n\n\n\n<p>Su paso por los cursos de GDI la han llevado a ampliar su formaci\u00f3n y conseguir un puesto en Film Experience Express, una empresa del Norte de Tenerife.<\/p>\n\n\n\n<ul><li>\u00a1Hola F\u00e1tima! \u00bfC\u00f3mo valoras el Programa de Gesti\u00f3n de la Innovaci\u00f3n?<\/li><\/ul>\n\n\n\n<p>De forma muy positiva. Actualmente estoy trabajando en la empresa Film Experience Express de Team Bulding Company dirigido a empresas, amigos y familias con un contrato indefinido. Es un puesto super interesante y la pr\u00f3xima semana har\u00e1 un mes de mi comienzo en esta empresa.<strong> Obtuve este puesto gracias a los cursos, ya que uno de los requisitos era contar con el nivel 3 de consultor\u00eda de GDI.<\/strong><\/p>\n\n\n\n<ul><li>\u00bfC\u00f3mo resumir\u00edas tu participaci\u00f3n en el Programa?<\/li><\/ul>\n\n\n\n<p>Al principio me asust\u00e9 un poco ya que no ten\u00eda formaci\u00f3n previa en temas de contabilidad, gesti\u00f3n o administraci\u00f3n. <strong>No es tan dif\u00edcil. Los cursos son cortos y aprendes un mont\u00f3n, son muy din\u00e1mico<\/strong>s. No solo ampli\u00e9 mi formaci\u00f3n sino que me form\u00e9 en nuevos campos y me abri\u00f3 puertas como tecn\u00f3loga.<\/p>\n\n\n\n<ul><li>\u00bfCrees que tu participaci\u00f3n en pr\u00e1cticas ha sido positiva para la empresa?<\/li><\/ul>\n\n\n\n<p>\u00a1Sin duda! <strong>La participaci\u00f3n es muy positiva<\/strong>: puedes aportar un punto de vista distinto, tienes que estar al d\u00eda de subvenciones, innovaci\u00f3n, proyectos\u2026 A parte de las funciones que aportes con tu perfil en la empresa.<\/p>\n\n\n\n<ul><li>\u00bfQu\u00e9 te est\u00e1n aportando estas pr\u00e1cticas?<\/li><\/ul>\n\n\n\n<p>Profesionalmente me est\u00e1 aportando experiencia y <strong>la oportunidad de trabajar en un puesto de trabajo al que no podr\u00eda haber optado sin los cursos.<\/strong> Adem\u00e1s, estoy aprendiendo much\u00edsimo gracias a la empresa en el d\u00eda a d\u00eda. <\/p>\n\n\n\n<p>A nivel personal es muy satisfactorio, aprendes un mont\u00f3n. Tengo compa\u00f1eros y compa\u00f1eras que tambi\u00e9n son tecn\u00f3logos que me acompa\u00f1an y ayudan much\u00edsimo. Soy consciente de que ha sido una suerte disfrutar de esta oportunidad en plena pandemia.<\/p>\n\n\n\n<ul><li>Y por \u00faltimo&#8230;\u00bfquieres comentar algo al nuevo alumnado de GDI?<\/li><\/ul>\n\n\n\n<p>El nombre del Programa Gesti\u00f3n de la Innovaci\u00f3n puede asustar, pero merece la pena. Esta formaci\u00f3n gratuita te abre much\u00edsimas puertas: <strong>ampliar tu formaci\u00f3n acad\u00e9mica te da la oportunidad de optar a un buen puesto de trabajo.<\/strong><\/p>\n\n\n\n<p>\u00a1Gracias F\u00e1tima por compartir tu experiencia en este espacio!<\/p>\n\n\n\n<p>Y a ti, \u00bfte gustar\u00eda comenzar a ampliar tu formaci\u00f3n de manera gratuita? \u00a1Este es nuestro pr\u00f3ximo curso!<\/p>\n\n\n\n<ul><li><a rel=\"noreferrer noopener\" href=\"https:\/\/sede.fg.ull.es\/es\/curso\/detalle\/a21120008\/experto-digital-en-comunicacion-marketing-y-comercio-digital\" target=\"_blank\">Experto Digital en Comunicaci\u00f3n, Marketing y Comercio Digital<\/a><\/li><\/ul>\n\n\n\n<p>Recuerda que debes ser titulado\/a por la Universidad o estar en los \u00faltimos a\u00f1os de grado y estar inscrito o inscrita como demandante o mejora del empleo.<\/p>\n\n\n\n<p><em>El Programa de Gestores de la Innovaci\u00f3n 2020,&nbsp;est\u00e1 impulsado por la Agencia Canaria de Investigaci\u00f3n, Innovaci\u00f3n y Sociedad de la Informaci\u00f3n (ACIISI) del Gobierno de Canarias y cofinanciado en un 85% por el Fondo Social Europeo (FSE) en los t\u00e9rminos establecidos en el Programa Operativo de Canarias 2014-2020, en el Eje prioritario 1, Objetivo tem\u00e1tico 8, Prioridad de inversi\u00f3n 8.1, Objetivo espec\u00edfico 8.1.2. y financia el coste total de estas pr\u00e1cticas; esto supone un<strong>&nbsp;coste cero para el grupo o centro de investigaci\u00f3n<\/strong>.<\/em><\/p>\n","protected":false},"excerpt":{"rendered":"<p>F\u00e1tima Tapia, graduada en Periodismo por la Universidad de La Laguna curs\u00f3 los tres niveles de Innovaci\u00f3n de nuestro Programa de Gesti\u00f3n de la Innovaci\u00f3n del pasado 2019. Su paso por los cursos de GDI la han llevado a ampliar su formaci\u00f3n y conseguir un puesto en Film Experience Express, una empresa del Norte de&#8230;<\/p>\n","protected":false},"author":12,"featured_media":5081,"comment_status":"closed","ping_status":"closed","sticky":false,"template":"","format":"standard","meta":{"footnotes":""},"categories":[1],"tags":[],"yoast_head":"<!-- This site is optimized with the Yoast SEO plugin v21.1 - https:\/\/yoast.com\/wordpress\/plugins\/seo\/ -->\n<title>GDI abre puertas al mercado laboral. Hablamos con F\u00e1tima Tapia - Programa de Gestores de la Innovaci\u00f3n<\/title>\n<meta name=\"robots\" content=\"index, follow, max-snippet:-1, max-image-preview:large, max-video-preview:-1\" \/>\n<link rel=\"canonical\" href=\"https:\/\/fg.ull.es\/portal\/gdi\/gdi-abre-puertas-al-mercado-laboral-hablamos-con-fatima-tapia\/\" \/>\n<meta property=\"og:locale\" content=\"es_ES\" \/>\n<meta property=\"og:type\" content=\"article\" \/>\n<meta property=\"og:title\" content=\"GDI abre puertas al mercado laboral. Hablamos con F\u00e1tima Tapia - Programa de Gestores de la Innovaci\u00f3n\" \/>\n<meta property=\"og:description\" content=\"F\u00e1tima Tapia, graduada en Periodismo por la Universidad de La Laguna curs\u00f3 los tres niveles de Innovaci\u00f3n de nuestro Programa de Gesti\u00f3n de la Innovaci\u00f3n del pasado 2019. Su paso por los cursos de GDI la han llevado a ampliar su formaci\u00f3n y conseguir un puesto en Film Experience Express, una empresa del Norte de...\" \/>\n<meta property=\"og:url\" content=\"https:\/\/fg.ull.es\/portal\/gdi\/gdi-abre-puertas-al-mercado-laboral-hablamos-con-fatima-tapia\/\" \/>\n<meta property=\"og:site_name\" content=\"Programa de Gestores de la Innovaci\u00f3n\" \/>\n<meta property=\"article:published_time\" content=\"2021-01-25T18:47:00+00:00\" \/>\n<meta property=\"article:modified_time\" content=\"2021-01-26T09:04:31+00:00\" \/>\n<meta property=\"og:image\" content=\"https:\/\/fg.ull.es\/portal\/gdi\/wp-content\/uploads\/sites\/2\/2020\/12\/Foto_Fatima.jpg\" \/>\n\t<meta property=\"og:image:width\" content=\"1005\" \/>\n\t<meta property=\"og:image:height\" content=\"670\" \/>\n\t<meta property=\"og:image:type\" content=\"image\/jpeg\" \/>\n<meta name=\"author\" content=\"aascanio\" \/>\n<meta name=\"twitter:card\" content=\"summary_large_image\" \/>\n<meta name=\"twitter:label1\" content=\"Written by\" \/>\n\t<meta name=\"twitter:data1\" content=\"aascanio\" \/>\n\t<meta name=\"twitter:label2\" content=\"Est. reading time\" \/>\n\t<meta name=\"twitter:data2\" content=\"3 minutos\" \/>\n<script type=\"application\/ld+json\" class=\"yoast-schema-graph\">{\"@context\":\"https:\/\/schema.org\",\"@graph\":[{\"@type\":\"Article\",\"@id\":\"https:\/\/fg.ull.es\/portal\/gdi\/gdi-abre-puertas-al-mercado-laboral-hablamos-con-fatima-tapia\/#article\",\"isPartOf\":{\"@id\":\"https:\/\/fg.ull.es\/portal\/gdi\/gdi-abre-puertas-al-mercado-laboral-hablamos-con-fatima-tapia\/\"},\"author\":{\"name\":\"aascanio\",\"@id\":\"https:\/\/fg.ull.es\/portal\/gdi\/#\/schema\/person\/1ad03d108c212b498a622f39176298aa\"},\"headline\":\"GDI abre puertas al mercado laboral. Hablamos con F\u00e1tima Tapia\",\"datePublished\":\"2021-01-25T18:47:00+00:00\",\"dateModified\":\"2021-01-26T09:04:31+00:00\",\"mainEntityOfPage\":{\"@id\":\"https:\/\/fg.ull.es\/portal\/gdi\/gdi-abre-puertas-al-mercado-laboral-hablamos-con-fatima-tapia\/\"},\"wordCount\":587,\"publisher\":{\"@id\":\"https:\/\/fg.ull.es\/portal\/gdi\/#organization\"},\"inLanguage\":\"es\"},{\"@type\":\"WebPage\",\"@id\":\"https:\/\/fg.ull.es\/portal\/gdi\/gdi-abre-puertas-al-mercado-laboral-hablamos-con-fatima-tapia\/\",\"url\":\"https:\/\/fg.ull.es\/portal\/gdi\/gdi-abre-puertas-al-mercado-laboral-hablamos-con-fatima-tapia\/\",\"name\":\"GDI abre puertas al mercado laboral. Hablamos con F\u00e1tima Tapia - Programa de Gestores de la Innovaci\u00f3n\",\"isPartOf\":{\"@id\":\"https:\/\/fg.ull.es\/portal\/gdi\/#website\"},\"datePublished\":\"2021-01-25T18:47:00+00:00\",\"dateModified\":\"2021-01-26T09:04:31+00:00\",\"breadcrumb\":{\"@id\":\"https:\/\/fg.ull.es\/portal\/gdi\/gdi-abre-puertas-al-mercado-laboral-hablamos-con-fatima-tapia\/#breadcrumb\"},\"inLanguage\":\"es\",\"potentialAction\":[{\"@type\":\"ReadAction\",\"target\":[\"https:\/\/fg.ull.es\/portal\/gdi\/gdi-abre-puertas-al-mercado-laboral-hablamos-con-fatima-tapia\/\"]}]},{\"@type\":\"BreadcrumbList\",\"@id\":\"https:\/\/fg.ull.es\/portal\/gdi\/gdi-abre-puertas-al-mercado-laboral-hablamos-con-fatima-tapia\/#breadcrumb\",\"itemListElement\":[{\"@type\":\"ListItem\",\"position\":1,\"name\":\"Portada\",\"item\":\"https:\/\/fg.ull.es\/portal\/gdi\/\"},{\"@type\":\"ListItem\",\"position\":2,\"name\":\"GDI abre puertas al mercado laboral. Hablamos con F\u00e1tima Tapia\"}]},{\"@type\":\"WebSite\",\"@id\":\"https:\/\/fg.ull.es\/portal\/gdi\/#website\",\"url\":\"https:\/\/fg.ull.es\/portal\/gdi\/\",\"name\":\"Programa de Gestores de la Innovaci\u00f3n\",\"description\":\"\",\"publisher\":{\"@id\":\"https:\/\/fg.ull.es\/portal\/gdi\/#organization\"},\"potentialAction\":[{\"@type\":\"SearchAction\",\"target\":{\"@type\":\"EntryPoint\",\"urlTemplate\":\"https:\/\/fg.ull.es\/portal\/gdi\/?s={search_term_string}\"},\"query-input\":\"required name=search_term_string\"}],\"inLanguage\":\"es\"},{\"@type\":\"Organization\",\"@id\":\"https:\/\/fg.ull.es\/portal\/gdi\/#organization\",\"name\":\"FUNDACI\u00d3N CANARIA GENERAL UNIVERSIDAD DE LA LAGUNA\",\"url\":\"https:\/\/fg.ull.es\/portal\/gdi\/\",\"logo\":{\"@type\":\"ImageObject\",\"inLanguage\":\"es\",\"@id\":\"https:\/\/fg.ull.es\/portal\/gdi\/#\/schema\/logo\/image\/\",\"url\":\"https:\/\/fg.ull.es\/portal\/gdi\/wp-content\/uploads\/sites\/2\/2020\/04\/FAVICON.png\",\"contentUrl\":\"https:\/\/fg.ull.es\/portal\/gdi\/wp-content\/uploads\/sites\/2\/2020\/04\/FAVICON.png\",\"width\":512,\"height\":512,\"caption\":\"FUNDACI\u00d3N CANARIA GENERAL UNIVERSIDAD DE LA LAGUNA\"},\"image\":{\"@id\":\"https:\/\/fg.ull.es\/portal\/gdi\/#\/schema\/logo\/image\/\"}},{\"@type\":\"Person\",\"@id\":\"https:\/\/fg.ull.es\/portal\/gdi\/#\/schema\/person\/1ad03d108c212b498a622f39176298aa\",\"name\":\"aascanio\",\"image\":{\"@type\":\"ImageObject\",\"inLanguage\":\"es\",\"@id\":\"https:\/\/fg.ull.es\/portal\/gdi\/#\/schema\/person\/image\/\",\"url\":\"https:\/\/secure.gravatar.com\/avatar\/fb13c6d51e43015759a2b0b66dcd2734?s=96&d=mm&r=g\",\"contentUrl\":\"https:\/\/secure.gravatar.com\/avatar\/fb13c6d51e43015759a2b0b66dcd2734?s=96&d=mm&r=g\",\"caption\":\"aascanio\"}}]}<\/script>\n<!-- \/ Yoast SEO plugin. -->","yoast_head_json":{"title":"GDI abre puertas al mercado laboral. Hablamos con F\u00e1tima Tapia - Programa de Gestores de la Innovaci\u00f3n","robots":{"index":"index","follow":"follow","max-snippet":"max-snippet:-1","max-image-preview":"max-image-preview:large","max-video-preview":"max-video-preview:-1"},"canonical":"https:\/\/fg.ull.es\/portal\/gdi\/gdi-abre-puertas-al-mercado-laboral-hablamos-con-fatima-tapia\/","og_locale":"es_ES","og_type":"article","og_title":"GDI abre puertas al mercado laboral. Hablamos con F\u00e1tima Tapia - Programa de Gestores de la Innovaci\u00f3n","og_description":"F\u00e1tima Tapia, graduada en Periodismo por la Universidad de La Laguna curs\u00f3 los tres niveles de Innovaci\u00f3n de nuestro Programa de Gesti\u00f3n de la Innovaci\u00f3n del pasado 2019. Su paso por los cursos de GDI la han llevado a ampliar su formaci\u00f3n y conseguir un puesto en Film Experience Express, una empresa del Norte de...","og_url":"https:\/\/fg.ull.es\/portal\/gdi\/gdi-abre-puertas-al-mercado-laboral-hablamos-con-fatima-tapia\/","og_site_name":"Programa de Gestores de la Innovaci\u00f3n","article_published_time":"2021-01-25T18:47:00+00:00","article_modified_time":"2021-01-26T09:04:31+00:00","og_image":[{"width":1005,"height":670,"url":"https:\/\/fg.ull.es\/portal\/gdi\/wp-content\/uploads\/sites\/2\/2020\/12\/Foto_Fatima.jpg","type":"image\/jpeg"}],"author":"aascanio","twitter_card":"summary_large_image","twitter_misc":{"Written by":"aascanio","Est. reading time":"3 minutos"},"schema":{"@context":"https:\/\/schema.org","@graph":[{"@type":"Article","@id":"https:\/\/fg.ull.es\/portal\/gdi\/gdi-abre-puertas-al-mercado-laboral-hablamos-con-fatima-tapia\/#article","isPartOf":{"@id":"https:\/\/fg.ull.es\/portal\/gdi\/gdi-abre-puertas-al-mercado-laboral-hablamos-con-fatima-tapia\/"},"author":{"name":"aascanio","@id":"https:\/\/fg.ull.es\/portal\/gdi\/#\/schema\/person\/1ad03d108c212b498a622f39176298aa"},"headline":"GDI abre puertas al mercado laboral. Hablamos con F\u00e1tima Tapia","datePublished":"2021-01-25T18:47:00+00:00","dateModified":"2021-01-26T09:04:31+00:00","mainEntityOfPage":{"@id":"https:\/\/fg.ull.es\/portal\/gdi\/gdi-abre-puertas-al-mercado-laboral-hablamos-con-fatima-tapia\/"},"wordCount":587,"publisher":{"@id":"https:\/\/fg.ull.es\/portal\/gdi\/#organization"},"inLanguage":"es"},{"@type":"WebPage","@id":"https:\/\/fg.ull.es\/portal\/gdi\/gdi-abre-puertas-al-mercado-laboral-hablamos-con-fatima-tapia\/","url":"https:\/\/fg.ull.es\/portal\/gdi\/gdi-abre-puertas-al-mercado-laboral-hablamos-con-fatima-tapia\/","name":"GDI abre puertas al mercado laboral. Hablamos con F\u00e1tima Tapia - Programa de Gestores de la Innovaci\u00f3n","isPartOf":{"@id":"https:\/\/fg.ull.es\/portal\/gdi\/#website"},"datePublished":"2021-01-25T18:47:00+00:00","dateModified":"2021-01-26T09:04:31+00:00","breadcrumb":{"@id":"https:\/\/fg.ull.es\/portal\/gdi\/gdi-abre-puertas-al-mercado-laboral-hablamos-con-fatima-tapia\/#breadcrumb"},"inLanguage":"es","potentialAction":[{"@type":"ReadAction","target":["https:\/\/fg.ull.es\/portal\/gdi\/gdi-abre-puertas-al-mercado-laboral-hablamos-con-fatima-tapia\/"]}]},{"@type":"BreadcrumbList","@id":"https:\/\/fg.ull.es\/portal\/gdi\/gdi-abre-puertas-al-mercado-laboral-hablamos-con-fatima-tapia\/#breadcrumb","itemListElement":[{"@type":"ListItem","position":1,"name":"Portada","item":"https:\/\/fg.ull.es\/portal\/gdi\/"},{"@type":"ListItem","position":2,"name":"GDI abre puertas al mercado laboral. Hablamos con F\u00e1tima Tapia"}]},{"@type":"WebSite","@id":"https:\/\/fg.ull.es\/portal\/gdi\/#website","url":"https:\/\/fg.ull.es\/portal\/gdi\/","name":"Programa de Gestores de la Innovaci\u00f3n","description":"","publisher":{"@id":"https:\/\/fg.ull.es\/portal\/gdi\/#organization"},"potentialAction":[{"@type":"SearchAction","target":{"@type":"EntryPoint","urlTemplate":"https:\/\/fg.ull.es\/portal\/gdi\/?s={search_term_string}"},"query-input":"required name=search_term_string"}],"inLanguage":"es"},{"@type":"Organization","@id":"https:\/\/fg.ull.es\/portal\/gdi\/#organization","name":"FUNDACI\u00d3N CANARIA GENERAL UNIVERSIDAD DE LA LAGUNA","url":"https:\/\/fg.ull.es\/portal\/gdi\/","logo":{"@type":"ImageObject","inLanguage":"es","@id":"https:\/\/fg.ull.es\/portal\/gdi\/#\/schema\/logo\/image\/","url":"https:\/\/fg.ull.es\/portal\/gdi\/wp-content\/uploads\/sites\/2\/2020\/04\/FAVICON.png","contentUrl":"https:\/\/fg.ull.es\/portal\/gdi\/wp-content\/uploads\/sites\/2\/2020\/04\/FAVICON.png","width":512,"height":512,"caption":"FUNDACI\u00d3N CANARIA GENERAL UNIVERSIDAD DE LA LAGUNA"},"image":{"@id":"https:\/\/fg.ull.es\/portal\/gdi\/#\/schema\/logo\/image\/"}},{"@type":"Person","@id":"https:\/\/fg.ull.es\/portal\/gdi\/#\/schema\/person\/1ad03d108c212b498a622f39176298aa","name":"aascanio","image":{"@type":"ImageObject","inLanguage":"es","@id":"https:\/\/fg.ull.es\/portal\/gdi\/#\/schema\/person\/image\/","url":"https:\/\/secure.gravatar.com\/avatar\/fb13c6d51e43015759a2b0b66dcd2734?s=96&d=mm&r=g","contentUrl":"https:\/\/secure.gravatar.com\/avatar\/fb13c6d51e43015759a2b0b66dcd2734?s=96&d=mm&r=g","caption":"aascanio"}}]}},"_links":{"self":[{"href":"https:\/\/fg.ull.es\/portal\/gdi\/wp-json\/wp\/v2\/posts\/5079"}],"collection":[{"href":"https:\/\/fg.ull.es\/portal\/gdi\/wp-json\/wp\/v2\/posts"}],"about":[{"href":"https:\/\/fg.ull.es\/portal\/gdi\/wp-json\/wp\/v2\/types\/post"}],"author":[{"embeddable":true,"href":"https:\/\/fg.ull.es\/portal\/gdi\/wp-json\/wp\/v2\/users\/12"}],"replies":[{"embeddable":true,"href":"https:\/\/fg.ull.es\/portal\/gdi\/wp-json\/wp\/v2\/comments?post=5079"}],"version-history":[{"count":10,"href":"https:\/\/fg.ull.es\/portal\/gdi\/wp-json\/wp\/v2\/posts\/5079\/revisions"}],"predecessor-version":[{"id":5193,"href":"https:\/\/fg.ull.es\/portal\/gdi\/wp-json\/wp\/v2\/posts\/5079\/revisions\/5193"}],"wp:featuredmedia":[{"embeddable":true,"href":"https:\/\/fg.ull.es\/portal\/gdi\/wp-json\/wp\/v2\/media\/5081"}],"wp:attachment":[{"href":"https:\/\/fg.ull.es\/portal\/gdi\/wp-json\/wp\/v2\/media?parent=5079"}],"wp:term":[{"taxonomy":"category","embeddable":true,"href":"https:\/\/fg.ull.es\/portal\/gdi\/wp-json\/wp\/v2\/categories?post=5079"},{"taxonomy":"post_tag","embeddable":true,"href":"https:\/\/fg.ull.es\/portal\/gdi\/wp-json\/wp\/v2\/tags?post=5079"}],"curies":[{"name":"wp","href":"https:\/\/api.w.org\/{rel}","templated":true}]}}