{"id":5062,"date":"2020-12-17T11:23:08","date_gmt":"2020-12-17T11:23:08","guid":{"rendered":"https:\/\/fg.ull.es\/portal\/gdi\/?p=5062"},"modified":"2021-01-19T13:25:55","modified_gmt":"2021-01-19T13:25:55","slug":"abiertas-inscripciones-para-empresas-programa-de-gestion-de-la-innovacion-2020","status":"publish","type":"post","link":"https:\/\/fg.ull.es\/portal\/gdi\/abiertas-inscripciones-para-empresas-programa-de-gestion-de-la-innovacion-2020\/","title":{"rendered":"\u00a1Abiertas inscripciones para empresas! Programa de Gesti\u00f3n de la Innovaci\u00f3n 2020"},"content":{"rendered":"\n<p>La Universidad de La Laguna, a trav\u00e9s de su Fundaci\u00f3n General, ofrece la oportunidad a todas las empresas canarias de participar en el Programa de Gesti\u00f3n de la Innovaci\u00f3n 2020, acogiendo a un consultor o consultora durante 3 meses (de forma <strong>totalmente gratuita<\/strong>) para analizar y proponer mejoras en Innovaci\u00f3n o Transformaci\u00f3n Digital.<\/p>\n\n\n\n<p>Los consultores y consultoras del Programa GDI han terminado los 3 niveles formativos en Innovaci\u00f3n o en Transformaci\u00f3n Digital y puede desarrollar acciones de an\u00e1lisis y diagn\u00f3stico de desarrollo tecnol\u00f3gico, digital y de la innovaci\u00f3n de la empresa, dise\u00f1o y planificaci\u00f3n de estrategias y proyectos de mejora, as\u00ed como preparaci\u00f3n de propuestas de certificaci\u00f3n de proyectos de I+D+i.<\/p>\n\n\n\n<p>\u00bfQuieres conocer el testimonio de algunas empresas que han participado en este proyecto a\u00f1os anteriores? Puedes escuchar a:<\/p>\n\n\n\n<ul><li><a href=\"https:\/\/www.youtube.com\/watch?v=sBvnOj8DAcY&amp;list=PLbU1uwxBUAGEcglbJ0XoqbxwNZa4RZvYk&amp;index=66\"><strong>Conectatec<\/strong><\/a>, una&nbsp;&nbsp;Agencia Digital de Marketing Hotelero, Desarrollo e Innovaci\u00f3n, especializada en el sector tur\u00edstico y en las necesidades que de los viajeros.<\/li><li><a href=\"https:\/\/www.youtube.com\/watch?v=QTswci10isE&amp;list=PLbU1uwxBUAGEcglbJ0XoqbxwNZa4RZvYk&amp;index=68\"><strong>SEUR Canarias<\/strong><\/a>,&nbsp;empresa que posee las franquicias de la primera compa\u00f1\u00eda de transporte urgente de Espa\u00f1a.<\/li><li><a href=\"https:\/\/www.youtube.com\/watch?v=Fv5XO2v8o0E&amp;list=PLbU1uwxBUAGEcglbJ0XoqbxwNZa4RZvYk&amp;index=60\"><strong>Centro Neurol\u00f3gico Alay\u00f3n<\/strong><\/a>, que apuesta claramente por la I+D en el \u00e1mbito de la atenci\u00f3n neurol\u00f3gica integral.<\/li><li><a href=\"https:\/\/www.youtube.com\/watch?v=6tPJ5Q12rQI&amp;list=PLbU1uwxBUAGEcglbJ0XoqbxwNZa4RZvYk&amp;index=72\"><strong>Bodegas El Lomo<\/strong><\/a>, una pyme familiar dedicada a la elaboraci\u00f3n de vino de calidad y servicios relacionados con su producci\u00f3n.<\/li><\/ul>\n\n\n\n<p><strong>\u00bfTe interesa?<\/strong> \u00a1Tienes hasta el <strong>25 de enero<\/strong> para inscribirte!<\/p>\n\n\n\n<p>Te invitamos a leer atentamente&nbsp;<a href=\"https:\/\/drive.google.com\/file\/d\/1ddOryd7oMo3MH6Zw3INxISlOeWT2oYbr\/view?usp=sharing\">las bases<\/a>&nbsp;para comprobar que tu empresa cumple las condiciones. Algunos de los requisitos son:<\/p>\n\n\n\n<ul id=\"block-053b779c-4deb-46ba-af2c-a65a7c77c0c7\"><li>Ser una empresa con entidad jur\u00eddica propia y que cuente con sede en Canarias.<\/li><li>Tener como m\u00ednimo tres personas empleadas,<\/li><li>Asignar a alguien de tu plantilla como tutor o tutora<\/li><\/ul>\n\n\n\n<div class=\"wp-block-buttons aligncenter is-layout-flex wp-block-buttons-is-layout-flex\">\n<div class=\"wp-block-button\"><a class=\"wp-block-button__link has-vivid-cyan-blue-to-vivid-purple-gradient-background has-background\" href=\"https:\/\/docs.google.com\/forms\/d\/e\/1FAIpQLSf3JCGo0du1MnP-NsJ3nTLeZ3xFWkfqXNzHjOR1pnM_OthOzA\/viewform\"><strong>\u00a1INSCR\u00cdBE AQU\u00cd A TU EMPRESA!<\/strong><\/a><\/div>\n<\/div>\n\n\n\n<p><\/p>\n","protected":false},"excerpt":{"rendered":"<p>La Universidad de La Laguna, a trav\u00e9s de su Fundaci\u00f3n General, ofrece la oportunidad a todas las empresas canarias de participar en el Programa de Gesti\u00f3n de la Innovaci\u00f3n 2020, acogiendo a un consultor o consultora durante 3 meses (de forma totalmente gratuita) para analizar y proponer mejoras en Innovaci\u00f3n o Transformaci\u00f3n Digital. Los consultores&#8230;<\/p>\n","protected":false},"author":12,"featured_media":4928,"comment_status":"closed","ping_status":"closed","sticky":false,"template":"","format":"standard","meta":{"footnotes":""},"categories":[1],"tags":[],"yoast_head":"<!-- This site is optimized with the Yoast SEO plugin v21.1 - https:\/\/yoast.com\/wordpress\/plugins\/seo\/ -->\n<title>\u00a1Abiertas inscripciones para empresas! Programa de Gesti\u00f3n de la Innovaci\u00f3n 2020 - Programa de Gestores de la Innovaci\u00f3n<\/title>\n<meta name=\"robots\" content=\"index, follow, max-snippet:-1, max-image-preview:large, max-video-preview:-1\" \/>\n<link rel=\"canonical\" href=\"https:\/\/fg.ull.es\/portal\/gdi\/abiertas-inscripciones-para-empresas-programa-de-gestion-de-la-innovacion-2020\/\" \/>\n<meta property=\"og:locale\" content=\"es_ES\" \/>\n<meta property=\"og:type\" content=\"article\" \/>\n<meta property=\"og:title\" content=\"\u00a1Abiertas inscripciones para empresas! Programa de Gesti\u00f3n de la Innovaci\u00f3n 2020 - Programa de Gestores de la Innovaci\u00f3n\" \/>\n<meta property=\"og:description\" content=\"La Universidad de La Laguna, a trav\u00e9s de su Fundaci\u00f3n General, ofrece la oportunidad a todas las empresas canarias de participar en el Programa de Gesti\u00f3n de la Innovaci\u00f3n 2020, acogiendo a un consultor o consultora durante 3 meses (de forma totalmente gratuita) para analizar y proponer mejoras en Innovaci\u00f3n o Transformaci\u00f3n Digital. Los consultores...\" \/>\n<meta property=\"og:url\" content=\"https:\/\/fg.ull.es\/portal\/gdi\/abiertas-inscripciones-para-empresas-programa-de-gestion-de-la-innovacion-2020\/\" \/>\n<meta property=\"og:site_name\" content=\"Programa de Gestores de la Innovaci\u00f3n\" \/>\n<meta property=\"article:published_time\" content=\"2020-12-17T11:23:08+00:00\" \/>\n<meta property=\"article:modified_time\" content=\"2021-01-19T13:25:55+00:00\" \/>\n<meta property=\"og:image\" content=\"https:\/\/fg.ull.es\/portal\/gdi\/wp-content\/uploads\/sites\/2\/2020\/11\/Banners-empresas-1-4.jpg\" \/>\n\t<meta property=\"og:image:width\" content=\"1200\" \/>\n\t<meta property=\"og:image:height\" content=\"628\" \/>\n\t<meta property=\"og:image:type\" content=\"image\/jpeg\" \/>\n<meta name=\"author\" content=\"aascanio\" \/>\n<meta name=\"twitter:card\" content=\"summary_large_image\" \/>\n<meta name=\"twitter:label1\" content=\"Written by\" \/>\n\t<meta name=\"twitter:data1\" content=\"aascanio\" \/>\n\t<meta name=\"twitter:label2\" content=\"Est. reading time\" \/>\n\t<meta name=\"twitter:data2\" content=\"2 minutos\" \/>\n<script type=\"application\/ld+json\" class=\"yoast-schema-graph\">{\"@context\":\"https:\/\/schema.org\",\"@graph\":[{\"@type\":\"Article\",\"@id\":\"https:\/\/fg.ull.es\/portal\/gdi\/abiertas-inscripciones-para-empresas-programa-de-gestion-de-la-innovacion-2020\/#article\",\"isPartOf\":{\"@id\":\"https:\/\/fg.ull.es\/portal\/gdi\/abiertas-inscripciones-para-empresas-programa-de-gestion-de-la-innovacion-2020\/\"},\"author\":{\"name\":\"aascanio\",\"@id\":\"https:\/\/fg.ull.es\/portal\/gdi\/#\/schema\/person\/1ad03d108c212b498a622f39176298aa\"},\"headline\":\"\u00a1Abiertas inscripciones para empresas! Programa de Gesti\u00f3n de la Innovaci\u00f3n 2020\",\"datePublished\":\"2020-12-17T11:23:08+00:00\",\"dateModified\":\"2021-01-19T13:25:55+00:00\",\"mainEntityOfPage\":{\"@id\":\"https:\/\/fg.ull.es\/portal\/gdi\/abiertas-inscripciones-para-empresas-programa-de-gestion-de-la-innovacion-2020\/\"},\"wordCount\":316,\"publisher\":{\"@id\":\"https:\/\/fg.ull.es\/portal\/gdi\/#organization\"},\"inLanguage\":\"es\"},{\"@type\":\"WebPage\",\"@id\":\"https:\/\/fg.ull.es\/portal\/gdi\/abiertas-inscripciones-para-empresas-programa-de-gestion-de-la-innovacion-2020\/\",\"url\":\"https:\/\/fg.ull.es\/portal\/gdi\/abiertas-inscripciones-para-empresas-programa-de-gestion-de-la-innovacion-2020\/\",\"name\":\"\u00a1Abiertas inscripciones para empresas! Programa de Gesti\u00f3n de la Innovaci\u00f3n 2020 - Programa de Gestores de la Innovaci\u00f3n\",\"isPartOf\":{\"@id\":\"https:\/\/fg.ull.es\/portal\/gdi\/#website\"},\"datePublished\":\"2020-12-17T11:23:08+00:00\",\"dateModified\":\"2021-01-19T13:25:55+00:00\",\"breadcrumb\":{\"@id\":\"https:\/\/fg.ull.es\/portal\/gdi\/abiertas-inscripciones-para-empresas-programa-de-gestion-de-la-innovacion-2020\/#breadcrumb\"},\"inLanguage\":\"es\",\"potentialAction\":[{\"@type\":\"ReadAction\",\"target\":[\"https:\/\/fg.ull.es\/portal\/gdi\/abiertas-inscripciones-para-empresas-programa-de-gestion-de-la-innovacion-2020\/\"]}]},{\"@type\":\"BreadcrumbList\",\"@id\":\"https:\/\/fg.ull.es\/portal\/gdi\/abiertas-inscripciones-para-empresas-programa-de-gestion-de-la-innovacion-2020\/#breadcrumb\",\"itemListElement\":[{\"@type\":\"ListItem\",\"position\":1,\"name\":\"Portada\",\"item\":\"https:\/\/fg.ull.es\/portal\/gdi\/\"},{\"@type\":\"ListItem\",\"position\":2,\"name\":\"\u00a1Abiertas inscripciones para empresas! Programa de Gesti\u00f3n de la Innovaci\u00f3n 2020\"}]},{\"@type\":\"WebSite\",\"@id\":\"https:\/\/fg.ull.es\/portal\/gdi\/#website\",\"url\":\"https:\/\/fg.ull.es\/portal\/gdi\/\",\"name\":\"Programa de Gestores de la Innovaci\u00f3n\",\"description\":\"\",\"publisher\":{\"@id\":\"https:\/\/fg.ull.es\/portal\/gdi\/#organization\"},\"potentialAction\":[{\"@type\":\"SearchAction\",\"target\":{\"@type\":\"EntryPoint\",\"urlTemplate\":\"https:\/\/fg.ull.es\/portal\/gdi\/?s={search_term_string}\"},\"query-input\":\"required name=search_term_string\"}],\"inLanguage\":\"es\"},{\"@type\":\"Organization\",\"@id\":\"https:\/\/fg.ull.es\/portal\/gdi\/#organization\",\"name\":\"FUNDACI\u00d3N CANARIA GENERAL UNIVERSIDAD DE LA LAGUNA\",\"url\":\"https:\/\/fg.ull.es\/portal\/gdi\/\",\"logo\":{\"@type\":\"ImageObject\",\"inLanguage\":\"es\",\"@id\":\"https:\/\/fg.ull.es\/portal\/gdi\/#\/schema\/logo\/image\/\",\"url\":\"https:\/\/fg.ull.es\/portal\/gdi\/wp-content\/uploads\/sites\/2\/2020\/04\/FAVICON.png\",\"contentUrl\":\"https:\/\/fg.ull.es\/portal\/gdi\/wp-content\/uploads\/sites\/2\/2020\/04\/FAVICON.png\",\"width\":512,\"height\":512,\"caption\":\"FUNDACI\u00d3N CANARIA GENERAL UNIVERSIDAD DE LA LAGUNA\"},\"image\":{\"@id\":\"https:\/\/fg.ull.es\/portal\/gdi\/#\/schema\/logo\/image\/\"}},{\"@type\":\"Person\",\"@id\":\"https:\/\/fg.ull.es\/portal\/gdi\/#\/schema\/person\/1ad03d108c212b498a622f39176298aa\",\"name\":\"aascanio\",\"image\":{\"@type\":\"ImageObject\",\"inLanguage\":\"es\",\"@id\":\"https:\/\/fg.ull.es\/portal\/gdi\/#\/schema\/person\/image\/\",\"url\":\"https:\/\/secure.gravatar.com\/avatar\/fb13c6d51e43015759a2b0b66dcd2734?s=96&d=mm&r=g\",\"contentUrl\":\"https:\/\/secure.gravatar.com\/avatar\/fb13c6d51e43015759a2b0b66dcd2734?s=96&d=mm&r=g\",\"caption\":\"aascanio\"}}]}<\/script>\n<!-- \/ Yoast SEO plugin. -->","yoast_head_json":{"title":"\u00a1Abiertas inscripciones para empresas! Programa de Gesti\u00f3n de la Innovaci\u00f3n 2020 - Programa de Gestores de la Innovaci\u00f3n","robots":{"index":"index","follow":"follow","max-snippet":"max-snippet:-1","max-image-preview":"max-image-preview:large","max-video-preview":"max-video-preview:-1"},"canonical":"https:\/\/fg.ull.es\/portal\/gdi\/abiertas-inscripciones-para-empresas-programa-de-gestion-de-la-innovacion-2020\/","og_locale":"es_ES","og_type":"article","og_title":"\u00a1Abiertas inscripciones para empresas! Programa de Gesti\u00f3n de la Innovaci\u00f3n 2020 - Programa de Gestores de la Innovaci\u00f3n","og_description":"La Universidad de La Laguna, a trav\u00e9s de su Fundaci\u00f3n General, ofrece la oportunidad a todas las empresas canarias de participar en el Programa de Gesti\u00f3n de la Innovaci\u00f3n 2020, acogiendo a un consultor o consultora durante 3 meses (de forma totalmente gratuita) para analizar y proponer mejoras en Innovaci\u00f3n o Transformaci\u00f3n Digital. Los consultores...","og_url":"https:\/\/fg.ull.es\/portal\/gdi\/abiertas-inscripciones-para-empresas-programa-de-gestion-de-la-innovacion-2020\/","og_site_name":"Programa de Gestores de la Innovaci\u00f3n","article_published_time":"2020-12-17T11:23:08+00:00","article_modified_time":"2021-01-19T13:25:55+00:00","og_image":[{"width":1200,"height":628,"url":"https:\/\/fg.ull.es\/portal\/gdi\/wp-content\/uploads\/sites\/2\/2020\/11\/Banners-empresas-1-4.jpg","type":"image\/jpeg"}],"author":"aascanio","twitter_card":"summary_large_image","twitter_misc":{"Written by":"aascanio","Est. reading time":"2 minutos"},"schema":{"@context":"https:\/\/schema.org","@graph":[{"@type":"Article","@id":"https:\/\/fg.ull.es\/portal\/gdi\/abiertas-inscripciones-para-empresas-programa-de-gestion-de-la-innovacion-2020\/#article","isPartOf":{"@id":"https:\/\/fg.ull.es\/portal\/gdi\/abiertas-inscripciones-para-empresas-programa-de-gestion-de-la-innovacion-2020\/"},"author":{"name":"aascanio","@id":"https:\/\/fg.ull.es\/portal\/gdi\/#\/schema\/person\/1ad03d108c212b498a622f39176298aa"},"headline":"\u00a1Abiertas inscripciones para empresas! Programa de Gesti\u00f3n de la Innovaci\u00f3n 2020","datePublished":"2020-12-17T11:23:08+00:00","dateModified":"2021-01-19T13:25:55+00:00","mainEntityOfPage":{"@id":"https:\/\/fg.ull.es\/portal\/gdi\/abiertas-inscripciones-para-empresas-programa-de-gestion-de-la-innovacion-2020\/"},"wordCount":316,"publisher":{"@id":"https:\/\/fg.ull.es\/portal\/gdi\/#organization"},"inLanguage":"es"},{"@type":"WebPage","@id":"https:\/\/fg.ull.es\/portal\/gdi\/abiertas-inscripciones-para-empresas-programa-de-gestion-de-la-innovacion-2020\/","url":"https:\/\/fg.ull.es\/portal\/gdi\/abiertas-inscripciones-para-empresas-programa-de-gestion-de-la-innovacion-2020\/","name":"\u00a1Abiertas inscripciones para empresas! Programa de Gesti\u00f3n de la Innovaci\u00f3n 2020 - Programa de Gestores de la Innovaci\u00f3n","isPartOf":{"@id":"https:\/\/fg.ull.es\/portal\/gdi\/#website"},"datePublished":"2020-12-17T11:23:08+00:00","dateModified":"2021-01-19T13:25:55+00:00","breadcrumb":{"@id":"https:\/\/fg.ull.es\/portal\/gdi\/abiertas-inscripciones-para-empresas-programa-de-gestion-de-la-innovacion-2020\/#breadcrumb"},"inLanguage":"es","potentialAction":[{"@type":"ReadAction","target":["https:\/\/fg.ull.es\/portal\/gdi\/abiertas-inscripciones-para-empresas-programa-de-gestion-de-la-innovacion-2020\/"]}]},{"@type":"BreadcrumbList","@id":"https:\/\/fg.ull.es\/portal\/gdi\/abiertas-inscripciones-para-empresas-programa-de-gestion-de-la-innovacion-2020\/#breadcrumb","itemListElement":[{"@type":"ListItem","position":1,"name":"Portada","item":"https:\/\/fg.ull.es\/portal\/gdi\/"},{"@type":"ListItem","position":2,"name":"\u00a1Abiertas inscripciones para empresas! Programa de Gesti\u00f3n de la Innovaci\u00f3n 2020"}]},{"@type":"WebSite","@id":"https:\/\/fg.ull.es\/portal\/gdi\/#website","url":"https:\/\/fg.ull.es\/portal\/gdi\/","name":"Programa de Gestores de la Innovaci\u00f3n","description":"","publisher":{"@id":"https:\/\/fg.ull.es\/portal\/gdi\/#organization"},"potentialAction":[{"@type":"SearchAction","target":{"@type":"EntryPoint","urlTemplate":"https:\/\/fg.ull.es\/portal\/gdi\/?s={search_term_string}"},"query-input":"required name=search_term_string"}],"inLanguage":"es"},{"@type":"Organization","@id":"https:\/\/fg.ull.es\/portal\/gdi\/#organization","name":"FUNDACI\u00d3N CANARIA GENERAL UNIVERSIDAD DE LA LAGUNA","url":"https:\/\/fg.ull.es\/portal\/gdi\/","logo":{"@type":"ImageObject","inLanguage":"es","@id":"https:\/\/fg.ull.es\/portal\/gdi\/#\/schema\/logo\/image\/","url":"https:\/\/fg.ull.es\/portal\/gdi\/wp-content\/uploads\/sites\/2\/2020\/04\/FAVICON.png","contentUrl":"https:\/\/fg.ull.es\/portal\/gdi\/wp-content\/uploads\/sites\/2\/2020\/04\/FAVICON.png","width":512,"height":512,"caption":"FUNDACI\u00d3N CANARIA GENERAL UNIVERSIDAD DE LA LAGUNA"},"image":{"@id":"https:\/\/fg.ull.es\/portal\/gdi\/#\/schema\/logo\/image\/"}},{"@type":"Person","@id":"https:\/\/fg.ull.es\/portal\/gdi\/#\/schema\/person\/1ad03d108c212b498a622f39176298aa","name":"aascanio","image":{"@type":"ImageObject","inLanguage":"es","@id":"https:\/\/fg.ull.es\/portal\/gdi\/#\/schema\/person\/image\/","url":"https:\/\/secure.gravatar.com\/avatar\/fb13c6d51e43015759a2b0b66dcd2734?s=96&d=mm&r=g","contentUrl":"https:\/\/secure.gravatar.com\/avatar\/fb13c6d51e43015759a2b0b66dcd2734?s=96&d=mm&r=g","caption":"aascanio"}}]}},"_links":{"self":[{"href":"https:\/\/fg.ull.es\/portal\/gdi\/wp-json\/wp\/v2\/posts\/5062"}],"collection":[{"href":"https:\/\/fg.ull.es\/portal\/gdi\/wp-json\/wp\/v2\/posts"}],"about":[{"href":"https:\/\/fg.ull.es\/portal\/gdi\/wp-json\/wp\/v2\/types\/post"}],"author":[{"embeddable":true,"href":"https:\/\/fg.ull.es\/portal\/gdi\/wp-json\/wp\/v2\/users\/12"}],"replies":[{"embeddable":true,"href":"https:\/\/fg.ull.es\/portal\/gdi\/wp-json\/wp\/v2\/comments?post=5062"}],"version-history":[{"count":5,"href":"https:\/\/fg.ull.es\/portal\/gdi\/wp-json\/wp\/v2\/posts\/5062\/revisions"}],"predecessor-version":[{"id":5144,"href":"https:\/\/fg.ull.es\/portal\/gdi\/wp-json\/wp\/v2\/posts\/5062\/revisions\/5144"}],"wp:featuredmedia":[{"embeddable":true,"href":"https:\/\/fg.ull.es\/portal\/gdi\/wp-json\/wp\/v2\/media\/4928"}],"wp:attachment":[{"href":"https:\/\/fg.ull.es\/portal\/gdi\/wp-json\/wp\/v2\/media?parent=5062"}],"wp:term":[{"taxonomy":"category","embeddable":true,"href":"https:\/\/fg.ull.es\/portal\/gdi\/wp-json\/wp\/v2\/categories?post=5062"},{"taxonomy":"post_tag","embeddable":true,"href":"https:\/\/fg.ull.es\/portal\/gdi\/wp-json\/wp\/v2\/tags?post=5062"}],"curies":[{"name":"wp","href":"https:\/\/api.w.org\/{rel}","templated":true}]}}