{"id":4975,"date":"2020-12-02T12:14:30","date_gmt":"2020-12-02T12:14:30","guid":{"rendered":"https:\/\/fg.ull.es\/portal\/gdi\/?p=4975"},"modified":"2020-12-02T15:14:26","modified_gmt":"2020-12-02T15:14:26","slug":"abierto-el-procedimiento-de-inscripcion-para-el-alumnado-en-formacion-practica","status":"publish","type":"post","link":"https:\/\/fg.ull.es\/portal\/gdi\/abierto-el-procedimiento-de-inscripcion-para-el-alumnado-en-formacion-practica\/","title":{"rendered":"Abierto el procedimiento de inscripci\u00f3n para el alumnado en formaci\u00f3n pr\u00e1ctica"},"content":{"rendered":"\n<p>Si has participado en el <strong>programa formativo de Gestores de la Innovaci\u00f3n<\/strong>, y superado la fase formativa te\u00f3rica del <strong>nivel 3. Consultor\u00eda de la innovaci\u00f3n<\/strong> o <strong>nivel 3. Consultor\u00eda digital<\/strong>, en alguno de los cursos impartidos en las ediciones del Programa realizadas entre 2016 y 2020, tienes la oportunidad de colaborar en la gesti\u00f3n de los proyectos de I+D+i que tengan las entidades participantes.<\/p>\n\n\n\n<p>Si posees una titulaci\u00f3n superior universitaria finalizada y te encuentras en situaci\u00f3n de desempleo, puedes ser <strong>un\/a de los 25 participantes <\/strong>que se insertar\u00e1n durante <strong>tres meses (febrero, marzo, abril de 2021)<\/strong> en una de las empresas o grupos\/centros de investigaci\u00f3n .<\/p>\n\n\n\n<p>Las personas seleccionadas desarrollar\u00e1n su trabajo en las empresas o grupos\/centros de investigaci\u00f3n participantes, con un horario acorde al desarrollado por las entidades en las que sean insertados\/as, y firmar\u00e1n un convenio para regular los compromisos con la Fundaci\u00f3n General de la Universidad de La Laguna.<\/p>\n\n\n\n<p>Antes de inscribirte <strong>consulta las bases<\/strong> atentamente y confirma que cumples con los requisitos de participaci\u00f3n seg\u00fan tu formaci\u00f3n\u00a0<a rel=\"noreferrer noopener\" href=\"https:\/\/drive.google.com\/file\/d\/1AHbZMYA05pQgBu20ytp_ybWeXkzlCYny\/view\" target=\"_blank\" data-type=\"URL\" data-id=\"https:\/\/drive.google.com\/file\/d\/1AHbZMYA05pQgBu20ytp_ybWeXkzlCYny\/view\">Consultor\u00eda de la innovaci\u00f3n<\/a> o <a rel=\"noreferrer noopener\" href=\"https:\/\/drive.google.com\/file\/d\/1TD0VqJvqko4BFF-UzG5Z8uOzA-JchWax\/view\" target=\"_blank\" data-type=\"URL\" data-id=\"https:\/\/drive.google.com\/file\/d\/1TD0VqJvqko4BFF-UzG5Z8uOzA-JchWax\/view\">Consultor\u00eda digital<\/a>, tienes de <strong>plazo desde el d\u00eda 02\/12\/2020 hasta el 14\/01\/2021<\/strong>. <\/p>\n\n\n\n<p>Para confirmar tu <strong>inscripci\u00f3n<\/strong> accede a los correspondientes formularios <a href=\"https:\/\/docs.google.com\/forms\/d\/e\/1FAIpQLSfTAS6dDNaTSO7aCvYqElkJHVWvFknYIie20H0JEXGrFPj0jw\/viewform\" data-type=\"URL\" data-id=\"https:\/\/docs.google.com\/forms\/d\/e\/1FAIpQLSfTAS6dDNaTSO7aCvYqElkJHVWvFknYIie20H0JEXGrFPj0jw\/viewform\" target=\"_blank\" rel=\"noreferrer noopener\">Consultor\u00eda de la innovaci\u00f3n<\/a> o <a rel=\"noreferrer noopener\" href=\"https:\/\/docs.google.com\/forms\/d\/e\/1FAIpQLSeYRIsX2DSb4yGzJNpIeeaLHRODu3z9-MTdroguiWXmifww5g\/viewform\" data-type=\"URL\" data-id=\"https:\/\/docs.google.com\/forms\/d\/e\/1FAIpQLSeYRIsX2DSb4yGzJNpIeeaLHRODu3z9-MTdroguiWXmifww5g\/viewform\" target=\"_blank\">Consultor\u00eda digital<\/a><\/p>\n\n\n\n<p><\/p>\n","protected":false},"excerpt":{"rendered":"<p>Si has participado en el programa formativo de Gestores de la Innovaci\u00f3n, y superado la fase formativa te\u00f3rica del nivel 3. Consultor\u00eda de la innovaci\u00f3n o nivel 3. Consultor\u00eda digital, en alguno de los cursos impartidos en las ediciones del Programa realizadas entre 2016 y 2020, tienes la oportunidad de colaborar en la gesti\u00f3n de&#8230;<\/p>\n","protected":false},"author":9,"featured_media":4033,"comment_status":"closed","ping_status":"closed","sticky":false,"template":"","format":"standard","meta":{"footnotes":""},"categories":[1],"tags":[],"yoast_head":"<!-- This site is optimized with the Yoast SEO plugin v21.1 - https:\/\/yoast.com\/wordpress\/plugins\/seo\/ -->\n<title>Abierto el procedimiento de inscripci\u00f3n para el alumnado en formaci\u00f3n pr\u00e1ctica - Programa de Gestores de la Innovaci\u00f3n<\/title>\n<meta name=\"robots\" content=\"index, follow, max-snippet:-1, max-image-preview:large, max-video-preview:-1\" \/>\n<link rel=\"canonical\" href=\"https:\/\/fg.ull.es\/portal\/gdi\/abierto-el-procedimiento-de-inscripcion-para-el-alumnado-en-formacion-practica\/\" \/>\n<meta property=\"og:locale\" content=\"es_ES\" \/>\n<meta property=\"og:type\" content=\"article\" \/>\n<meta property=\"og:title\" content=\"Abierto el procedimiento de inscripci\u00f3n para el alumnado en formaci\u00f3n pr\u00e1ctica - Programa de Gestores de la Innovaci\u00f3n\" \/>\n<meta property=\"og:description\" content=\"Si has participado en el programa formativo de Gestores de la Innovaci\u00f3n, y superado la fase formativa te\u00f3rica del nivel 3. Consultor\u00eda de la innovaci\u00f3n o nivel 3. Consultor\u00eda digital, en alguno de los cursos impartidos en las ediciones del Programa realizadas entre 2016 y 2020, tienes la oportunidad de colaborar en la gesti\u00f3n de...\" \/>\n<meta property=\"og:url\" content=\"https:\/\/fg.ull.es\/portal\/gdi\/abierto-el-procedimiento-de-inscripcion-para-el-alumnado-en-formacion-practica\/\" \/>\n<meta property=\"og:site_name\" content=\"Programa de Gestores de la Innovaci\u00f3n\" \/>\n<meta property=\"article:published_time\" content=\"2020-12-02T12:14:30+00:00\" \/>\n<meta property=\"article:modified_time\" content=\"2020-12-02T15:14:26+00:00\" \/>\n<meta property=\"og:image\" content=\"https:\/\/fg.ull.es\/portal\/gdi\/wp-content\/uploads\/sites\/2\/2020\/09\/jeshoots-com-LtNvQHdKkmw-unsplash-scaled.jpg\" \/>\n\t<meta property=\"og:image:width\" content=\"2560\" \/>\n\t<meta property=\"og:image:height\" content=\"1707\" \/>\n\t<meta property=\"og:image:type\" content=\"image\/jpeg\" \/>\n<meta name=\"author\" content=\"foguisado\" \/>\n<meta name=\"twitter:card\" content=\"summary_large_image\" \/>\n<meta name=\"twitter:label1\" content=\"Written by\" \/>\n\t<meta name=\"twitter:data1\" content=\"foguisado\" \/>\n\t<meta name=\"twitter:label2\" content=\"Est. reading time\" \/>\n\t<meta name=\"twitter:data2\" content=\"1 minuto\" \/>\n<script type=\"application\/ld+json\" class=\"yoast-schema-graph\">{\"@context\":\"https:\/\/schema.org\",\"@graph\":[{\"@type\":\"Article\",\"@id\":\"https:\/\/fg.ull.es\/portal\/gdi\/abierto-el-procedimiento-de-inscripcion-para-el-alumnado-en-formacion-practica\/#article\",\"isPartOf\":{\"@id\":\"https:\/\/fg.ull.es\/portal\/gdi\/abierto-el-procedimiento-de-inscripcion-para-el-alumnado-en-formacion-practica\/\"},\"author\":{\"name\":\"foguisado\",\"@id\":\"https:\/\/fg.ull.es\/portal\/gdi\/#\/schema\/person\/cd0f7ca826926dd4a0eb25f9c8fb0bb3\"},\"headline\":\"Abierto el procedimiento de inscripci\u00f3n para el alumnado en formaci\u00f3n pr\u00e1ctica\",\"datePublished\":\"2020-12-02T12:14:30+00:00\",\"dateModified\":\"2020-12-02T15:14:26+00:00\",\"mainEntityOfPage\":{\"@id\":\"https:\/\/fg.ull.es\/portal\/gdi\/abierto-el-procedimiento-de-inscripcion-para-el-alumnado-en-formacion-practica\/\"},\"wordCount\":240,\"publisher\":{\"@id\":\"https:\/\/fg.ull.es\/portal\/gdi\/#organization\"},\"inLanguage\":\"es\"},{\"@type\":\"WebPage\",\"@id\":\"https:\/\/fg.ull.es\/portal\/gdi\/abierto-el-procedimiento-de-inscripcion-para-el-alumnado-en-formacion-practica\/\",\"url\":\"https:\/\/fg.ull.es\/portal\/gdi\/abierto-el-procedimiento-de-inscripcion-para-el-alumnado-en-formacion-practica\/\",\"name\":\"Abierto el procedimiento de inscripci\u00f3n para el alumnado en formaci\u00f3n pr\u00e1ctica - Programa de Gestores de la Innovaci\u00f3n\",\"isPartOf\":{\"@id\":\"https:\/\/fg.ull.es\/portal\/gdi\/#website\"},\"datePublished\":\"2020-12-02T12:14:30+00:00\",\"dateModified\":\"2020-12-02T15:14:26+00:00\",\"breadcrumb\":{\"@id\":\"https:\/\/fg.ull.es\/portal\/gdi\/abierto-el-procedimiento-de-inscripcion-para-el-alumnado-en-formacion-practica\/#breadcrumb\"},\"inLanguage\":\"es\",\"potentialAction\":[{\"@type\":\"ReadAction\",\"target\":[\"https:\/\/fg.ull.es\/portal\/gdi\/abierto-el-procedimiento-de-inscripcion-para-el-alumnado-en-formacion-practica\/\"]}]},{\"@type\":\"BreadcrumbList\",\"@id\":\"https:\/\/fg.ull.es\/portal\/gdi\/abierto-el-procedimiento-de-inscripcion-para-el-alumnado-en-formacion-practica\/#breadcrumb\",\"itemListElement\":[{\"@type\":\"ListItem\",\"position\":1,\"name\":\"Portada\",\"item\":\"https:\/\/fg.ull.es\/portal\/gdi\/\"},{\"@type\":\"ListItem\",\"position\":2,\"name\":\"Abierto el procedimiento de inscripci\u00f3n para el alumnado en formaci\u00f3n pr\u00e1ctica\"}]},{\"@type\":\"WebSite\",\"@id\":\"https:\/\/fg.ull.es\/portal\/gdi\/#website\",\"url\":\"https:\/\/fg.ull.es\/portal\/gdi\/\",\"name\":\"Programa de Gestores de la Innovaci\u00f3n\",\"description\":\"\",\"publisher\":{\"@id\":\"https:\/\/fg.ull.es\/portal\/gdi\/#organization\"},\"potentialAction\":[{\"@type\":\"SearchAction\",\"target\":{\"@type\":\"EntryPoint\",\"urlTemplate\":\"https:\/\/fg.ull.es\/portal\/gdi\/?s={search_term_string}\"},\"query-input\":\"required name=search_term_string\"}],\"inLanguage\":\"es\"},{\"@type\":\"Organization\",\"@id\":\"https:\/\/fg.ull.es\/portal\/gdi\/#organization\",\"name\":\"FUNDACI\u00d3N CANARIA GENERAL UNIVERSIDAD DE LA LAGUNA\",\"url\":\"https:\/\/fg.ull.es\/portal\/gdi\/\",\"logo\":{\"@type\":\"ImageObject\",\"inLanguage\":\"es\",\"@id\":\"https:\/\/fg.ull.es\/portal\/gdi\/#\/schema\/logo\/image\/\",\"url\":\"https:\/\/fg.ull.es\/portal\/gdi\/wp-content\/uploads\/sites\/2\/2020\/04\/FAVICON.png\",\"contentUrl\":\"https:\/\/fg.ull.es\/portal\/gdi\/wp-content\/uploads\/sites\/2\/2020\/04\/FAVICON.png\",\"width\":512,\"height\":512,\"caption\":\"FUNDACI\u00d3N CANARIA GENERAL UNIVERSIDAD DE LA LAGUNA\"},\"image\":{\"@id\":\"https:\/\/fg.ull.es\/portal\/gdi\/#\/schema\/logo\/image\/\"}},{\"@type\":\"Person\",\"@id\":\"https:\/\/fg.ull.es\/portal\/gdi\/#\/schema\/person\/cd0f7ca826926dd4a0eb25f9c8fb0bb3\",\"name\":\"foguisado\",\"image\":{\"@type\":\"ImageObject\",\"inLanguage\":\"es\",\"@id\":\"https:\/\/fg.ull.es\/portal\/gdi\/#\/schema\/person\/image\/\",\"url\":\"https:\/\/secure.gravatar.com\/avatar\/547f00b03d8a3f8a44c7163ced6a71da?s=96&d=mm&r=g\",\"contentUrl\":\"https:\/\/secure.gravatar.com\/avatar\/547f00b03d8a3f8a44c7163ced6a71da?s=96&d=mm&r=g\",\"caption\":\"foguisado\"}}]}<\/script>\n<!-- \/ Yoast SEO plugin. -->","yoast_head_json":{"title":"Abierto el procedimiento de inscripci\u00f3n para el alumnado en formaci\u00f3n pr\u00e1ctica - Programa de Gestores de la Innovaci\u00f3n","robots":{"index":"index","follow":"follow","max-snippet":"max-snippet:-1","max-image-preview":"max-image-preview:large","max-video-preview":"max-video-preview:-1"},"canonical":"https:\/\/fg.ull.es\/portal\/gdi\/abierto-el-procedimiento-de-inscripcion-para-el-alumnado-en-formacion-practica\/","og_locale":"es_ES","og_type":"article","og_title":"Abierto el procedimiento de inscripci\u00f3n para el alumnado en formaci\u00f3n pr\u00e1ctica - Programa de Gestores de la Innovaci\u00f3n","og_description":"Si has participado en el programa formativo de Gestores de la Innovaci\u00f3n, y superado la fase formativa te\u00f3rica del nivel 3. Consultor\u00eda de la innovaci\u00f3n o nivel 3. Consultor\u00eda digital, en alguno de los cursos impartidos en las ediciones del Programa realizadas entre 2016 y 2020, tienes la oportunidad de colaborar en la gesti\u00f3n de...","og_url":"https:\/\/fg.ull.es\/portal\/gdi\/abierto-el-procedimiento-de-inscripcion-para-el-alumnado-en-formacion-practica\/","og_site_name":"Programa de Gestores de la Innovaci\u00f3n","article_published_time":"2020-12-02T12:14:30+00:00","article_modified_time":"2020-12-02T15:14:26+00:00","og_image":[{"width":2560,"height":1707,"url":"https:\/\/fg.ull.es\/portal\/gdi\/wp-content\/uploads\/sites\/2\/2020\/09\/jeshoots-com-LtNvQHdKkmw-unsplash-scaled.jpg","type":"image\/jpeg"}],"author":"foguisado","twitter_card":"summary_large_image","twitter_misc":{"Written by":"foguisado","Est. reading time":"1 minuto"},"schema":{"@context":"https:\/\/schema.org","@graph":[{"@type":"Article","@id":"https:\/\/fg.ull.es\/portal\/gdi\/abierto-el-procedimiento-de-inscripcion-para-el-alumnado-en-formacion-practica\/#article","isPartOf":{"@id":"https:\/\/fg.ull.es\/portal\/gdi\/abierto-el-procedimiento-de-inscripcion-para-el-alumnado-en-formacion-practica\/"},"author":{"name":"foguisado","@id":"https:\/\/fg.ull.es\/portal\/gdi\/#\/schema\/person\/cd0f7ca826926dd4a0eb25f9c8fb0bb3"},"headline":"Abierto el procedimiento de inscripci\u00f3n para el alumnado en formaci\u00f3n pr\u00e1ctica","datePublished":"2020-12-02T12:14:30+00:00","dateModified":"2020-12-02T15:14:26+00:00","mainEntityOfPage":{"@id":"https:\/\/fg.ull.es\/portal\/gdi\/abierto-el-procedimiento-de-inscripcion-para-el-alumnado-en-formacion-practica\/"},"wordCount":240,"publisher":{"@id":"https:\/\/fg.ull.es\/portal\/gdi\/#organization"},"inLanguage":"es"},{"@type":"WebPage","@id":"https:\/\/fg.ull.es\/portal\/gdi\/abierto-el-procedimiento-de-inscripcion-para-el-alumnado-en-formacion-practica\/","url":"https:\/\/fg.ull.es\/portal\/gdi\/abierto-el-procedimiento-de-inscripcion-para-el-alumnado-en-formacion-practica\/","name":"Abierto el procedimiento de inscripci\u00f3n para el alumnado en formaci\u00f3n pr\u00e1ctica - Programa de Gestores de la Innovaci\u00f3n","isPartOf":{"@id":"https:\/\/fg.ull.es\/portal\/gdi\/#website"},"datePublished":"2020-12-02T12:14:30+00:00","dateModified":"2020-12-02T15:14:26+00:00","breadcrumb":{"@id":"https:\/\/fg.ull.es\/portal\/gdi\/abierto-el-procedimiento-de-inscripcion-para-el-alumnado-en-formacion-practica\/#breadcrumb"},"inLanguage":"es","potentialAction":[{"@type":"ReadAction","target":["https:\/\/fg.ull.es\/portal\/gdi\/abierto-el-procedimiento-de-inscripcion-para-el-alumnado-en-formacion-practica\/"]}]},{"@type":"BreadcrumbList","@id":"https:\/\/fg.ull.es\/portal\/gdi\/abierto-el-procedimiento-de-inscripcion-para-el-alumnado-en-formacion-practica\/#breadcrumb","itemListElement":[{"@type":"ListItem","position":1,"name":"Portada","item":"https:\/\/fg.ull.es\/portal\/gdi\/"},{"@type":"ListItem","position":2,"name":"Abierto el procedimiento de inscripci\u00f3n para el alumnado en formaci\u00f3n pr\u00e1ctica"}]},{"@type":"WebSite","@id":"https:\/\/fg.ull.es\/portal\/gdi\/#website","url":"https:\/\/fg.ull.es\/portal\/gdi\/","name":"Programa de Gestores de la Innovaci\u00f3n","description":"","publisher":{"@id":"https:\/\/fg.ull.es\/portal\/gdi\/#organization"},"potentialAction":[{"@type":"SearchAction","target":{"@type":"EntryPoint","urlTemplate":"https:\/\/fg.ull.es\/portal\/gdi\/?s={search_term_string}"},"query-input":"required name=search_term_string"}],"inLanguage":"es"},{"@type":"Organization","@id":"https:\/\/fg.ull.es\/portal\/gdi\/#organization","name":"FUNDACI\u00d3N CANARIA GENERAL UNIVERSIDAD DE LA LAGUNA","url":"https:\/\/fg.ull.es\/portal\/gdi\/","logo":{"@type":"ImageObject","inLanguage":"es","@id":"https:\/\/fg.ull.es\/portal\/gdi\/#\/schema\/logo\/image\/","url":"https:\/\/fg.ull.es\/portal\/gdi\/wp-content\/uploads\/sites\/2\/2020\/04\/FAVICON.png","contentUrl":"https:\/\/fg.ull.es\/portal\/gdi\/wp-content\/uploads\/sites\/2\/2020\/04\/FAVICON.png","width":512,"height":512,"caption":"FUNDACI\u00d3N CANARIA GENERAL UNIVERSIDAD DE LA LAGUNA"},"image":{"@id":"https:\/\/fg.ull.es\/portal\/gdi\/#\/schema\/logo\/image\/"}},{"@type":"Person","@id":"https:\/\/fg.ull.es\/portal\/gdi\/#\/schema\/person\/cd0f7ca826926dd4a0eb25f9c8fb0bb3","name":"foguisado","image":{"@type":"ImageObject","inLanguage":"es","@id":"https:\/\/fg.ull.es\/portal\/gdi\/#\/schema\/person\/image\/","url":"https:\/\/secure.gravatar.com\/avatar\/547f00b03d8a3f8a44c7163ced6a71da?s=96&d=mm&r=g","contentUrl":"https:\/\/secure.gravatar.com\/avatar\/547f00b03d8a3f8a44c7163ced6a71da?s=96&d=mm&r=g","caption":"foguisado"}}]}},"_links":{"self":[{"href":"https:\/\/fg.ull.es\/portal\/gdi\/wp-json\/wp\/v2\/posts\/4975"}],"collection":[{"href":"https:\/\/fg.ull.es\/portal\/gdi\/wp-json\/wp\/v2\/posts"}],"about":[{"href":"https:\/\/fg.ull.es\/portal\/gdi\/wp-json\/wp\/v2\/types\/post"}],"author":[{"embeddable":true,"href":"https:\/\/fg.ull.es\/portal\/gdi\/wp-json\/wp\/v2\/users\/9"}],"replies":[{"embeddable":true,"href":"https:\/\/fg.ull.es\/portal\/gdi\/wp-json\/wp\/v2\/comments?post=4975"}],"version-history":[{"count":7,"href":"https:\/\/fg.ull.es\/portal\/gdi\/wp-json\/wp\/v2\/posts\/4975\/revisions"}],"predecessor-version":[{"id":4991,"href":"https:\/\/fg.ull.es\/portal\/gdi\/wp-json\/wp\/v2\/posts\/4975\/revisions\/4991"}],"wp:featuredmedia":[{"embeddable":true,"href":"https:\/\/fg.ull.es\/portal\/gdi\/wp-json\/wp\/v2\/media\/4033"}],"wp:attachment":[{"href":"https:\/\/fg.ull.es\/portal\/gdi\/wp-json\/wp\/v2\/media?parent=4975"}],"wp:term":[{"taxonomy":"category","embeddable":true,"href":"https:\/\/fg.ull.es\/portal\/gdi\/wp-json\/wp\/v2\/categories?post=4975"},{"taxonomy":"post_tag","embeddable":true,"href":"https:\/\/fg.ull.es\/portal\/gdi\/wp-json\/wp\/v2\/tags?post=4975"}],"curies":[{"name":"wp","href":"https:\/\/api.w.org\/{rel}","templated":true}]}}