{"id":4964,"date":"2020-12-01T10:58:52","date_gmt":"2020-12-01T10:58:52","guid":{"rendered":"https:\/\/fg.ull.es\/portal\/gdi\/?p=4964"},"modified":"2020-12-01T10:59:54","modified_gmt":"2020-12-01T10:59:54","slug":"encuentro-canarias-en-el-horizonte-2020","status":"publish","type":"post","link":"https:\/\/fg.ull.es\/portal\/gdi\/encuentro-canarias-en-el-horizonte-2020\/","title":{"rendered":"Encuentro \u00abCanarias en el Horizonte\u00bb 2020"},"content":{"rendered":"\n<p>El\u00a04 de diciembre de 2020\u00a0de 9:00 a 12:30 horas en el\u00a0Parque Tecnol\u00f3gico de Fuerteventura, y con retransmisi\u00f3n en directo a trav\u00e9s de internet , tendr\u00e1 lugar el segundo encuentro \u201cCanarias en el Horizonte\u201d. <\/p>\n\n\n\n<p>El evento tendr\u00e1 lugar de forma presencial y&nbsp;<em>online<\/em>&nbsp;con el fin de que puedan participar todas las personas, instituciones, entidades y organizaciones del tejido formativo, social, econ\u00f3mico, investigador, tecnol\u00f3gico y emprendedor con el fin de avanzar en la nueva estrategia de I+D+i y la transformaci\u00f3n digital en Canarias.<\/p>\n\n\n\n<p>En esta nueva edici\u00f3n de \u201cCanarias en el Horizonte\u201d, la ACIISI presentar\u00e1 los resultados obtenidos de la ejecuci\u00f3n de la Estrategia de Especializaci\u00f3n Inteligente de Canarias (RIS3) y las actuaciones asociadas durante el periodo 2014-2020. Igualmente, contar\u00e1 entre sus ponentes con representantes de la UE, Ministerio de Ciencia e Innovaci\u00f3n, otras regiones ultraperif\u00e9ricas y autoridades regionales con los que debatir propuestas de mejora, adecuaci\u00f3n de las prioridades y campos de especializaci\u00f3n en la preparaci\u00f3n de la nueva estrategia de I+D+i para el per\u00edodo 2021-2027.<\/p>\n\n\n\n<p>Este encuentro es una iniciativa del Gobierno de Canarias que organiza la&nbsp;Agencia Canaria de Investigaci\u00f3n, Innovaci\u00f3n y Sociedad de la Informaci\u00f3n (ACIISI)&nbsp;como centro directivo encargado de desempe\u00f1ar las competencias relativas a las pol\u00edticas y programas p\u00fablicos en materia de investigaci\u00f3n, desarrollo tecnol\u00f3gico, innovaci\u00f3n empresarial y despliegue de la sociedad de la informaci\u00f3n.<\/p>\n\n\n\n<p><a href=\"https:\/\/www3.gobiernodecanarias.org\/aciisi\/ris3\/jornadas-canarias-horizonte\">Inscripci\u00f3n \u00abCanarias en el Horizonte\u00bb edici\u00f3n 2020<\/a> <\/p>\n","protected":false},"excerpt":{"rendered":"<p>El\u00a04 de diciembre de 2020\u00a0de 9:00 a 12:30 horas en el\u00a0Parque Tecnol\u00f3gico de Fuerteventura, y con retransmisi\u00f3n en directo a trav\u00e9s de internet , tendr\u00e1 lugar el segundo encuentro \u201cCanarias en el Horizonte\u201d. El evento tendr\u00e1 lugar de forma presencial y&nbsp;online&nbsp;con el fin de que puedan participar todas las personas, instituciones, entidades y organizaciones del&#8230;<\/p>\n","protected":false},"author":9,"featured_media":4965,"comment_status":"closed","ping_status":"closed","sticky":false,"template":"","format":"standard","meta":{"footnotes":""},"categories":[8,10,11,4],"tags":[],"yoast_head":"<!-- This site is optimized with the Yoast SEO plugin v21.1 - https:\/\/yoast.com\/wordpress\/plugins\/seo\/ -->\n<title>Encuentro &quot;Canarias en el Horizonte&quot; 2020 - Programa de Gestores de la Innovaci\u00f3n<\/title>\n<meta name=\"robots\" content=\"index, follow, max-snippet:-1, max-image-preview:large, max-video-preview:-1\" \/>\n<link rel=\"canonical\" href=\"https:\/\/fg.ull.es\/portal\/gdi\/encuentro-canarias-en-el-horizonte-2020\/\" \/>\n<meta property=\"og:locale\" content=\"es_ES\" \/>\n<meta property=\"og:type\" content=\"article\" \/>\n<meta property=\"og:title\" content=\"Encuentro &quot;Canarias en el Horizonte&quot; 2020 - Programa de Gestores de la Innovaci\u00f3n\" \/>\n<meta property=\"og:description\" content=\"El\u00a04 de diciembre de 2020\u00a0de 9:00 a 12:30 horas en el\u00a0Parque Tecnol\u00f3gico de Fuerteventura, y con retransmisi\u00f3n en directo a trav\u00e9s de internet , tendr\u00e1 lugar el segundo encuentro \u201cCanarias en el Horizonte\u201d. El evento tendr\u00e1 lugar de forma presencial y&nbsp;online&nbsp;con el fin de que puedan participar todas las personas, instituciones, entidades y organizaciones del...\" \/>\n<meta property=\"og:url\" content=\"https:\/\/fg.ull.es\/portal\/gdi\/encuentro-canarias-en-el-horizonte-2020\/\" \/>\n<meta property=\"og:site_name\" content=\"Programa de Gestores de la Innovaci\u00f3n\" \/>\n<meta property=\"article:published_time\" content=\"2020-12-01T10:58:52+00:00\" \/>\n<meta property=\"article:modified_time\" content=\"2020-12-01T10:59:54+00:00\" \/>\n<meta property=\"og:image\" content=\"https:\/\/fg.ull.es\/portal\/gdi\/wp-content\/uploads\/sites\/2\/2020\/12\/Canariasenelhorizonte.jpg\" \/>\n\t<meta property=\"og:image:width\" content=\"680\" \/>\n\t<meta property=\"og:image:height\" content=\"420\" \/>\n\t<meta property=\"og:image:type\" content=\"image\/jpeg\" \/>\n<meta name=\"author\" content=\"foguisado\" \/>\n<meta name=\"twitter:card\" content=\"summary_large_image\" \/>\n<meta name=\"twitter:label1\" content=\"Written by\" \/>\n\t<meta name=\"twitter:data1\" content=\"foguisado\" \/>\n\t<meta name=\"twitter:label2\" content=\"Est. reading time\" \/>\n\t<meta name=\"twitter:data2\" content=\"1 minuto\" \/>\n<script type=\"application\/ld+json\" class=\"yoast-schema-graph\">{\"@context\":\"https:\/\/schema.org\",\"@graph\":[{\"@type\":\"Article\",\"@id\":\"https:\/\/fg.ull.es\/portal\/gdi\/encuentro-canarias-en-el-horizonte-2020\/#article\",\"isPartOf\":{\"@id\":\"https:\/\/fg.ull.es\/portal\/gdi\/encuentro-canarias-en-el-horizonte-2020\/\"},\"author\":{\"name\":\"foguisado\",\"@id\":\"https:\/\/fg.ull.es\/portal\/gdi\/#\/schema\/person\/cd0f7ca826926dd4a0eb25f9c8fb0bb3\"},\"headline\":\"Encuentro \u00abCanarias en el Horizonte\u00bb 2020\",\"datePublished\":\"2020-12-01T10:58:52+00:00\",\"dateModified\":\"2020-12-01T10:59:54+00:00\",\"mainEntityOfPage\":{\"@id\":\"https:\/\/fg.ull.es\/portal\/gdi\/encuentro-canarias-en-el-horizonte-2020\/\"},\"wordCount\":264,\"publisher\":{\"@id\":\"https:\/\/fg.ull.es\/portal\/gdi\/#organization\"},\"articleSection\":[\"Emprendimiento\",\"empresa\",\"formaci\u00f3n\",\"programa GDI\"],\"inLanguage\":\"es\"},{\"@type\":\"WebPage\",\"@id\":\"https:\/\/fg.ull.es\/portal\/gdi\/encuentro-canarias-en-el-horizonte-2020\/\",\"url\":\"https:\/\/fg.ull.es\/portal\/gdi\/encuentro-canarias-en-el-horizonte-2020\/\",\"name\":\"Encuentro \\\"Canarias en el Horizonte\\\" 2020 - Programa de Gestores de la Innovaci\u00f3n\",\"isPartOf\":{\"@id\":\"https:\/\/fg.ull.es\/portal\/gdi\/#website\"},\"datePublished\":\"2020-12-01T10:58:52+00:00\",\"dateModified\":\"2020-12-01T10:59:54+00:00\",\"breadcrumb\":{\"@id\":\"https:\/\/fg.ull.es\/portal\/gdi\/encuentro-canarias-en-el-horizonte-2020\/#breadcrumb\"},\"inLanguage\":\"es\",\"potentialAction\":[{\"@type\":\"ReadAction\",\"target\":[\"https:\/\/fg.ull.es\/portal\/gdi\/encuentro-canarias-en-el-horizonte-2020\/\"]}]},{\"@type\":\"BreadcrumbList\",\"@id\":\"https:\/\/fg.ull.es\/portal\/gdi\/encuentro-canarias-en-el-horizonte-2020\/#breadcrumb\",\"itemListElement\":[{\"@type\":\"ListItem\",\"position\":1,\"name\":\"Portada\",\"item\":\"https:\/\/fg.ull.es\/portal\/gdi\/\"},{\"@type\":\"ListItem\",\"position\":2,\"name\":\"Encuentro \u00abCanarias en el Horizonte\u00bb 2020\"}]},{\"@type\":\"WebSite\",\"@id\":\"https:\/\/fg.ull.es\/portal\/gdi\/#website\",\"url\":\"https:\/\/fg.ull.es\/portal\/gdi\/\",\"name\":\"Programa de Gestores de la Innovaci\u00f3n\",\"description\":\"\",\"publisher\":{\"@id\":\"https:\/\/fg.ull.es\/portal\/gdi\/#organization\"},\"potentialAction\":[{\"@type\":\"SearchAction\",\"target\":{\"@type\":\"EntryPoint\",\"urlTemplate\":\"https:\/\/fg.ull.es\/portal\/gdi\/?s={search_term_string}\"},\"query-input\":\"required name=search_term_string\"}],\"inLanguage\":\"es\"},{\"@type\":\"Organization\",\"@id\":\"https:\/\/fg.ull.es\/portal\/gdi\/#organization\",\"name\":\"FUNDACI\u00d3N CANARIA GENERAL UNIVERSIDAD DE LA LAGUNA\",\"url\":\"https:\/\/fg.ull.es\/portal\/gdi\/\",\"logo\":{\"@type\":\"ImageObject\",\"inLanguage\":\"es\",\"@id\":\"https:\/\/fg.ull.es\/portal\/gdi\/#\/schema\/logo\/image\/\",\"url\":\"https:\/\/fg.ull.es\/portal\/gdi\/wp-content\/uploads\/sites\/2\/2020\/04\/FAVICON.png\",\"contentUrl\":\"https:\/\/fg.ull.es\/portal\/gdi\/wp-content\/uploads\/sites\/2\/2020\/04\/FAVICON.png\",\"width\":512,\"height\":512,\"caption\":\"FUNDACI\u00d3N CANARIA GENERAL UNIVERSIDAD DE LA LAGUNA\"},\"image\":{\"@id\":\"https:\/\/fg.ull.es\/portal\/gdi\/#\/schema\/logo\/image\/\"}},{\"@type\":\"Person\",\"@id\":\"https:\/\/fg.ull.es\/portal\/gdi\/#\/schema\/person\/cd0f7ca826926dd4a0eb25f9c8fb0bb3\",\"name\":\"foguisado\",\"image\":{\"@type\":\"ImageObject\",\"inLanguage\":\"es\",\"@id\":\"https:\/\/fg.ull.es\/portal\/gdi\/#\/schema\/person\/image\/\",\"url\":\"https:\/\/secure.gravatar.com\/avatar\/547f00b03d8a3f8a44c7163ced6a71da?s=96&d=mm&r=g\",\"contentUrl\":\"https:\/\/secure.gravatar.com\/avatar\/547f00b03d8a3f8a44c7163ced6a71da?s=96&d=mm&r=g\",\"caption\":\"foguisado\"}}]}<\/script>\n<!-- \/ Yoast SEO plugin. -->","yoast_head_json":{"title":"Encuentro \"Canarias en el Horizonte\" 2020 - Programa de Gestores de la Innovaci\u00f3n","robots":{"index":"index","follow":"follow","max-snippet":"max-snippet:-1","max-image-preview":"max-image-preview:large","max-video-preview":"max-video-preview:-1"},"canonical":"https:\/\/fg.ull.es\/portal\/gdi\/encuentro-canarias-en-el-horizonte-2020\/","og_locale":"es_ES","og_type":"article","og_title":"Encuentro \"Canarias en el Horizonte\" 2020 - Programa de Gestores de la Innovaci\u00f3n","og_description":"El\u00a04 de diciembre de 2020\u00a0de 9:00 a 12:30 horas en el\u00a0Parque Tecnol\u00f3gico de Fuerteventura, y con retransmisi\u00f3n en directo a trav\u00e9s de internet , tendr\u00e1 lugar el segundo encuentro \u201cCanarias en el Horizonte\u201d. El evento tendr\u00e1 lugar de forma presencial y&nbsp;online&nbsp;con el fin de que puedan participar todas las personas, instituciones, entidades y organizaciones del...","og_url":"https:\/\/fg.ull.es\/portal\/gdi\/encuentro-canarias-en-el-horizonte-2020\/","og_site_name":"Programa de Gestores de la Innovaci\u00f3n","article_published_time":"2020-12-01T10:58:52+00:00","article_modified_time":"2020-12-01T10:59:54+00:00","og_image":[{"width":680,"height":420,"url":"https:\/\/fg.ull.es\/portal\/gdi\/wp-content\/uploads\/sites\/2\/2020\/12\/Canariasenelhorizonte.jpg","type":"image\/jpeg"}],"author":"foguisado","twitter_card":"summary_large_image","twitter_misc":{"Written by":"foguisado","Est. reading time":"1 minuto"},"schema":{"@context":"https:\/\/schema.org","@graph":[{"@type":"Article","@id":"https:\/\/fg.ull.es\/portal\/gdi\/encuentro-canarias-en-el-horizonte-2020\/#article","isPartOf":{"@id":"https:\/\/fg.ull.es\/portal\/gdi\/encuentro-canarias-en-el-horizonte-2020\/"},"author":{"name":"foguisado","@id":"https:\/\/fg.ull.es\/portal\/gdi\/#\/schema\/person\/cd0f7ca826926dd4a0eb25f9c8fb0bb3"},"headline":"Encuentro \u00abCanarias en el Horizonte\u00bb 2020","datePublished":"2020-12-01T10:58:52+00:00","dateModified":"2020-12-01T10:59:54+00:00","mainEntityOfPage":{"@id":"https:\/\/fg.ull.es\/portal\/gdi\/encuentro-canarias-en-el-horizonte-2020\/"},"wordCount":264,"publisher":{"@id":"https:\/\/fg.ull.es\/portal\/gdi\/#organization"},"articleSection":["Emprendimiento","empresa","formaci\u00f3n","programa GDI"],"inLanguage":"es"},{"@type":"WebPage","@id":"https:\/\/fg.ull.es\/portal\/gdi\/encuentro-canarias-en-el-horizonte-2020\/","url":"https:\/\/fg.ull.es\/portal\/gdi\/encuentro-canarias-en-el-horizonte-2020\/","name":"Encuentro \"Canarias en el Horizonte\" 2020 - Programa de Gestores de la Innovaci\u00f3n","isPartOf":{"@id":"https:\/\/fg.ull.es\/portal\/gdi\/#website"},"datePublished":"2020-12-01T10:58:52+00:00","dateModified":"2020-12-01T10:59:54+00:00","breadcrumb":{"@id":"https:\/\/fg.ull.es\/portal\/gdi\/encuentro-canarias-en-el-horizonte-2020\/#breadcrumb"},"inLanguage":"es","potentialAction":[{"@type":"ReadAction","target":["https:\/\/fg.ull.es\/portal\/gdi\/encuentro-canarias-en-el-horizonte-2020\/"]}]},{"@type":"BreadcrumbList","@id":"https:\/\/fg.ull.es\/portal\/gdi\/encuentro-canarias-en-el-horizonte-2020\/#breadcrumb","itemListElement":[{"@type":"ListItem","position":1,"name":"Portada","item":"https:\/\/fg.ull.es\/portal\/gdi\/"},{"@type":"ListItem","position":2,"name":"Encuentro \u00abCanarias en el Horizonte\u00bb 2020"}]},{"@type":"WebSite","@id":"https:\/\/fg.ull.es\/portal\/gdi\/#website","url":"https:\/\/fg.ull.es\/portal\/gdi\/","name":"Programa de Gestores de la Innovaci\u00f3n","description":"","publisher":{"@id":"https:\/\/fg.ull.es\/portal\/gdi\/#organization"},"potentialAction":[{"@type":"SearchAction","target":{"@type":"EntryPoint","urlTemplate":"https:\/\/fg.ull.es\/portal\/gdi\/?s={search_term_string}"},"query-input":"required name=search_term_string"}],"inLanguage":"es"},{"@type":"Organization","@id":"https:\/\/fg.ull.es\/portal\/gdi\/#organization","name":"FUNDACI\u00d3N CANARIA GENERAL UNIVERSIDAD DE LA LAGUNA","url":"https:\/\/fg.ull.es\/portal\/gdi\/","logo":{"@type":"ImageObject","inLanguage":"es","@id":"https:\/\/fg.ull.es\/portal\/gdi\/#\/schema\/logo\/image\/","url":"https:\/\/fg.ull.es\/portal\/gdi\/wp-content\/uploads\/sites\/2\/2020\/04\/FAVICON.png","contentUrl":"https:\/\/fg.ull.es\/portal\/gdi\/wp-content\/uploads\/sites\/2\/2020\/04\/FAVICON.png","width":512,"height":512,"caption":"FUNDACI\u00d3N CANARIA GENERAL UNIVERSIDAD DE LA LAGUNA"},"image":{"@id":"https:\/\/fg.ull.es\/portal\/gdi\/#\/schema\/logo\/image\/"}},{"@type":"Person","@id":"https:\/\/fg.ull.es\/portal\/gdi\/#\/schema\/person\/cd0f7ca826926dd4a0eb25f9c8fb0bb3","name":"foguisado","image":{"@type":"ImageObject","inLanguage":"es","@id":"https:\/\/fg.ull.es\/portal\/gdi\/#\/schema\/person\/image\/","url":"https:\/\/secure.gravatar.com\/avatar\/547f00b03d8a3f8a44c7163ced6a71da?s=96&d=mm&r=g","contentUrl":"https:\/\/secure.gravatar.com\/avatar\/547f00b03d8a3f8a44c7163ced6a71da?s=96&d=mm&r=g","caption":"foguisado"}}]}},"_links":{"self":[{"href":"https:\/\/fg.ull.es\/portal\/gdi\/wp-json\/wp\/v2\/posts\/4964"}],"collection":[{"href":"https:\/\/fg.ull.es\/portal\/gdi\/wp-json\/wp\/v2\/posts"}],"about":[{"href":"https:\/\/fg.ull.es\/portal\/gdi\/wp-json\/wp\/v2\/types\/post"}],"author":[{"embeddable":true,"href":"https:\/\/fg.ull.es\/portal\/gdi\/wp-json\/wp\/v2\/users\/9"}],"replies":[{"embeddable":true,"href":"https:\/\/fg.ull.es\/portal\/gdi\/wp-json\/wp\/v2\/comments?post=4964"}],"version-history":[{"count":2,"href":"https:\/\/fg.ull.es\/portal\/gdi\/wp-json\/wp\/v2\/posts\/4964\/revisions"}],"predecessor-version":[{"id":4967,"href":"https:\/\/fg.ull.es\/portal\/gdi\/wp-json\/wp\/v2\/posts\/4964\/revisions\/4967"}],"wp:featuredmedia":[{"embeddable":true,"href":"https:\/\/fg.ull.es\/portal\/gdi\/wp-json\/wp\/v2\/media\/4965"}],"wp:attachment":[{"href":"https:\/\/fg.ull.es\/portal\/gdi\/wp-json\/wp\/v2\/media?parent=4964"}],"wp:term":[{"taxonomy":"category","embeddable":true,"href":"https:\/\/fg.ull.es\/portal\/gdi\/wp-json\/wp\/v2\/categories?post=4964"},{"taxonomy":"post_tag","embeddable":true,"href":"https:\/\/fg.ull.es\/portal\/gdi\/wp-json\/wp\/v2\/tags?post=4964"}],"curies":[{"name":"wp","href":"https:\/\/api.w.org\/{rel}","templated":true}]}}