{"id":4726,"date":"2020-11-12T14:08:01","date_gmt":"2020-11-12T14:08:01","guid":{"rendered":"https:\/\/fg.ull.es\/portal\/gdi\/?p=4726"},"modified":"2020-11-16T11:47:50","modified_gmt":"2020-11-16T11:47:50","slug":"buenas-noticias","status":"publish","type":"post","link":"https:\/\/fg.ull.es\/portal\/gdi\/buenas-noticias\/","title":{"rendered":"\u00a1Buenas noticias!"},"content":{"rendered":"\n<p>Tras anunciar la semana pasada los dos \u00faltimos cursos del a\u00f1o, hoy seguimos con otra fant\u00e1stica noticia: se ha aprobado la <strong>convalidaci\u00f3n de los cursos del Programa de Gesti\u00f3n de la Innovaci\u00f3n por cr\u00e9ditos ECTS<\/strong> de la Universidad de La Laguna, igual que en ediciones anteriores.<\/p>\n\n\n\n<p>La oferta formativa de <strong>GDI<\/strong> puede contribuir a mejorar tu empleabilidad: estos cursos pueden posicionarte mejor a la hora de ser seleccionado para puestos de trabajo concretos. Adem\u00e1s, puedes optar a unas pr\u00e1cticas formativas una vez terminados todos los niveles.<\/p>\n\n\n\n<p>Todos nuestros cursos son <strong>gratuitos, online y para toda Canarias.<\/strong> <\/p>\n\n\n\n<p>\u00bfEst\u00e1s preparado para el nuevo mundo laboral? \u00a1No te pierdas los \u00faltimos cursos de 2020!<\/p>\n\n\n\n<ul><li><a href=\"https:\/\/fg.ull.es\/portal\/gdi\/cursos-gestion-de-la-innovacion\/\" data-type=\"URL\" data-id=\"https:\/\/fg.ull.es\/portal\/gdi\/cursos-gestion-de-la-innovacion\/\" target=\"_blank\" rel=\"noreferrer noopener\"><strong>Promoci\u00f3n de la innovaci\u00f3n (N1<\/strong>):<\/a> del 2 al 16 de diciembre. La sesi\u00f3n online en directo ser\u00e1 el d\u00eda 2 de diciembre de 16:00 a 18:00. <\/li><li><strong><a href=\"https:\/\/fg.ull.es\/portal\/gdi\/cursos-transformacion-digital\/\" data-type=\"URL\" data-id=\"https:\/\/fg.ull.es\/portal\/gdi\/cursos-transformacion-digital\/\" target=\"_blank\" rel=\"noreferrer noopener\">Promoci\u00f3n Digital (N1)<\/a><\/strong>: del 1 al 16 de diciembre. La sesi\u00f3n online en directo ser\u00e1 el d\u00eda 1 de diciembre de 9:00 a 11:00.<\/li><\/ul>\n\n\n\n<p>Para cualquier duda o consulta escr\u00edbenos un correo a&nbsp;<a href=\"mailto:gdi@fg.ull.es\">gdi@fg.ull.es&nbsp;<\/a>o realiza el&nbsp;<a href=\"https:\/\/fg.ull.es\/portal\/gdi\/contacto\/\">formulario de contacto<\/a>&nbsp;de la p\u00e1gina web.<\/p>\n\n\n\n<p><\/p>\n","protected":false},"excerpt":{"rendered":"<p>Tras anunciar la semana pasada los dos \u00faltimos cursos del a\u00f1o, hoy seguimos con otra fant\u00e1stica noticia: se ha aprobado la convalidaci\u00f3n de los cursos del Programa de Gesti\u00f3n de la Innovaci\u00f3n por cr\u00e9ditos ECTS de la Universidad de La Laguna, igual que en ediciones anteriores. La oferta formativa de GDI puede contribuir a mejorar&#8230;<\/p>\n","protected":false},"author":12,"featured_media":4727,"comment_status":"closed","ping_status":"closed","sticky":false,"template":"","format":"standard","meta":{"footnotes":""},"categories":[1],"tags":[],"yoast_head":"<!-- This site is optimized with the Yoast SEO plugin v21.1 - https:\/\/yoast.com\/wordpress\/plugins\/seo\/ -->\n<title>\u00a1Buenas noticias! - Programa de Gestores de la Innovaci\u00f3n<\/title>\n<meta name=\"robots\" content=\"index, follow, max-snippet:-1, max-image-preview:large, max-video-preview:-1\" \/>\n<link rel=\"canonical\" href=\"https:\/\/fg.ull.es\/portal\/gdi\/buenas-noticias\/\" \/>\n<meta property=\"og:locale\" content=\"es_ES\" \/>\n<meta property=\"og:type\" content=\"article\" \/>\n<meta property=\"og:title\" content=\"\u00a1Buenas noticias! - Programa de Gestores de la Innovaci\u00f3n\" \/>\n<meta property=\"og:description\" content=\"Tras anunciar la semana pasada los dos \u00faltimos cursos del a\u00f1o, hoy seguimos con otra fant\u00e1stica noticia: se ha aprobado la convalidaci\u00f3n de los cursos del Programa de Gesti\u00f3n de la Innovaci\u00f3n por cr\u00e9ditos ECTS de la Universidad de La Laguna, igual que en ediciones anteriores. La oferta formativa de GDI puede contribuir a mejorar...\" \/>\n<meta property=\"og:url\" content=\"https:\/\/fg.ull.es\/portal\/gdi\/buenas-noticias\/\" \/>\n<meta property=\"og:site_name\" content=\"Programa de Gestores de la Innovaci\u00f3n\" \/>\n<meta property=\"article:published_time\" content=\"2020-11-12T14:08:01+00:00\" \/>\n<meta property=\"article:modified_time\" content=\"2020-11-16T11:47:50+00:00\" \/>\n<meta property=\"og:image\" content=\"https:\/\/fg.ull.es\/portal\/gdi\/wp-content\/uploads\/sites\/2\/2020\/11\/pexels-anna-shvets-4226122-edited-scaled.jpg\" \/>\n\t<meta property=\"og:image:width\" content=\"2560\" \/>\n\t<meta property=\"og:image:height\" content=\"1922\" \/>\n\t<meta property=\"og:image:type\" content=\"image\/jpeg\" \/>\n<meta name=\"author\" content=\"aascanio\" \/>\n<meta name=\"twitter:card\" content=\"summary_large_image\" \/>\n<meta name=\"twitter:label1\" content=\"Written by\" \/>\n\t<meta name=\"twitter:data1\" content=\"aascanio\" \/>\n\t<meta name=\"twitter:label2\" content=\"Est. reading time\" \/>\n\t<meta name=\"twitter:data2\" content=\"1 minuto\" \/>\n<script type=\"application\/ld+json\" class=\"yoast-schema-graph\">{\"@context\":\"https:\/\/schema.org\",\"@graph\":[{\"@type\":\"Article\",\"@id\":\"https:\/\/fg.ull.es\/portal\/gdi\/buenas-noticias\/#article\",\"isPartOf\":{\"@id\":\"https:\/\/fg.ull.es\/portal\/gdi\/buenas-noticias\/\"},\"author\":{\"name\":\"aascanio\",\"@id\":\"https:\/\/fg.ull.es\/portal\/gdi\/#\/schema\/person\/1ad03d108c212b498a622f39176298aa\"},\"headline\":\"\u00a1Buenas noticias!\",\"datePublished\":\"2020-11-12T14:08:01+00:00\",\"dateModified\":\"2020-11-16T11:47:50+00:00\",\"mainEntityOfPage\":{\"@id\":\"https:\/\/fg.ull.es\/portal\/gdi\/buenas-noticias\/\"},\"wordCount\":197,\"publisher\":{\"@id\":\"https:\/\/fg.ull.es\/portal\/gdi\/#organization\"},\"inLanguage\":\"es\"},{\"@type\":\"WebPage\",\"@id\":\"https:\/\/fg.ull.es\/portal\/gdi\/buenas-noticias\/\",\"url\":\"https:\/\/fg.ull.es\/portal\/gdi\/buenas-noticias\/\",\"name\":\"\u00a1Buenas noticias! - Programa de Gestores de la Innovaci\u00f3n\",\"isPartOf\":{\"@id\":\"https:\/\/fg.ull.es\/portal\/gdi\/#website\"},\"datePublished\":\"2020-11-12T14:08:01+00:00\",\"dateModified\":\"2020-11-16T11:47:50+00:00\",\"breadcrumb\":{\"@id\":\"https:\/\/fg.ull.es\/portal\/gdi\/buenas-noticias\/#breadcrumb\"},\"inLanguage\":\"es\",\"potentialAction\":[{\"@type\":\"ReadAction\",\"target\":[\"https:\/\/fg.ull.es\/portal\/gdi\/buenas-noticias\/\"]}]},{\"@type\":\"BreadcrumbList\",\"@id\":\"https:\/\/fg.ull.es\/portal\/gdi\/buenas-noticias\/#breadcrumb\",\"itemListElement\":[{\"@type\":\"ListItem\",\"position\":1,\"name\":\"Portada\",\"item\":\"https:\/\/fg.ull.es\/portal\/gdi\/\"},{\"@type\":\"ListItem\",\"position\":2,\"name\":\"\u00a1Buenas noticias!\"}]},{\"@type\":\"WebSite\",\"@id\":\"https:\/\/fg.ull.es\/portal\/gdi\/#website\",\"url\":\"https:\/\/fg.ull.es\/portal\/gdi\/\",\"name\":\"Programa de Gestores de la Innovaci\u00f3n\",\"description\":\"\",\"publisher\":{\"@id\":\"https:\/\/fg.ull.es\/portal\/gdi\/#organization\"},\"potentialAction\":[{\"@type\":\"SearchAction\",\"target\":{\"@type\":\"EntryPoint\",\"urlTemplate\":\"https:\/\/fg.ull.es\/portal\/gdi\/?s={search_term_string}\"},\"query-input\":\"required name=search_term_string\"}],\"inLanguage\":\"es\"},{\"@type\":\"Organization\",\"@id\":\"https:\/\/fg.ull.es\/portal\/gdi\/#organization\",\"name\":\"FUNDACI\u00d3N CANARIA GENERAL UNIVERSIDAD DE LA LAGUNA\",\"url\":\"https:\/\/fg.ull.es\/portal\/gdi\/\",\"logo\":{\"@type\":\"ImageObject\",\"inLanguage\":\"es\",\"@id\":\"https:\/\/fg.ull.es\/portal\/gdi\/#\/schema\/logo\/image\/\",\"url\":\"https:\/\/fg.ull.es\/portal\/gdi\/wp-content\/uploads\/sites\/2\/2020\/04\/FAVICON.png\",\"contentUrl\":\"https:\/\/fg.ull.es\/portal\/gdi\/wp-content\/uploads\/sites\/2\/2020\/04\/FAVICON.png\",\"width\":512,\"height\":512,\"caption\":\"FUNDACI\u00d3N CANARIA GENERAL UNIVERSIDAD DE LA LAGUNA\"},\"image\":{\"@id\":\"https:\/\/fg.ull.es\/portal\/gdi\/#\/schema\/logo\/image\/\"}},{\"@type\":\"Person\",\"@id\":\"https:\/\/fg.ull.es\/portal\/gdi\/#\/schema\/person\/1ad03d108c212b498a622f39176298aa\",\"name\":\"aascanio\",\"image\":{\"@type\":\"ImageObject\",\"inLanguage\":\"es\",\"@id\":\"https:\/\/fg.ull.es\/portal\/gdi\/#\/schema\/person\/image\/\",\"url\":\"https:\/\/secure.gravatar.com\/avatar\/fb13c6d51e43015759a2b0b66dcd2734?s=96&d=mm&r=g\",\"contentUrl\":\"https:\/\/secure.gravatar.com\/avatar\/fb13c6d51e43015759a2b0b66dcd2734?s=96&d=mm&r=g\",\"caption\":\"aascanio\"}}]}<\/script>\n<!-- \/ Yoast SEO plugin. -->","yoast_head_json":{"title":"\u00a1Buenas noticias! - Programa de Gestores de la Innovaci\u00f3n","robots":{"index":"index","follow":"follow","max-snippet":"max-snippet:-1","max-image-preview":"max-image-preview:large","max-video-preview":"max-video-preview:-1"},"canonical":"https:\/\/fg.ull.es\/portal\/gdi\/buenas-noticias\/","og_locale":"es_ES","og_type":"article","og_title":"\u00a1Buenas noticias! - Programa de Gestores de la Innovaci\u00f3n","og_description":"Tras anunciar la semana pasada los dos \u00faltimos cursos del a\u00f1o, hoy seguimos con otra fant\u00e1stica noticia: se ha aprobado la convalidaci\u00f3n de los cursos del Programa de Gesti\u00f3n de la Innovaci\u00f3n por cr\u00e9ditos ECTS de la Universidad de La Laguna, igual que en ediciones anteriores. La oferta formativa de GDI puede contribuir a mejorar...","og_url":"https:\/\/fg.ull.es\/portal\/gdi\/buenas-noticias\/","og_site_name":"Programa de Gestores de la Innovaci\u00f3n","article_published_time":"2020-11-12T14:08:01+00:00","article_modified_time":"2020-11-16T11:47:50+00:00","og_image":[{"width":2560,"height":1922,"url":"https:\/\/fg.ull.es\/portal\/gdi\/wp-content\/uploads\/sites\/2\/2020\/11\/pexels-anna-shvets-4226122-edited-scaled.jpg","type":"image\/jpeg"}],"author":"aascanio","twitter_card":"summary_large_image","twitter_misc":{"Written by":"aascanio","Est. reading time":"1 minuto"},"schema":{"@context":"https:\/\/schema.org","@graph":[{"@type":"Article","@id":"https:\/\/fg.ull.es\/portal\/gdi\/buenas-noticias\/#article","isPartOf":{"@id":"https:\/\/fg.ull.es\/portal\/gdi\/buenas-noticias\/"},"author":{"name":"aascanio","@id":"https:\/\/fg.ull.es\/portal\/gdi\/#\/schema\/person\/1ad03d108c212b498a622f39176298aa"},"headline":"\u00a1Buenas noticias!","datePublished":"2020-11-12T14:08:01+00:00","dateModified":"2020-11-16T11:47:50+00:00","mainEntityOfPage":{"@id":"https:\/\/fg.ull.es\/portal\/gdi\/buenas-noticias\/"},"wordCount":197,"publisher":{"@id":"https:\/\/fg.ull.es\/portal\/gdi\/#organization"},"inLanguage":"es"},{"@type":"WebPage","@id":"https:\/\/fg.ull.es\/portal\/gdi\/buenas-noticias\/","url":"https:\/\/fg.ull.es\/portal\/gdi\/buenas-noticias\/","name":"\u00a1Buenas noticias! - Programa de Gestores de la Innovaci\u00f3n","isPartOf":{"@id":"https:\/\/fg.ull.es\/portal\/gdi\/#website"},"datePublished":"2020-11-12T14:08:01+00:00","dateModified":"2020-11-16T11:47:50+00:00","breadcrumb":{"@id":"https:\/\/fg.ull.es\/portal\/gdi\/buenas-noticias\/#breadcrumb"},"inLanguage":"es","potentialAction":[{"@type":"ReadAction","target":["https:\/\/fg.ull.es\/portal\/gdi\/buenas-noticias\/"]}]},{"@type":"BreadcrumbList","@id":"https:\/\/fg.ull.es\/portal\/gdi\/buenas-noticias\/#breadcrumb","itemListElement":[{"@type":"ListItem","position":1,"name":"Portada","item":"https:\/\/fg.ull.es\/portal\/gdi\/"},{"@type":"ListItem","position":2,"name":"\u00a1Buenas noticias!"}]},{"@type":"WebSite","@id":"https:\/\/fg.ull.es\/portal\/gdi\/#website","url":"https:\/\/fg.ull.es\/portal\/gdi\/","name":"Programa de Gestores de la Innovaci\u00f3n","description":"","publisher":{"@id":"https:\/\/fg.ull.es\/portal\/gdi\/#organization"},"potentialAction":[{"@type":"SearchAction","target":{"@type":"EntryPoint","urlTemplate":"https:\/\/fg.ull.es\/portal\/gdi\/?s={search_term_string}"},"query-input":"required name=search_term_string"}],"inLanguage":"es"},{"@type":"Organization","@id":"https:\/\/fg.ull.es\/portal\/gdi\/#organization","name":"FUNDACI\u00d3N CANARIA GENERAL UNIVERSIDAD DE LA LAGUNA","url":"https:\/\/fg.ull.es\/portal\/gdi\/","logo":{"@type":"ImageObject","inLanguage":"es","@id":"https:\/\/fg.ull.es\/portal\/gdi\/#\/schema\/logo\/image\/","url":"https:\/\/fg.ull.es\/portal\/gdi\/wp-content\/uploads\/sites\/2\/2020\/04\/FAVICON.png","contentUrl":"https:\/\/fg.ull.es\/portal\/gdi\/wp-content\/uploads\/sites\/2\/2020\/04\/FAVICON.png","width":512,"height":512,"caption":"FUNDACI\u00d3N CANARIA GENERAL UNIVERSIDAD DE LA LAGUNA"},"image":{"@id":"https:\/\/fg.ull.es\/portal\/gdi\/#\/schema\/logo\/image\/"}},{"@type":"Person","@id":"https:\/\/fg.ull.es\/portal\/gdi\/#\/schema\/person\/1ad03d108c212b498a622f39176298aa","name":"aascanio","image":{"@type":"ImageObject","inLanguage":"es","@id":"https:\/\/fg.ull.es\/portal\/gdi\/#\/schema\/person\/image\/","url":"https:\/\/secure.gravatar.com\/avatar\/fb13c6d51e43015759a2b0b66dcd2734?s=96&d=mm&r=g","contentUrl":"https:\/\/secure.gravatar.com\/avatar\/fb13c6d51e43015759a2b0b66dcd2734?s=96&d=mm&r=g","caption":"aascanio"}}]}},"_links":{"self":[{"href":"https:\/\/fg.ull.es\/portal\/gdi\/wp-json\/wp\/v2\/posts\/4726"}],"collection":[{"href":"https:\/\/fg.ull.es\/portal\/gdi\/wp-json\/wp\/v2\/posts"}],"about":[{"href":"https:\/\/fg.ull.es\/portal\/gdi\/wp-json\/wp\/v2\/types\/post"}],"author":[{"embeddable":true,"href":"https:\/\/fg.ull.es\/portal\/gdi\/wp-json\/wp\/v2\/users\/12"}],"replies":[{"embeddable":true,"href":"https:\/\/fg.ull.es\/portal\/gdi\/wp-json\/wp\/v2\/comments?post=4726"}],"version-history":[{"count":4,"href":"https:\/\/fg.ull.es\/portal\/gdi\/wp-json\/wp\/v2\/posts\/4726\/revisions"}],"predecessor-version":[{"id":4753,"href":"https:\/\/fg.ull.es\/portal\/gdi\/wp-json\/wp\/v2\/posts\/4726\/revisions\/4753"}],"wp:featuredmedia":[{"embeddable":true,"href":"https:\/\/fg.ull.es\/portal\/gdi\/wp-json\/wp\/v2\/media\/4727"}],"wp:attachment":[{"href":"https:\/\/fg.ull.es\/portal\/gdi\/wp-json\/wp\/v2\/media?parent=4726"}],"wp:term":[{"taxonomy":"category","embeddable":true,"href":"https:\/\/fg.ull.es\/portal\/gdi\/wp-json\/wp\/v2\/categories?post=4726"},{"taxonomy":"post_tag","embeddable":true,"href":"https:\/\/fg.ull.es\/portal\/gdi\/wp-json\/wp\/v2\/tags?post=4726"}],"curies":[{"name":"wp","href":"https:\/\/api.w.org\/{rel}","templated":true}]}}