{"id":4597,"date":"2020-10-22T08:29:24","date_gmt":"2020-10-22T08:29:24","guid":{"rendered":"https:\/\/fg.ull.es\/portal\/gdi\/?p=4597"},"modified":"2020-10-22T08:44:06","modified_gmt":"2020-10-22T08:44:06","slug":"ampliamos-plazas-para-nivel-3","status":"publish","type":"post","link":"https:\/\/fg.ull.es\/portal\/gdi\/ampliamos-plazas-para-nivel-3\/","title":{"rendered":"\u00a1Ampliamos plazas para nivel 3!"},"content":{"rendered":"\n<p>Parece que las formaciones del programa de Gesti\u00f3n de la Innovaci\u00f3n este a\u00f1o \u00a1est\u00e1n siendo un \u00e9xito! Casi 200 personas ya se han formado en nuestros cursos de forma online en lo que llevamos desde el arranque de esta 5\u00aa edici\u00f3n.<\/p>\n\n\n\n<p>Tanto es as\u00ed que, debido a la alta demanda, hemos ampliado plazas para el nivel 3 de Gesti\u00f3n de la Innovaci\u00f3n y Transformaci\u00f3n Digital para todas aquellas personas que hayan superado los niveles 1 y 2. <\/p>\n\n\n\n<p>Este nivel 3 de Consultor\u00eda te acercar\u00e1 y ofrecer\u00e1 oportunidades en el mundo laboral, ya que puedes optar a unas pr\u00e1cticas formativas remuneradas. <\/p>\n\n\n\n<p>Entre quienes hayan superado la fase formativa te\u00f3rica y se encuentren en situaci\u00f3n de desempleo se seleccionar\u00e1n&nbsp;m\u00e1s de <strong>20 participantes&nbsp;<\/strong>para su&nbsp;<strong>inserci\u00f3n remunerada<\/strong>&nbsp;durante&nbsp;<strong>tres meses<\/strong>&nbsp;en una de las empresas o centros\/grupos de investigaci\u00f3n seleccionados a trav\u00e9s de un procedimiento espec\u00edfico.&nbsp;<\/p>\n\n\n\n<p>\u00bfQuieres saber m\u00e1s sobre estos cursos?<\/p>\n\n\n\n<p><strong>Consultor\u00eda de la innovaci\u00f3n<\/strong> <\/p>\n\n\n\n<p>Perfil para consultor\u00eda de innovaci\u00f3n empresarial, donde se desarrollan acciones de an\u00e1lisis y diagn\u00f3stico, identificaci\u00f3n de oportunidades y elaboraci\u00f3n de propuestas.<\/p>\n\n\n\n<p>Ya est\u00e1n abiertas las inscripciones para el<a rel=\"noreferrer noopener\" href=\"https:\/\/sede.fg.ull.es\/es\/curso\/detalle\/a20120055\/consultoria-de-la-innovacion-itinerario-1-n3\" target=\"_blank\"> Itinerario 1 <\/a>y el <a rel=\"noreferrer noopener\" href=\"https:\/\/sede.fg.ull.es\/es\/curso\/detalle\/a20120056\/consultoria-de-la-innovacion-itinerario-2-n3\" target=\"_blank\">Itinerario 2<\/a><\/p>\n\n\n\n<p><strong>Consultor\u00eda digital<\/strong><\/p>\n\n\n\n<p>Perfil para consultor\u00eda en transformaci\u00f3n digital donde se desarrollan acciones de an\u00e1lisis y diagn\u00f3stico, identificaci\u00f3n de oportunidades y elaboraci\u00f3n de propuestas.<\/p>\n\n\n\n<p>Encuentra m\u00e1s informaci\u00f3n sobre este nivel 3 de Transformaci\u00f3n Digital aqu\u00ed: <a href=\"https:\/\/sede.fg.ull.es\/es\/curso\/detalle\/a20120040\/consultoria-digital-n3\">Consultor\u00eda digital<\/a><\/p>\n\n\n\n<p>Recuerda, para hacer este nivel 3 debes haber superado el 1 y 2 de la l\u00ednea formativa correspondiente. Si no es as\u00ed,<strong> \u00a1no te preocupes! <\/strong>Hay cursos abiertos para que t\u00fa tambi\u00e9n puedas disfrutar de esta formaci\u00f3n gratuita y online desde el Nivel 1.<\/p>\n\n\n\n<p>Para cualquier duda o consulta escr\u00edbenos un correo a <a href=\"mailto:gdi@fg.ull.es\">gdi@fg.ull.es <\/a>o realiza el <a href=\"https:\/\/fg.ull.es\/portal\/gdi\/contacto\/\">formulario de contacto<\/a> de la p\u00e1gina web.<\/p>\n","protected":false},"excerpt":{"rendered":"<p>Parece que las formaciones del programa de Gesti\u00f3n de la Innovaci\u00f3n este a\u00f1o \u00a1est\u00e1n siendo un \u00e9xito! Casi 200 personas ya se han formado en nuestros cursos de forma online en lo que llevamos desde el arranque de esta 5\u00aa edici\u00f3n. Tanto es as\u00ed que, debido a la alta demanda, hemos ampliado plazas para el&#8230;<\/p>\n","protected":false},"author":12,"featured_media":4594,"comment_status":"closed","ping_status":"closed","sticky":false,"template":"","format":"standard","meta":{"footnotes":""},"categories":[1],"tags":[],"yoast_head":"<!-- This site is optimized with the Yoast SEO plugin v21.1 - https:\/\/yoast.com\/wordpress\/plugins\/seo\/ -->\n<title>\u00a1Ampliamos plazas para nivel 3! - Programa de Gestores de la Innovaci\u00f3n<\/title>\n<meta name=\"robots\" content=\"index, follow, max-snippet:-1, max-image-preview:large, max-video-preview:-1\" \/>\n<link rel=\"canonical\" href=\"https:\/\/fg.ull.es\/portal\/gdi\/ampliamos-plazas-para-nivel-3\/\" \/>\n<meta property=\"og:locale\" content=\"es_ES\" \/>\n<meta property=\"og:type\" content=\"article\" \/>\n<meta property=\"og:title\" content=\"\u00a1Ampliamos plazas para nivel 3! - Programa de Gestores de la Innovaci\u00f3n\" \/>\n<meta property=\"og:description\" content=\"Parece que las formaciones del programa de Gesti\u00f3n de la Innovaci\u00f3n este a\u00f1o \u00a1est\u00e1n siendo un \u00e9xito! Casi 200 personas ya se han formado en nuestros cursos de forma online en lo que llevamos desde el arranque de esta 5\u00aa edici\u00f3n. Tanto es as\u00ed que, debido a la alta demanda, hemos ampliado plazas para el...\" \/>\n<meta property=\"og:url\" content=\"https:\/\/fg.ull.es\/portal\/gdi\/ampliamos-plazas-para-nivel-3\/\" \/>\n<meta property=\"og:site_name\" content=\"Programa de Gestores de la Innovaci\u00f3n\" \/>\n<meta property=\"article:published_time\" content=\"2020-10-22T08:29:24+00:00\" \/>\n<meta property=\"article:modified_time\" content=\"2020-10-22T08:44:06+00:00\" \/>\n<meta property=\"og:image\" content=\"https:\/\/fg.ull.es\/portal\/gdi\/wp-content\/uploads\/sites\/2\/2020\/10\/pexels-christina-morillo-1181248-scaled.jpg\" \/>\n\t<meta property=\"og:image:width\" content=\"2560\" \/>\n\t<meta property=\"og:image:height\" content=\"1709\" \/>\n\t<meta property=\"og:image:type\" content=\"image\/jpeg\" \/>\n<meta name=\"author\" content=\"aascanio\" \/>\n<meta name=\"twitter:card\" content=\"summary_large_image\" \/>\n<meta name=\"twitter:label1\" content=\"Written by\" \/>\n\t<meta name=\"twitter:data1\" content=\"aascanio\" \/>\n\t<meta name=\"twitter:label2\" content=\"Est. reading time\" \/>\n\t<meta name=\"twitter:data2\" content=\"2 minutos\" \/>\n<script type=\"application\/ld+json\" class=\"yoast-schema-graph\">{\"@context\":\"https:\/\/schema.org\",\"@graph\":[{\"@type\":\"Article\",\"@id\":\"https:\/\/fg.ull.es\/portal\/gdi\/ampliamos-plazas-para-nivel-3\/#article\",\"isPartOf\":{\"@id\":\"https:\/\/fg.ull.es\/portal\/gdi\/ampliamos-plazas-para-nivel-3\/\"},\"author\":{\"name\":\"aascanio\",\"@id\":\"https:\/\/fg.ull.es\/portal\/gdi\/#\/schema\/person\/1ad03d108c212b498a622f39176298aa\"},\"headline\":\"\u00a1Ampliamos plazas para nivel 3!\",\"datePublished\":\"2020-10-22T08:29:24+00:00\",\"dateModified\":\"2020-10-22T08:44:06+00:00\",\"mainEntityOfPage\":{\"@id\":\"https:\/\/fg.ull.es\/portal\/gdi\/ampliamos-plazas-para-nivel-3\/\"},\"wordCount\":333,\"publisher\":{\"@id\":\"https:\/\/fg.ull.es\/portal\/gdi\/#organization\"},\"inLanguage\":\"es\"},{\"@type\":\"WebPage\",\"@id\":\"https:\/\/fg.ull.es\/portal\/gdi\/ampliamos-plazas-para-nivel-3\/\",\"url\":\"https:\/\/fg.ull.es\/portal\/gdi\/ampliamos-plazas-para-nivel-3\/\",\"name\":\"\u00a1Ampliamos plazas para nivel 3! - Programa de Gestores de la Innovaci\u00f3n\",\"isPartOf\":{\"@id\":\"https:\/\/fg.ull.es\/portal\/gdi\/#website\"},\"datePublished\":\"2020-10-22T08:29:24+00:00\",\"dateModified\":\"2020-10-22T08:44:06+00:00\",\"breadcrumb\":{\"@id\":\"https:\/\/fg.ull.es\/portal\/gdi\/ampliamos-plazas-para-nivel-3\/#breadcrumb\"},\"inLanguage\":\"es\",\"potentialAction\":[{\"@type\":\"ReadAction\",\"target\":[\"https:\/\/fg.ull.es\/portal\/gdi\/ampliamos-plazas-para-nivel-3\/\"]}]},{\"@type\":\"BreadcrumbList\",\"@id\":\"https:\/\/fg.ull.es\/portal\/gdi\/ampliamos-plazas-para-nivel-3\/#breadcrumb\",\"itemListElement\":[{\"@type\":\"ListItem\",\"position\":1,\"name\":\"Portada\",\"item\":\"https:\/\/fg.ull.es\/portal\/gdi\/\"},{\"@type\":\"ListItem\",\"position\":2,\"name\":\"\u00a1Ampliamos plazas para nivel 3!\"}]},{\"@type\":\"WebSite\",\"@id\":\"https:\/\/fg.ull.es\/portal\/gdi\/#website\",\"url\":\"https:\/\/fg.ull.es\/portal\/gdi\/\",\"name\":\"Programa de Gestores de la Innovaci\u00f3n\",\"description\":\"\",\"publisher\":{\"@id\":\"https:\/\/fg.ull.es\/portal\/gdi\/#organization\"},\"potentialAction\":[{\"@type\":\"SearchAction\",\"target\":{\"@type\":\"EntryPoint\",\"urlTemplate\":\"https:\/\/fg.ull.es\/portal\/gdi\/?s={search_term_string}\"},\"query-input\":\"required name=search_term_string\"}],\"inLanguage\":\"es\"},{\"@type\":\"Organization\",\"@id\":\"https:\/\/fg.ull.es\/portal\/gdi\/#organization\",\"name\":\"FUNDACI\u00d3N CANARIA GENERAL UNIVERSIDAD DE LA LAGUNA\",\"url\":\"https:\/\/fg.ull.es\/portal\/gdi\/\",\"logo\":{\"@type\":\"ImageObject\",\"inLanguage\":\"es\",\"@id\":\"https:\/\/fg.ull.es\/portal\/gdi\/#\/schema\/logo\/image\/\",\"url\":\"https:\/\/fg.ull.es\/portal\/gdi\/wp-content\/uploads\/sites\/2\/2020\/04\/FAVICON.png\",\"contentUrl\":\"https:\/\/fg.ull.es\/portal\/gdi\/wp-content\/uploads\/sites\/2\/2020\/04\/FAVICON.png\",\"width\":512,\"height\":512,\"caption\":\"FUNDACI\u00d3N CANARIA GENERAL UNIVERSIDAD DE LA LAGUNA\"},\"image\":{\"@id\":\"https:\/\/fg.ull.es\/portal\/gdi\/#\/schema\/logo\/image\/\"}},{\"@type\":\"Person\",\"@id\":\"https:\/\/fg.ull.es\/portal\/gdi\/#\/schema\/person\/1ad03d108c212b498a622f39176298aa\",\"name\":\"aascanio\",\"image\":{\"@type\":\"ImageObject\",\"inLanguage\":\"es\",\"@id\":\"https:\/\/fg.ull.es\/portal\/gdi\/#\/schema\/person\/image\/\",\"url\":\"https:\/\/secure.gravatar.com\/avatar\/fb13c6d51e43015759a2b0b66dcd2734?s=96&d=mm&r=g\",\"contentUrl\":\"https:\/\/secure.gravatar.com\/avatar\/fb13c6d51e43015759a2b0b66dcd2734?s=96&d=mm&r=g\",\"caption\":\"aascanio\"}}]}<\/script>\n<!-- \/ Yoast SEO plugin. -->","yoast_head_json":{"title":"\u00a1Ampliamos plazas para nivel 3! - Programa de Gestores de la Innovaci\u00f3n","robots":{"index":"index","follow":"follow","max-snippet":"max-snippet:-1","max-image-preview":"max-image-preview:large","max-video-preview":"max-video-preview:-1"},"canonical":"https:\/\/fg.ull.es\/portal\/gdi\/ampliamos-plazas-para-nivel-3\/","og_locale":"es_ES","og_type":"article","og_title":"\u00a1Ampliamos plazas para nivel 3! - Programa de Gestores de la Innovaci\u00f3n","og_description":"Parece que las formaciones del programa de Gesti\u00f3n de la Innovaci\u00f3n este a\u00f1o \u00a1est\u00e1n siendo un \u00e9xito! Casi 200 personas ya se han formado en nuestros cursos de forma online en lo que llevamos desde el arranque de esta 5\u00aa edici\u00f3n. Tanto es as\u00ed que, debido a la alta demanda, hemos ampliado plazas para el...","og_url":"https:\/\/fg.ull.es\/portal\/gdi\/ampliamos-plazas-para-nivel-3\/","og_site_name":"Programa de Gestores de la Innovaci\u00f3n","article_published_time":"2020-10-22T08:29:24+00:00","article_modified_time":"2020-10-22T08:44:06+00:00","og_image":[{"width":2560,"height":1709,"url":"https:\/\/fg.ull.es\/portal\/gdi\/wp-content\/uploads\/sites\/2\/2020\/10\/pexels-christina-morillo-1181248-scaled.jpg","type":"image\/jpeg"}],"author":"aascanio","twitter_card":"summary_large_image","twitter_misc":{"Written by":"aascanio","Est. reading time":"2 minutos"},"schema":{"@context":"https:\/\/schema.org","@graph":[{"@type":"Article","@id":"https:\/\/fg.ull.es\/portal\/gdi\/ampliamos-plazas-para-nivel-3\/#article","isPartOf":{"@id":"https:\/\/fg.ull.es\/portal\/gdi\/ampliamos-plazas-para-nivel-3\/"},"author":{"name":"aascanio","@id":"https:\/\/fg.ull.es\/portal\/gdi\/#\/schema\/person\/1ad03d108c212b498a622f39176298aa"},"headline":"\u00a1Ampliamos plazas para nivel 3!","datePublished":"2020-10-22T08:29:24+00:00","dateModified":"2020-10-22T08:44:06+00:00","mainEntityOfPage":{"@id":"https:\/\/fg.ull.es\/portal\/gdi\/ampliamos-plazas-para-nivel-3\/"},"wordCount":333,"publisher":{"@id":"https:\/\/fg.ull.es\/portal\/gdi\/#organization"},"inLanguage":"es"},{"@type":"WebPage","@id":"https:\/\/fg.ull.es\/portal\/gdi\/ampliamos-plazas-para-nivel-3\/","url":"https:\/\/fg.ull.es\/portal\/gdi\/ampliamos-plazas-para-nivel-3\/","name":"\u00a1Ampliamos plazas para nivel 3! - Programa de Gestores de la Innovaci\u00f3n","isPartOf":{"@id":"https:\/\/fg.ull.es\/portal\/gdi\/#website"},"datePublished":"2020-10-22T08:29:24+00:00","dateModified":"2020-10-22T08:44:06+00:00","breadcrumb":{"@id":"https:\/\/fg.ull.es\/portal\/gdi\/ampliamos-plazas-para-nivel-3\/#breadcrumb"},"inLanguage":"es","potentialAction":[{"@type":"ReadAction","target":["https:\/\/fg.ull.es\/portal\/gdi\/ampliamos-plazas-para-nivel-3\/"]}]},{"@type":"BreadcrumbList","@id":"https:\/\/fg.ull.es\/portal\/gdi\/ampliamos-plazas-para-nivel-3\/#breadcrumb","itemListElement":[{"@type":"ListItem","position":1,"name":"Portada","item":"https:\/\/fg.ull.es\/portal\/gdi\/"},{"@type":"ListItem","position":2,"name":"\u00a1Ampliamos plazas para nivel 3!"}]},{"@type":"WebSite","@id":"https:\/\/fg.ull.es\/portal\/gdi\/#website","url":"https:\/\/fg.ull.es\/portal\/gdi\/","name":"Programa de Gestores de la Innovaci\u00f3n","description":"","publisher":{"@id":"https:\/\/fg.ull.es\/portal\/gdi\/#organization"},"potentialAction":[{"@type":"SearchAction","target":{"@type":"EntryPoint","urlTemplate":"https:\/\/fg.ull.es\/portal\/gdi\/?s={search_term_string}"},"query-input":"required name=search_term_string"}],"inLanguage":"es"},{"@type":"Organization","@id":"https:\/\/fg.ull.es\/portal\/gdi\/#organization","name":"FUNDACI\u00d3N CANARIA GENERAL UNIVERSIDAD DE LA LAGUNA","url":"https:\/\/fg.ull.es\/portal\/gdi\/","logo":{"@type":"ImageObject","inLanguage":"es","@id":"https:\/\/fg.ull.es\/portal\/gdi\/#\/schema\/logo\/image\/","url":"https:\/\/fg.ull.es\/portal\/gdi\/wp-content\/uploads\/sites\/2\/2020\/04\/FAVICON.png","contentUrl":"https:\/\/fg.ull.es\/portal\/gdi\/wp-content\/uploads\/sites\/2\/2020\/04\/FAVICON.png","width":512,"height":512,"caption":"FUNDACI\u00d3N CANARIA GENERAL UNIVERSIDAD DE LA LAGUNA"},"image":{"@id":"https:\/\/fg.ull.es\/portal\/gdi\/#\/schema\/logo\/image\/"}},{"@type":"Person","@id":"https:\/\/fg.ull.es\/portal\/gdi\/#\/schema\/person\/1ad03d108c212b498a622f39176298aa","name":"aascanio","image":{"@type":"ImageObject","inLanguage":"es","@id":"https:\/\/fg.ull.es\/portal\/gdi\/#\/schema\/person\/image\/","url":"https:\/\/secure.gravatar.com\/avatar\/fb13c6d51e43015759a2b0b66dcd2734?s=96&d=mm&r=g","contentUrl":"https:\/\/secure.gravatar.com\/avatar\/fb13c6d51e43015759a2b0b66dcd2734?s=96&d=mm&r=g","caption":"aascanio"}}]}},"_links":{"self":[{"href":"https:\/\/fg.ull.es\/portal\/gdi\/wp-json\/wp\/v2\/posts\/4597"}],"collection":[{"href":"https:\/\/fg.ull.es\/portal\/gdi\/wp-json\/wp\/v2\/posts"}],"about":[{"href":"https:\/\/fg.ull.es\/portal\/gdi\/wp-json\/wp\/v2\/types\/post"}],"author":[{"embeddable":true,"href":"https:\/\/fg.ull.es\/portal\/gdi\/wp-json\/wp\/v2\/users\/12"}],"replies":[{"embeddable":true,"href":"https:\/\/fg.ull.es\/portal\/gdi\/wp-json\/wp\/v2\/comments?post=4597"}],"version-history":[{"count":6,"href":"https:\/\/fg.ull.es\/portal\/gdi\/wp-json\/wp\/v2\/posts\/4597\/revisions"}],"predecessor-version":[{"id":4609,"href":"https:\/\/fg.ull.es\/portal\/gdi\/wp-json\/wp\/v2\/posts\/4597\/revisions\/4609"}],"wp:featuredmedia":[{"embeddable":true,"href":"https:\/\/fg.ull.es\/portal\/gdi\/wp-json\/wp\/v2\/media\/4594"}],"wp:attachment":[{"href":"https:\/\/fg.ull.es\/portal\/gdi\/wp-json\/wp\/v2\/media?parent=4597"}],"wp:term":[{"taxonomy":"category","embeddable":true,"href":"https:\/\/fg.ull.es\/portal\/gdi\/wp-json\/wp\/v2\/categories?post=4597"},{"taxonomy":"post_tag","embeddable":true,"href":"https:\/\/fg.ull.es\/portal\/gdi\/wp-json\/wp\/v2\/tags?post=4597"}],"curies":[{"name":"wp","href":"https:\/\/api.w.org\/{rel}","templated":true}]}}