{"id":4404,"date":"2020-09-30T07:49:20","date_gmt":"2020-09-30T07:49:20","guid":{"rendered":"https:\/\/fg.ull.es\/portal\/gdi\/?p=4404"},"modified":"2020-10-06T09:07:11","modified_gmt":"2020-10-06T09:07:11","slug":"estrenamos-nueva-imagen-corporativa","status":"publish","type":"post","link":"https:\/\/fg.ull.es\/portal\/gdi\/estrenamos-nueva-imagen-corporativa\/","title":{"rendered":"Estrenamos nueva imagen corporativa"},"content":{"rendered":"\n<p>Como ven\u00edamos comentado en anteriores noticias, esta 5\u00aa edici\u00f3n del programa viene cargada de novedades: cursos impartidos de forma 100% <em>online, <\/em>previsi\u00f3n de un nuevo \u201cNivel 0\u201d y \u00a1nueva imagen!<\/p>\n\n\n\n<p>Futuro, avance, innovaci\u00f3n, transformaci\u00f3n, transferencia, crecimiento, tejido empresarial, digital&#8230;son algunos de los conceptos que se han intentado transmitir con esta nueva identidad corporativa.<\/p>\n\n\n\n<p>Con una nueva y fresca paleta de colores m\u00e1s la ayuda de iconos, se ha conseguido asociar las diferentes l\u00edneas formativas con elementos propios, que en su conjunto forman la identidad total del programa.<\/p>\n\n\n\n<figure class=\"wp-block-image size-large\"><img decoding=\"async\" loading=\"lazy\" width=\"1024\" height=\"565\" src=\"https:\/\/fg.ull.es\/portal\/gdi\/wp-content\/uploads\/sites\/2\/2020\/09\/Captura-de-pantalla-2020-09-25-a-las-9.20.42-1024x565.png\" alt=\"\" class=\"wp-image-4407\" srcset=\"https:\/\/fg.ull.es\/portal\/gdi\/wp-content\/uploads\/sites\/2\/2020\/09\/Captura-de-pantalla-2020-09-25-a-las-9.20.42-1024x565.png 1024w, https:\/\/fg.ull.es\/portal\/gdi\/wp-content\/uploads\/sites\/2\/2020\/09\/Captura-de-pantalla-2020-09-25-a-las-9.20.42-300x166.png 300w, https:\/\/fg.ull.es\/portal\/gdi\/wp-content\/uploads\/sites\/2\/2020\/09\/Captura-de-pantalla-2020-09-25-a-las-9.20.42-768x424.png 768w, https:\/\/fg.ull.es\/portal\/gdi\/wp-content\/uploads\/sites\/2\/2020\/09\/Captura-de-pantalla-2020-09-25-a-las-9.20.42-375x207.png 375w, https:\/\/fg.ull.es\/portal\/gdi\/wp-content\/uploads\/sites\/2\/2020\/09\/Captura-de-pantalla-2020-09-25-a-las-9.20.42-750x414.png 750w, https:\/\/fg.ull.es\/portal\/gdi\/wp-content\/uploads\/sites\/2\/2020\/09\/Captura-de-pantalla-2020-09-25-a-las-9.20.42.png 1118w\" sizes=\"(max-width: 1024px) 100vw, 1024px\" \/><\/figure>\n\n\n\n<figure class=\"wp-block-image size-large\"><img decoding=\"async\" loading=\"lazy\" width=\"1024\" height=\"683\" src=\"https:\/\/fg.ull.es\/portal\/gdi\/wp-content\/uploads\/sites\/2\/2020\/09\/IMG_9603-1024x683.jpg\" alt=\"\" class=\"wp-image-4408\" srcset=\"https:\/\/fg.ull.es\/portal\/gdi\/wp-content\/uploads\/sites\/2\/2020\/09\/IMG_9603-1024x683.jpg 1024w, https:\/\/fg.ull.es\/portal\/gdi\/wp-content\/uploads\/sites\/2\/2020\/09\/IMG_9603-300x200.jpg 300w, https:\/\/fg.ull.es\/portal\/gdi\/wp-content\/uploads\/sites\/2\/2020\/09\/IMG_9603-768x512.jpg 768w, https:\/\/fg.ull.es\/portal\/gdi\/wp-content\/uploads\/sites\/2\/2020\/09\/IMG_9603-1536x1024.jpg 1536w, https:\/\/fg.ull.es\/portal\/gdi\/wp-content\/uploads\/sites\/2\/2020\/09\/IMG_9603-375x250.jpg 375w, https:\/\/fg.ull.es\/portal\/gdi\/wp-content\/uploads\/sites\/2\/2020\/09\/IMG_9603-750x500.jpg 750w, https:\/\/fg.ull.es\/portal\/gdi\/wp-content\/uploads\/sites\/2\/2020\/09\/IMG_9603-1140x760.jpg 1140w, https:\/\/fg.ull.es\/portal\/gdi\/wp-content\/uploads\/sites\/2\/2020\/09\/IMG_9603.jpg 2048w\" sizes=\"(max-width: 1024px) 100vw, 1024px\" \/><figcaption><em>La nueva imagen ya aplicada en la rueda de prensa del pasado 21 de septiembre.<\/em><br><\/figcaption><\/figure>\n\n\n\n<p>Esta nueva imagen unifica y actualiza el concepto de Gesti\u00f3n de la Innovaci\u00f3n en un a\u00f1o en el que las plataformas digitales supondr\u00e1n una parte muy importante del programa, ya que, como coment\u00e1bamos, los cursos se impartir\u00e1n de manera 100% <em>online<\/em>.<\/p>\n\n\n\n<p>El objetivo es facilitar y separar de manera visual las distintas ramas formativas del programa. \u00bfYa has echado un vistazo a la <a href=\"https:\/\/fg.ull.es\/portal\/gdi\/\">web<\/a>?<\/p>\n\n\n\n<p><\/p>\n\n\n\n<p><\/p>\n","protected":false},"excerpt":{"rendered":"<p>Como ven\u00edamos comentado en anteriores noticias, esta 5\u00aa edici\u00f3n del programa viene cargada de novedades: cursos impartidos de forma 100% online, previsi\u00f3n de un nuevo \u201cNivel 0\u201d y \u00a1nueva imagen! Futuro, avance, innovaci\u00f3n, transformaci\u00f3n, transferencia, crecimiento, tejido empresarial, digital&#8230;son algunos de los conceptos que se han intentado transmitir con esta nueva identidad corporativa. Con una&#8230;<\/p>\n","protected":false},"author":12,"featured_media":4405,"comment_status":"closed","ping_status":"closed","sticky":false,"template":"","format":"standard","meta":{"footnotes":""},"categories":[1],"tags":[],"yoast_head":"<!-- This site is optimized with the Yoast SEO plugin v21.1 - https:\/\/yoast.com\/wordpress\/plugins\/seo\/ -->\n<title>Estrenamos nueva imagen corporativa - Programa de Gestores de la Innovaci\u00f3n<\/title>\n<meta name=\"robots\" content=\"index, follow, max-snippet:-1, max-image-preview:large, max-video-preview:-1\" \/>\n<link rel=\"canonical\" href=\"https:\/\/fg.ull.es\/portal\/gdi\/estrenamos-nueva-imagen-corporativa\/\" \/>\n<meta property=\"og:locale\" content=\"es_ES\" \/>\n<meta property=\"og:type\" content=\"article\" \/>\n<meta property=\"og:title\" content=\"Estrenamos nueva imagen corporativa - Programa de Gestores de la Innovaci\u00f3n\" \/>\n<meta property=\"og:description\" content=\"Como ven\u00edamos comentado en anteriores noticias, esta 5\u00aa edici\u00f3n del programa viene cargada de novedades: cursos impartidos de forma 100% online, previsi\u00f3n de un nuevo \u201cNivel 0\u201d y \u00a1nueva imagen! Futuro, avance, innovaci\u00f3n, transformaci\u00f3n, transferencia, crecimiento, tejido empresarial, digital&#8230;son algunos de los conceptos que se han intentado transmitir con esta nueva identidad corporativa. Con una...\" \/>\n<meta property=\"og:url\" content=\"https:\/\/fg.ull.es\/portal\/gdi\/estrenamos-nueva-imagen-corporativa\/\" \/>\n<meta property=\"og:site_name\" content=\"Programa de Gestores de la Innovaci\u00f3n\" \/>\n<meta property=\"article:published_time\" content=\"2020-09-30T07:49:20+00:00\" \/>\n<meta property=\"article:modified_time\" content=\"2020-10-06T09:07:11+00:00\" \/>\n<meta property=\"og:image\" content=\"https:\/\/fg.ull.es\/portal\/gdi\/wp-content\/uploads\/sites\/2\/2020\/09\/Captura-de-pantalla-2020-09-25-a-las-9.17.52.png\" \/>\n\t<meta property=\"og:image:width\" content=\"1343\" \/>\n\t<meta property=\"og:image:height\" content=\"747\" \/>\n\t<meta property=\"og:image:type\" content=\"image\/png\" \/>\n<meta name=\"author\" content=\"aascanio\" \/>\n<meta name=\"twitter:card\" content=\"summary_large_image\" \/>\n<meta name=\"twitter:label1\" content=\"Written by\" \/>\n\t<meta name=\"twitter:data1\" content=\"aascanio\" \/>\n\t<meta name=\"twitter:label2\" content=\"Est. reading time\" \/>\n\t<meta name=\"twitter:data2\" content=\"1 minuto\" \/>\n<script type=\"application\/ld+json\" class=\"yoast-schema-graph\">{\"@context\":\"https:\/\/schema.org\",\"@graph\":[{\"@type\":\"Article\",\"@id\":\"https:\/\/fg.ull.es\/portal\/gdi\/estrenamos-nueva-imagen-corporativa\/#article\",\"isPartOf\":{\"@id\":\"https:\/\/fg.ull.es\/portal\/gdi\/estrenamos-nueva-imagen-corporativa\/\"},\"author\":{\"name\":\"aascanio\",\"@id\":\"https:\/\/fg.ull.es\/portal\/gdi\/#\/schema\/person\/1ad03d108c212b498a622f39176298aa\"},\"headline\":\"Estrenamos nueva imagen corporativa\",\"datePublished\":\"2020-09-30T07:49:20+00:00\",\"dateModified\":\"2020-10-06T09:07:11+00:00\",\"mainEntityOfPage\":{\"@id\":\"https:\/\/fg.ull.es\/portal\/gdi\/estrenamos-nueva-imagen-corporativa\/\"},\"wordCount\":179,\"publisher\":{\"@id\":\"https:\/\/fg.ull.es\/portal\/gdi\/#organization\"},\"inLanguage\":\"es\"},{\"@type\":\"WebPage\",\"@id\":\"https:\/\/fg.ull.es\/portal\/gdi\/estrenamos-nueva-imagen-corporativa\/\",\"url\":\"https:\/\/fg.ull.es\/portal\/gdi\/estrenamos-nueva-imagen-corporativa\/\",\"name\":\"Estrenamos nueva imagen corporativa - Programa de Gestores de la Innovaci\u00f3n\",\"isPartOf\":{\"@id\":\"https:\/\/fg.ull.es\/portal\/gdi\/#website\"},\"datePublished\":\"2020-09-30T07:49:20+00:00\",\"dateModified\":\"2020-10-06T09:07:11+00:00\",\"breadcrumb\":{\"@id\":\"https:\/\/fg.ull.es\/portal\/gdi\/estrenamos-nueva-imagen-corporativa\/#breadcrumb\"},\"inLanguage\":\"es\",\"potentialAction\":[{\"@type\":\"ReadAction\",\"target\":[\"https:\/\/fg.ull.es\/portal\/gdi\/estrenamos-nueva-imagen-corporativa\/\"]}]},{\"@type\":\"BreadcrumbList\",\"@id\":\"https:\/\/fg.ull.es\/portal\/gdi\/estrenamos-nueva-imagen-corporativa\/#breadcrumb\",\"itemListElement\":[{\"@type\":\"ListItem\",\"position\":1,\"name\":\"Portada\",\"item\":\"https:\/\/fg.ull.es\/portal\/gdi\/\"},{\"@type\":\"ListItem\",\"position\":2,\"name\":\"Estrenamos nueva imagen corporativa\"}]},{\"@type\":\"WebSite\",\"@id\":\"https:\/\/fg.ull.es\/portal\/gdi\/#website\",\"url\":\"https:\/\/fg.ull.es\/portal\/gdi\/\",\"name\":\"Programa de Gestores de la Innovaci\u00f3n\",\"description\":\"\",\"publisher\":{\"@id\":\"https:\/\/fg.ull.es\/portal\/gdi\/#organization\"},\"potentialAction\":[{\"@type\":\"SearchAction\",\"target\":{\"@type\":\"EntryPoint\",\"urlTemplate\":\"https:\/\/fg.ull.es\/portal\/gdi\/?s={search_term_string}\"},\"query-input\":\"required name=search_term_string\"}],\"inLanguage\":\"es\"},{\"@type\":\"Organization\",\"@id\":\"https:\/\/fg.ull.es\/portal\/gdi\/#organization\",\"name\":\"FUNDACI\u00d3N CANARIA GENERAL UNIVERSIDAD DE LA LAGUNA\",\"url\":\"https:\/\/fg.ull.es\/portal\/gdi\/\",\"logo\":{\"@type\":\"ImageObject\",\"inLanguage\":\"es\",\"@id\":\"https:\/\/fg.ull.es\/portal\/gdi\/#\/schema\/logo\/image\/\",\"url\":\"https:\/\/fg.ull.es\/portal\/gdi\/wp-content\/uploads\/sites\/2\/2020\/04\/FAVICON.png\",\"contentUrl\":\"https:\/\/fg.ull.es\/portal\/gdi\/wp-content\/uploads\/sites\/2\/2020\/04\/FAVICON.png\",\"width\":512,\"height\":512,\"caption\":\"FUNDACI\u00d3N CANARIA GENERAL UNIVERSIDAD DE LA LAGUNA\"},\"image\":{\"@id\":\"https:\/\/fg.ull.es\/portal\/gdi\/#\/schema\/logo\/image\/\"}},{\"@type\":\"Person\",\"@id\":\"https:\/\/fg.ull.es\/portal\/gdi\/#\/schema\/person\/1ad03d108c212b498a622f39176298aa\",\"name\":\"aascanio\",\"image\":{\"@type\":\"ImageObject\",\"inLanguage\":\"es\",\"@id\":\"https:\/\/fg.ull.es\/portal\/gdi\/#\/schema\/person\/image\/\",\"url\":\"https:\/\/secure.gravatar.com\/avatar\/fb13c6d51e43015759a2b0b66dcd2734?s=96&d=mm&r=g\",\"contentUrl\":\"https:\/\/secure.gravatar.com\/avatar\/fb13c6d51e43015759a2b0b66dcd2734?s=96&d=mm&r=g\",\"caption\":\"aascanio\"}}]}<\/script>\n<!-- \/ Yoast SEO plugin. -->","yoast_head_json":{"title":"Estrenamos nueva imagen corporativa - Programa de Gestores de la Innovaci\u00f3n","robots":{"index":"index","follow":"follow","max-snippet":"max-snippet:-1","max-image-preview":"max-image-preview:large","max-video-preview":"max-video-preview:-1"},"canonical":"https:\/\/fg.ull.es\/portal\/gdi\/estrenamos-nueva-imagen-corporativa\/","og_locale":"es_ES","og_type":"article","og_title":"Estrenamos nueva imagen corporativa - Programa de Gestores de la Innovaci\u00f3n","og_description":"Como ven\u00edamos comentado en anteriores noticias, esta 5\u00aa edici\u00f3n del programa viene cargada de novedades: cursos impartidos de forma 100% online, previsi\u00f3n de un nuevo \u201cNivel 0\u201d y \u00a1nueva imagen! Futuro, avance, innovaci\u00f3n, transformaci\u00f3n, transferencia, crecimiento, tejido empresarial, digital&#8230;son algunos de los conceptos que se han intentado transmitir con esta nueva identidad corporativa. Con una...","og_url":"https:\/\/fg.ull.es\/portal\/gdi\/estrenamos-nueva-imagen-corporativa\/","og_site_name":"Programa de Gestores de la Innovaci\u00f3n","article_published_time":"2020-09-30T07:49:20+00:00","article_modified_time":"2020-10-06T09:07:11+00:00","og_image":[{"width":1343,"height":747,"url":"https:\/\/fg.ull.es\/portal\/gdi\/wp-content\/uploads\/sites\/2\/2020\/09\/Captura-de-pantalla-2020-09-25-a-las-9.17.52.png","type":"image\/png"}],"author":"aascanio","twitter_card":"summary_large_image","twitter_misc":{"Written by":"aascanio","Est. reading time":"1 minuto"},"schema":{"@context":"https:\/\/schema.org","@graph":[{"@type":"Article","@id":"https:\/\/fg.ull.es\/portal\/gdi\/estrenamos-nueva-imagen-corporativa\/#article","isPartOf":{"@id":"https:\/\/fg.ull.es\/portal\/gdi\/estrenamos-nueva-imagen-corporativa\/"},"author":{"name":"aascanio","@id":"https:\/\/fg.ull.es\/portal\/gdi\/#\/schema\/person\/1ad03d108c212b498a622f39176298aa"},"headline":"Estrenamos nueva imagen corporativa","datePublished":"2020-09-30T07:49:20+00:00","dateModified":"2020-10-06T09:07:11+00:00","mainEntityOfPage":{"@id":"https:\/\/fg.ull.es\/portal\/gdi\/estrenamos-nueva-imagen-corporativa\/"},"wordCount":179,"publisher":{"@id":"https:\/\/fg.ull.es\/portal\/gdi\/#organization"},"inLanguage":"es"},{"@type":"WebPage","@id":"https:\/\/fg.ull.es\/portal\/gdi\/estrenamos-nueva-imagen-corporativa\/","url":"https:\/\/fg.ull.es\/portal\/gdi\/estrenamos-nueva-imagen-corporativa\/","name":"Estrenamos nueva imagen corporativa - Programa de Gestores de la Innovaci\u00f3n","isPartOf":{"@id":"https:\/\/fg.ull.es\/portal\/gdi\/#website"},"datePublished":"2020-09-30T07:49:20+00:00","dateModified":"2020-10-06T09:07:11+00:00","breadcrumb":{"@id":"https:\/\/fg.ull.es\/portal\/gdi\/estrenamos-nueva-imagen-corporativa\/#breadcrumb"},"inLanguage":"es","potentialAction":[{"@type":"ReadAction","target":["https:\/\/fg.ull.es\/portal\/gdi\/estrenamos-nueva-imagen-corporativa\/"]}]},{"@type":"BreadcrumbList","@id":"https:\/\/fg.ull.es\/portal\/gdi\/estrenamos-nueva-imagen-corporativa\/#breadcrumb","itemListElement":[{"@type":"ListItem","position":1,"name":"Portada","item":"https:\/\/fg.ull.es\/portal\/gdi\/"},{"@type":"ListItem","position":2,"name":"Estrenamos nueva imagen corporativa"}]},{"@type":"WebSite","@id":"https:\/\/fg.ull.es\/portal\/gdi\/#website","url":"https:\/\/fg.ull.es\/portal\/gdi\/","name":"Programa de Gestores de la Innovaci\u00f3n","description":"","publisher":{"@id":"https:\/\/fg.ull.es\/portal\/gdi\/#organization"},"potentialAction":[{"@type":"SearchAction","target":{"@type":"EntryPoint","urlTemplate":"https:\/\/fg.ull.es\/portal\/gdi\/?s={search_term_string}"},"query-input":"required name=search_term_string"}],"inLanguage":"es"},{"@type":"Organization","@id":"https:\/\/fg.ull.es\/portal\/gdi\/#organization","name":"FUNDACI\u00d3N CANARIA GENERAL UNIVERSIDAD DE LA LAGUNA","url":"https:\/\/fg.ull.es\/portal\/gdi\/","logo":{"@type":"ImageObject","inLanguage":"es","@id":"https:\/\/fg.ull.es\/portal\/gdi\/#\/schema\/logo\/image\/","url":"https:\/\/fg.ull.es\/portal\/gdi\/wp-content\/uploads\/sites\/2\/2020\/04\/FAVICON.png","contentUrl":"https:\/\/fg.ull.es\/portal\/gdi\/wp-content\/uploads\/sites\/2\/2020\/04\/FAVICON.png","width":512,"height":512,"caption":"FUNDACI\u00d3N CANARIA GENERAL UNIVERSIDAD DE LA LAGUNA"},"image":{"@id":"https:\/\/fg.ull.es\/portal\/gdi\/#\/schema\/logo\/image\/"}},{"@type":"Person","@id":"https:\/\/fg.ull.es\/portal\/gdi\/#\/schema\/person\/1ad03d108c212b498a622f39176298aa","name":"aascanio","image":{"@type":"ImageObject","inLanguage":"es","@id":"https:\/\/fg.ull.es\/portal\/gdi\/#\/schema\/person\/image\/","url":"https:\/\/secure.gravatar.com\/avatar\/fb13c6d51e43015759a2b0b66dcd2734?s=96&d=mm&r=g","contentUrl":"https:\/\/secure.gravatar.com\/avatar\/fb13c6d51e43015759a2b0b66dcd2734?s=96&d=mm&r=g","caption":"aascanio"}}]}},"_links":{"self":[{"href":"https:\/\/fg.ull.es\/portal\/gdi\/wp-json\/wp\/v2\/posts\/4404"}],"collection":[{"href":"https:\/\/fg.ull.es\/portal\/gdi\/wp-json\/wp\/v2\/posts"}],"about":[{"href":"https:\/\/fg.ull.es\/portal\/gdi\/wp-json\/wp\/v2\/types\/post"}],"author":[{"embeddable":true,"href":"https:\/\/fg.ull.es\/portal\/gdi\/wp-json\/wp\/v2\/users\/12"}],"replies":[{"embeddable":true,"href":"https:\/\/fg.ull.es\/portal\/gdi\/wp-json\/wp\/v2\/comments?post=4404"}],"version-history":[{"count":3,"href":"https:\/\/fg.ull.es\/portal\/gdi\/wp-json\/wp\/v2\/posts\/4404\/revisions"}],"predecessor-version":[{"id":4483,"href":"https:\/\/fg.ull.es\/portal\/gdi\/wp-json\/wp\/v2\/posts\/4404\/revisions\/4483"}],"wp:featuredmedia":[{"embeddable":true,"href":"https:\/\/fg.ull.es\/portal\/gdi\/wp-json\/wp\/v2\/media\/4405"}],"wp:attachment":[{"href":"https:\/\/fg.ull.es\/portal\/gdi\/wp-json\/wp\/v2\/media?parent=4404"}],"wp:term":[{"taxonomy":"category","embeddable":true,"href":"https:\/\/fg.ull.es\/portal\/gdi\/wp-json\/wp\/v2\/categories?post=4404"},{"taxonomy":"post_tag","embeddable":true,"href":"https:\/\/fg.ull.es\/portal\/gdi\/wp-json\/wp\/v2\/tags?post=4404"}],"curies":[{"name":"wp","href":"https:\/\/api.w.org\/{rel}","templated":true}]}}