{"id":4401,"date":"2020-09-30T07:48:19","date_gmt":"2020-09-30T07:48:19","guid":{"rendered":"https:\/\/fg.ull.es\/portal\/gdi\/?p=4401"},"modified":"2020-10-06T09:07:15","modified_gmt":"2020-10-06T09:07:15","slug":"arranca-la-5a-edicion-del-programa","status":"publish","type":"post","link":"https:\/\/fg.ull.es\/portal\/gdi\/arranca-la-5a-edicion-del-programa\/","title":{"rendered":"Arranca la 5\u00aa edici\u00f3n del programa"},"content":{"rendered":"\n<p>La formaci\u00f3n <em>online<\/em> ha experimentado un crecimiento sin precedentes en los \u00faltimos meses y esta edici\u00f3n del Programa Gesti\u00f3n de la Innovaci\u00f3n ha querido sumarse a esta nueva tendencia educativa, ofreciendo todas sus formaciones en un formato 100% <em>online<\/em> y gratuito para participantes residentes en Canarias. Alumnado y profesorado podr\u00e1n interactuar a trav\u00e9s de las plataformas digitales.<\/p>\n\n\n\n<p>Al igual que en a\u00f1os anteriores, este programa formativo ofrece cursos de car\u00e1cter gratuito orientados hacia la Gesti\u00f3n de la Innovaci\u00f3n, la Transformaci\u00f3n Digital y la Transferencia y Valorizaci\u00f3n del conocimiento.<\/p>\n\n\n\n<p>La presentaci\u00f3n de esta nueva edici\u00f3n del programa GDI, tuvo lugar el 21 de septiembre en la Facultad de Bellas Artes con la rectora de la Universidad de La Laguna, Rosa Aguilar, la consejera de Econom\u00eda, Conocimiento y Empleo, Elena M\u00e1\u00f1ez, y el director de la Agencia Canaria de Investigaci\u00f3n, Innovaci\u00f3n y Sociedad de la Informaci\u00f3n del Gobierno de Canarias, Carlos Navarro. <\/p>\n\n\n\n<p><strong>\u201cInnovar no se hace en un solo momento para un problema concreto, tiene que ser un continuo y, fundamentalmente, es una cuesti\u00f3n de actitud\u201d<\/strong>, comentaba la rectora Rosa Aguilar. <\/p>\n\n\n\n<p>Carlos Navarro animaba al alumnado, \u201cQuiero decir a los y las alumnas de este programa que tienen una gran responsabilidad y esperamos mucho de ellos, porque esto no es un curso m\u00e1s, a partir de ahora pertenecer\u00e1n a un colectivo destinado a cambiar Canarias\u201d.<\/p>\n\n\n\n<p>La consejera M\u00e1\u00f1ez defini\u00f3 el programa GDI  como \u201cun programa clave y estrat\u00e9gico para esta Consejer\u00eda\u201d. \u201cCanarias viene arrastrando d\u00e9ficits muy importantes, en I+D+i y estamos muy lejos de converger con los par\u00e1metros europeos, por lo que para salir de esta crisis es clave formar a personas capacitadas en innovaci\u00f3n y conocimiento que van a invertir todo ese aprendizaje en la transformaci\u00f3n del tejido productivo, pymes, micropymes y aut\u00f3nomos que son la base de toda la econom\u00eda de Canarias\u201d<\/p>\n\n\n\n<p>Este a\u00f1o de forma novedosa, adem\u00e1s de los cursos y niveles impartidos cada a\u00f1o, se est\u00e1 trabajando para crear dos nuevos cursos de nivel 0 en Transformaci\u00f3n Digital destinados a mejorar las competencias digitales de uso diario de las personas.<\/p>\n\n\n\n<figure class=\"wp-block-image size-large\"><img decoding=\"async\" loading=\"lazy\" width=\"1024\" height=\"683\" src=\"https:\/\/fg.ull.es\/portal\/gdi\/wp-content\/uploads\/sites\/2\/2020\/09\/IMG_9626-1024x683.jpg\" alt=\"\" class=\"wp-image-4402\" srcset=\"https:\/\/fg.ull.es\/portal\/gdi\/wp-content\/uploads\/sites\/2\/2020\/09\/IMG_9626-1024x683.jpg 1024w, https:\/\/fg.ull.es\/portal\/gdi\/wp-content\/uploads\/sites\/2\/2020\/09\/IMG_9626-300x200.jpg 300w, https:\/\/fg.ull.es\/portal\/gdi\/wp-content\/uploads\/sites\/2\/2020\/09\/IMG_9626-768x512.jpg 768w, https:\/\/fg.ull.es\/portal\/gdi\/wp-content\/uploads\/sites\/2\/2020\/09\/IMG_9626-1536x1024.jpg 1536w, https:\/\/fg.ull.es\/portal\/gdi\/wp-content\/uploads\/sites\/2\/2020\/09\/IMG_9626-375x250.jpg 375w, https:\/\/fg.ull.es\/portal\/gdi\/wp-content\/uploads\/sites\/2\/2020\/09\/IMG_9626-750x500.jpg 750w, https:\/\/fg.ull.es\/portal\/gdi\/wp-content\/uploads\/sites\/2\/2020\/09\/IMG_9626-1140x760.jpg 1140w, https:\/\/fg.ull.es\/portal\/gdi\/wp-content\/uploads\/sites\/2\/2020\/09\/IMG_9626.jpg 2048w\" sizes=\"(max-width: 1024px) 100vw, 1024px\" \/><\/figure>\n\n\n\n<p>La pasada edici\u00f3n de 2019 fue todo un \u00e9xito: Se impartieron 23 cursos en modalidad semipresencial, formando a un total de 461 personas; se lograron 950 acreditaciones entre las distintas formaciones y niveles y 16 personas de los distintos niveles formativos realizaron la formaci\u00f3n pr\u00e1ctica en empresas y grupos de Investigaci\u00f3n.<\/p>\n\n\n\n<p>Este a\u00f1o se prev\u00e9 alcanzar m\u00e1s de 400 personas formadas de manera online en las tres l\u00edneas formativas que ofrece el Programa: Gesti\u00f3n de la Innovaci\u00f3n, Transformaci\u00f3n Digital y Transferencia y Valorizaci\u00f3n del conocimiento:<\/p>\n\n\n\n<p>\u25cf Gesti\u00f3n de la Innovaci\u00f3n: el alumnado aprender\u00e1 a identificar nuevas oportunidades de negocio, dise\u00f1ar nuevos productos y servicios, aprender a gestionar proyectos de I+D+i,\u2026 Sus tres niveles son: Promoci\u00f3n (N1), Gesti\u00f3n (N2) y Consultor\u00eda (N3).<\/p>\n\n\n\n<p>\u25cf Transformaci\u00f3n Digital: los participantes de estos cursos adquieren los conocimientos que son tendencia y que demandan las empresas para afrontar los retos de un futuro que es hoy; las nuevas tecnolog\u00edas al servicio de la transformaci\u00f3n digital de las organizaciones. Sus niveles son: Promoci\u00f3n (N1), Gesti\u00f3n (N2) y Consultor\u00eda (N3).<\/p>\n\n\n\n<p>\u25cf Transferencia y Valorizaci\u00f3n: aprender\u00e1n a transferir y valorar el conocimiento generado por la investigaci\u00f3n y su aplicaci\u00f3n al tejido productivo como otra forma de innovaci\u00f3n que genera riqueza y empleo.<\/p>\n\n\n\n<figure class=\"wp-block-image size-large\"><img decoding=\"async\" loading=\"lazy\" width=\"683\" height=\"1024\" src=\"https:\/\/fg.ull.es\/portal\/gdi\/wp-content\/uploads\/sites\/2\/2020\/09\/IMG_9709-683x1024.jpg\" alt=\"\" class=\"wp-image-4397\" srcset=\"https:\/\/fg.ull.es\/portal\/gdi\/wp-content\/uploads\/sites\/2\/2020\/09\/IMG_9709-683x1024.jpg 683w, https:\/\/fg.ull.es\/portal\/gdi\/wp-content\/uploads\/sites\/2\/2020\/09\/IMG_9709-200x300.jpg 200w, https:\/\/fg.ull.es\/portal\/gdi\/wp-content\/uploads\/sites\/2\/2020\/09\/IMG_9709-768x1152.jpg 768w, https:\/\/fg.ull.es\/portal\/gdi\/wp-content\/uploads\/sites\/2\/2020\/09\/IMG_9709-1024x1536.jpg 1024w, https:\/\/fg.ull.es\/portal\/gdi\/wp-content\/uploads\/sites\/2\/2020\/09\/IMG_9709-375x563.jpg 375w, https:\/\/fg.ull.es\/portal\/gdi\/wp-content\/uploads\/sites\/2\/2020\/09\/IMG_9709-750x1125.jpg 750w, https:\/\/fg.ull.es\/portal\/gdi\/wp-content\/uploads\/sites\/2\/2020\/09\/IMG_9709-1140x1710.jpg 1140w, https:\/\/fg.ull.es\/portal\/gdi\/wp-content\/uploads\/sites\/2\/2020\/09\/IMG_9709.jpg 1365w\" sizes=\"(max-width: 683px) 100vw, 683px\" \/><figcaption><em>Tras la rueda de prensa, se visit\u00f3 el Laboratorio de Dise\u00f1o y Fabricaci\u00f3n Digital (FabLab) ubicado en la Facultad de BBAA.<\/em><\/figcaption><\/figure>\n\n\n\n<p>Si est\u00e1s interesado en cursar uno de nuestros programas formativos, no dudes en ponerte en contacto trav\u00e9s del correo electr\u00f3nico <a href=\"mailto:gdi@fg.ull.es\" data-type=\"mailto\" data-id=\"mailto:gdi@fg.ull.es\">gdi@fg.ull.es <\/a>o realizar el <a href=\"https:\/\/fg.ull.es\/portal\/gdi\/contacto\/\" data-type=\"URL\" data-id=\"https:\/\/fg.ull.es\/portal\/gdi\/contacto\/\">formulario de contacto<\/a> de la p\u00e1gina web.<\/p>\n\n\n\n<p><\/p>\n","protected":false},"excerpt":{"rendered":"<p>La formaci\u00f3n online ha experimentado un crecimiento sin precedentes en los \u00faltimos meses y esta edici\u00f3n del Programa Gesti\u00f3n de la Innovaci\u00f3n ha querido sumarse a esta nueva tendencia educativa, ofreciendo todas sus formaciones en un formato 100% online y gratuito para participantes residentes en Canarias. Alumnado y profesorado podr\u00e1n interactuar a trav\u00e9s de las&#8230;<\/p>\n","protected":false},"author":12,"featured_media":4395,"comment_status":"closed","ping_status":"closed","sticky":false,"template":"","format":"standard","meta":{"footnotes":""},"categories":[3,4,1],"tags":[],"yoast_head":"<!-- This site is optimized with the Yoast SEO plugin v21.1 - https:\/\/yoast.com\/wordpress\/plugins\/seo\/ -->\n<title>Arranca la 5\u00aa edici\u00f3n del programa - Programa de Gestores de la Innovaci\u00f3n<\/title>\n<meta name=\"robots\" content=\"index, follow, max-snippet:-1, max-image-preview:large, max-video-preview:-1\" \/>\n<link rel=\"canonical\" href=\"https:\/\/fg.ull.es\/portal\/gdi\/arranca-la-5a-edicion-del-programa\/\" \/>\n<meta property=\"og:locale\" content=\"es_ES\" \/>\n<meta property=\"og:type\" content=\"article\" \/>\n<meta property=\"og:title\" content=\"Arranca la 5\u00aa edici\u00f3n del programa - Programa de Gestores de la Innovaci\u00f3n\" \/>\n<meta property=\"og:description\" content=\"La formaci\u00f3n online ha experimentado un crecimiento sin precedentes en los \u00faltimos meses y esta edici\u00f3n del Programa Gesti\u00f3n de la Innovaci\u00f3n ha querido sumarse a esta nueva tendencia educativa, ofreciendo todas sus formaciones en un formato 100% online y gratuito para participantes residentes en Canarias. Alumnado y profesorado podr\u00e1n interactuar a trav\u00e9s de las...\" \/>\n<meta property=\"og:url\" content=\"https:\/\/fg.ull.es\/portal\/gdi\/arranca-la-5a-edicion-del-programa\/\" \/>\n<meta property=\"og:site_name\" content=\"Programa de Gestores de la Innovaci\u00f3n\" \/>\n<meta property=\"article:published_time\" content=\"2020-09-30T07:48:19+00:00\" \/>\n<meta property=\"article:modified_time\" content=\"2020-10-06T09:07:15+00:00\" \/>\n<meta property=\"og:image\" content=\"https:\/\/fg.ull.es\/portal\/gdi\/wp-content\/uploads\/sites\/2\/2020\/09\/IMG_9635.jpg\" \/>\n\t<meta property=\"og:image:width\" content=\"2048\" \/>\n\t<meta property=\"og:image:height\" content=\"1365\" \/>\n\t<meta property=\"og:image:type\" content=\"image\/jpeg\" \/>\n<meta name=\"author\" content=\"aascanio\" \/>\n<meta name=\"twitter:card\" content=\"summary_large_image\" \/>\n<meta name=\"twitter:label1\" content=\"Written by\" \/>\n\t<meta name=\"twitter:data1\" content=\"aascanio\" \/>\n\t<meta name=\"twitter:label2\" content=\"Est. reading time\" \/>\n\t<meta name=\"twitter:data2\" content=\"3 minutos\" \/>\n<script type=\"application\/ld+json\" class=\"yoast-schema-graph\">{\"@context\":\"https:\/\/schema.org\",\"@graph\":[{\"@type\":\"Article\",\"@id\":\"https:\/\/fg.ull.es\/portal\/gdi\/arranca-la-5a-edicion-del-programa\/#article\",\"isPartOf\":{\"@id\":\"https:\/\/fg.ull.es\/portal\/gdi\/arranca-la-5a-edicion-del-programa\/\"},\"author\":{\"name\":\"aascanio\",\"@id\":\"https:\/\/fg.ull.es\/portal\/gdi\/#\/schema\/person\/1ad03d108c212b498a622f39176298aa\"},\"headline\":\"Arranca la 5\u00aa edici\u00f3n del programa\",\"datePublished\":\"2020-09-30T07:48:19+00:00\",\"dateModified\":\"2020-10-06T09:07:15+00:00\",\"mainEntityOfPage\":{\"@id\":\"https:\/\/fg.ull.es\/portal\/gdi\/arranca-la-5a-edicion-del-programa\/\"},\"wordCount\":667,\"publisher\":{\"@id\":\"https:\/\/fg.ull.es\/portal\/gdi\/#organization\"},\"articleSection\":[\"Portada\",\"programa GDI\"],\"inLanguage\":\"es\"},{\"@type\":\"WebPage\",\"@id\":\"https:\/\/fg.ull.es\/portal\/gdi\/arranca-la-5a-edicion-del-programa\/\",\"url\":\"https:\/\/fg.ull.es\/portal\/gdi\/arranca-la-5a-edicion-del-programa\/\",\"name\":\"Arranca la 5\u00aa edici\u00f3n del programa - Programa de Gestores de la Innovaci\u00f3n\",\"isPartOf\":{\"@id\":\"https:\/\/fg.ull.es\/portal\/gdi\/#website\"},\"datePublished\":\"2020-09-30T07:48:19+00:00\",\"dateModified\":\"2020-10-06T09:07:15+00:00\",\"breadcrumb\":{\"@id\":\"https:\/\/fg.ull.es\/portal\/gdi\/arranca-la-5a-edicion-del-programa\/#breadcrumb\"},\"inLanguage\":\"es\",\"potentialAction\":[{\"@type\":\"ReadAction\",\"target\":[\"https:\/\/fg.ull.es\/portal\/gdi\/arranca-la-5a-edicion-del-programa\/\"]}]},{\"@type\":\"BreadcrumbList\",\"@id\":\"https:\/\/fg.ull.es\/portal\/gdi\/arranca-la-5a-edicion-del-programa\/#breadcrumb\",\"itemListElement\":[{\"@type\":\"ListItem\",\"position\":1,\"name\":\"Portada\",\"item\":\"https:\/\/fg.ull.es\/portal\/gdi\/\"},{\"@type\":\"ListItem\",\"position\":2,\"name\":\"Arranca la 5\u00aa edici\u00f3n del programa\"}]},{\"@type\":\"WebSite\",\"@id\":\"https:\/\/fg.ull.es\/portal\/gdi\/#website\",\"url\":\"https:\/\/fg.ull.es\/portal\/gdi\/\",\"name\":\"Programa de Gestores de la Innovaci\u00f3n\",\"description\":\"\",\"publisher\":{\"@id\":\"https:\/\/fg.ull.es\/portal\/gdi\/#organization\"},\"potentialAction\":[{\"@type\":\"SearchAction\",\"target\":{\"@type\":\"EntryPoint\",\"urlTemplate\":\"https:\/\/fg.ull.es\/portal\/gdi\/?s={search_term_string}\"},\"query-input\":\"required name=search_term_string\"}],\"inLanguage\":\"es\"},{\"@type\":\"Organization\",\"@id\":\"https:\/\/fg.ull.es\/portal\/gdi\/#organization\",\"name\":\"FUNDACI\u00d3N CANARIA GENERAL UNIVERSIDAD DE LA LAGUNA\",\"url\":\"https:\/\/fg.ull.es\/portal\/gdi\/\",\"logo\":{\"@type\":\"ImageObject\",\"inLanguage\":\"es\",\"@id\":\"https:\/\/fg.ull.es\/portal\/gdi\/#\/schema\/logo\/image\/\",\"url\":\"https:\/\/fg.ull.es\/portal\/gdi\/wp-content\/uploads\/sites\/2\/2020\/04\/FAVICON.png\",\"contentUrl\":\"https:\/\/fg.ull.es\/portal\/gdi\/wp-content\/uploads\/sites\/2\/2020\/04\/FAVICON.png\",\"width\":512,\"height\":512,\"caption\":\"FUNDACI\u00d3N CANARIA GENERAL UNIVERSIDAD DE LA LAGUNA\"},\"image\":{\"@id\":\"https:\/\/fg.ull.es\/portal\/gdi\/#\/schema\/logo\/image\/\"}},{\"@type\":\"Person\",\"@id\":\"https:\/\/fg.ull.es\/portal\/gdi\/#\/schema\/person\/1ad03d108c212b498a622f39176298aa\",\"name\":\"aascanio\",\"image\":{\"@type\":\"ImageObject\",\"inLanguage\":\"es\",\"@id\":\"https:\/\/fg.ull.es\/portal\/gdi\/#\/schema\/person\/image\/\",\"url\":\"https:\/\/secure.gravatar.com\/avatar\/fb13c6d51e43015759a2b0b66dcd2734?s=96&d=mm&r=g\",\"contentUrl\":\"https:\/\/secure.gravatar.com\/avatar\/fb13c6d51e43015759a2b0b66dcd2734?s=96&d=mm&r=g\",\"caption\":\"aascanio\"}}]}<\/script>\n<!-- \/ Yoast SEO plugin. -->","yoast_head_json":{"title":"Arranca la 5\u00aa edici\u00f3n del programa - Programa de Gestores de la Innovaci\u00f3n","robots":{"index":"index","follow":"follow","max-snippet":"max-snippet:-1","max-image-preview":"max-image-preview:large","max-video-preview":"max-video-preview:-1"},"canonical":"https:\/\/fg.ull.es\/portal\/gdi\/arranca-la-5a-edicion-del-programa\/","og_locale":"es_ES","og_type":"article","og_title":"Arranca la 5\u00aa edici\u00f3n del programa - Programa de Gestores de la Innovaci\u00f3n","og_description":"La formaci\u00f3n online ha experimentado un crecimiento sin precedentes en los \u00faltimos meses y esta edici\u00f3n del Programa Gesti\u00f3n de la Innovaci\u00f3n ha querido sumarse a esta nueva tendencia educativa, ofreciendo todas sus formaciones en un formato 100% online y gratuito para participantes residentes en Canarias. Alumnado y profesorado podr\u00e1n interactuar a trav\u00e9s de las...","og_url":"https:\/\/fg.ull.es\/portal\/gdi\/arranca-la-5a-edicion-del-programa\/","og_site_name":"Programa de Gestores de la Innovaci\u00f3n","article_published_time":"2020-09-30T07:48:19+00:00","article_modified_time":"2020-10-06T09:07:15+00:00","og_image":[{"width":2048,"height":1365,"url":"https:\/\/fg.ull.es\/portal\/gdi\/wp-content\/uploads\/sites\/2\/2020\/09\/IMG_9635.jpg","type":"image\/jpeg"}],"author":"aascanio","twitter_card":"summary_large_image","twitter_misc":{"Written by":"aascanio","Est. reading time":"3 minutos"},"schema":{"@context":"https:\/\/schema.org","@graph":[{"@type":"Article","@id":"https:\/\/fg.ull.es\/portal\/gdi\/arranca-la-5a-edicion-del-programa\/#article","isPartOf":{"@id":"https:\/\/fg.ull.es\/portal\/gdi\/arranca-la-5a-edicion-del-programa\/"},"author":{"name":"aascanio","@id":"https:\/\/fg.ull.es\/portal\/gdi\/#\/schema\/person\/1ad03d108c212b498a622f39176298aa"},"headline":"Arranca la 5\u00aa edici\u00f3n del programa","datePublished":"2020-09-30T07:48:19+00:00","dateModified":"2020-10-06T09:07:15+00:00","mainEntityOfPage":{"@id":"https:\/\/fg.ull.es\/portal\/gdi\/arranca-la-5a-edicion-del-programa\/"},"wordCount":667,"publisher":{"@id":"https:\/\/fg.ull.es\/portal\/gdi\/#organization"},"articleSection":["Portada","programa GDI"],"inLanguage":"es"},{"@type":"WebPage","@id":"https:\/\/fg.ull.es\/portal\/gdi\/arranca-la-5a-edicion-del-programa\/","url":"https:\/\/fg.ull.es\/portal\/gdi\/arranca-la-5a-edicion-del-programa\/","name":"Arranca la 5\u00aa edici\u00f3n del programa - Programa de Gestores de la Innovaci\u00f3n","isPartOf":{"@id":"https:\/\/fg.ull.es\/portal\/gdi\/#website"},"datePublished":"2020-09-30T07:48:19+00:00","dateModified":"2020-10-06T09:07:15+00:00","breadcrumb":{"@id":"https:\/\/fg.ull.es\/portal\/gdi\/arranca-la-5a-edicion-del-programa\/#breadcrumb"},"inLanguage":"es","potentialAction":[{"@type":"ReadAction","target":["https:\/\/fg.ull.es\/portal\/gdi\/arranca-la-5a-edicion-del-programa\/"]}]},{"@type":"BreadcrumbList","@id":"https:\/\/fg.ull.es\/portal\/gdi\/arranca-la-5a-edicion-del-programa\/#breadcrumb","itemListElement":[{"@type":"ListItem","position":1,"name":"Portada","item":"https:\/\/fg.ull.es\/portal\/gdi\/"},{"@type":"ListItem","position":2,"name":"Arranca la 5\u00aa edici\u00f3n del programa"}]},{"@type":"WebSite","@id":"https:\/\/fg.ull.es\/portal\/gdi\/#website","url":"https:\/\/fg.ull.es\/portal\/gdi\/","name":"Programa de Gestores de la Innovaci\u00f3n","description":"","publisher":{"@id":"https:\/\/fg.ull.es\/portal\/gdi\/#organization"},"potentialAction":[{"@type":"SearchAction","target":{"@type":"EntryPoint","urlTemplate":"https:\/\/fg.ull.es\/portal\/gdi\/?s={search_term_string}"},"query-input":"required name=search_term_string"}],"inLanguage":"es"},{"@type":"Organization","@id":"https:\/\/fg.ull.es\/portal\/gdi\/#organization","name":"FUNDACI\u00d3N CANARIA GENERAL UNIVERSIDAD DE LA LAGUNA","url":"https:\/\/fg.ull.es\/portal\/gdi\/","logo":{"@type":"ImageObject","inLanguage":"es","@id":"https:\/\/fg.ull.es\/portal\/gdi\/#\/schema\/logo\/image\/","url":"https:\/\/fg.ull.es\/portal\/gdi\/wp-content\/uploads\/sites\/2\/2020\/04\/FAVICON.png","contentUrl":"https:\/\/fg.ull.es\/portal\/gdi\/wp-content\/uploads\/sites\/2\/2020\/04\/FAVICON.png","width":512,"height":512,"caption":"FUNDACI\u00d3N CANARIA GENERAL UNIVERSIDAD DE LA LAGUNA"},"image":{"@id":"https:\/\/fg.ull.es\/portal\/gdi\/#\/schema\/logo\/image\/"}},{"@type":"Person","@id":"https:\/\/fg.ull.es\/portal\/gdi\/#\/schema\/person\/1ad03d108c212b498a622f39176298aa","name":"aascanio","image":{"@type":"ImageObject","inLanguage":"es","@id":"https:\/\/fg.ull.es\/portal\/gdi\/#\/schema\/person\/image\/","url":"https:\/\/secure.gravatar.com\/avatar\/fb13c6d51e43015759a2b0b66dcd2734?s=96&d=mm&r=g","contentUrl":"https:\/\/secure.gravatar.com\/avatar\/fb13c6d51e43015759a2b0b66dcd2734?s=96&d=mm&r=g","caption":"aascanio"}}]}},"_links":{"self":[{"href":"https:\/\/fg.ull.es\/portal\/gdi\/wp-json\/wp\/v2\/posts\/4401"}],"collection":[{"href":"https:\/\/fg.ull.es\/portal\/gdi\/wp-json\/wp\/v2\/posts"}],"about":[{"href":"https:\/\/fg.ull.es\/portal\/gdi\/wp-json\/wp\/v2\/types\/post"}],"author":[{"embeddable":true,"href":"https:\/\/fg.ull.es\/portal\/gdi\/wp-json\/wp\/v2\/users\/12"}],"replies":[{"embeddable":true,"href":"https:\/\/fg.ull.es\/portal\/gdi\/wp-json\/wp\/v2\/comments?post=4401"}],"version-history":[{"count":4,"href":"https:\/\/fg.ull.es\/portal\/gdi\/wp-json\/wp\/v2\/posts\/4401\/revisions"}],"predecessor-version":[{"id":4484,"href":"https:\/\/fg.ull.es\/portal\/gdi\/wp-json\/wp\/v2\/posts\/4401\/revisions\/4484"}],"wp:featuredmedia":[{"embeddable":true,"href":"https:\/\/fg.ull.es\/portal\/gdi\/wp-json\/wp\/v2\/media\/4395"}],"wp:attachment":[{"href":"https:\/\/fg.ull.es\/portal\/gdi\/wp-json\/wp\/v2\/media?parent=4401"}],"wp:term":[{"taxonomy":"category","embeddable":true,"href":"https:\/\/fg.ull.es\/portal\/gdi\/wp-json\/wp\/v2\/categories?post=4401"},{"taxonomy":"post_tag","embeddable":true,"href":"https:\/\/fg.ull.es\/portal\/gdi\/wp-json\/wp\/v2\/tags?post=4401"}],"curies":[{"name":"wp","href":"https:\/\/api.w.org\/{rel}","templated":true}]}}