{"id":3513,"date":"2019-11-07T09:38:09","date_gmt":"2019-11-07T09:38:09","guid":{"rendered":"https:\/\/fg.ull.es\/portal\/gdi\/?p=3513"},"modified":"2019-11-07T09:38:09","modified_gmt":"2019-11-07T09:38:09","slug":"finaliza-2019-y-tambien-este-programa-formativo","status":"publish","type":"post","link":"https:\/\/fg.ull.es\/portal\/gdi\/finaliza-2019-y-tambien-este-programa-formativo\/","title":{"rendered":"Finaliza 2019 y tambi\u00e9n este programa formativo"},"content":{"rendered":"<p>Va terminando el a\u00f1o y otra edici\u00f3n m\u00e1s del programa de Gesti\u00f3n de la Innovaci\u00f3n (GDI).<\/p>\n<p>Aunque en realidad naci\u00f3 en el a\u00f1o 2006 &#8211; cuando se denominaba Taller de Dinamizadores de la Innovaci\u00f3n -, este programa formativo ha sufrido numerosos cambios. En concreto, en 2016, se renovaron todos sus contenidos en el \u00e1mbito de la innovaci\u00f3n, abriendo adem\u00e1s la l\u00ednea de transformaci\u00f3n digital. En 2019 hemos reforzado GDI con los llamados \u00abExpertos Digitales\u00bb, siempre intentando mejorar nuestros cursos y tu experiencia como persona beneficiaria.<\/p>\n<h3 style=\"text-align: center\"><em>Si todav\u00eda no lo has sido y quieres saber por qu\u00e9 deber\u00edas participar <a href=\"https:\/\/fg.ull.es\/portal\/gdi\/que-motiva-a-las-personas-a-innovar\/\"><strong>te recomendamos la lectura de esta noticia<\/strong><\/a>, donde personas que han pasado por el programa te dan su opini\u00f3n.<\/em><\/h3>\n<p>&nbsp;<\/p>\n<p>Y si necesitas m\u00e1s argumentos, estos cursos son totalmente gratuitos, convalidables por ECTS y ayudan a mejorar tu empleabilidad, pues esta formaci\u00f3n punt\u00faa en algunos procesos selectivos para incorporar personal innovador en las empresas.<\/p>\n<p>Te presentamos las que, casi con toda seguridad, ser\u00e1s las \u00faltimas acciones formativas de 2019, as\u00ed que no dejes pasar la oportunidad:<\/p>\n<div><span style=\"color: #ff6600\"><b>Promoci\u00f3n Digital (Nivel 1)<\/b><\/span>\u00a0martes 12 de noviembre sesi\u00f3n presencial de 16.00h a 19.00h.\u00a0<b><a href=\"https:\/\/sede.fg.ull.es\/es\/curso\/detalle\/a19120316\/promocion-digital-n1-la-laguna\" target=\"_blank\" rel=\"noopener\">Inscripci\u00f3n<\/a><\/b><\/div>\n<p>&nbsp;<\/p>\n<div><\/div>\n<div><span style=\"color: #339966\"><b>Promoci\u00f3n y gesti\u00f3n de la Innovaci\u00f3n (Nivel 1 y 2)<\/b><\/span>\u00a0martes 19, mi\u00e9rcoles 20 y jueves 21 de noviembre sesiones presenciales de 16.00h a 20.00h <b><a href=\"https:\/\/sede.fg.ull.es\/es\/curso\/detalle\/a19120325\/promocion-y-gestion-de-la-innovacion-n1-y-n2-optativo-innovacion-publica\" target=\"_blank\" rel=\"noopener\">Inscripci\u00f3n<\/a><\/b><\/div>\n<div><\/div>\n<p>&nbsp;<\/p>\n<div>Por si esto te parece poco, si completas el\u00a0<b><a href=\"https:\/\/gestioninnovacion.typeform.com\/to\/JrC7Gz\" target=\"_blank\" rel=\"noopener\">siguiente formulario<\/a><\/b>\u00a0y concluyes con \u00e9xito alguna de las formaciones de este Programa de Gesti\u00f3n de la Innovaci\u00f3n 2019, participar\u00e1s en el\u00a0<strong><span class=\"il\">sorteo<\/span>\u00a0<\/strong> de\u00a0una\u00a0<b>tarjeta de viaje<\/b><strong>\u00a0valorada en 100\u20ac<\/strong>.<\/div>\n<p>&nbsp;<\/p>\n<div><\/div>\n<div><img decoding=\"async\" loading=\"lazy\" class=\"aligncenter wp-image-3468 size-full-content\" src=\"https:\/\/fg.ull.es\/portal\/gdi\/wp-content\/uploads\/sites\/2\/2019\/10\/Footer_GDI_Frase-750x95.jpg\" alt=\"\" width=\"750\" height=\"95\" srcset=\"https:\/\/fg.ull.es\/portal\/gdi\/wp-content\/uploads\/sites\/2\/2019\/10\/Footer_GDI_Frase-750x95.jpg 750w, https:\/\/fg.ull.es\/portal\/gdi\/wp-content\/uploads\/sites\/2\/2019\/10\/Footer_GDI_Frase-300x38.jpg 300w, https:\/\/fg.ull.es\/portal\/gdi\/wp-content\/uploads\/sites\/2\/2019\/10\/Footer_GDI_Frase-768x97.jpg 768w, https:\/\/fg.ull.es\/portal\/gdi\/wp-content\/uploads\/sites\/2\/2019\/10\/Footer_GDI_Frase-1024x130.jpg 1024w, https:\/\/fg.ull.es\/portal\/gdi\/wp-content\/uploads\/sites\/2\/2019\/10\/Footer_GDI_Frase-375x47.jpg 375w, https:\/\/fg.ull.es\/portal\/gdi\/wp-content\/uploads\/sites\/2\/2019\/10\/Footer_GDI_Frase-1140x144.jpg 1140w, https:\/\/fg.ull.es\/portal\/gdi\/wp-content\/uploads\/sites\/2\/2019\/10\/Footer_GDI_Frase.jpg 1920w\" sizes=\"(max-width: 750px) 100vw, 750px\" \/><\/div>\n<p><em>El programa de Gesti\u00f3n de la Inno<\/em><em>vaci\u00f3n cuenta con la financiaci\u00f3n de la\u00a0<strong>Agencia Canaria de Investigaci\u00f3n, Innovaci\u00f3n y Sociedad de la Innovaci\u00f3n<\/strong>\u00a0del Gobierno de Canarias, y la cofinanciaci\u00f3n, en un 85%, del Fondo Social Europeo (FSE), en los t\u00e9rminos establecidos en el\u00a0<strong>Programa Operativo de Canarias 2014-2020<\/strong>.<\/em><\/p>\n","protected":false},"excerpt":{"rendered":"<p>Va terminando el a\u00f1o y otra edici\u00f3n m\u00e1s del programa de Gesti\u00f3n de la Innovaci\u00f3n (GDI). Aunque en realidad naci\u00f3 en el a\u00f1o 2006 &#8211; cuando se denominaba Taller de Dinamizadores de la Innovaci\u00f3n -, este programa formativo ha sufrido numerosos cambios. En concreto, en 2016, se renovaron todos sus contenidos en el \u00e1mbito de&#8230;<\/p>\n","protected":false},"author":9,"featured_media":3514,"comment_status":"closed","ping_status":"closed","sticky":false,"template":"","format":"standard","meta":{"footnotes":""},"categories":[3,4,5],"tags":[],"yoast_head":"<!-- This site is optimized with the Yoast SEO plugin v21.1 - https:\/\/yoast.com\/wordpress\/plugins\/seo\/ -->\n<title>Finaliza 2019 y tambi\u00e9n este programa formativo - Programa de Gestores de la Innovaci\u00f3n<\/title>\n<meta name=\"robots\" content=\"index, follow, max-snippet:-1, max-image-preview:large, max-video-preview:-1\" \/>\n<link rel=\"canonical\" href=\"https:\/\/fg.ull.es\/portal\/gdi\/finaliza-2019-y-tambien-este-programa-formativo\/\" \/>\n<meta property=\"og:locale\" content=\"es_ES\" \/>\n<meta property=\"og:type\" content=\"article\" \/>\n<meta property=\"og:title\" content=\"Finaliza 2019 y tambi\u00e9n este programa formativo - Programa de Gestores de la Innovaci\u00f3n\" \/>\n<meta property=\"og:description\" content=\"Va terminando el a\u00f1o y otra edici\u00f3n m\u00e1s del programa de Gesti\u00f3n de la Innovaci\u00f3n (GDI). Aunque en realidad naci\u00f3 en el a\u00f1o 2006 &#8211; cuando se denominaba Taller de Dinamizadores de la Innovaci\u00f3n -, este programa formativo ha sufrido numerosos cambios. En concreto, en 2016, se renovaron todos sus contenidos en el \u00e1mbito de...\" \/>\n<meta property=\"og:url\" content=\"https:\/\/fg.ull.es\/portal\/gdi\/finaliza-2019-y-tambien-este-programa-formativo\/\" \/>\n<meta property=\"og:site_name\" content=\"Programa de Gestores de la Innovaci\u00f3n\" \/>\n<meta property=\"article:published_time\" content=\"2019-11-07T09:38:09+00:00\" \/>\n<meta property=\"og:image\" content=\"https:\/\/fg.ull.es\/portal\/gdi\/wp-content\/uploads\/sites\/2\/2019\/11\/Transferencia-y-Valorizaci\u00f3n-06.jpg\" \/>\n\t<meta property=\"og:image:width\" content=\"3264\" \/>\n\t<meta property=\"og:image:height\" content=\"2448\" \/>\n\t<meta property=\"og:image:type\" content=\"image\/jpeg\" \/>\n<meta name=\"author\" content=\"foguisado\" \/>\n<meta name=\"twitter:card\" content=\"summary_large_image\" \/>\n<meta name=\"twitter:label1\" content=\"Written by\" \/>\n\t<meta name=\"twitter:data1\" content=\"foguisado\" \/>\n\t<meta name=\"twitter:label2\" content=\"Est. reading time\" \/>\n\t<meta name=\"twitter:data2\" content=\"2 minutos\" \/>\n<script type=\"application\/ld+json\" class=\"yoast-schema-graph\">{\"@context\":\"https:\/\/schema.org\",\"@graph\":[{\"@type\":\"Article\",\"@id\":\"https:\/\/fg.ull.es\/portal\/gdi\/finaliza-2019-y-tambien-este-programa-formativo\/#article\",\"isPartOf\":{\"@id\":\"https:\/\/fg.ull.es\/portal\/gdi\/finaliza-2019-y-tambien-este-programa-formativo\/\"},\"author\":{\"name\":\"foguisado\",\"@id\":\"https:\/\/fg.ull.es\/portal\/gdi\/#\/schema\/person\/cd0f7ca826926dd4a0eb25f9c8fb0bb3\"},\"headline\":\"Finaliza 2019 y tambi\u00e9n este programa formativo\",\"datePublished\":\"2019-11-07T09:38:09+00:00\",\"dateModified\":\"2019-11-07T09:38:09+00:00\",\"mainEntityOfPage\":{\"@id\":\"https:\/\/fg.ull.es\/portal\/gdi\/finaliza-2019-y-tambien-este-programa-formativo\/\"},\"wordCount\":338,\"publisher\":{\"@id\":\"https:\/\/fg.ull.es\/portal\/gdi\/#organization\"},\"articleSection\":[\"Portada\",\"programa GDI\",\"Programa GDI TD\"],\"inLanguage\":\"es\"},{\"@type\":\"WebPage\",\"@id\":\"https:\/\/fg.ull.es\/portal\/gdi\/finaliza-2019-y-tambien-este-programa-formativo\/\",\"url\":\"https:\/\/fg.ull.es\/portal\/gdi\/finaliza-2019-y-tambien-este-programa-formativo\/\",\"name\":\"Finaliza 2019 y tambi\u00e9n este programa formativo - Programa de Gestores de la Innovaci\u00f3n\",\"isPartOf\":{\"@id\":\"https:\/\/fg.ull.es\/portal\/gdi\/#website\"},\"datePublished\":\"2019-11-07T09:38:09+00:00\",\"dateModified\":\"2019-11-07T09:38:09+00:00\",\"breadcrumb\":{\"@id\":\"https:\/\/fg.ull.es\/portal\/gdi\/finaliza-2019-y-tambien-este-programa-formativo\/#breadcrumb\"},\"inLanguage\":\"es\",\"potentialAction\":[{\"@type\":\"ReadAction\",\"target\":[\"https:\/\/fg.ull.es\/portal\/gdi\/finaliza-2019-y-tambien-este-programa-formativo\/\"]}]},{\"@type\":\"BreadcrumbList\",\"@id\":\"https:\/\/fg.ull.es\/portal\/gdi\/finaliza-2019-y-tambien-este-programa-formativo\/#breadcrumb\",\"itemListElement\":[{\"@type\":\"ListItem\",\"position\":1,\"name\":\"Portada\",\"item\":\"https:\/\/fg.ull.es\/portal\/gdi\/\"},{\"@type\":\"ListItem\",\"position\":2,\"name\":\"Finaliza 2019 y tambi\u00e9n este programa formativo\"}]},{\"@type\":\"WebSite\",\"@id\":\"https:\/\/fg.ull.es\/portal\/gdi\/#website\",\"url\":\"https:\/\/fg.ull.es\/portal\/gdi\/\",\"name\":\"Programa de Gestores de la Innovaci\u00f3n\",\"description\":\"\",\"publisher\":{\"@id\":\"https:\/\/fg.ull.es\/portal\/gdi\/#organization\"},\"potentialAction\":[{\"@type\":\"SearchAction\",\"target\":{\"@type\":\"EntryPoint\",\"urlTemplate\":\"https:\/\/fg.ull.es\/portal\/gdi\/?s={search_term_string}\"},\"query-input\":\"required name=search_term_string\"}],\"inLanguage\":\"es\"},{\"@type\":\"Organization\",\"@id\":\"https:\/\/fg.ull.es\/portal\/gdi\/#organization\",\"name\":\"FUNDACI\u00d3N CANARIA GENERAL UNIVERSIDAD DE LA LAGUNA\",\"url\":\"https:\/\/fg.ull.es\/portal\/gdi\/\",\"logo\":{\"@type\":\"ImageObject\",\"inLanguage\":\"es\",\"@id\":\"https:\/\/fg.ull.es\/portal\/gdi\/#\/schema\/logo\/image\/\",\"url\":\"https:\/\/fg.ull.es\/portal\/gdi\/wp-content\/uploads\/sites\/2\/2020\/04\/FAVICON.png\",\"contentUrl\":\"https:\/\/fg.ull.es\/portal\/gdi\/wp-content\/uploads\/sites\/2\/2020\/04\/FAVICON.png\",\"width\":512,\"height\":512,\"caption\":\"FUNDACI\u00d3N CANARIA GENERAL UNIVERSIDAD DE LA LAGUNA\"},\"image\":{\"@id\":\"https:\/\/fg.ull.es\/portal\/gdi\/#\/schema\/logo\/image\/\"}},{\"@type\":\"Person\",\"@id\":\"https:\/\/fg.ull.es\/portal\/gdi\/#\/schema\/person\/cd0f7ca826926dd4a0eb25f9c8fb0bb3\",\"name\":\"foguisado\",\"image\":{\"@type\":\"ImageObject\",\"inLanguage\":\"es\",\"@id\":\"https:\/\/fg.ull.es\/portal\/gdi\/#\/schema\/person\/image\/\",\"url\":\"https:\/\/secure.gravatar.com\/avatar\/547f00b03d8a3f8a44c7163ced6a71da?s=96&d=mm&r=g\",\"contentUrl\":\"https:\/\/secure.gravatar.com\/avatar\/547f00b03d8a3f8a44c7163ced6a71da?s=96&d=mm&r=g\",\"caption\":\"foguisado\"}}]}<\/script>\n<!-- \/ Yoast SEO plugin. -->","yoast_head_json":{"title":"Finaliza 2019 y tambi\u00e9n este programa formativo - Programa de Gestores de la Innovaci\u00f3n","robots":{"index":"index","follow":"follow","max-snippet":"max-snippet:-1","max-image-preview":"max-image-preview:large","max-video-preview":"max-video-preview:-1"},"canonical":"https:\/\/fg.ull.es\/portal\/gdi\/finaliza-2019-y-tambien-este-programa-formativo\/","og_locale":"es_ES","og_type":"article","og_title":"Finaliza 2019 y tambi\u00e9n este programa formativo - Programa de Gestores de la Innovaci\u00f3n","og_description":"Va terminando el a\u00f1o y otra edici\u00f3n m\u00e1s del programa de Gesti\u00f3n de la Innovaci\u00f3n (GDI). Aunque en realidad naci\u00f3 en el a\u00f1o 2006 &#8211; cuando se denominaba Taller de Dinamizadores de la Innovaci\u00f3n -, este programa formativo ha sufrido numerosos cambios. En concreto, en 2016, se renovaron todos sus contenidos en el \u00e1mbito de...","og_url":"https:\/\/fg.ull.es\/portal\/gdi\/finaliza-2019-y-tambien-este-programa-formativo\/","og_site_name":"Programa de Gestores de la Innovaci\u00f3n","article_published_time":"2019-11-07T09:38:09+00:00","og_image":[{"width":3264,"height":2448,"url":"https:\/\/fg.ull.es\/portal\/gdi\/wp-content\/uploads\/sites\/2\/2019\/11\/Transferencia-y-Valorizaci\u00f3n-06.jpg","type":"image\/jpeg"}],"author":"foguisado","twitter_card":"summary_large_image","twitter_misc":{"Written by":"foguisado","Est. reading time":"2 minutos"},"schema":{"@context":"https:\/\/schema.org","@graph":[{"@type":"Article","@id":"https:\/\/fg.ull.es\/portal\/gdi\/finaliza-2019-y-tambien-este-programa-formativo\/#article","isPartOf":{"@id":"https:\/\/fg.ull.es\/portal\/gdi\/finaliza-2019-y-tambien-este-programa-formativo\/"},"author":{"name":"foguisado","@id":"https:\/\/fg.ull.es\/portal\/gdi\/#\/schema\/person\/cd0f7ca826926dd4a0eb25f9c8fb0bb3"},"headline":"Finaliza 2019 y tambi\u00e9n este programa formativo","datePublished":"2019-11-07T09:38:09+00:00","dateModified":"2019-11-07T09:38:09+00:00","mainEntityOfPage":{"@id":"https:\/\/fg.ull.es\/portal\/gdi\/finaliza-2019-y-tambien-este-programa-formativo\/"},"wordCount":338,"publisher":{"@id":"https:\/\/fg.ull.es\/portal\/gdi\/#organization"},"articleSection":["Portada","programa GDI","Programa GDI TD"],"inLanguage":"es"},{"@type":"WebPage","@id":"https:\/\/fg.ull.es\/portal\/gdi\/finaliza-2019-y-tambien-este-programa-formativo\/","url":"https:\/\/fg.ull.es\/portal\/gdi\/finaliza-2019-y-tambien-este-programa-formativo\/","name":"Finaliza 2019 y tambi\u00e9n este programa formativo - Programa de Gestores de la Innovaci\u00f3n","isPartOf":{"@id":"https:\/\/fg.ull.es\/portal\/gdi\/#website"},"datePublished":"2019-11-07T09:38:09+00:00","dateModified":"2019-11-07T09:38:09+00:00","breadcrumb":{"@id":"https:\/\/fg.ull.es\/portal\/gdi\/finaliza-2019-y-tambien-este-programa-formativo\/#breadcrumb"},"inLanguage":"es","potentialAction":[{"@type":"ReadAction","target":["https:\/\/fg.ull.es\/portal\/gdi\/finaliza-2019-y-tambien-este-programa-formativo\/"]}]},{"@type":"BreadcrumbList","@id":"https:\/\/fg.ull.es\/portal\/gdi\/finaliza-2019-y-tambien-este-programa-formativo\/#breadcrumb","itemListElement":[{"@type":"ListItem","position":1,"name":"Portada","item":"https:\/\/fg.ull.es\/portal\/gdi\/"},{"@type":"ListItem","position":2,"name":"Finaliza 2019 y tambi\u00e9n este programa formativo"}]},{"@type":"WebSite","@id":"https:\/\/fg.ull.es\/portal\/gdi\/#website","url":"https:\/\/fg.ull.es\/portal\/gdi\/","name":"Programa de Gestores de la Innovaci\u00f3n","description":"","publisher":{"@id":"https:\/\/fg.ull.es\/portal\/gdi\/#organization"},"potentialAction":[{"@type":"SearchAction","target":{"@type":"EntryPoint","urlTemplate":"https:\/\/fg.ull.es\/portal\/gdi\/?s={search_term_string}"},"query-input":"required name=search_term_string"}],"inLanguage":"es"},{"@type":"Organization","@id":"https:\/\/fg.ull.es\/portal\/gdi\/#organization","name":"FUNDACI\u00d3N CANARIA GENERAL UNIVERSIDAD DE LA LAGUNA","url":"https:\/\/fg.ull.es\/portal\/gdi\/","logo":{"@type":"ImageObject","inLanguage":"es","@id":"https:\/\/fg.ull.es\/portal\/gdi\/#\/schema\/logo\/image\/","url":"https:\/\/fg.ull.es\/portal\/gdi\/wp-content\/uploads\/sites\/2\/2020\/04\/FAVICON.png","contentUrl":"https:\/\/fg.ull.es\/portal\/gdi\/wp-content\/uploads\/sites\/2\/2020\/04\/FAVICON.png","width":512,"height":512,"caption":"FUNDACI\u00d3N CANARIA GENERAL UNIVERSIDAD DE LA LAGUNA"},"image":{"@id":"https:\/\/fg.ull.es\/portal\/gdi\/#\/schema\/logo\/image\/"}},{"@type":"Person","@id":"https:\/\/fg.ull.es\/portal\/gdi\/#\/schema\/person\/cd0f7ca826926dd4a0eb25f9c8fb0bb3","name":"foguisado","image":{"@type":"ImageObject","inLanguage":"es","@id":"https:\/\/fg.ull.es\/portal\/gdi\/#\/schema\/person\/image\/","url":"https:\/\/secure.gravatar.com\/avatar\/547f00b03d8a3f8a44c7163ced6a71da?s=96&d=mm&r=g","contentUrl":"https:\/\/secure.gravatar.com\/avatar\/547f00b03d8a3f8a44c7163ced6a71da?s=96&d=mm&r=g","caption":"foguisado"}}]}},"_links":{"self":[{"href":"https:\/\/fg.ull.es\/portal\/gdi\/wp-json\/wp\/v2\/posts\/3513"}],"collection":[{"href":"https:\/\/fg.ull.es\/portal\/gdi\/wp-json\/wp\/v2\/posts"}],"about":[{"href":"https:\/\/fg.ull.es\/portal\/gdi\/wp-json\/wp\/v2\/types\/post"}],"author":[{"embeddable":true,"href":"https:\/\/fg.ull.es\/portal\/gdi\/wp-json\/wp\/v2\/users\/9"}],"replies":[{"embeddable":true,"href":"https:\/\/fg.ull.es\/portal\/gdi\/wp-json\/wp\/v2\/comments?post=3513"}],"version-history":[{"count":9,"href":"https:\/\/fg.ull.es\/portal\/gdi\/wp-json\/wp\/v2\/posts\/3513\/revisions"}],"predecessor-version":[{"id":3523,"href":"https:\/\/fg.ull.es\/portal\/gdi\/wp-json\/wp\/v2\/posts\/3513\/revisions\/3523"}],"wp:featuredmedia":[{"embeddable":true,"href":"https:\/\/fg.ull.es\/portal\/gdi\/wp-json\/wp\/v2\/media\/3514"}],"wp:attachment":[{"href":"https:\/\/fg.ull.es\/portal\/gdi\/wp-json\/wp\/v2\/media?parent=3513"}],"wp:term":[{"taxonomy":"category","embeddable":true,"href":"https:\/\/fg.ull.es\/portal\/gdi\/wp-json\/wp\/v2\/categories?post=3513"},{"taxonomy":"post_tag","embeddable":true,"href":"https:\/\/fg.ull.es\/portal\/gdi\/wp-json\/wp\/v2\/tags?post=3513"}],"curies":[{"name":"wp","href":"https:\/\/api.w.org\/{rel}","templated":true}]}}