{"id":3422,"date":"2019-09-18T13:09:02","date_gmt":"2019-09-18T13:09:02","guid":{"rendered":"https:\/\/fg.ull.es\/portal\/gdi\/?p=3422"},"modified":"2021-08-15T06:04:20","modified_gmt":"2021-08-15T06:04:20","slug":"listado-definitivo-de-grupos-y-centros-de-id-participantes-en-el-programa-de-formacion-de-gestion-de-la-innovacion-2","status":"publish","type":"post","link":"https:\/\/fg.ull.es\/portal\/gdi\/listado-definitivo-de-grupos-y-centros-de-id-participantes-en-el-programa-de-formacion-de-gestion-de-la-innovacion-2\/","title":{"rendered":"Listado definitivo de grupos y centros de I+D participantes en el Programa de Formaci\u00f3n de Gesti\u00f3n de la Innovaci\u00f3n"},"content":{"rendered":"<p>Hoy d\u00eda 18 de septiembre de 2019 se publica el&nbsp;<strong>listado definitivo de grupos y centros de I+D interesados en participar en el Programa Formativo.<\/strong><\/p>\n<p>En el siguiente enlace se podr\u00e1 visualizar el&nbsp;<strong><a href=\"https:\/\/drive.google.com\/file\/d\/1KKVBldntRfADnabt4yjXJceq5NWtopMm\/view?usp=sharing\" target=\"_blank\" rel=\"noopener noreferrer\">Listado definitivo&nbsp; de grupos y centros de I+D participantes en el Programa<\/a><\/strong>.<\/p>\n<p>Los participantes que finalmente sean seleccionados acoger\u00e1n a parte del alumnado como personal en pr\u00e1cticas. Alumnos y alumnas que han recibido formaci\u00f3n como Consultores\/as de la innovaci\u00f3n durante las semanas precedentes y que en esta fase aplicar\u00e1n de manera pr\u00e1ctica los conocimientos adquiridos.<\/p>\n<p>El Programa de Formaci\u00f3n de Gestores de la Innovaci\u00f3n 2019, est\u00e1 impulsado en colaboraci\u00f3n con la Agencia Canaria de Investigaci\u00f3n, Innovaci\u00f3n y Sociedad de la Informaci\u00f3n (ACIISI) del Gobierno de Canarias y cofinanciado en un 85% por el Fondo Social Europeo (FSE) en los t\u00e9rminos establecidos en el Programa Operativo de Canarias 2014-2020, en el Eje prioritario 1, Objetivo tem\u00e1tico 8, Prioridad de inversi\u00f3n 8.1, Objetivo espec\u00edfico 8.1.2.<\/p>\n","protected":false},"excerpt":{"rendered":"<p>Hoy d\u00eda 18 de septiembre de 2019 se publica el&nbsp;listado definitivo de grupos y centros de I+D interesados en participar en el Programa Formativo. En el siguiente enlace se podr\u00e1 visualizar el&nbsp;Listado definitivo&nbsp; de grupos y centros de I+D participantes en el Programa. Los participantes que finalmente sean seleccionados acoger\u00e1n a parte del alumnado como&#8230;<\/p>\n","protected":false},"author":9,"featured_media":3412,"comment_status":"closed","ping_status":"closed","sticky":false,"template":"","format":"standard","meta":{"footnotes":""},"categories":[15,1],"tags":[],"yoast_head":"<!-- This site is optimized with the Yoast SEO plugin v21.1 - https:\/\/yoast.com\/wordpress\/plugins\/seo\/ -->\n<title>Listado definitivo de grupos y centros de I+D participantes en el Programa de Formaci\u00f3n de Gesti\u00f3n de la Innovaci\u00f3n - Programa de Gestores de la Innovaci\u00f3n<\/title>\n<meta name=\"robots\" content=\"noindex, follow\" \/>\n<meta property=\"og:locale\" content=\"es_ES\" \/>\n<meta property=\"og:type\" content=\"article\" \/>\n<meta property=\"og:title\" content=\"Listado definitivo de grupos y centros de I+D participantes en el Programa de Formaci\u00f3n de Gesti\u00f3n de la Innovaci\u00f3n - Programa de Gestores de la Innovaci\u00f3n\" \/>\n<meta property=\"og:description\" content=\"Hoy d\u00eda 18 de septiembre de 2019 se publica el&nbsp;listado definitivo de grupos y centros de I+D interesados en participar en el Programa Formativo. En el siguiente enlace se podr\u00e1 visualizar el&nbsp;Listado definitivo&nbsp; de grupos y centros de I+D participantes en el Programa. Los participantes que finalmente sean seleccionados acoger\u00e1n a parte del alumnado como...\" \/>\n<meta property=\"og:url\" content=\"https:\/\/fg.ull.es\/portal\/gdi\/listado-definitivo-de-grupos-y-centros-de-id-participantes-en-el-programa-de-formacion-de-gestion-de-la-innovacion-2\/\" \/>\n<meta property=\"og:site_name\" content=\"Programa de Gestores de la Innovaci\u00f3n\" \/>\n<meta property=\"article:published_time\" content=\"2019-09-18T13:09:02+00:00\" \/>\n<meta property=\"article:modified_time\" content=\"2021-08-15T06:04:20+00:00\" \/>\n<meta property=\"og:image\" content=\"https:\/\/fg.ull.es\/portal\/gdi\/wp-content\/uploads\/sites\/2\/2019\/09\/centros-grupos-ID-GDI.png\" \/>\n\t<meta property=\"og:image:width\" content=\"1201\" \/>\n\t<meta property=\"og:image:height\" content=\"629\" \/>\n\t<meta property=\"og:image:type\" content=\"image\/png\" \/>\n<meta name=\"author\" content=\"foguisado\" \/>\n<meta name=\"twitter:card\" content=\"summary_large_image\" \/>\n<meta name=\"twitter:label1\" content=\"Written by\" \/>\n\t<meta name=\"twitter:data1\" content=\"foguisado\" \/>\n\t<meta name=\"twitter:label2\" content=\"Est. reading time\" \/>\n\t<meta name=\"twitter:data2\" content=\"1 minuto\" \/>\n<script type=\"application\/ld+json\" class=\"yoast-schema-graph\">{\"@context\":\"https:\/\/schema.org\",\"@graph\":[{\"@type\":\"Article\",\"@id\":\"https:\/\/fg.ull.es\/portal\/gdi\/listado-definitivo-de-grupos-y-centros-de-id-participantes-en-el-programa-de-formacion-de-gestion-de-la-innovacion-2\/#article\",\"isPartOf\":{\"@id\":\"https:\/\/fg.ull.es\/portal\/gdi\/listado-definitivo-de-grupos-y-centros-de-id-participantes-en-el-programa-de-formacion-de-gestion-de-la-innovacion-2\/\"},\"author\":{\"name\":\"foguisado\",\"@id\":\"https:\/\/fg.ull.es\/portal\/gdi\/#\/schema\/person\/cd0f7ca826926dd4a0eb25f9c8fb0bb3\"},\"headline\":\"Listado definitivo de grupos y centros de I+D participantes en el Programa de Formaci\u00f3n de Gesti\u00f3n de la Innovaci\u00f3n\",\"datePublished\":\"2019-09-18T13:09:02+00:00\",\"dateModified\":\"2021-08-15T06:04:20+00:00\",\"mainEntityOfPage\":{\"@id\":\"https:\/\/fg.ull.es\/portal\/gdi\/listado-definitivo-de-grupos-y-centros-de-id-participantes-en-el-programa-de-formacion-de-gestion-de-la-innovacion-2\/\"},\"wordCount\":194,\"publisher\":{\"@id\":\"https:\/\/fg.ull.es\/portal\/gdi\/#organization\"},\"articleSection\":[\"listado definitivo empresas y grupos\/centros de investigaci\u00f3n\"],\"inLanguage\":\"es\"},{\"@type\":\"WebPage\",\"@id\":\"https:\/\/fg.ull.es\/portal\/gdi\/listado-definitivo-de-grupos-y-centros-de-id-participantes-en-el-programa-de-formacion-de-gestion-de-la-innovacion-2\/\",\"url\":\"https:\/\/fg.ull.es\/portal\/gdi\/listado-definitivo-de-grupos-y-centros-de-id-participantes-en-el-programa-de-formacion-de-gestion-de-la-innovacion-2\/\",\"name\":\"Listado definitivo de grupos y centros de I+D participantes en el Programa de Formaci\u00f3n de Gesti\u00f3n de la Innovaci\u00f3n - Programa de Gestores de la Innovaci\u00f3n\",\"isPartOf\":{\"@id\":\"https:\/\/fg.ull.es\/portal\/gdi\/#website\"},\"datePublished\":\"2019-09-18T13:09:02+00:00\",\"dateModified\":\"2021-08-15T06:04:20+00:00\",\"breadcrumb\":{\"@id\":\"https:\/\/fg.ull.es\/portal\/gdi\/listado-definitivo-de-grupos-y-centros-de-id-participantes-en-el-programa-de-formacion-de-gestion-de-la-innovacion-2\/#breadcrumb\"},\"inLanguage\":\"es\",\"potentialAction\":[{\"@type\":\"ReadAction\",\"target\":[\"https:\/\/fg.ull.es\/portal\/gdi\/listado-definitivo-de-grupos-y-centros-de-id-participantes-en-el-programa-de-formacion-de-gestion-de-la-innovacion-2\/\"]}]},{\"@type\":\"BreadcrumbList\",\"@id\":\"https:\/\/fg.ull.es\/portal\/gdi\/listado-definitivo-de-grupos-y-centros-de-id-participantes-en-el-programa-de-formacion-de-gestion-de-la-innovacion-2\/#breadcrumb\",\"itemListElement\":[{\"@type\":\"ListItem\",\"position\":1,\"name\":\"Portada\",\"item\":\"https:\/\/fg.ull.es\/portal\/gdi\/\"},{\"@type\":\"ListItem\",\"position\":2,\"name\":\"Listado definitivo de grupos y centros de I+D participantes en el Programa de Formaci\u00f3n de Gesti\u00f3n de la Innovaci\u00f3n\"}]},{\"@type\":\"WebSite\",\"@id\":\"https:\/\/fg.ull.es\/portal\/gdi\/#website\",\"url\":\"https:\/\/fg.ull.es\/portal\/gdi\/\",\"name\":\"Programa de Gestores de la Innovaci\u00f3n\",\"description\":\"\",\"publisher\":{\"@id\":\"https:\/\/fg.ull.es\/portal\/gdi\/#organization\"},\"potentialAction\":[{\"@type\":\"SearchAction\",\"target\":{\"@type\":\"EntryPoint\",\"urlTemplate\":\"https:\/\/fg.ull.es\/portal\/gdi\/?s={search_term_string}\"},\"query-input\":\"required name=search_term_string\"}],\"inLanguage\":\"es\"},{\"@type\":\"Organization\",\"@id\":\"https:\/\/fg.ull.es\/portal\/gdi\/#organization\",\"name\":\"FUNDACI\u00d3N CANARIA GENERAL UNIVERSIDAD DE LA LAGUNA\",\"url\":\"https:\/\/fg.ull.es\/portal\/gdi\/\",\"logo\":{\"@type\":\"ImageObject\",\"inLanguage\":\"es\",\"@id\":\"https:\/\/fg.ull.es\/portal\/gdi\/#\/schema\/logo\/image\/\",\"url\":\"https:\/\/fg.ull.es\/portal\/gdi\/wp-content\/uploads\/sites\/2\/2020\/04\/FAVICON.png\",\"contentUrl\":\"https:\/\/fg.ull.es\/portal\/gdi\/wp-content\/uploads\/sites\/2\/2020\/04\/FAVICON.png\",\"width\":512,\"height\":512,\"caption\":\"FUNDACI\u00d3N CANARIA GENERAL UNIVERSIDAD DE LA LAGUNA\"},\"image\":{\"@id\":\"https:\/\/fg.ull.es\/portal\/gdi\/#\/schema\/logo\/image\/\"}},{\"@type\":\"Person\",\"@id\":\"https:\/\/fg.ull.es\/portal\/gdi\/#\/schema\/person\/cd0f7ca826926dd4a0eb25f9c8fb0bb3\",\"name\":\"foguisado\",\"image\":{\"@type\":\"ImageObject\",\"inLanguage\":\"es\",\"@id\":\"https:\/\/fg.ull.es\/portal\/gdi\/#\/schema\/person\/image\/\",\"url\":\"https:\/\/secure.gravatar.com\/avatar\/547f00b03d8a3f8a44c7163ced6a71da?s=96&d=mm&r=g\",\"contentUrl\":\"https:\/\/secure.gravatar.com\/avatar\/547f00b03d8a3f8a44c7163ced6a71da?s=96&d=mm&r=g\",\"caption\":\"foguisado\"}}]}<\/script>\n<!-- \/ Yoast SEO plugin. -->","yoast_head_json":{"title":"Listado definitivo de grupos y centros de I+D participantes en el Programa de Formaci\u00f3n de Gesti\u00f3n de la Innovaci\u00f3n - Programa de Gestores de la Innovaci\u00f3n","robots":{"index":"noindex","follow":"follow"},"og_locale":"es_ES","og_type":"article","og_title":"Listado definitivo de grupos y centros de I+D participantes en el Programa de Formaci\u00f3n de Gesti\u00f3n de la Innovaci\u00f3n - Programa de Gestores de la Innovaci\u00f3n","og_description":"Hoy d\u00eda 18 de septiembre de 2019 se publica el&nbsp;listado definitivo de grupos y centros de I+D interesados en participar en el Programa Formativo. En el siguiente enlace se podr\u00e1 visualizar el&nbsp;Listado definitivo&nbsp; de grupos y centros de I+D participantes en el Programa. Los participantes que finalmente sean seleccionados acoger\u00e1n a parte del alumnado como...","og_url":"https:\/\/fg.ull.es\/portal\/gdi\/listado-definitivo-de-grupos-y-centros-de-id-participantes-en-el-programa-de-formacion-de-gestion-de-la-innovacion-2\/","og_site_name":"Programa de Gestores de la Innovaci\u00f3n","article_published_time":"2019-09-18T13:09:02+00:00","article_modified_time":"2021-08-15T06:04:20+00:00","og_image":[{"width":1201,"height":629,"url":"https:\/\/fg.ull.es\/portal\/gdi\/wp-content\/uploads\/sites\/2\/2019\/09\/centros-grupos-ID-GDI.png","type":"image\/png"}],"author":"foguisado","twitter_card":"summary_large_image","twitter_misc":{"Written by":"foguisado","Est. reading time":"1 minuto"},"schema":{"@context":"https:\/\/schema.org","@graph":[{"@type":"Article","@id":"https:\/\/fg.ull.es\/portal\/gdi\/listado-definitivo-de-grupos-y-centros-de-id-participantes-en-el-programa-de-formacion-de-gestion-de-la-innovacion-2\/#article","isPartOf":{"@id":"https:\/\/fg.ull.es\/portal\/gdi\/listado-definitivo-de-grupos-y-centros-de-id-participantes-en-el-programa-de-formacion-de-gestion-de-la-innovacion-2\/"},"author":{"name":"foguisado","@id":"https:\/\/fg.ull.es\/portal\/gdi\/#\/schema\/person\/cd0f7ca826926dd4a0eb25f9c8fb0bb3"},"headline":"Listado definitivo de grupos y centros de I+D participantes en el Programa de Formaci\u00f3n de Gesti\u00f3n de la Innovaci\u00f3n","datePublished":"2019-09-18T13:09:02+00:00","dateModified":"2021-08-15T06:04:20+00:00","mainEntityOfPage":{"@id":"https:\/\/fg.ull.es\/portal\/gdi\/listado-definitivo-de-grupos-y-centros-de-id-participantes-en-el-programa-de-formacion-de-gestion-de-la-innovacion-2\/"},"wordCount":194,"publisher":{"@id":"https:\/\/fg.ull.es\/portal\/gdi\/#organization"},"articleSection":["listado definitivo empresas y grupos\/centros de investigaci\u00f3n"],"inLanguage":"es"},{"@type":"WebPage","@id":"https:\/\/fg.ull.es\/portal\/gdi\/listado-definitivo-de-grupos-y-centros-de-id-participantes-en-el-programa-de-formacion-de-gestion-de-la-innovacion-2\/","url":"https:\/\/fg.ull.es\/portal\/gdi\/listado-definitivo-de-grupos-y-centros-de-id-participantes-en-el-programa-de-formacion-de-gestion-de-la-innovacion-2\/","name":"Listado definitivo de grupos y centros de I+D participantes en el Programa de Formaci\u00f3n de Gesti\u00f3n de la Innovaci\u00f3n - Programa de Gestores de la Innovaci\u00f3n","isPartOf":{"@id":"https:\/\/fg.ull.es\/portal\/gdi\/#website"},"datePublished":"2019-09-18T13:09:02+00:00","dateModified":"2021-08-15T06:04:20+00:00","breadcrumb":{"@id":"https:\/\/fg.ull.es\/portal\/gdi\/listado-definitivo-de-grupos-y-centros-de-id-participantes-en-el-programa-de-formacion-de-gestion-de-la-innovacion-2\/#breadcrumb"},"inLanguage":"es","potentialAction":[{"@type":"ReadAction","target":["https:\/\/fg.ull.es\/portal\/gdi\/listado-definitivo-de-grupos-y-centros-de-id-participantes-en-el-programa-de-formacion-de-gestion-de-la-innovacion-2\/"]}]},{"@type":"BreadcrumbList","@id":"https:\/\/fg.ull.es\/portal\/gdi\/listado-definitivo-de-grupos-y-centros-de-id-participantes-en-el-programa-de-formacion-de-gestion-de-la-innovacion-2\/#breadcrumb","itemListElement":[{"@type":"ListItem","position":1,"name":"Portada","item":"https:\/\/fg.ull.es\/portal\/gdi\/"},{"@type":"ListItem","position":2,"name":"Listado definitivo de grupos y centros de I+D participantes en el Programa de Formaci\u00f3n de Gesti\u00f3n de la Innovaci\u00f3n"}]},{"@type":"WebSite","@id":"https:\/\/fg.ull.es\/portal\/gdi\/#website","url":"https:\/\/fg.ull.es\/portal\/gdi\/","name":"Programa de Gestores de la Innovaci\u00f3n","description":"","publisher":{"@id":"https:\/\/fg.ull.es\/portal\/gdi\/#organization"},"potentialAction":[{"@type":"SearchAction","target":{"@type":"EntryPoint","urlTemplate":"https:\/\/fg.ull.es\/portal\/gdi\/?s={search_term_string}"},"query-input":"required name=search_term_string"}],"inLanguage":"es"},{"@type":"Organization","@id":"https:\/\/fg.ull.es\/portal\/gdi\/#organization","name":"FUNDACI\u00d3N CANARIA GENERAL UNIVERSIDAD DE LA LAGUNA","url":"https:\/\/fg.ull.es\/portal\/gdi\/","logo":{"@type":"ImageObject","inLanguage":"es","@id":"https:\/\/fg.ull.es\/portal\/gdi\/#\/schema\/logo\/image\/","url":"https:\/\/fg.ull.es\/portal\/gdi\/wp-content\/uploads\/sites\/2\/2020\/04\/FAVICON.png","contentUrl":"https:\/\/fg.ull.es\/portal\/gdi\/wp-content\/uploads\/sites\/2\/2020\/04\/FAVICON.png","width":512,"height":512,"caption":"FUNDACI\u00d3N CANARIA GENERAL UNIVERSIDAD DE LA LAGUNA"},"image":{"@id":"https:\/\/fg.ull.es\/portal\/gdi\/#\/schema\/logo\/image\/"}},{"@type":"Person","@id":"https:\/\/fg.ull.es\/portal\/gdi\/#\/schema\/person\/cd0f7ca826926dd4a0eb25f9c8fb0bb3","name":"foguisado","image":{"@type":"ImageObject","inLanguage":"es","@id":"https:\/\/fg.ull.es\/portal\/gdi\/#\/schema\/person\/image\/","url":"https:\/\/secure.gravatar.com\/avatar\/547f00b03d8a3f8a44c7163ced6a71da?s=96&d=mm&r=g","contentUrl":"https:\/\/secure.gravatar.com\/avatar\/547f00b03d8a3f8a44c7163ced6a71da?s=96&d=mm&r=g","caption":"foguisado"}}]}},"_links":{"self":[{"href":"https:\/\/fg.ull.es\/portal\/gdi\/wp-json\/wp\/v2\/posts\/3422"}],"collection":[{"href":"https:\/\/fg.ull.es\/portal\/gdi\/wp-json\/wp\/v2\/posts"}],"about":[{"href":"https:\/\/fg.ull.es\/portal\/gdi\/wp-json\/wp\/v2\/types\/post"}],"author":[{"embeddable":true,"href":"https:\/\/fg.ull.es\/portal\/gdi\/wp-json\/wp\/v2\/users\/9"}],"replies":[{"embeddable":true,"href":"https:\/\/fg.ull.es\/portal\/gdi\/wp-json\/wp\/v2\/comments?post=3422"}],"version-history":[{"count":4,"href":"https:\/\/fg.ull.es\/portal\/gdi\/wp-json\/wp\/v2\/posts\/3422\/revisions"}],"predecessor-version":[{"id":6073,"href":"https:\/\/fg.ull.es\/portal\/gdi\/wp-json\/wp\/v2\/posts\/3422\/revisions\/6073"}],"wp:featuredmedia":[{"embeddable":true,"href":"https:\/\/fg.ull.es\/portal\/gdi\/wp-json\/wp\/v2\/media\/3412"}],"wp:attachment":[{"href":"https:\/\/fg.ull.es\/portal\/gdi\/wp-json\/wp\/v2\/media?parent=3422"}],"wp:term":[{"taxonomy":"category","embeddable":true,"href":"https:\/\/fg.ull.es\/portal\/gdi\/wp-json\/wp\/v2\/categories?post=3422"},{"taxonomy":"post_tag","embeddable":true,"href":"https:\/\/fg.ull.es\/portal\/gdi\/wp-json\/wp\/v2\/tags?post=3422"}],"curies":[{"name":"wp","href":"https:\/\/api.w.org\/{rel}","templated":true}]}}