{"id":3395,"date":"2019-09-09T13:03:18","date_gmt":"2019-09-09T13:03:18","guid":{"rendered":"https:\/\/fg.ull.es\/portal\/gdi\/?p=3395"},"modified":"2019-09-09T13:03:18","modified_gmt":"2019-09-09T13:03:18","slug":"ampliamos-el-plazo-de-inscripcion-para-empresas-y-grupos-centros-id","status":"publish","type":"post","link":"https:\/\/fg.ull.es\/portal\/gdi\/ampliamos-el-plazo-de-inscripcion-para-empresas-y-grupos-centros-id\/","title":{"rendered":"Ampliamos el plazo de inscripci\u00f3n para empresas y grupos\/centros I+D"},"content":{"rendered":"<section class=\"wpb-content-wrapper\"><p>[vc_row][vc_column][vc_column_text]Tras las sesiones presenciales, que tuvieron lugar durante la semana pasada, nuestros consultores y consultoras se encuentran desarrollando la parte online que corresponde al nivel 3 de este programa formativo, Consultor\u00eda en Innovaci\u00f3n y Consultor\u00eda Digital.<br \/>\n&nbsp;<\/p>\n<h3 style=\"text-align: center\"><em>Ampliamos el plazo de inscripci\u00f3n hasta el mi\u00e9rcoles 11 de septiembre<\/em><\/h3>\n<p>&nbsp;<br \/>\nLas empresas, grupos de investigaci\u00f3n y centros de generaci\u00f3n de conocimientos pueden optar a la posibilidad de acoger a un consultor\/a durante 3 meses, sin coste alguno para la entidad. \u00bfQu\u00e9 organizaciones pueden presentarse?<\/p>\n<div><strong>Para empresas<\/strong>: es importante leer\u00a0<a href=\"https:\/\/drive.google.com\/file\/d\/15KxO5_vUTIRoAGeauT2obYUladdo9V0c\/view\"><em><strong>atentamente las bases<\/strong><\/em><\/a>\u00a0para comprobar los requisitos que, entre otros, ser\u00e1n:<\/div>\n<div>\n<ul>\n<li>Ser una empresa con entidad jur\u00eddica propia y que cuente con sede en Canarias<\/li>\n<li>Tener como m\u00ednimo tres personas empleadas<\/li>\n<li>Desarrollar su actividad en alguno de los sectores prioritarios establecidos en la\u00a0<a href=\"https:\/\/www3.gobiernodecanarias.org\/aciisi\/ris3\/estrategia-ris3-canarias\/prioridades\">Estrategia de Especializaci\u00f3n Inteligente de Canarias 2014-2020<\/a><\/li>\n<p>&nbsp;\n<\/ul>\n<\/div>\n<p>[\/vc_column_text][vc_btn title=\u00bbINSCRIPCI\u00d3N EMPRESAS\u00bb color=\u00bbsuccess\u00bb align=\u00bbcenter\u00bb link=\u00bburl:https%3A%2F%2Ffg.ull.es%2Fportal%2Fgdi%2Fabierto-plazo-inscripcion-para-empresas-programa-gestion-de-la-innovacion-2019-ambitos-transformacion-digital-e-innovacion%2F|||\u00bb][\/vc_column][\/vc_row][vc_row][vc_column][vc_column_text]<strong>Para grupos de investigaci\u00f3n y centros de I+D<\/strong>:\u00a0es importante leer\u00a0<a href=\"https:\/\/drive.google.com\/file\/d\/1Pu8GwaTwbfgTfKmO0kqaBvooTSzl_34o\/view?usp=sharing\"><em><strong>atent<\/strong><\/em><em><strong>amente las bases<\/strong><\/em>\u00a0<\/a>para comprobar los requisitos\u00a0que, entre otros, son:<\/p>\n<ul>\n<li>Tener como m\u00ednimo dos miembros.<\/li>\n<li>En el caso de los grupos de investigaci\u00f3n, estar registrado como grupo de investigaci\u00f3n en alguna de las universidades canarias.<\/li>\n<li>Desarrollar su actividad en los sectores prioritarios establecidos en la Estrategia de Especializaci\u00f3n Inteligente de Canarias 2014-2020.<\/li>\n<\/ul>\n<p>[\/vc_column_text][vc_btn title=\u00bbINSCRIPCI\u00d3N GRUPOS\/CENTROS I+D\u00bb color=\u00bbviolet\u00bb align=\u00bbcenter\u00bb link=\u00bburl:https%3A%2F%2Ffg.ull.es%2Fportal%2Fgdi%2Fabierto-plazo-inscripcion-para-grupos-y-centros-de-id-programa-gestion-de-la-innovacion-2019%2F|||\u00bb][\/vc_column][\/vc_row]<\/p>\n<\/section>","protected":false},"excerpt":{"rendered":"<p>[vc_row][vc_column][vc_column_text]Tras las sesiones presenciales, que tuvieron lugar durante la semana pasada, nuestros consultores y consultoras se encuentran desarrollando la parte online que corresponde al nivel 3 de este programa formativo, Consultor\u00eda en Innovaci\u00f3n y Consultor\u00eda Digital. &nbsp; Ampliamos el plazo de inscripci\u00f3n hasta el mi\u00e9rcoles 11 de septiembre &nbsp; Las empresas, grupos de investigaci\u00f3n y&#8230;<\/p>\n","protected":false},"author":9,"featured_media":3398,"comment_status":"closed","ping_status":"closed","sticky":false,"template":"","format":"standard","meta":{"footnotes":""},"categories":[3,4,5,1],"tags":[],"yoast_head":"<!-- This site is optimized with the Yoast SEO plugin v21.1 - https:\/\/yoast.com\/wordpress\/plugins\/seo\/ -->\n<title>Ampliamos el plazo de inscripci\u00f3n para empresas y grupos\/centros I+D - Programa de Gestores de la Innovaci\u00f3n<\/title>\n<meta name=\"robots\" content=\"index, follow, max-snippet:-1, max-image-preview:large, max-video-preview:-1\" \/>\n<link rel=\"canonical\" href=\"https:\/\/fg.ull.es\/portal\/gdi\/ampliamos-el-plazo-de-inscripcion-para-empresas-y-grupos-centros-id\/\" \/>\n<meta property=\"og:locale\" content=\"es_ES\" \/>\n<meta property=\"og:type\" content=\"article\" \/>\n<meta property=\"og:title\" content=\"Ampliamos el plazo de inscripci\u00f3n para empresas y grupos\/centros I+D - Programa de Gestores de la Innovaci\u00f3n\" \/>\n<meta property=\"og:description\" content=\"[vc_row][vc_column][vc_column_text]Tras las sesiones presenciales, que tuvieron lugar durante la semana pasada, nuestros consultores y consultoras se encuentran desarrollando la parte online que corresponde al nivel 3 de este programa formativo, Consultor\u00eda en Innovaci\u00f3n y Consultor\u00eda Digital. &nbsp; Ampliamos el plazo de inscripci\u00f3n hasta el mi\u00e9rcoles 11 de septiembre &nbsp; Las empresas, grupos de investigaci\u00f3n y...\" \/>\n<meta property=\"og:url\" content=\"https:\/\/fg.ull.es\/portal\/gdi\/ampliamos-el-plazo-de-inscripcion-para-empresas-y-grupos-centros-id\/\" \/>\n<meta property=\"og:site_name\" content=\"Programa de Gestores de la Innovaci\u00f3n\" \/>\n<meta property=\"article:published_time\" content=\"2019-09-09T13:03:18+00:00\" \/>\n<meta property=\"og:image\" content=\"https:\/\/fg.ull.es\/portal\/gdi\/wp-content\/uploads\/sites\/2\/2019\/09\/GDI-LA-LAGUNA-1024x683.jpg\" \/>\n\t<meta property=\"og:image:width\" content=\"1024\" \/>\n\t<meta property=\"og:image:height\" content=\"683\" \/>\n\t<meta property=\"og:image:type\" content=\"image\/jpeg\" \/>\n<meta name=\"author\" content=\"foguisado\" \/>\n<meta name=\"twitter:card\" content=\"summary_large_image\" \/>\n<meta name=\"twitter:label1\" content=\"Written by\" \/>\n\t<meta name=\"twitter:data1\" content=\"foguisado\" \/>\n\t<meta name=\"twitter:label2\" content=\"Est. reading time\" \/>\n\t<meta name=\"twitter:data2\" content=\"1 minuto\" \/>\n<script type=\"application\/ld+json\" class=\"yoast-schema-graph\">{\"@context\":\"https:\/\/schema.org\",\"@graph\":[{\"@type\":\"Article\",\"@id\":\"https:\/\/fg.ull.es\/portal\/gdi\/ampliamos-el-plazo-de-inscripcion-para-empresas-y-grupos-centros-id\/#article\",\"isPartOf\":{\"@id\":\"https:\/\/fg.ull.es\/portal\/gdi\/ampliamos-el-plazo-de-inscripcion-para-empresas-y-grupos-centros-id\/\"},\"author\":{\"name\":\"foguisado\",\"@id\":\"https:\/\/fg.ull.es\/portal\/gdi\/#\/schema\/person\/cd0f7ca826926dd4a0eb25f9c8fb0bb3\"},\"headline\":\"Ampliamos el plazo de inscripci\u00f3n para empresas y grupos\/centros I+D\",\"datePublished\":\"2019-09-09T13:03:18+00:00\",\"dateModified\":\"2019-09-09T13:03:18+00:00\",\"mainEntityOfPage\":{\"@id\":\"https:\/\/fg.ull.es\/portal\/gdi\/ampliamos-el-plazo-de-inscripcion-para-empresas-y-grupos-centros-id\/\"},\"wordCount\":308,\"publisher\":{\"@id\":\"https:\/\/fg.ull.es\/portal\/gdi\/#organization\"},\"articleSection\":[\"Portada\",\"programa GDI\",\"Programa GDI TD\"],\"inLanguage\":\"es\"},{\"@type\":\"WebPage\",\"@id\":\"https:\/\/fg.ull.es\/portal\/gdi\/ampliamos-el-plazo-de-inscripcion-para-empresas-y-grupos-centros-id\/\",\"url\":\"https:\/\/fg.ull.es\/portal\/gdi\/ampliamos-el-plazo-de-inscripcion-para-empresas-y-grupos-centros-id\/\",\"name\":\"Ampliamos el plazo de inscripci\u00f3n para empresas y grupos\/centros I+D - Programa de Gestores de la Innovaci\u00f3n\",\"isPartOf\":{\"@id\":\"https:\/\/fg.ull.es\/portal\/gdi\/#website\"},\"datePublished\":\"2019-09-09T13:03:18+00:00\",\"dateModified\":\"2019-09-09T13:03:18+00:00\",\"breadcrumb\":{\"@id\":\"https:\/\/fg.ull.es\/portal\/gdi\/ampliamos-el-plazo-de-inscripcion-para-empresas-y-grupos-centros-id\/#breadcrumb\"},\"inLanguage\":\"es\",\"potentialAction\":[{\"@type\":\"ReadAction\",\"target\":[\"https:\/\/fg.ull.es\/portal\/gdi\/ampliamos-el-plazo-de-inscripcion-para-empresas-y-grupos-centros-id\/\"]}]},{\"@type\":\"BreadcrumbList\",\"@id\":\"https:\/\/fg.ull.es\/portal\/gdi\/ampliamos-el-plazo-de-inscripcion-para-empresas-y-grupos-centros-id\/#breadcrumb\",\"itemListElement\":[{\"@type\":\"ListItem\",\"position\":1,\"name\":\"Portada\",\"item\":\"https:\/\/fg.ull.es\/portal\/gdi\/\"},{\"@type\":\"ListItem\",\"position\":2,\"name\":\"Ampliamos el plazo de inscripci\u00f3n para empresas y grupos\/centros I+D\"}]},{\"@type\":\"WebSite\",\"@id\":\"https:\/\/fg.ull.es\/portal\/gdi\/#website\",\"url\":\"https:\/\/fg.ull.es\/portal\/gdi\/\",\"name\":\"Programa de Gestores de la Innovaci\u00f3n\",\"description\":\"\",\"publisher\":{\"@id\":\"https:\/\/fg.ull.es\/portal\/gdi\/#organization\"},\"potentialAction\":[{\"@type\":\"SearchAction\",\"target\":{\"@type\":\"EntryPoint\",\"urlTemplate\":\"https:\/\/fg.ull.es\/portal\/gdi\/?s={search_term_string}\"},\"query-input\":\"required name=search_term_string\"}],\"inLanguage\":\"es\"},{\"@type\":\"Organization\",\"@id\":\"https:\/\/fg.ull.es\/portal\/gdi\/#organization\",\"name\":\"FUNDACI\u00d3N CANARIA GENERAL UNIVERSIDAD DE LA LAGUNA\",\"url\":\"https:\/\/fg.ull.es\/portal\/gdi\/\",\"logo\":{\"@type\":\"ImageObject\",\"inLanguage\":\"es\",\"@id\":\"https:\/\/fg.ull.es\/portal\/gdi\/#\/schema\/logo\/image\/\",\"url\":\"https:\/\/fg.ull.es\/portal\/gdi\/wp-content\/uploads\/sites\/2\/2020\/04\/FAVICON.png\",\"contentUrl\":\"https:\/\/fg.ull.es\/portal\/gdi\/wp-content\/uploads\/sites\/2\/2020\/04\/FAVICON.png\",\"width\":512,\"height\":512,\"caption\":\"FUNDACI\u00d3N CANARIA GENERAL UNIVERSIDAD DE LA LAGUNA\"},\"image\":{\"@id\":\"https:\/\/fg.ull.es\/portal\/gdi\/#\/schema\/logo\/image\/\"}},{\"@type\":\"Person\",\"@id\":\"https:\/\/fg.ull.es\/portal\/gdi\/#\/schema\/person\/cd0f7ca826926dd4a0eb25f9c8fb0bb3\",\"name\":\"foguisado\",\"image\":{\"@type\":\"ImageObject\",\"inLanguage\":\"es\",\"@id\":\"https:\/\/fg.ull.es\/portal\/gdi\/#\/schema\/person\/image\/\",\"url\":\"https:\/\/secure.gravatar.com\/avatar\/547f00b03d8a3f8a44c7163ced6a71da?s=96&d=mm&r=g\",\"contentUrl\":\"https:\/\/secure.gravatar.com\/avatar\/547f00b03d8a3f8a44c7163ced6a71da?s=96&d=mm&r=g\",\"caption\":\"foguisado\"}}]}<\/script>\n<!-- \/ Yoast SEO plugin. -->","yoast_head_json":{"title":"Ampliamos el plazo de inscripci\u00f3n para empresas y grupos\/centros I+D - Programa de Gestores de la Innovaci\u00f3n","robots":{"index":"index","follow":"follow","max-snippet":"max-snippet:-1","max-image-preview":"max-image-preview:large","max-video-preview":"max-video-preview:-1"},"canonical":"https:\/\/fg.ull.es\/portal\/gdi\/ampliamos-el-plazo-de-inscripcion-para-empresas-y-grupos-centros-id\/","og_locale":"es_ES","og_type":"article","og_title":"Ampliamos el plazo de inscripci\u00f3n para empresas y grupos\/centros I+D - Programa de Gestores de la Innovaci\u00f3n","og_description":"[vc_row][vc_column][vc_column_text]Tras las sesiones presenciales, que tuvieron lugar durante la semana pasada, nuestros consultores y consultoras se encuentran desarrollando la parte online que corresponde al nivel 3 de este programa formativo, Consultor\u00eda en Innovaci\u00f3n y Consultor\u00eda Digital. &nbsp; Ampliamos el plazo de inscripci\u00f3n hasta el mi\u00e9rcoles 11 de septiembre &nbsp; Las empresas, grupos de investigaci\u00f3n y...","og_url":"https:\/\/fg.ull.es\/portal\/gdi\/ampliamos-el-plazo-de-inscripcion-para-empresas-y-grupos-centros-id\/","og_site_name":"Programa de Gestores de la Innovaci\u00f3n","article_published_time":"2019-09-09T13:03:18+00:00","og_image":[{"width":1024,"height":683,"url":"https:\/\/fg.ull.es\/portal\/gdi\/wp-content\/uploads\/sites\/2\/2019\/09\/GDI-LA-LAGUNA-1024x683.jpg","type":"image\/jpeg"}],"author":"foguisado","twitter_card":"summary_large_image","twitter_misc":{"Written by":"foguisado","Est. reading time":"1 minuto"},"schema":{"@context":"https:\/\/schema.org","@graph":[{"@type":"Article","@id":"https:\/\/fg.ull.es\/portal\/gdi\/ampliamos-el-plazo-de-inscripcion-para-empresas-y-grupos-centros-id\/#article","isPartOf":{"@id":"https:\/\/fg.ull.es\/portal\/gdi\/ampliamos-el-plazo-de-inscripcion-para-empresas-y-grupos-centros-id\/"},"author":{"name":"foguisado","@id":"https:\/\/fg.ull.es\/portal\/gdi\/#\/schema\/person\/cd0f7ca826926dd4a0eb25f9c8fb0bb3"},"headline":"Ampliamos el plazo de inscripci\u00f3n para empresas y grupos\/centros I+D","datePublished":"2019-09-09T13:03:18+00:00","dateModified":"2019-09-09T13:03:18+00:00","mainEntityOfPage":{"@id":"https:\/\/fg.ull.es\/portal\/gdi\/ampliamos-el-plazo-de-inscripcion-para-empresas-y-grupos-centros-id\/"},"wordCount":308,"publisher":{"@id":"https:\/\/fg.ull.es\/portal\/gdi\/#organization"},"articleSection":["Portada","programa GDI","Programa GDI TD"],"inLanguage":"es"},{"@type":"WebPage","@id":"https:\/\/fg.ull.es\/portal\/gdi\/ampliamos-el-plazo-de-inscripcion-para-empresas-y-grupos-centros-id\/","url":"https:\/\/fg.ull.es\/portal\/gdi\/ampliamos-el-plazo-de-inscripcion-para-empresas-y-grupos-centros-id\/","name":"Ampliamos el plazo de inscripci\u00f3n para empresas y grupos\/centros I+D - Programa de Gestores de la Innovaci\u00f3n","isPartOf":{"@id":"https:\/\/fg.ull.es\/portal\/gdi\/#website"},"datePublished":"2019-09-09T13:03:18+00:00","dateModified":"2019-09-09T13:03:18+00:00","breadcrumb":{"@id":"https:\/\/fg.ull.es\/portal\/gdi\/ampliamos-el-plazo-de-inscripcion-para-empresas-y-grupos-centros-id\/#breadcrumb"},"inLanguage":"es","potentialAction":[{"@type":"ReadAction","target":["https:\/\/fg.ull.es\/portal\/gdi\/ampliamos-el-plazo-de-inscripcion-para-empresas-y-grupos-centros-id\/"]}]},{"@type":"BreadcrumbList","@id":"https:\/\/fg.ull.es\/portal\/gdi\/ampliamos-el-plazo-de-inscripcion-para-empresas-y-grupos-centros-id\/#breadcrumb","itemListElement":[{"@type":"ListItem","position":1,"name":"Portada","item":"https:\/\/fg.ull.es\/portal\/gdi\/"},{"@type":"ListItem","position":2,"name":"Ampliamos el plazo de inscripci\u00f3n para empresas y grupos\/centros I+D"}]},{"@type":"WebSite","@id":"https:\/\/fg.ull.es\/portal\/gdi\/#website","url":"https:\/\/fg.ull.es\/portal\/gdi\/","name":"Programa de Gestores de la Innovaci\u00f3n","description":"","publisher":{"@id":"https:\/\/fg.ull.es\/portal\/gdi\/#organization"},"potentialAction":[{"@type":"SearchAction","target":{"@type":"EntryPoint","urlTemplate":"https:\/\/fg.ull.es\/portal\/gdi\/?s={search_term_string}"},"query-input":"required name=search_term_string"}],"inLanguage":"es"},{"@type":"Organization","@id":"https:\/\/fg.ull.es\/portal\/gdi\/#organization","name":"FUNDACI\u00d3N CANARIA GENERAL UNIVERSIDAD DE LA LAGUNA","url":"https:\/\/fg.ull.es\/portal\/gdi\/","logo":{"@type":"ImageObject","inLanguage":"es","@id":"https:\/\/fg.ull.es\/portal\/gdi\/#\/schema\/logo\/image\/","url":"https:\/\/fg.ull.es\/portal\/gdi\/wp-content\/uploads\/sites\/2\/2020\/04\/FAVICON.png","contentUrl":"https:\/\/fg.ull.es\/portal\/gdi\/wp-content\/uploads\/sites\/2\/2020\/04\/FAVICON.png","width":512,"height":512,"caption":"FUNDACI\u00d3N CANARIA GENERAL UNIVERSIDAD DE LA LAGUNA"},"image":{"@id":"https:\/\/fg.ull.es\/portal\/gdi\/#\/schema\/logo\/image\/"}},{"@type":"Person","@id":"https:\/\/fg.ull.es\/portal\/gdi\/#\/schema\/person\/cd0f7ca826926dd4a0eb25f9c8fb0bb3","name":"foguisado","image":{"@type":"ImageObject","inLanguage":"es","@id":"https:\/\/fg.ull.es\/portal\/gdi\/#\/schema\/person\/image\/","url":"https:\/\/secure.gravatar.com\/avatar\/547f00b03d8a3f8a44c7163ced6a71da?s=96&d=mm&r=g","contentUrl":"https:\/\/secure.gravatar.com\/avatar\/547f00b03d8a3f8a44c7163ced6a71da?s=96&d=mm&r=g","caption":"foguisado"}}]}},"_links":{"self":[{"href":"https:\/\/fg.ull.es\/portal\/gdi\/wp-json\/wp\/v2\/posts\/3395"}],"collection":[{"href":"https:\/\/fg.ull.es\/portal\/gdi\/wp-json\/wp\/v2\/posts"}],"about":[{"href":"https:\/\/fg.ull.es\/portal\/gdi\/wp-json\/wp\/v2\/types\/post"}],"author":[{"embeddable":true,"href":"https:\/\/fg.ull.es\/portal\/gdi\/wp-json\/wp\/v2\/users\/9"}],"replies":[{"embeddable":true,"href":"https:\/\/fg.ull.es\/portal\/gdi\/wp-json\/wp\/v2\/comments?post=3395"}],"version-history":[{"count":2,"href":"https:\/\/fg.ull.es\/portal\/gdi\/wp-json\/wp\/v2\/posts\/3395\/revisions"}],"predecessor-version":[{"id":3397,"href":"https:\/\/fg.ull.es\/portal\/gdi\/wp-json\/wp\/v2\/posts\/3395\/revisions\/3397"}],"wp:featuredmedia":[{"embeddable":true,"href":"https:\/\/fg.ull.es\/portal\/gdi\/wp-json\/wp\/v2\/media\/3398"}],"wp:attachment":[{"href":"https:\/\/fg.ull.es\/portal\/gdi\/wp-json\/wp\/v2\/media?parent=3395"}],"wp:term":[{"taxonomy":"category","embeddable":true,"href":"https:\/\/fg.ull.es\/portal\/gdi\/wp-json\/wp\/v2\/categories?post=3395"},{"taxonomy":"post_tag","embeddable":true,"href":"https:\/\/fg.ull.es\/portal\/gdi\/wp-json\/wp\/v2\/tags?post=3395"}],"curies":[{"name":"wp","href":"https:\/\/api.w.org\/{rel}","templated":true}]}}