{"id":3367,"date":"2019-09-05T11:27:42","date_gmt":"2019-09-05T11:27:42","guid":{"rendered":"https:\/\/fg.ull.es\/portal\/gdi\/?p=3367"},"modified":"2019-09-05T11:27:42","modified_gmt":"2019-09-05T11:27:42","slug":"nivel-3-de-consultoria-innovacion-y-transformacion-digital-intensas-jornadas-formativas","status":"publish","type":"post","link":"https:\/\/fg.ull.es\/portal\/gdi\/nivel-3-de-consultoria-innovacion-y-transformacion-digital-intensas-jornadas-formativas\/","title":{"rendered":"Nivel 3 de Consultor\u00eda: Innovaci\u00f3n y Transformaci\u00f3n Digital, intensas jornadas formativas"},"content":{"rendered":"<section class=\"wpb-content-wrapper\"><p>[vc_row][vc_column][vc_column_text]A lo largo de tres jornadas, han tenido lugar las sesiones presenciales de este nivel formativo, que supone el \u00faltimo paso dentro de Gesti\u00f3n de la Innovaci\u00f3n 2019.<\/p>\n<p>M\u00e1s de 100 personas han recibido los conocimientos y experiencia de numerosos profesionales, procedentes de \u00e1mbitos tan diversos como: transferencia de conocimiento, valorizaci\u00f3n y comercializaci\u00f3n tecnol\u00f3gica, inteligencia competitiva y vigilancia tecnol\u00f3gica, fiscalidad en I+D+i, estrategias en transformaci\u00f3n digital, inteligencia en negocios digitales, ciberseguridad,&#8230;<br \/>\nDe entre todas estas personas, se seleccionar\u00e1n las mejores candidaturas, que optar\u00e1n a una formaci\u00f3n pr\u00e1ctica durante 3 meses en empresas de toda Canarias y grupos\/centros de I+D de referencia. Su objetivo, llevar a la pr\u00e1ctica lo aprendido en un entorno real, analizando las distintas organizaciones y proponiendo mejoras y soluciones innovadoras adaptadas a cada entidad.<\/p>\n<h3 style=\"text-align: center\"><em>Si eres una empresa o un grupo\/centro de I+D todav\u00eda est\u00e1s a tiempo de participar con nosotros. \u00a1\u00daltimos d\u00edas!<\/em><\/h3>\n<p>[\/vc_column_text][\/vc_column][\/vc_row][vc_row][vc_column][vc_btn title=\u00bbInscripci\u00f3n empresas\u00bb color=\u00bbsuccess\u00bb align=\u00bbcenter\u00bb link=\u00bburl:https%3A%2F%2Ffg.ull.es%2Fportal%2Fgdi%2Fabierto-plazo-inscripcion-para-empresas-programa-gestion-de-la-innovacion-2019-ambitos-transformacion-digital-e-innovacion%2F|||\u00bb][\/vc_column][\/vc_row][vc_row][vc_column][vc_separator][\/vc_column][\/vc_row][vc_row][vc_column][vc_btn title=\u00bbInscripci\u00f3n grupos\/centros I+D\u00bb color=\u00bbviolet\u00bb align=\u00bbcenter\u00bb link=\u00bburl:https%3A%2F%2Ffg.ull.es%2Fportal%2Fgdi%2Fabierto-plazo-inscripcion-para-grupos-y-centros-de-id-programa-gestion-de-la-innovacion-2019%2F|||\u00bb][\/vc_column][\/vc_row][vc_row][vc_column][vc_column_text]<\/p>\n<p>&nbsp;<\/p>\n<p>Las\u00a0<strong>consultas<\/strong>\u00a0sobre ambos procedimientos pueden ser lanzadas a\u00a0<a href=\"https:\/\/fg.ull.es\/portal\/gdi\/contacto\/\"><strong>nuestro formulario<\/strong><\/a>, contactaremos contigo lo antes posible.<\/p>\n<p><em><img decoding=\"async\" loading=\"lazy\" class=\"aligncenter wp-image-3370 size-page\" src=\"https:\/\/fg.ull.es\/portal\/gdi\/wp-content\/uploads\/sites\/2\/2019\/09\/IMG_2160-1140x630.jpg\" alt=\"\" width=\"1140\" height=\"630\" srcset=\"https:\/\/fg.ull.es\/portal\/gdi\/wp-content\/uploads\/sites\/2\/2019\/09\/IMG_2160-1140x630.jpg 1140w, https:\/\/fg.ull.es\/portal\/gdi\/wp-content\/uploads\/sites\/2\/2019\/09\/IMG_2160-300x166.jpg 300w, https:\/\/fg.ull.es\/portal\/gdi\/wp-content\/uploads\/sites\/2\/2019\/09\/IMG_2160-768x425.jpg 768w, https:\/\/fg.ull.es\/portal\/gdi\/wp-content\/uploads\/sites\/2\/2019\/09\/IMG_2160-1024x566.jpg 1024w, https:\/\/fg.ull.es\/portal\/gdi\/wp-content\/uploads\/sites\/2\/2019\/09\/IMG_2160-375x207.jpg 375w, https:\/\/fg.ull.es\/portal\/gdi\/wp-content\/uploads\/sites\/2\/2019\/09\/IMG_2160-750x415.jpg 750w\" sizes=\"(max-width: 1140px) 100vw, 1140px\" \/><\/em><\/p>\n<p><em>El Programa de Gestores de la Innovaci\u00f3n 2019,\u00a0est\u00e1 impulsado por la Agencia Canaria de Investigaci\u00f3n, Innovaci\u00f3n y Sociedad de la Informaci\u00f3n (ACIISI) del Gobierno de Canarias y cofinanciado en un 85% por el Fondo Social Europeo (FSE) en los t\u00e9rminos establecidos en el Programa Operativo de Canarias 2014-2020, en el Eje prioritario 1, Objetivo tem\u00e1tico 8, Prioridad de inversi\u00f3n 8.1, Objetivo espec\u00edfico 8.1.2. y financia el coste total de estas pr\u00e1cticas; esto supone un<strong>\u00a0coste cero para el grupo o centro de investigaci\u00f3n<\/strong>.<\/em>[\/vc_column_text][\/vc_column][\/vc_row]<\/p>\n<\/section>","protected":false},"excerpt":{"rendered":"<p>[vc_row][vc_column][vc_column_text]A lo largo de tres jornadas, han tenido lugar las sesiones presenciales de este nivel formativo, que supone el \u00faltimo paso dentro de Gesti\u00f3n de la Innovaci\u00f3n 2019. M\u00e1s de 100 personas han recibido los conocimientos y experiencia de numerosos profesionales, procedentes de \u00e1mbitos tan diversos como: transferencia de conocimiento, valorizaci\u00f3n y comercializaci\u00f3n tecnol\u00f3gica, inteligencia&#8230;<\/p>\n","protected":false},"author":9,"featured_media":3381,"comment_status":"closed","ping_status":"closed","sticky":false,"template":"","format":"standard","meta":{"footnotes":""},"categories":[3,4,5],"tags":[],"yoast_head":"<!-- This site is optimized with the Yoast SEO plugin v21.1 - https:\/\/yoast.com\/wordpress\/plugins\/seo\/ -->\n<title>Nivel 3 de Consultor\u00eda: Innovaci\u00f3n y Transformaci\u00f3n Digital, intensas jornadas formativas - Programa de Gestores de la Innovaci\u00f3n<\/title>\n<meta name=\"robots\" content=\"index, follow, max-snippet:-1, max-image-preview:large, max-video-preview:-1\" \/>\n<link rel=\"canonical\" href=\"https:\/\/fg.ull.es\/portal\/gdi\/nivel-3-de-consultoria-innovacion-y-transformacion-digital-intensas-jornadas-formativas\/\" \/>\n<meta property=\"og:locale\" content=\"es_ES\" \/>\n<meta property=\"og:type\" content=\"article\" \/>\n<meta property=\"og:title\" content=\"Nivel 3 de Consultor\u00eda: Innovaci\u00f3n y Transformaci\u00f3n Digital, intensas jornadas formativas - Programa de Gestores de la Innovaci\u00f3n\" \/>\n<meta property=\"og:description\" content=\"[vc_row][vc_column][vc_column_text]A lo largo de tres jornadas, han tenido lugar las sesiones presenciales de este nivel formativo, que supone el \u00faltimo paso dentro de Gesti\u00f3n de la Innovaci\u00f3n 2019. M\u00e1s de 100 personas han recibido los conocimientos y experiencia de numerosos profesionales, procedentes de \u00e1mbitos tan diversos como: transferencia de conocimiento, valorizaci\u00f3n y comercializaci\u00f3n tecnol\u00f3gica, inteligencia...\" \/>\n<meta property=\"og:url\" content=\"https:\/\/fg.ull.es\/portal\/gdi\/nivel-3-de-consultoria-innovacion-y-transformacion-digital-intensas-jornadas-formativas\/\" \/>\n<meta property=\"og:site_name\" content=\"Programa de Gestores de la Innovaci\u00f3n\" \/>\n<meta property=\"article:published_time\" content=\"2019-09-05T11:27:42+00:00\" \/>\n<meta property=\"og:image\" content=\"https:\/\/fg.ull.es\/portal\/gdi\/wp-content\/uploads\/sites\/2\/2019\/09\/IMG_2142.jpg\" \/>\n\t<meta property=\"og:image:width\" content=\"3264\" \/>\n\t<meta property=\"og:image:height\" content=\"2448\" \/>\n\t<meta property=\"og:image:type\" content=\"image\/jpeg\" \/>\n<meta name=\"author\" content=\"foguisado\" \/>\n<meta name=\"twitter:card\" content=\"summary_large_image\" \/>\n<meta name=\"twitter:label1\" content=\"Written by\" \/>\n\t<meta name=\"twitter:data1\" content=\"foguisado\" \/>\n\t<meta name=\"twitter:label2\" content=\"Est. reading time\" \/>\n\t<meta name=\"twitter:data2\" content=\"2 minutos\" \/>\n<script type=\"application\/ld+json\" class=\"yoast-schema-graph\">{\"@context\":\"https:\/\/schema.org\",\"@graph\":[{\"@type\":\"Article\",\"@id\":\"https:\/\/fg.ull.es\/portal\/gdi\/nivel-3-de-consultoria-innovacion-y-transformacion-digital-intensas-jornadas-formativas\/#article\",\"isPartOf\":{\"@id\":\"https:\/\/fg.ull.es\/portal\/gdi\/nivel-3-de-consultoria-innovacion-y-transformacion-digital-intensas-jornadas-formativas\/\"},\"author\":{\"name\":\"foguisado\",\"@id\":\"https:\/\/fg.ull.es\/portal\/gdi\/#\/schema\/person\/cd0f7ca826926dd4a0eb25f9c8fb0bb3\"},\"headline\":\"Nivel 3 de Consultor\u00eda: Innovaci\u00f3n y Transformaci\u00f3n Digital, intensas jornadas formativas\",\"datePublished\":\"2019-09-05T11:27:42+00:00\",\"dateModified\":\"2019-09-05T11:27:42+00:00\",\"mainEntityOfPage\":{\"@id\":\"https:\/\/fg.ull.es\/portal\/gdi\/nivel-3-de-consultoria-innovacion-y-transformacion-digital-intensas-jornadas-formativas\/\"},\"wordCount\":385,\"publisher\":{\"@id\":\"https:\/\/fg.ull.es\/portal\/gdi\/#organization\"},\"articleSection\":[\"Portada\",\"programa GDI\",\"Programa GDI TD\"],\"inLanguage\":\"es\"},{\"@type\":\"WebPage\",\"@id\":\"https:\/\/fg.ull.es\/portal\/gdi\/nivel-3-de-consultoria-innovacion-y-transformacion-digital-intensas-jornadas-formativas\/\",\"url\":\"https:\/\/fg.ull.es\/portal\/gdi\/nivel-3-de-consultoria-innovacion-y-transformacion-digital-intensas-jornadas-formativas\/\",\"name\":\"Nivel 3 de Consultor\u00eda: Innovaci\u00f3n y Transformaci\u00f3n Digital, intensas jornadas formativas - Programa de Gestores de la Innovaci\u00f3n\",\"isPartOf\":{\"@id\":\"https:\/\/fg.ull.es\/portal\/gdi\/#website\"},\"datePublished\":\"2019-09-05T11:27:42+00:00\",\"dateModified\":\"2019-09-05T11:27:42+00:00\",\"breadcrumb\":{\"@id\":\"https:\/\/fg.ull.es\/portal\/gdi\/nivel-3-de-consultoria-innovacion-y-transformacion-digital-intensas-jornadas-formativas\/#breadcrumb\"},\"inLanguage\":\"es\",\"potentialAction\":[{\"@type\":\"ReadAction\",\"target\":[\"https:\/\/fg.ull.es\/portal\/gdi\/nivel-3-de-consultoria-innovacion-y-transformacion-digital-intensas-jornadas-formativas\/\"]}]},{\"@type\":\"BreadcrumbList\",\"@id\":\"https:\/\/fg.ull.es\/portal\/gdi\/nivel-3-de-consultoria-innovacion-y-transformacion-digital-intensas-jornadas-formativas\/#breadcrumb\",\"itemListElement\":[{\"@type\":\"ListItem\",\"position\":1,\"name\":\"Portada\",\"item\":\"https:\/\/fg.ull.es\/portal\/gdi\/\"},{\"@type\":\"ListItem\",\"position\":2,\"name\":\"Nivel 3 de Consultor\u00eda: Innovaci\u00f3n y Transformaci\u00f3n Digital, intensas jornadas formativas\"}]},{\"@type\":\"WebSite\",\"@id\":\"https:\/\/fg.ull.es\/portal\/gdi\/#website\",\"url\":\"https:\/\/fg.ull.es\/portal\/gdi\/\",\"name\":\"Programa de Gestores de la Innovaci\u00f3n\",\"description\":\"\",\"publisher\":{\"@id\":\"https:\/\/fg.ull.es\/portal\/gdi\/#organization\"},\"potentialAction\":[{\"@type\":\"SearchAction\",\"target\":{\"@type\":\"EntryPoint\",\"urlTemplate\":\"https:\/\/fg.ull.es\/portal\/gdi\/?s={search_term_string}\"},\"query-input\":\"required name=search_term_string\"}],\"inLanguage\":\"es\"},{\"@type\":\"Organization\",\"@id\":\"https:\/\/fg.ull.es\/portal\/gdi\/#organization\",\"name\":\"FUNDACI\u00d3N CANARIA GENERAL UNIVERSIDAD DE LA LAGUNA\",\"url\":\"https:\/\/fg.ull.es\/portal\/gdi\/\",\"logo\":{\"@type\":\"ImageObject\",\"inLanguage\":\"es\",\"@id\":\"https:\/\/fg.ull.es\/portal\/gdi\/#\/schema\/logo\/image\/\",\"url\":\"https:\/\/fg.ull.es\/portal\/gdi\/wp-content\/uploads\/sites\/2\/2020\/04\/FAVICON.png\",\"contentUrl\":\"https:\/\/fg.ull.es\/portal\/gdi\/wp-content\/uploads\/sites\/2\/2020\/04\/FAVICON.png\",\"width\":512,\"height\":512,\"caption\":\"FUNDACI\u00d3N CANARIA GENERAL UNIVERSIDAD DE LA LAGUNA\"},\"image\":{\"@id\":\"https:\/\/fg.ull.es\/portal\/gdi\/#\/schema\/logo\/image\/\"}},{\"@type\":\"Person\",\"@id\":\"https:\/\/fg.ull.es\/portal\/gdi\/#\/schema\/person\/cd0f7ca826926dd4a0eb25f9c8fb0bb3\",\"name\":\"foguisado\",\"image\":{\"@type\":\"ImageObject\",\"inLanguage\":\"es\",\"@id\":\"https:\/\/fg.ull.es\/portal\/gdi\/#\/schema\/person\/image\/\",\"url\":\"https:\/\/secure.gravatar.com\/avatar\/547f00b03d8a3f8a44c7163ced6a71da?s=96&d=mm&r=g\",\"contentUrl\":\"https:\/\/secure.gravatar.com\/avatar\/547f00b03d8a3f8a44c7163ced6a71da?s=96&d=mm&r=g\",\"caption\":\"foguisado\"}}]}<\/script>\n<!-- \/ Yoast SEO plugin. -->","yoast_head_json":{"title":"Nivel 3 de Consultor\u00eda: Innovaci\u00f3n y Transformaci\u00f3n Digital, intensas jornadas formativas - Programa de Gestores de la Innovaci\u00f3n","robots":{"index":"index","follow":"follow","max-snippet":"max-snippet:-1","max-image-preview":"max-image-preview:large","max-video-preview":"max-video-preview:-1"},"canonical":"https:\/\/fg.ull.es\/portal\/gdi\/nivel-3-de-consultoria-innovacion-y-transformacion-digital-intensas-jornadas-formativas\/","og_locale":"es_ES","og_type":"article","og_title":"Nivel 3 de Consultor\u00eda: Innovaci\u00f3n y Transformaci\u00f3n Digital, intensas jornadas formativas - Programa de Gestores de la Innovaci\u00f3n","og_description":"[vc_row][vc_column][vc_column_text]A lo largo de tres jornadas, han tenido lugar las sesiones presenciales de este nivel formativo, que supone el \u00faltimo paso dentro de Gesti\u00f3n de la Innovaci\u00f3n 2019. M\u00e1s de 100 personas han recibido los conocimientos y experiencia de numerosos profesionales, procedentes de \u00e1mbitos tan diversos como: transferencia de conocimiento, valorizaci\u00f3n y comercializaci\u00f3n tecnol\u00f3gica, inteligencia...","og_url":"https:\/\/fg.ull.es\/portal\/gdi\/nivel-3-de-consultoria-innovacion-y-transformacion-digital-intensas-jornadas-formativas\/","og_site_name":"Programa de Gestores de la Innovaci\u00f3n","article_published_time":"2019-09-05T11:27:42+00:00","og_image":[{"width":3264,"height":2448,"url":"https:\/\/fg.ull.es\/portal\/gdi\/wp-content\/uploads\/sites\/2\/2019\/09\/IMG_2142.jpg","type":"image\/jpeg"}],"author":"foguisado","twitter_card":"summary_large_image","twitter_misc":{"Written by":"foguisado","Est. reading time":"2 minutos"},"schema":{"@context":"https:\/\/schema.org","@graph":[{"@type":"Article","@id":"https:\/\/fg.ull.es\/portal\/gdi\/nivel-3-de-consultoria-innovacion-y-transformacion-digital-intensas-jornadas-formativas\/#article","isPartOf":{"@id":"https:\/\/fg.ull.es\/portal\/gdi\/nivel-3-de-consultoria-innovacion-y-transformacion-digital-intensas-jornadas-formativas\/"},"author":{"name":"foguisado","@id":"https:\/\/fg.ull.es\/portal\/gdi\/#\/schema\/person\/cd0f7ca826926dd4a0eb25f9c8fb0bb3"},"headline":"Nivel 3 de Consultor\u00eda: Innovaci\u00f3n y Transformaci\u00f3n Digital, intensas jornadas formativas","datePublished":"2019-09-05T11:27:42+00:00","dateModified":"2019-09-05T11:27:42+00:00","mainEntityOfPage":{"@id":"https:\/\/fg.ull.es\/portal\/gdi\/nivel-3-de-consultoria-innovacion-y-transformacion-digital-intensas-jornadas-formativas\/"},"wordCount":385,"publisher":{"@id":"https:\/\/fg.ull.es\/portal\/gdi\/#organization"},"articleSection":["Portada","programa GDI","Programa GDI TD"],"inLanguage":"es"},{"@type":"WebPage","@id":"https:\/\/fg.ull.es\/portal\/gdi\/nivel-3-de-consultoria-innovacion-y-transformacion-digital-intensas-jornadas-formativas\/","url":"https:\/\/fg.ull.es\/portal\/gdi\/nivel-3-de-consultoria-innovacion-y-transformacion-digital-intensas-jornadas-formativas\/","name":"Nivel 3 de Consultor\u00eda: Innovaci\u00f3n y Transformaci\u00f3n Digital, intensas jornadas formativas - Programa de Gestores de la Innovaci\u00f3n","isPartOf":{"@id":"https:\/\/fg.ull.es\/portal\/gdi\/#website"},"datePublished":"2019-09-05T11:27:42+00:00","dateModified":"2019-09-05T11:27:42+00:00","breadcrumb":{"@id":"https:\/\/fg.ull.es\/portal\/gdi\/nivel-3-de-consultoria-innovacion-y-transformacion-digital-intensas-jornadas-formativas\/#breadcrumb"},"inLanguage":"es","potentialAction":[{"@type":"ReadAction","target":["https:\/\/fg.ull.es\/portal\/gdi\/nivel-3-de-consultoria-innovacion-y-transformacion-digital-intensas-jornadas-formativas\/"]}]},{"@type":"BreadcrumbList","@id":"https:\/\/fg.ull.es\/portal\/gdi\/nivel-3-de-consultoria-innovacion-y-transformacion-digital-intensas-jornadas-formativas\/#breadcrumb","itemListElement":[{"@type":"ListItem","position":1,"name":"Portada","item":"https:\/\/fg.ull.es\/portal\/gdi\/"},{"@type":"ListItem","position":2,"name":"Nivel 3 de Consultor\u00eda: Innovaci\u00f3n y Transformaci\u00f3n Digital, intensas jornadas formativas"}]},{"@type":"WebSite","@id":"https:\/\/fg.ull.es\/portal\/gdi\/#website","url":"https:\/\/fg.ull.es\/portal\/gdi\/","name":"Programa de Gestores de la Innovaci\u00f3n","description":"","publisher":{"@id":"https:\/\/fg.ull.es\/portal\/gdi\/#organization"},"potentialAction":[{"@type":"SearchAction","target":{"@type":"EntryPoint","urlTemplate":"https:\/\/fg.ull.es\/portal\/gdi\/?s={search_term_string}"},"query-input":"required name=search_term_string"}],"inLanguage":"es"},{"@type":"Organization","@id":"https:\/\/fg.ull.es\/portal\/gdi\/#organization","name":"FUNDACI\u00d3N CANARIA GENERAL UNIVERSIDAD DE LA LAGUNA","url":"https:\/\/fg.ull.es\/portal\/gdi\/","logo":{"@type":"ImageObject","inLanguage":"es","@id":"https:\/\/fg.ull.es\/portal\/gdi\/#\/schema\/logo\/image\/","url":"https:\/\/fg.ull.es\/portal\/gdi\/wp-content\/uploads\/sites\/2\/2020\/04\/FAVICON.png","contentUrl":"https:\/\/fg.ull.es\/portal\/gdi\/wp-content\/uploads\/sites\/2\/2020\/04\/FAVICON.png","width":512,"height":512,"caption":"FUNDACI\u00d3N CANARIA GENERAL UNIVERSIDAD DE LA LAGUNA"},"image":{"@id":"https:\/\/fg.ull.es\/portal\/gdi\/#\/schema\/logo\/image\/"}},{"@type":"Person","@id":"https:\/\/fg.ull.es\/portal\/gdi\/#\/schema\/person\/cd0f7ca826926dd4a0eb25f9c8fb0bb3","name":"foguisado","image":{"@type":"ImageObject","inLanguage":"es","@id":"https:\/\/fg.ull.es\/portal\/gdi\/#\/schema\/person\/image\/","url":"https:\/\/secure.gravatar.com\/avatar\/547f00b03d8a3f8a44c7163ced6a71da?s=96&d=mm&r=g","contentUrl":"https:\/\/secure.gravatar.com\/avatar\/547f00b03d8a3f8a44c7163ced6a71da?s=96&d=mm&r=g","caption":"foguisado"}}]}},"_links":{"self":[{"href":"https:\/\/fg.ull.es\/portal\/gdi\/wp-json\/wp\/v2\/posts\/3367"}],"collection":[{"href":"https:\/\/fg.ull.es\/portal\/gdi\/wp-json\/wp\/v2\/posts"}],"about":[{"href":"https:\/\/fg.ull.es\/portal\/gdi\/wp-json\/wp\/v2\/types\/post"}],"author":[{"embeddable":true,"href":"https:\/\/fg.ull.es\/portal\/gdi\/wp-json\/wp\/v2\/users\/9"}],"replies":[{"embeddable":true,"href":"https:\/\/fg.ull.es\/portal\/gdi\/wp-json\/wp\/v2\/comments?post=3367"}],"version-history":[{"count":13,"href":"https:\/\/fg.ull.es\/portal\/gdi\/wp-json\/wp\/v2\/posts\/3367\/revisions"}],"predecessor-version":[{"id":3383,"href":"https:\/\/fg.ull.es\/portal\/gdi\/wp-json\/wp\/v2\/posts\/3367\/revisions\/3383"}],"wp:featuredmedia":[{"embeddable":true,"href":"https:\/\/fg.ull.es\/portal\/gdi\/wp-json\/wp\/v2\/media\/3381"}],"wp:attachment":[{"href":"https:\/\/fg.ull.es\/portal\/gdi\/wp-json\/wp\/v2\/media?parent=3367"}],"wp:term":[{"taxonomy":"category","embeddable":true,"href":"https:\/\/fg.ull.es\/portal\/gdi\/wp-json\/wp\/v2\/categories?post=3367"},{"taxonomy":"post_tag","embeddable":true,"href":"https:\/\/fg.ull.es\/portal\/gdi\/wp-json\/wp\/v2\/tags?post=3367"}],"curies":[{"name":"wp","href":"https:\/\/api.w.org\/{rel}","templated":true}]}}