{"id":3339,"date":"2019-08-06T10:47:11","date_gmt":"2019-08-06T10:47:11","guid":{"rendered":"https:\/\/fg.ull.es\/portal\/gdi\/?p=3339"},"modified":"2019-08-06T10:47:11","modified_gmt":"2019-08-06T10:47:11","slug":"cierre-por-vacaciones-lo-que-dejamos-abierto-para-ti-en-agosto","status":"publish","type":"post","link":"https:\/\/fg.ull.es\/portal\/gdi\/cierre-por-vacaciones-lo-que-dejamos-abierto-para-ti-en-agosto\/","title":{"rendered":"Cierre por vacaciones: lo que dejamos abierto para ti en Agosto"},"content":{"rendered":"<p>La Fundaci\u00f3n General de la Universidad de La Laguna se suma durante parte del mes de\u00a0<span class=\"m_-842481944545559781gmail-il\">agosto<\/span>\u00a0al plan de contenci\u00f3n del gasto corriente, implementado desde la ULL.<\/p>\n<p>La actividad tanto presencial como virtual,\u00a0<b>cesar\u00e1 desde el mi\u00e9rcoles 7 de agosto a las 21 horas<\/b>\u00a0y se mantendr\u00e1 suspendida\u00a0<b>hasta las 6 horas del lunes 26 de agosto.<\/b>\u00a0Se trata de un\u00a0<span class=\"m_-842481944545559781gmail-il\">cierre<\/span>\u00a0integral de todos los centros y dependencias de la Universidad de La Laguna.<em><br \/>\n<\/em><\/p>\n<p>Pero queremos recordarte que, desde el Programa de Gesti\u00f3n de la Innovaci\u00f3n 2019 dejamos varias inscripciones abiertas, tanto si eres una empresa, un centro\/grupo de I+D o una persona con inquietudes formativas y ganas de mejorar tu empleabilidad.<\/p>\n<h2 style=\"text-align: center\"><span style=\"color: #339966\"><a style=\"color: #339966\" href=\"https:\/\/docs.google.com\/forms\/d\/e\/1FAIpQLSd8frWUU5Od1xDHVlOhmlaS_BBEuVr6sKSEfbbpUTTT8maC3w\/viewform\"><em>Inscripci\u00f3n empresas<\/em><\/a><\/span><\/h2>\n<p>&nbsp;<\/p>\n<h3 style=\"text-align: center\"><em>Las empresas que resulten seleccionadas en la presente convocatoria podr\u00e1n incorporar de manera gratuita y durante un per\u00edodo de 3 meses a un Consultor\/a como personal en formaci\u00f3n<\/em><\/h3>\n<p>&nbsp;<\/p>\n<h2 style=\"text-align: center\"><span style=\"color: #339966\"><a style=\"color: #339966\" href=\"https:\/\/docs.google.com\/forms\/d\/e\/1FAIpQLSd_Y2bD-Sh959Nm0tcB3gzSZ84BBmvWDkTMqSFJP7ciD3yAuw\/viewform\"><em>Inscripci\u00f3n centros\/grupos de I+D<\/em><\/a><\/span><\/h2>\n<p>&nbsp;<\/p>\n<h3 style=\"text-align: center\"><em>Los grupos y centros de Investigaci\u00f3n podr\u00e1n aportar valor al conocimiento generado, as\u00ed como impulsar la transferencia de \u00e9ste al conjunto de la sociedad<\/em><\/h3>\n<p>&nbsp;<\/p>\n<h2><\/h2>\n<h2 style=\"text-align: center\"><span style=\"color: #339966\"><a style=\"color: #339966\" href=\"https:\/\/fg.ull.es\/portal\/gdi\/inscripcion-abierta-nuevos-cursos-en-innovacion-y-transformacion-digital\/\"><em>Inscripci\u00f3n alumnado<\/em><\/a><\/span><\/h2>\n<p>&nbsp;<\/p>\n<h3 style=\"text-align: center\"><em>Las personas interesadas en ampliar sus conocimientos sobre innovaci\u00f3n y\/o transformaci\u00f3n digital tendr\u00e1n la oportunidad de formarse durante los pr\u00f3ximos meses de septiembre y octubre<\/em><\/h3>\n<p>&nbsp;<\/p>\n<p>Como estaremos desconectados durante algunas semanas, puedes enviar tus dudas a trav\u00e9s de nuestro <a href=\"https:\/\/fg.ull.es\/portal\/gdi\/contacto\/\"><strong>formulario de contacto<\/strong><\/a>, prometemos contestar lo antes posible.<\/p>\n<p><em>El Programa de Formaci\u00f3n de Gestores de la Innovaci\u00f3n 2018, est\u00e1 impulsado en colaboraci\u00f3n con la Agencia Canaria de Investigaci\u00f3n, Innovaci\u00f3n y Sociedad de la Informaci\u00f3n (ACIISI) del Gobierno de Canarias y cofinanciado en un 85% por el Fondo Social Europeo (FSE) en los t\u00e9rminos establecidos en el Programa Operativo de Canarias 2014-2020, en el Eje prioritario 1, Objetivo tem\u00e1tico 8, Prioridad de inversi\u00f3n 8.1, Objetivo espec\u00edfico 8.1.2.<\/em><\/p>\n","protected":false},"excerpt":{"rendered":"<p>La Fundaci\u00f3n General de la Universidad de La Laguna se suma durante parte del mes de\u00a0agosto\u00a0al plan de contenci\u00f3n del gasto corriente, implementado desde la ULL. La actividad tanto presencial como virtual,\u00a0cesar\u00e1 desde el mi\u00e9rcoles 7 de agosto a las 21 horas\u00a0y se mantendr\u00e1 suspendida\u00a0hasta las 6 horas del lunes 26 de agosto.\u00a0Se trata de&#8230;<\/p>\n","protected":false},"author":9,"featured_media":3340,"comment_status":"closed","ping_status":"closed","sticky":false,"template":"","format":"standard","meta":{"footnotes":""},"categories":[3,4,5,6],"tags":[],"yoast_head":"<!-- This site is optimized with the Yoast SEO plugin v21.1 - https:\/\/yoast.com\/wordpress\/plugins\/seo\/ -->\n<title>Cierre por vacaciones: lo que dejamos abierto para ti en Agosto - Programa de Gestores de la Innovaci\u00f3n<\/title>\n<meta name=\"robots\" content=\"index, follow, max-snippet:-1, max-image-preview:large, max-video-preview:-1\" \/>\n<link rel=\"canonical\" href=\"https:\/\/fg.ull.es\/portal\/gdi\/cierre-por-vacaciones-lo-que-dejamos-abierto-para-ti-en-agosto\/\" \/>\n<meta property=\"og:locale\" content=\"es_ES\" \/>\n<meta property=\"og:type\" content=\"article\" \/>\n<meta property=\"og:title\" content=\"Cierre por vacaciones: lo que dejamos abierto para ti en Agosto - Programa de Gestores de la Innovaci\u00f3n\" \/>\n<meta property=\"og:description\" content=\"La Fundaci\u00f3n General de la Universidad de La Laguna se suma durante parte del mes de\u00a0agosto\u00a0al plan de contenci\u00f3n del gasto corriente, implementado desde la ULL. La actividad tanto presencial como virtual,\u00a0cesar\u00e1 desde el mi\u00e9rcoles 7 de agosto a las 21 horas\u00a0y se mantendr\u00e1 suspendida\u00a0hasta las 6 horas del lunes 26 de agosto.\u00a0Se trata de...\" \/>\n<meta property=\"og:url\" content=\"https:\/\/fg.ull.es\/portal\/gdi\/cierre-por-vacaciones-lo-que-dejamos-abierto-para-ti-en-agosto\/\" \/>\n<meta property=\"og:site_name\" content=\"Programa de Gestores de la Innovaci\u00f3n\" \/>\n<meta property=\"article:published_time\" content=\"2019-08-06T10:47:11+00:00\" \/>\n<meta property=\"og:image\" content=\"https:\/\/fg.ull.es\/portal\/gdi\/wp-content\/uploads\/sites\/2\/2019\/08\/PHOTO-2018-11-26-18-23-40.jpg\" \/>\n\t<meta property=\"og:image:width\" content=\"1600\" \/>\n\t<meta property=\"og:image:height\" content=\"900\" \/>\n\t<meta property=\"og:image:type\" content=\"image\/jpeg\" \/>\n<meta name=\"author\" content=\"foguisado\" \/>\n<meta name=\"twitter:card\" content=\"summary_large_image\" \/>\n<meta name=\"twitter:label1\" content=\"Written by\" \/>\n\t<meta name=\"twitter:data1\" content=\"foguisado\" \/>\n\t<meta name=\"twitter:label2\" content=\"Est. reading time\" \/>\n\t<meta name=\"twitter:data2\" content=\"2 minutos\" \/>\n<script type=\"application\/ld+json\" class=\"yoast-schema-graph\">{\"@context\":\"https:\/\/schema.org\",\"@graph\":[{\"@type\":\"Article\",\"@id\":\"https:\/\/fg.ull.es\/portal\/gdi\/cierre-por-vacaciones-lo-que-dejamos-abierto-para-ti-en-agosto\/#article\",\"isPartOf\":{\"@id\":\"https:\/\/fg.ull.es\/portal\/gdi\/cierre-por-vacaciones-lo-que-dejamos-abierto-para-ti-en-agosto\/\"},\"author\":{\"name\":\"foguisado\",\"@id\":\"https:\/\/fg.ull.es\/portal\/gdi\/#\/schema\/person\/cd0f7ca826926dd4a0eb25f9c8fb0bb3\"},\"headline\":\"Cierre por vacaciones: lo que dejamos abierto para ti en Agosto\",\"datePublished\":\"2019-08-06T10:47:11+00:00\",\"dateModified\":\"2019-08-06T10:47:11+00:00\",\"mainEntityOfPage\":{\"@id\":\"https:\/\/fg.ull.es\/portal\/gdi\/cierre-por-vacaciones-lo-que-dejamos-abierto-para-ti-en-agosto\/\"},\"wordCount\":328,\"publisher\":{\"@id\":\"https:\/\/fg.ull.es\/portal\/gdi\/#organization\"},\"articleSection\":[\"Portada\",\"programa GDI\",\"Programa GDI TD\",\"Programa GDI TV\"],\"inLanguage\":\"es\"},{\"@type\":\"WebPage\",\"@id\":\"https:\/\/fg.ull.es\/portal\/gdi\/cierre-por-vacaciones-lo-que-dejamos-abierto-para-ti-en-agosto\/\",\"url\":\"https:\/\/fg.ull.es\/portal\/gdi\/cierre-por-vacaciones-lo-que-dejamos-abierto-para-ti-en-agosto\/\",\"name\":\"Cierre por vacaciones: lo que dejamos abierto para ti en Agosto - Programa de Gestores de la Innovaci\u00f3n\",\"isPartOf\":{\"@id\":\"https:\/\/fg.ull.es\/portal\/gdi\/#website\"},\"datePublished\":\"2019-08-06T10:47:11+00:00\",\"dateModified\":\"2019-08-06T10:47:11+00:00\",\"breadcrumb\":{\"@id\":\"https:\/\/fg.ull.es\/portal\/gdi\/cierre-por-vacaciones-lo-que-dejamos-abierto-para-ti-en-agosto\/#breadcrumb\"},\"inLanguage\":\"es\",\"potentialAction\":[{\"@type\":\"ReadAction\",\"target\":[\"https:\/\/fg.ull.es\/portal\/gdi\/cierre-por-vacaciones-lo-que-dejamos-abierto-para-ti-en-agosto\/\"]}]},{\"@type\":\"BreadcrumbList\",\"@id\":\"https:\/\/fg.ull.es\/portal\/gdi\/cierre-por-vacaciones-lo-que-dejamos-abierto-para-ti-en-agosto\/#breadcrumb\",\"itemListElement\":[{\"@type\":\"ListItem\",\"position\":1,\"name\":\"Portada\",\"item\":\"https:\/\/fg.ull.es\/portal\/gdi\/\"},{\"@type\":\"ListItem\",\"position\":2,\"name\":\"Cierre por vacaciones: lo que dejamos abierto para ti en Agosto\"}]},{\"@type\":\"WebSite\",\"@id\":\"https:\/\/fg.ull.es\/portal\/gdi\/#website\",\"url\":\"https:\/\/fg.ull.es\/portal\/gdi\/\",\"name\":\"Programa de Gestores de la Innovaci\u00f3n\",\"description\":\"\",\"publisher\":{\"@id\":\"https:\/\/fg.ull.es\/portal\/gdi\/#organization\"},\"potentialAction\":[{\"@type\":\"SearchAction\",\"target\":{\"@type\":\"EntryPoint\",\"urlTemplate\":\"https:\/\/fg.ull.es\/portal\/gdi\/?s={search_term_string}\"},\"query-input\":\"required name=search_term_string\"}],\"inLanguage\":\"es\"},{\"@type\":\"Organization\",\"@id\":\"https:\/\/fg.ull.es\/portal\/gdi\/#organization\",\"name\":\"FUNDACI\u00d3N CANARIA GENERAL UNIVERSIDAD DE LA LAGUNA\",\"url\":\"https:\/\/fg.ull.es\/portal\/gdi\/\",\"logo\":{\"@type\":\"ImageObject\",\"inLanguage\":\"es\",\"@id\":\"https:\/\/fg.ull.es\/portal\/gdi\/#\/schema\/logo\/image\/\",\"url\":\"https:\/\/fg.ull.es\/portal\/gdi\/wp-content\/uploads\/sites\/2\/2020\/04\/FAVICON.png\",\"contentUrl\":\"https:\/\/fg.ull.es\/portal\/gdi\/wp-content\/uploads\/sites\/2\/2020\/04\/FAVICON.png\",\"width\":512,\"height\":512,\"caption\":\"FUNDACI\u00d3N CANARIA GENERAL UNIVERSIDAD DE LA LAGUNA\"},\"image\":{\"@id\":\"https:\/\/fg.ull.es\/portal\/gdi\/#\/schema\/logo\/image\/\"}},{\"@type\":\"Person\",\"@id\":\"https:\/\/fg.ull.es\/portal\/gdi\/#\/schema\/person\/cd0f7ca826926dd4a0eb25f9c8fb0bb3\",\"name\":\"foguisado\",\"image\":{\"@type\":\"ImageObject\",\"inLanguage\":\"es\",\"@id\":\"https:\/\/fg.ull.es\/portal\/gdi\/#\/schema\/person\/image\/\",\"url\":\"https:\/\/secure.gravatar.com\/avatar\/547f00b03d8a3f8a44c7163ced6a71da?s=96&d=mm&r=g\",\"contentUrl\":\"https:\/\/secure.gravatar.com\/avatar\/547f00b03d8a3f8a44c7163ced6a71da?s=96&d=mm&r=g\",\"caption\":\"foguisado\"}}]}<\/script>\n<!-- \/ Yoast SEO plugin. -->","yoast_head_json":{"title":"Cierre por vacaciones: lo que dejamos abierto para ti en Agosto - Programa de Gestores de la Innovaci\u00f3n","robots":{"index":"index","follow":"follow","max-snippet":"max-snippet:-1","max-image-preview":"max-image-preview:large","max-video-preview":"max-video-preview:-1"},"canonical":"https:\/\/fg.ull.es\/portal\/gdi\/cierre-por-vacaciones-lo-que-dejamos-abierto-para-ti-en-agosto\/","og_locale":"es_ES","og_type":"article","og_title":"Cierre por vacaciones: lo que dejamos abierto para ti en Agosto - Programa de Gestores de la Innovaci\u00f3n","og_description":"La Fundaci\u00f3n General de la Universidad de La Laguna se suma durante parte del mes de\u00a0agosto\u00a0al plan de contenci\u00f3n del gasto corriente, implementado desde la ULL. La actividad tanto presencial como virtual,\u00a0cesar\u00e1 desde el mi\u00e9rcoles 7 de agosto a las 21 horas\u00a0y se mantendr\u00e1 suspendida\u00a0hasta las 6 horas del lunes 26 de agosto.\u00a0Se trata de...","og_url":"https:\/\/fg.ull.es\/portal\/gdi\/cierre-por-vacaciones-lo-que-dejamos-abierto-para-ti-en-agosto\/","og_site_name":"Programa de Gestores de la Innovaci\u00f3n","article_published_time":"2019-08-06T10:47:11+00:00","og_image":[{"width":1600,"height":900,"url":"https:\/\/fg.ull.es\/portal\/gdi\/wp-content\/uploads\/sites\/2\/2019\/08\/PHOTO-2018-11-26-18-23-40.jpg","type":"image\/jpeg"}],"author":"foguisado","twitter_card":"summary_large_image","twitter_misc":{"Written by":"foguisado","Est. reading time":"2 minutos"},"schema":{"@context":"https:\/\/schema.org","@graph":[{"@type":"Article","@id":"https:\/\/fg.ull.es\/portal\/gdi\/cierre-por-vacaciones-lo-que-dejamos-abierto-para-ti-en-agosto\/#article","isPartOf":{"@id":"https:\/\/fg.ull.es\/portal\/gdi\/cierre-por-vacaciones-lo-que-dejamos-abierto-para-ti-en-agosto\/"},"author":{"name":"foguisado","@id":"https:\/\/fg.ull.es\/portal\/gdi\/#\/schema\/person\/cd0f7ca826926dd4a0eb25f9c8fb0bb3"},"headline":"Cierre por vacaciones: lo que dejamos abierto para ti en Agosto","datePublished":"2019-08-06T10:47:11+00:00","dateModified":"2019-08-06T10:47:11+00:00","mainEntityOfPage":{"@id":"https:\/\/fg.ull.es\/portal\/gdi\/cierre-por-vacaciones-lo-que-dejamos-abierto-para-ti-en-agosto\/"},"wordCount":328,"publisher":{"@id":"https:\/\/fg.ull.es\/portal\/gdi\/#organization"},"articleSection":["Portada","programa GDI","Programa GDI TD","Programa GDI TV"],"inLanguage":"es"},{"@type":"WebPage","@id":"https:\/\/fg.ull.es\/portal\/gdi\/cierre-por-vacaciones-lo-que-dejamos-abierto-para-ti-en-agosto\/","url":"https:\/\/fg.ull.es\/portal\/gdi\/cierre-por-vacaciones-lo-que-dejamos-abierto-para-ti-en-agosto\/","name":"Cierre por vacaciones: lo que dejamos abierto para ti en Agosto - Programa de Gestores de la Innovaci\u00f3n","isPartOf":{"@id":"https:\/\/fg.ull.es\/portal\/gdi\/#website"},"datePublished":"2019-08-06T10:47:11+00:00","dateModified":"2019-08-06T10:47:11+00:00","breadcrumb":{"@id":"https:\/\/fg.ull.es\/portal\/gdi\/cierre-por-vacaciones-lo-que-dejamos-abierto-para-ti-en-agosto\/#breadcrumb"},"inLanguage":"es","potentialAction":[{"@type":"ReadAction","target":["https:\/\/fg.ull.es\/portal\/gdi\/cierre-por-vacaciones-lo-que-dejamos-abierto-para-ti-en-agosto\/"]}]},{"@type":"BreadcrumbList","@id":"https:\/\/fg.ull.es\/portal\/gdi\/cierre-por-vacaciones-lo-que-dejamos-abierto-para-ti-en-agosto\/#breadcrumb","itemListElement":[{"@type":"ListItem","position":1,"name":"Portada","item":"https:\/\/fg.ull.es\/portal\/gdi\/"},{"@type":"ListItem","position":2,"name":"Cierre por vacaciones: lo que dejamos abierto para ti en Agosto"}]},{"@type":"WebSite","@id":"https:\/\/fg.ull.es\/portal\/gdi\/#website","url":"https:\/\/fg.ull.es\/portal\/gdi\/","name":"Programa de Gestores de la Innovaci\u00f3n","description":"","publisher":{"@id":"https:\/\/fg.ull.es\/portal\/gdi\/#organization"},"potentialAction":[{"@type":"SearchAction","target":{"@type":"EntryPoint","urlTemplate":"https:\/\/fg.ull.es\/portal\/gdi\/?s={search_term_string}"},"query-input":"required name=search_term_string"}],"inLanguage":"es"},{"@type":"Organization","@id":"https:\/\/fg.ull.es\/portal\/gdi\/#organization","name":"FUNDACI\u00d3N CANARIA GENERAL UNIVERSIDAD DE LA LAGUNA","url":"https:\/\/fg.ull.es\/portal\/gdi\/","logo":{"@type":"ImageObject","inLanguage":"es","@id":"https:\/\/fg.ull.es\/portal\/gdi\/#\/schema\/logo\/image\/","url":"https:\/\/fg.ull.es\/portal\/gdi\/wp-content\/uploads\/sites\/2\/2020\/04\/FAVICON.png","contentUrl":"https:\/\/fg.ull.es\/portal\/gdi\/wp-content\/uploads\/sites\/2\/2020\/04\/FAVICON.png","width":512,"height":512,"caption":"FUNDACI\u00d3N CANARIA GENERAL UNIVERSIDAD DE LA LAGUNA"},"image":{"@id":"https:\/\/fg.ull.es\/portal\/gdi\/#\/schema\/logo\/image\/"}},{"@type":"Person","@id":"https:\/\/fg.ull.es\/portal\/gdi\/#\/schema\/person\/cd0f7ca826926dd4a0eb25f9c8fb0bb3","name":"foguisado","image":{"@type":"ImageObject","inLanguage":"es","@id":"https:\/\/fg.ull.es\/portal\/gdi\/#\/schema\/person\/image\/","url":"https:\/\/secure.gravatar.com\/avatar\/547f00b03d8a3f8a44c7163ced6a71da?s=96&d=mm&r=g","contentUrl":"https:\/\/secure.gravatar.com\/avatar\/547f00b03d8a3f8a44c7163ced6a71da?s=96&d=mm&r=g","caption":"foguisado"}}]}},"_links":{"self":[{"href":"https:\/\/fg.ull.es\/portal\/gdi\/wp-json\/wp\/v2\/posts\/3339"}],"collection":[{"href":"https:\/\/fg.ull.es\/portal\/gdi\/wp-json\/wp\/v2\/posts"}],"about":[{"href":"https:\/\/fg.ull.es\/portal\/gdi\/wp-json\/wp\/v2\/types\/post"}],"author":[{"embeddable":true,"href":"https:\/\/fg.ull.es\/portal\/gdi\/wp-json\/wp\/v2\/users\/9"}],"replies":[{"embeddable":true,"href":"https:\/\/fg.ull.es\/portal\/gdi\/wp-json\/wp\/v2\/comments?post=3339"}],"version-history":[{"count":7,"href":"https:\/\/fg.ull.es\/portal\/gdi\/wp-json\/wp\/v2\/posts\/3339\/revisions"}],"predecessor-version":[{"id":3347,"href":"https:\/\/fg.ull.es\/portal\/gdi\/wp-json\/wp\/v2\/posts\/3339\/revisions\/3347"}],"wp:featuredmedia":[{"embeddable":true,"href":"https:\/\/fg.ull.es\/portal\/gdi\/wp-json\/wp\/v2\/media\/3340"}],"wp:attachment":[{"href":"https:\/\/fg.ull.es\/portal\/gdi\/wp-json\/wp\/v2\/media?parent=3339"}],"wp:term":[{"taxonomy":"category","embeddable":true,"href":"https:\/\/fg.ull.es\/portal\/gdi\/wp-json\/wp\/v2\/categories?post=3339"},{"taxonomy":"post_tag","embeddable":true,"href":"https:\/\/fg.ull.es\/portal\/gdi\/wp-json\/wp\/v2\/tags?post=3339"}],"curies":[{"name":"wp","href":"https:\/\/api.w.org\/{rel}","templated":true}]}}