{"id":3294,"date":"2019-07-30T10:10:03","date_gmt":"2019-07-30T10:10:03","guid":{"rendered":"https:\/\/fg.ull.es\/portal\/gdi\/?p=3294"},"modified":"2019-08-02T06:57:40","modified_gmt":"2019-08-02T06:57:40","slug":"abierto-plazo-inscripcion-para-grupos-y-centros-de-id-programa-gestion-de-la-innovacion-2019","status":"publish","type":"post","link":"https:\/\/fg.ull.es\/portal\/gdi\/abierto-plazo-inscripcion-para-grupos-y-centros-de-id-programa-gestion-de-la-innovacion-2019\/","title":{"rendered":"Abierto plazo inscripci\u00f3n para grupos y centros de I+D: Programa Gesti\u00f3n de la Innovaci\u00f3n 2019"},"content":{"rendered":"<p>El Programa de Gesti\u00f3n de la Innovaci\u00f3n contribuye al desarrollo y despliegue de la <a href=\"https:\/\/www3.gobiernodecanarias.org\/aciisi\/ris3\/estrategia-ris3-canarias\/prioridades\"><strong>Estrategia de Especializaci\u00f3n Inteligente de Canarias<\/strong><\/a>, entre otros objetivos, se centra en la\u00a0potenciaci\u00f3n de actividades de valorizaci\u00f3n socioecon\u00f3mica de la I+D, propiciando la transferencia de conocimiento y tecnolog\u00eda entre los agentes del sistema econ\u00f3mico. Entre esos agentes se incluyen las universidades, sus grupos de investigaci\u00f3n y los centros de I+D, que resultan clave dentro del ecosistema.<\/p>\n<p>La contribuci\u00f3n de este programa, que gestiona la ULL a trav\u00e9s de su Fundaci\u00f3n General, es ofrecer la posibilidad de acoger durante 3 meses a un consultor\/a de la innovaci\u00f3n para analizar las tecnolog\u00edas con mayor potencial de los grupos de investigaci\u00f3n y otros centros de generaci\u00f3n de conocimientos.<\/p>\n<h3 style=\"text-align: center\"><em>Aporta valor al conocimiento generado en universidades y centros de I+D: inscripci\u00f3n abierta para grupos de investigaci\u00f3n<\/em><\/h3>\n<p><strong>Para grupos de investigaci\u00f3n<\/strong>:\u00a0es importante leer <a href=\"https:\/\/drive.google.com\/file\/d\/1Pu8GwaTwbfgTfKmO0kqaBvooTSzl_34o\/view?usp=sharing\"><em><strong>atent<\/strong><\/em><em><strong>amente las bases<\/strong><\/em> <\/a>para comprobar los requisitos\u00a0que, entre otros, ser\u00e1n:<\/p>\n<ul>\n<li>Tener como m\u00ednimo dos miembros.<\/li>\n<li>En el caso de los grupos de investigaci\u00f3n, estar registrado como grupo de investigaci\u00f3n en alguna de las universidades canarias.<\/li>\n<li>Desarrollar su actividad en los sectores prioritarios establecidos en la Estrategia de Especializaci\u00f3n Inteligente de Canarias 2014-2020.<\/li>\n<\/ul>\n<p>Los grupos y centros interesados deber\u00e1n <a href=\"https:\/\/forms.gle\/V3YiFYUVjGvtaGodA\"><strong>completar el formulario de solicitud<\/strong><\/a>, que estar\u00e1 disponible desde hoy,<strong> 30\/07\/2019 hasta el pr\u00f3ximo 09\/09\/2019<\/strong>. Terminado dicho plazo no se admitir\u00e1 a tr\u00e1mite solicitud alguna de participaci\u00f3n en el Programa.<\/p>\n<p>Puedes ver los testimonios de algunos participantes en ediciones anteriores, tal vez ellos te aclaren mejor cu\u00e1l es el objetivo de este programa:<\/p>\n<p><strong><a href=\"https:\/\/www.youtube.com\/watch?v=GgUpuQpt52Y&amp;list=PLbU1uwxBUAGEcglbJ0XoqbxwNZa4RZvYk&amp;index=59\">Edullab<\/a>,\u00a0 <\/strong>es el Laboratorio de Educaci\u00f3n y Nuevas Tecnolog\u00edas, que comenz\u00f3 en el a\u00f1o 1999 con la finalidad de desarrollar investigaciones relacionadas con el impulso del uso educativo de las nuevas tecnolog\u00edass.<\/p>\n<p><a href=\"https:\/\/www.youtube.com\/watch?v=nraz3SMAC4w&amp;list=PLbU1uwxBUAGEcglbJ0XoqbxwNZa4RZvYk&amp;index=81\"><strong>Ecolog\u00eda de Comunidades Marinas y Cambio Clim\u00e1tico<\/strong><\/a>, grupo constituido en 2016 como un ente para la generaci\u00f3n de nuevo conocimiento sobre las especies marinas que viven en los archipi\u00e9lagos macaron\u00e9sicos.<\/p>\n<p><a href=\"https:\/\/www.youtube.com\/watch?v=ScPSOi5j6gM&amp;list=PLbU1uwxBUAGEcglbJ0XoqbxwNZa4RZvYk&amp;index=73\"><strong>IPNA<\/strong><\/a> (Instituto de Productos Naturales y Agrobiolog\u00eda), cuya actividad abarca desde la investigaci\u00f3n b\u00e1sica, hasta el desarrollo tecnol\u00f3gico, pasando por la transferencia de conocimiento en \u00e1mbitos como las ciencias agrarias y qu\u00edmicas.<\/p>\n<p>Las <strong>consultas<\/strong> sobre ambos procedimientos pueden ser lanzadas a <a href=\"https:\/\/fg.ull.es\/portal\/gdi\/contacto\/\"><strong>nuestro formulario<\/strong><\/a>, contactaremos contigo lo antes posible.<\/p>\n<p><em>El Programa de Gestores de la Innovaci\u00f3n 2019,\u00a0est\u00e1 impulsado por la Agencia Canaria de Investigaci\u00f3n, Innovaci\u00f3n y Sociedad de la Informaci\u00f3n (ACIISI) del Gobierno de Canarias y cofinanciado en un 85% por el Fondo Social Europeo (FSE) en los t\u00e9rminos establecidos en el Programa Operativo de Canarias 2014-2020, en el Eje prioritario 1, Objetivo tem\u00e1tico 8, Prioridad de inversi\u00f3n 8.1, Objetivo espec\u00edfico 8.1.2. y financia el coste total de estas pr\u00e1cticas; esto supone un<strong>\u00a0coste cero para el grupo o centro de investigaci\u00f3n<\/strong>.<\/em><\/p>\n","protected":false},"excerpt":{"rendered":"<p>El Programa de Gesti\u00f3n de la Innovaci\u00f3n contribuye al desarrollo y despliegue de la Estrategia de Especializaci\u00f3n Inteligente de Canarias, entre otros objetivos, se centra en la\u00a0potenciaci\u00f3n de actividades de valorizaci\u00f3n socioecon\u00f3mica de la I+D, propiciando la transferencia de conocimiento y tecnolog\u00eda entre los agentes del sistema econ\u00f3mico. Entre esos agentes se incluyen las universidades,&#8230;<\/p>\n","protected":false},"author":9,"featured_media":3299,"comment_status":"closed","ping_status":"closed","sticky":false,"template":"","format":"standard","meta":{"footnotes":""},"categories":[3,4],"tags":[],"yoast_head":"<!-- This site is optimized with the Yoast SEO plugin v21.1 - https:\/\/yoast.com\/wordpress\/plugins\/seo\/ -->\n<title>Abierto plazo inscripci\u00f3n para grupos y centros de I+D: Programa Gesti\u00f3n de la Innovaci\u00f3n 2019 - Programa de Gestores de la Innovaci\u00f3n<\/title>\n<meta name=\"robots\" content=\"index, follow, max-snippet:-1, max-image-preview:large, max-video-preview:-1\" \/>\n<link rel=\"canonical\" href=\"https:\/\/fg.ull.es\/portal\/gdi\/abierto-plazo-inscripcion-para-grupos-y-centros-de-id-programa-gestion-de-la-innovacion-2019\/\" \/>\n<meta property=\"og:locale\" content=\"es_ES\" \/>\n<meta property=\"og:type\" content=\"article\" \/>\n<meta property=\"og:title\" content=\"Abierto plazo inscripci\u00f3n para grupos y centros de I+D: Programa Gesti\u00f3n de la Innovaci\u00f3n 2019 - Programa de Gestores de la Innovaci\u00f3n\" \/>\n<meta property=\"og:description\" content=\"El Programa de Gesti\u00f3n de la Innovaci\u00f3n contribuye al desarrollo y despliegue de la Estrategia de Especializaci\u00f3n Inteligente de Canarias, entre otros objetivos, se centra en la\u00a0potenciaci\u00f3n de actividades de valorizaci\u00f3n socioecon\u00f3mica de la I+D, propiciando la transferencia de conocimiento y tecnolog\u00eda entre los agentes del sistema econ\u00f3mico. Entre esos agentes se incluyen las universidades,...\" \/>\n<meta property=\"og:url\" content=\"https:\/\/fg.ull.es\/portal\/gdi\/abierto-plazo-inscripcion-para-grupos-y-centros-de-id-programa-gestion-de-la-innovacion-2019\/\" \/>\n<meta property=\"og:site_name\" content=\"Programa de Gestores de la Innovaci\u00f3n\" \/>\n<meta property=\"article:published_time\" content=\"2019-07-30T10:10:03+00:00\" \/>\n<meta property=\"article:modified_time\" content=\"2019-08-02T06:57:40+00:00\" \/>\n<meta property=\"og:image\" content=\"https:\/\/fg.ull.es\/portal\/gdi\/wp-content\/uploads\/sites\/2\/2019\/07\/gdi-centros-y-grupos-id.png\" \/>\n\t<meta property=\"og:image:width\" content=\"1854\" \/>\n\t<meta property=\"og:image:height\" content=\"836\" \/>\n\t<meta property=\"og:image:type\" content=\"image\/png\" \/>\n<meta name=\"author\" content=\"foguisado\" \/>\n<meta name=\"twitter:card\" content=\"summary_large_image\" \/>\n<meta name=\"twitter:label1\" content=\"Written by\" \/>\n\t<meta name=\"twitter:data1\" content=\"foguisado\" \/>\n\t<meta name=\"twitter:label2\" content=\"Est. reading time\" \/>\n\t<meta name=\"twitter:data2\" content=\"2 minutos\" \/>\n<script type=\"application\/ld+json\" class=\"yoast-schema-graph\">{\"@context\":\"https:\/\/schema.org\",\"@graph\":[{\"@type\":\"Article\",\"@id\":\"https:\/\/fg.ull.es\/portal\/gdi\/abierto-plazo-inscripcion-para-grupos-y-centros-de-id-programa-gestion-de-la-innovacion-2019\/#article\",\"isPartOf\":{\"@id\":\"https:\/\/fg.ull.es\/portal\/gdi\/abierto-plazo-inscripcion-para-grupos-y-centros-de-id-programa-gestion-de-la-innovacion-2019\/\"},\"author\":{\"name\":\"foguisado\",\"@id\":\"https:\/\/fg.ull.es\/portal\/gdi\/#\/schema\/person\/cd0f7ca826926dd4a0eb25f9c8fb0bb3\"},\"headline\":\"Abierto plazo inscripci\u00f3n para grupos y centros de I+D: Programa Gesti\u00f3n de la Innovaci\u00f3n 2019\",\"datePublished\":\"2019-07-30T10:10:03+00:00\",\"dateModified\":\"2019-08-02T06:57:40+00:00\",\"mainEntityOfPage\":{\"@id\":\"https:\/\/fg.ull.es\/portal\/gdi\/abierto-plazo-inscripcion-para-grupos-y-centros-de-id-programa-gestion-de-la-innovacion-2019\/\"},\"wordCount\":515,\"publisher\":{\"@id\":\"https:\/\/fg.ull.es\/portal\/gdi\/#organization\"},\"articleSection\":[\"Portada\",\"programa GDI\"],\"inLanguage\":\"es\"},{\"@type\":\"WebPage\",\"@id\":\"https:\/\/fg.ull.es\/portal\/gdi\/abierto-plazo-inscripcion-para-grupos-y-centros-de-id-programa-gestion-de-la-innovacion-2019\/\",\"url\":\"https:\/\/fg.ull.es\/portal\/gdi\/abierto-plazo-inscripcion-para-grupos-y-centros-de-id-programa-gestion-de-la-innovacion-2019\/\",\"name\":\"Abierto plazo inscripci\u00f3n para grupos y centros de I+D: Programa Gesti\u00f3n de la Innovaci\u00f3n 2019 - Programa de Gestores de la Innovaci\u00f3n\",\"isPartOf\":{\"@id\":\"https:\/\/fg.ull.es\/portal\/gdi\/#website\"},\"datePublished\":\"2019-07-30T10:10:03+00:00\",\"dateModified\":\"2019-08-02T06:57:40+00:00\",\"breadcrumb\":{\"@id\":\"https:\/\/fg.ull.es\/portal\/gdi\/abierto-plazo-inscripcion-para-grupos-y-centros-de-id-programa-gestion-de-la-innovacion-2019\/#breadcrumb\"},\"inLanguage\":\"es\",\"potentialAction\":[{\"@type\":\"ReadAction\",\"target\":[\"https:\/\/fg.ull.es\/portal\/gdi\/abierto-plazo-inscripcion-para-grupos-y-centros-de-id-programa-gestion-de-la-innovacion-2019\/\"]}]},{\"@type\":\"BreadcrumbList\",\"@id\":\"https:\/\/fg.ull.es\/portal\/gdi\/abierto-plazo-inscripcion-para-grupos-y-centros-de-id-programa-gestion-de-la-innovacion-2019\/#breadcrumb\",\"itemListElement\":[{\"@type\":\"ListItem\",\"position\":1,\"name\":\"Portada\",\"item\":\"https:\/\/fg.ull.es\/portal\/gdi\/\"},{\"@type\":\"ListItem\",\"position\":2,\"name\":\"Abierto plazo inscripci\u00f3n para grupos y centros de I+D: Programa Gesti\u00f3n de la Innovaci\u00f3n 2019\"}]},{\"@type\":\"WebSite\",\"@id\":\"https:\/\/fg.ull.es\/portal\/gdi\/#website\",\"url\":\"https:\/\/fg.ull.es\/portal\/gdi\/\",\"name\":\"Programa de Gestores de la Innovaci\u00f3n\",\"description\":\"\",\"publisher\":{\"@id\":\"https:\/\/fg.ull.es\/portal\/gdi\/#organization\"},\"potentialAction\":[{\"@type\":\"SearchAction\",\"target\":{\"@type\":\"EntryPoint\",\"urlTemplate\":\"https:\/\/fg.ull.es\/portal\/gdi\/?s={search_term_string}\"},\"query-input\":\"required name=search_term_string\"}],\"inLanguage\":\"es\"},{\"@type\":\"Organization\",\"@id\":\"https:\/\/fg.ull.es\/portal\/gdi\/#organization\",\"name\":\"FUNDACI\u00d3N CANARIA GENERAL UNIVERSIDAD DE LA LAGUNA\",\"url\":\"https:\/\/fg.ull.es\/portal\/gdi\/\",\"logo\":{\"@type\":\"ImageObject\",\"inLanguage\":\"es\",\"@id\":\"https:\/\/fg.ull.es\/portal\/gdi\/#\/schema\/logo\/image\/\",\"url\":\"https:\/\/fg.ull.es\/portal\/gdi\/wp-content\/uploads\/sites\/2\/2020\/04\/FAVICON.png\",\"contentUrl\":\"https:\/\/fg.ull.es\/portal\/gdi\/wp-content\/uploads\/sites\/2\/2020\/04\/FAVICON.png\",\"width\":512,\"height\":512,\"caption\":\"FUNDACI\u00d3N CANARIA GENERAL UNIVERSIDAD DE LA LAGUNA\"},\"image\":{\"@id\":\"https:\/\/fg.ull.es\/portal\/gdi\/#\/schema\/logo\/image\/\"}},{\"@type\":\"Person\",\"@id\":\"https:\/\/fg.ull.es\/portal\/gdi\/#\/schema\/person\/cd0f7ca826926dd4a0eb25f9c8fb0bb3\",\"name\":\"foguisado\",\"image\":{\"@type\":\"ImageObject\",\"inLanguage\":\"es\",\"@id\":\"https:\/\/fg.ull.es\/portal\/gdi\/#\/schema\/person\/image\/\",\"url\":\"https:\/\/secure.gravatar.com\/avatar\/547f00b03d8a3f8a44c7163ced6a71da?s=96&d=mm&r=g\",\"contentUrl\":\"https:\/\/secure.gravatar.com\/avatar\/547f00b03d8a3f8a44c7163ced6a71da?s=96&d=mm&r=g\",\"caption\":\"foguisado\"}}]}<\/script>\n<!-- \/ Yoast SEO plugin. -->","yoast_head_json":{"title":"Abierto plazo inscripci\u00f3n para grupos y centros de I+D: Programa Gesti\u00f3n de la Innovaci\u00f3n 2019 - Programa de Gestores de la Innovaci\u00f3n","robots":{"index":"index","follow":"follow","max-snippet":"max-snippet:-1","max-image-preview":"max-image-preview:large","max-video-preview":"max-video-preview:-1"},"canonical":"https:\/\/fg.ull.es\/portal\/gdi\/abierto-plazo-inscripcion-para-grupos-y-centros-de-id-programa-gestion-de-la-innovacion-2019\/","og_locale":"es_ES","og_type":"article","og_title":"Abierto plazo inscripci\u00f3n para grupos y centros de I+D: Programa Gesti\u00f3n de la Innovaci\u00f3n 2019 - Programa de Gestores de la Innovaci\u00f3n","og_description":"El Programa de Gesti\u00f3n de la Innovaci\u00f3n contribuye al desarrollo y despliegue de la Estrategia de Especializaci\u00f3n Inteligente de Canarias, entre otros objetivos, se centra en la\u00a0potenciaci\u00f3n de actividades de valorizaci\u00f3n socioecon\u00f3mica de la I+D, propiciando la transferencia de conocimiento y tecnolog\u00eda entre los agentes del sistema econ\u00f3mico. Entre esos agentes se incluyen las universidades,...","og_url":"https:\/\/fg.ull.es\/portal\/gdi\/abierto-plazo-inscripcion-para-grupos-y-centros-de-id-programa-gestion-de-la-innovacion-2019\/","og_site_name":"Programa de Gestores de la Innovaci\u00f3n","article_published_time":"2019-07-30T10:10:03+00:00","article_modified_time":"2019-08-02T06:57:40+00:00","og_image":[{"width":1854,"height":836,"url":"https:\/\/fg.ull.es\/portal\/gdi\/wp-content\/uploads\/sites\/2\/2019\/07\/gdi-centros-y-grupos-id.png","type":"image\/png"}],"author":"foguisado","twitter_card":"summary_large_image","twitter_misc":{"Written by":"foguisado","Est. reading time":"2 minutos"},"schema":{"@context":"https:\/\/schema.org","@graph":[{"@type":"Article","@id":"https:\/\/fg.ull.es\/portal\/gdi\/abierto-plazo-inscripcion-para-grupos-y-centros-de-id-programa-gestion-de-la-innovacion-2019\/#article","isPartOf":{"@id":"https:\/\/fg.ull.es\/portal\/gdi\/abierto-plazo-inscripcion-para-grupos-y-centros-de-id-programa-gestion-de-la-innovacion-2019\/"},"author":{"name":"foguisado","@id":"https:\/\/fg.ull.es\/portal\/gdi\/#\/schema\/person\/cd0f7ca826926dd4a0eb25f9c8fb0bb3"},"headline":"Abierto plazo inscripci\u00f3n para grupos y centros de I+D: Programa Gesti\u00f3n de la Innovaci\u00f3n 2019","datePublished":"2019-07-30T10:10:03+00:00","dateModified":"2019-08-02T06:57:40+00:00","mainEntityOfPage":{"@id":"https:\/\/fg.ull.es\/portal\/gdi\/abierto-plazo-inscripcion-para-grupos-y-centros-de-id-programa-gestion-de-la-innovacion-2019\/"},"wordCount":515,"publisher":{"@id":"https:\/\/fg.ull.es\/portal\/gdi\/#organization"},"articleSection":["Portada","programa GDI"],"inLanguage":"es"},{"@type":"WebPage","@id":"https:\/\/fg.ull.es\/portal\/gdi\/abierto-plazo-inscripcion-para-grupos-y-centros-de-id-programa-gestion-de-la-innovacion-2019\/","url":"https:\/\/fg.ull.es\/portal\/gdi\/abierto-plazo-inscripcion-para-grupos-y-centros-de-id-programa-gestion-de-la-innovacion-2019\/","name":"Abierto plazo inscripci\u00f3n para grupos y centros de I+D: Programa Gesti\u00f3n de la Innovaci\u00f3n 2019 - Programa de Gestores de la Innovaci\u00f3n","isPartOf":{"@id":"https:\/\/fg.ull.es\/portal\/gdi\/#website"},"datePublished":"2019-07-30T10:10:03+00:00","dateModified":"2019-08-02T06:57:40+00:00","breadcrumb":{"@id":"https:\/\/fg.ull.es\/portal\/gdi\/abierto-plazo-inscripcion-para-grupos-y-centros-de-id-programa-gestion-de-la-innovacion-2019\/#breadcrumb"},"inLanguage":"es","potentialAction":[{"@type":"ReadAction","target":["https:\/\/fg.ull.es\/portal\/gdi\/abierto-plazo-inscripcion-para-grupos-y-centros-de-id-programa-gestion-de-la-innovacion-2019\/"]}]},{"@type":"BreadcrumbList","@id":"https:\/\/fg.ull.es\/portal\/gdi\/abierto-plazo-inscripcion-para-grupos-y-centros-de-id-programa-gestion-de-la-innovacion-2019\/#breadcrumb","itemListElement":[{"@type":"ListItem","position":1,"name":"Portada","item":"https:\/\/fg.ull.es\/portal\/gdi\/"},{"@type":"ListItem","position":2,"name":"Abierto plazo inscripci\u00f3n para grupos y centros de I+D: Programa Gesti\u00f3n de la Innovaci\u00f3n 2019"}]},{"@type":"WebSite","@id":"https:\/\/fg.ull.es\/portal\/gdi\/#website","url":"https:\/\/fg.ull.es\/portal\/gdi\/","name":"Programa de Gestores de la Innovaci\u00f3n","description":"","publisher":{"@id":"https:\/\/fg.ull.es\/portal\/gdi\/#organization"},"potentialAction":[{"@type":"SearchAction","target":{"@type":"EntryPoint","urlTemplate":"https:\/\/fg.ull.es\/portal\/gdi\/?s={search_term_string}"},"query-input":"required name=search_term_string"}],"inLanguage":"es"},{"@type":"Organization","@id":"https:\/\/fg.ull.es\/portal\/gdi\/#organization","name":"FUNDACI\u00d3N CANARIA GENERAL UNIVERSIDAD DE LA LAGUNA","url":"https:\/\/fg.ull.es\/portal\/gdi\/","logo":{"@type":"ImageObject","inLanguage":"es","@id":"https:\/\/fg.ull.es\/portal\/gdi\/#\/schema\/logo\/image\/","url":"https:\/\/fg.ull.es\/portal\/gdi\/wp-content\/uploads\/sites\/2\/2020\/04\/FAVICON.png","contentUrl":"https:\/\/fg.ull.es\/portal\/gdi\/wp-content\/uploads\/sites\/2\/2020\/04\/FAVICON.png","width":512,"height":512,"caption":"FUNDACI\u00d3N CANARIA GENERAL UNIVERSIDAD DE LA LAGUNA"},"image":{"@id":"https:\/\/fg.ull.es\/portal\/gdi\/#\/schema\/logo\/image\/"}},{"@type":"Person","@id":"https:\/\/fg.ull.es\/portal\/gdi\/#\/schema\/person\/cd0f7ca826926dd4a0eb25f9c8fb0bb3","name":"foguisado","image":{"@type":"ImageObject","inLanguage":"es","@id":"https:\/\/fg.ull.es\/portal\/gdi\/#\/schema\/person\/image\/","url":"https:\/\/secure.gravatar.com\/avatar\/547f00b03d8a3f8a44c7163ced6a71da?s=96&d=mm&r=g","contentUrl":"https:\/\/secure.gravatar.com\/avatar\/547f00b03d8a3f8a44c7163ced6a71da?s=96&d=mm&r=g","caption":"foguisado"}}]}},"_links":{"self":[{"href":"https:\/\/fg.ull.es\/portal\/gdi\/wp-json\/wp\/v2\/posts\/3294"}],"collection":[{"href":"https:\/\/fg.ull.es\/portal\/gdi\/wp-json\/wp\/v2\/posts"}],"about":[{"href":"https:\/\/fg.ull.es\/portal\/gdi\/wp-json\/wp\/v2\/types\/post"}],"author":[{"embeddable":true,"href":"https:\/\/fg.ull.es\/portal\/gdi\/wp-json\/wp\/v2\/users\/9"}],"replies":[{"embeddable":true,"href":"https:\/\/fg.ull.es\/portal\/gdi\/wp-json\/wp\/v2\/comments?post=3294"}],"version-history":[{"count":6,"href":"https:\/\/fg.ull.es\/portal\/gdi\/wp-json\/wp\/v2\/posts\/3294\/revisions"}],"predecessor-version":[{"id":3333,"href":"https:\/\/fg.ull.es\/portal\/gdi\/wp-json\/wp\/v2\/posts\/3294\/revisions\/3333"}],"wp:featuredmedia":[{"embeddable":true,"href":"https:\/\/fg.ull.es\/portal\/gdi\/wp-json\/wp\/v2\/media\/3299"}],"wp:attachment":[{"href":"https:\/\/fg.ull.es\/portal\/gdi\/wp-json\/wp\/v2\/media?parent=3294"}],"wp:term":[{"taxonomy":"category","embeddable":true,"href":"https:\/\/fg.ull.es\/portal\/gdi\/wp-json\/wp\/v2\/categories?post=3294"},{"taxonomy":"post_tag","embeddable":true,"href":"https:\/\/fg.ull.es\/portal\/gdi\/wp-json\/wp\/v2\/tags?post=3294"}],"curies":[{"name":"wp","href":"https:\/\/api.w.org\/{rel}","templated":true}]}}