{"id":3283,"date":"2019-07-29T10:38:18","date_gmt":"2019-07-29T10:38:18","guid":{"rendered":"https:\/\/fg.ull.es\/portal\/gdi\/?p=3283"},"modified":"2019-07-30T10:02:17","modified_gmt":"2019-07-30T10:02:17","slug":"abierto-plazo-inscripcion-para-empresas-programa-gestion-de-la-innovacion-2019-ambitos-transformacion-digital-e-innovacion","status":"publish","type":"post","link":"https:\/\/fg.ull.es\/portal\/gdi\/abierto-plazo-inscripcion-para-empresas-programa-gestion-de-la-innovacion-2019-ambitos-transformacion-digital-e-innovacion\/","title":{"rendered":"Abierto plazo inscripci\u00f3n para empresas Programa Gesti\u00f3n de la Innovaci\u00f3n 2019: \u00c1mbitos Transformaci\u00f3n Digital e Innovaci\u00f3n"},"content":{"rendered":"<div>Seguro que en tu empresa las palabras \u00abinnovaci\u00f3n\u00bb y \u00abtransformaci\u00f3n digital\u00bb est\u00e1n presentes o son temas que est\u00e1n ah\u00ed pero que quedan pendientes por el transcurso del d\u00eda a d\u00eda.<\/div>\n<div><\/div>\n<div>El Programa de Gesti\u00f3n de la Innovaci\u00f3n 2019, gestionado por la Universidad de La Laguna a trav\u00e9s de su Fundaci\u00f3n General y financiado por la Agencia Canaria de Investigaci\u00f3n, Innovaci\u00f3n y Sociedad de la Informaci\u00f3n, ofrece la oportunidad a todas las empresas canarias de participar en este proyecto, acogiendo a un consultor o consultora durante 3 meses (de forma totalmente gratuita) para analizar y proponer mejoras en tu organizaci\u00f3n.<\/div>\n<p>&nbsp;<\/p>\n<div><\/div>\n<div>\n<h3 style=\"text-align: center\"><em>Las empresas que resulten seleccionadas en la presente convocatoria podr\u00e1n incorporar de manera gratuita y durante un per\u00edodo de 3 meses a un Consultor\/a como personal en formaci\u00f3n<\/em><\/h3>\n<p>&nbsp;<\/p>\n<\/div>\n<div><\/div>\n<div>Tras un intenso programa formativo seleccionaremos <strong>12\u00a0personas<\/strong>, distribuidas entre los \u00e1mbitos que tenemos disponibles. Los candidatos y candidatas tendr\u00e1n acreditada una formaci\u00f3n como Consultor\/a en Innovaci\u00f3n o Transformaci\u00f3n Digital y podr\u00e1n acceder a una estancia de <strong>3 meses<\/strong> en una empresa.<\/div>\n<div><\/div>\n<div>Si tu empresa est\u00e1 interesada en participar en esta experiencia, el\u00a0<strong>plazo de inscripci\u00f3n<\/strong> permanecer\u00e1 abierto desde el <strong>lunes 29 de julio hasta el 9 se septiembre<\/strong>. Las empresas deben cumplir una serie de requisitos, que pueden ser consultados en las\u00a0<b><a href=\"https:\/\/drive.google.com\/open?id=15KxO5_vUTIRoAGeauT2obYUladdo9V0c\" target=\"_blank\" rel=\"noopener\">bases<\/a>\u00a0<\/b>que hemos publicado. Al mismo tiempo, deber\u00e1n completar un\u00a0<b><a href=\"https:\/\/forms.gle\/fdwnk8v3kVJWAth76\" target=\"_blank\" rel=\"noopener\">formulario de inscripci\u00f3n<\/a><\/b>, de forma que podamos valorar las solicitudes y seleccionar las m\u00e1s competitivas y con mayor potencial.<\/div>\n<p>&nbsp;<\/p>\n<div><\/div>\n<div>\u00bfQuieres conocer el testimonio de algunas empresas que han participado activamente en procesos de innovaci\u00f3n y transformaci\u00f3n digital? Puedes escuchar a:<\/div>\n<p>&nbsp;<\/p>\n<div><\/div>\n<div><a href=\"https:\/\/www.youtube.com\/watch?v=sBvnOj8DAcY&amp;list=PLbU1uwxBUAGEcglbJ0XoqbxwNZa4RZvYk&amp;index=66\"><strong>Conectatec<\/strong><\/a>, una\u00a0\u00a0Agencia Digital de Marketing Hotelero, Desarrollo e Innovaci\u00f3n, especializada en el sector tur\u00edstico y en las necesidades que de los viajeros.<\/div>\n<div><\/div>\n<div><a href=\"https:\/\/www.youtube.com\/watch?v=QTswci10isE&amp;list=PLbU1uwxBUAGEcglbJ0XoqbxwNZa4RZvYk&amp;index=68\"><strong>SEUR Canarias<\/strong><\/a>,\u00a0empresa que posee las franquicias de la primera compa\u00f1\u00eda de transporte urgente de Espa\u00f1a.<\/div>\n<div><\/div>\n<div><a href=\"https:\/\/www.youtube.com\/watch?v=Fv5XO2v8o0E&amp;list=PLbU1uwxBUAGEcglbJ0XoqbxwNZa4RZvYk&amp;index=60\"><strong>Centro Neurol\u00f3gico Alay\u00f3n<\/strong><\/a>, que apuesta claramente por la I+D en el \u00e1mbito de la atenci\u00f3n neurol\u00f3gica integral.<\/div>\n<div><\/div>\n<div><a href=\"https:\/\/www.youtube.com\/watch?v=6tPJ5Q12rQI&amp;list=PLbU1uwxBUAGEcglbJ0XoqbxwNZa4RZvYk&amp;index=72\"><strong>Bodegas El Lomo<\/strong><\/a>, una pyme familiar dedicada a la elaboraci\u00f3n de vino de calidad y servicios relacionados con su producci\u00f3n.<\/div>\n<div><\/div>\n<p>&nbsp;<\/p>\n<div><strong>Para empresas<\/strong>: es importante leer <a href=\"https:\/\/drive.google.com\/file\/d\/15KxO5_vUTIRoAGeauT2obYUladdo9V0c\/view\"><em><strong>atentamente las bases<\/strong><\/em><\/a> para comprobar los requisitos que, entre otros ser\u00e1n:<\/div>\n<div>\n<ul>\n<li>Ser una empresa con entidad jur\u00eddica propia y que cuente con sede en Canarias<\/li>\n<li>Tener como m\u00ednimo tres personas empleadas<\/li>\n<li>Desarrollar su actividad en alguno de los sectores prioritarios establecidos en la <a href=\"https:\/\/www3.gobiernodecanarias.org\/aciisi\/ris3\/estrategia-ris3-canarias\/prioridades\">Estrategia de Especializaci\u00f3n Inteligente de Canarias 2014-2020<\/a><\/li>\n<\/ul>\n<p>Se podr\u00e1 realizar la solicitud en Innovaci\u00f3n o Transformaci\u00f3n Digital para la incorporaci\u00f3n de un consultor\/a, priorizando una de ellas.<\/p>\n<p>Las empresas deber\u00e1n completar el formulario de solicitud (ver m\u00e1s abajo), que estar\u00e1 disponible desde hoy,<strong>\u00a029\/07\/2019 hasta el pr\u00f3ximo 09\/09\/2019<\/strong>. Terminado dicho plazo no se admitir\u00e1 a tr\u00e1mite solicitud alguna de participaci\u00f3n en el Programa.<\/p>\n<p>Las <strong>consultas<\/strong>\u00a0pueden ser lanzadas a <a href=\"https:\/\/fg.ull.es\/portal\/gdi\/contacto\/\"><strong>nuestro formulario<\/strong><\/a>, contactaremos contigo lo antes posible.<\/p>\n<\/div>\n<p><em>El Programa de Gestores de la Innovaci\u00f3n 2019,\u00a0est\u00e1 impulsado por la Agencia Canaria de Investigaci\u00f3n, Innovaci\u00f3n y Sociedad de la Informaci\u00f3n (ACIISI) del Gobierno de Canarias y cofinanciado en un 85% por el Fondo Social Europeo (FSE) en los t\u00e9rminos establecidos en el Programa Operativo de Canarias 2014-2020, en el Eje prioritario 1, Objetivo tem\u00e1tico 8, Prioridad de inversi\u00f3n 8.1, Objetivo espec\u00edfico 8.1.2. y financia el coste total de estas pr\u00e1cticas; esto supone un<strong> coste cero para la empresa<\/strong>.<\/em><\/p>\n","protected":false},"excerpt":{"rendered":"<p>Seguro que en tu empresa las palabras \u00abinnovaci\u00f3n\u00bb y \u00abtransformaci\u00f3n digital\u00bb est\u00e1n presentes o son temas que est\u00e1n ah\u00ed pero que quedan pendientes por el transcurso del d\u00eda a d\u00eda. El Programa de Gesti\u00f3n de la Innovaci\u00f3n 2019, gestionado por la Universidad de La Laguna a trav\u00e9s de su Fundaci\u00f3n General y financiado por la&#8230;<\/p>\n","protected":false},"author":9,"featured_media":3285,"comment_status":"closed","ping_status":"closed","sticky":false,"template":"","format":"standard","meta":{"footnotes":""},"categories":[8,3,4,5],"tags":[],"yoast_head":"<!-- This site is optimized with the Yoast SEO plugin v21.1 - https:\/\/yoast.com\/wordpress\/plugins\/seo\/ -->\n<title>Abierto plazo inscripci\u00f3n para empresas Programa Gesti\u00f3n de la Innovaci\u00f3n 2019: \u00c1mbitos Transformaci\u00f3n Digital e Innovaci\u00f3n - Programa de Gestores de la Innovaci\u00f3n<\/title>\n<meta name=\"robots\" content=\"index, follow, max-snippet:-1, max-image-preview:large, max-video-preview:-1\" \/>\n<link rel=\"canonical\" href=\"https:\/\/fg.ull.es\/portal\/gdi\/abierto-plazo-inscripcion-para-empresas-programa-gestion-de-la-innovacion-2019-ambitos-transformacion-digital-e-innovacion\/\" \/>\n<meta property=\"og:locale\" content=\"es_ES\" \/>\n<meta property=\"og:type\" content=\"article\" \/>\n<meta property=\"og:title\" content=\"Abierto plazo inscripci\u00f3n para empresas Programa Gesti\u00f3n de la Innovaci\u00f3n 2019: \u00c1mbitos Transformaci\u00f3n Digital e Innovaci\u00f3n - Programa de Gestores de la Innovaci\u00f3n\" \/>\n<meta property=\"og:description\" content=\"Seguro que en tu empresa las palabras \u00abinnovaci\u00f3n\u00bb y \u00abtransformaci\u00f3n digital\u00bb est\u00e1n presentes o son temas que est\u00e1n ah\u00ed pero que quedan pendientes por el transcurso del d\u00eda a d\u00eda. El Programa de Gesti\u00f3n de la Innovaci\u00f3n 2019, gestionado por la Universidad de La Laguna a trav\u00e9s de su Fundaci\u00f3n General y financiado por la...\" \/>\n<meta property=\"og:url\" content=\"https:\/\/fg.ull.es\/portal\/gdi\/abierto-plazo-inscripcion-para-empresas-programa-gestion-de-la-innovacion-2019-ambitos-transformacion-digital-e-innovacion\/\" \/>\n<meta property=\"og:site_name\" content=\"Programa de Gestores de la Innovaci\u00f3n\" \/>\n<meta property=\"article:published_time\" content=\"2019-07-29T10:38:18+00:00\" \/>\n<meta property=\"article:modified_time\" content=\"2019-07-30T10:02:17+00:00\" \/>\n<meta property=\"og:image\" content=\"https:\/\/fg.ull.es\/portal\/gdi\/wp-content\/uploads\/sites\/2\/2019\/07\/Noverys-13-1024x683.jpg\" \/>\n\t<meta property=\"og:image:width\" content=\"1024\" \/>\n\t<meta property=\"og:image:height\" content=\"683\" \/>\n\t<meta property=\"og:image:type\" content=\"image\/jpeg\" \/>\n<meta name=\"author\" content=\"foguisado\" \/>\n<meta name=\"twitter:card\" content=\"summary_large_image\" \/>\n<meta name=\"twitter:label1\" content=\"Written by\" \/>\n\t<meta name=\"twitter:data1\" content=\"foguisado\" \/>\n\t<meta name=\"twitter:label2\" content=\"Est. reading time\" \/>\n\t<meta name=\"twitter:data2\" content=\"3 minutos\" \/>\n<script type=\"application\/ld+json\" class=\"yoast-schema-graph\">{\"@context\":\"https:\/\/schema.org\",\"@graph\":[{\"@type\":\"Article\",\"@id\":\"https:\/\/fg.ull.es\/portal\/gdi\/abierto-plazo-inscripcion-para-empresas-programa-gestion-de-la-innovacion-2019-ambitos-transformacion-digital-e-innovacion\/#article\",\"isPartOf\":{\"@id\":\"https:\/\/fg.ull.es\/portal\/gdi\/abierto-plazo-inscripcion-para-empresas-programa-gestion-de-la-innovacion-2019-ambitos-transformacion-digital-e-innovacion\/\"},\"author\":{\"name\":\"foguisado\",\"@id\":\"https:\/\/fg.ull.es\/portal\/gdi\/#\/schema\/person\/cd0f7ca826926dd4a0eb25f9c8fb0bb3\"},\"headline\":\"Abierto plazo inscripci\u00f3n para empresas Programa Gesti\u00f3n de la Innovaci\u00f3n 2019: \u00c1mbitos Transformaci\u00f3n Digital e Innovaci\u00f3n\",\"datePublished\":\"2019-07-29T10:38:18+00:00\",\"dateModified\":\"2019-07-30T10:02:17+00:00\",\"mainEntityOfPage\":{\"@id\":\"https:\/\/fg.ull.es\/portal\/gdi\/abierto-plazo-inscripcion-para-empresas-programa-gestion-de-la-innovacion-2019-ambitos-transformacion-digital-e-innovacion\/\"},\"wordCount\":613,\"publisher\":{\"@id\":\"https:\/\/fg.ull.es\/portal\/gdi\/#organization\"},\"articleSection\":[\"Emprendimiento\",\"Portada\",\"programa GDI\",\"Programa GDI TD\"],\"inLanguage\":\"es\"},{\"@type\":\"WebPage\",\"@id\":\"https:\/\/fg.ull.es\/portal\/gdi\/abierto-plazo-inscripcion-para-empresas-programa-gestion-de-la-innovacion-2019-ambitos-transformacion-digital-e-innovacion\/\",\"url\":\"https:\/\/fg.ull.es\/portal\/gdi\/abierto-plazo-inscripcion-para-empresas-programa-gestion-de-la-innovacion-2019-ambitos-transformacion-digital-e-innovacion\/\",\"name\":\"Abierto plazo inscripci\u00f3n para empresas Programa Gesti\u00f3n de la Innovaci\u00f3n 2019: \u00c1mbitos Transformaci\u00f3n Digital e Innovaci\u00f3n - Programa de Gestores de la Innovaci\u00f3n\",\"isPartOf\":{\"@id\":\"https:\/\/fg.ull.es\/portal\/gdi\/#website\"},\"datePublished\":\"2019-07-29T10:38:18+00:00\",\"dateModified\":\"2019-07-30T10:02:17+00:00\",\"breadcrumb\":{\"@id\":\"https:\/\/fg.ull.es\/portal\/gdi\/abierto-plazo-inscripcion-para-empresas-programa-gestion-de-la-innovacion-2019-ambitos-transformacion-digital-e-innovacion\/#breadcrumb\"},\"inLanguage\":\"es\",\"potentialAction\":[{\"@type\":\"ReadAction\",\"target\":[\"https:\/\/fg.ull.es\/portal\/gdi\/abierto-plazo-inscripcion-para-empresas-programa-gestion-de-la-innovacion-2019-ambitos-transformacion-digital-e-innovacion\/\"]}]},{\"@type\":\"BreadcrumbList\",\"@id\":\"https:\/\/fg.ull.es\/portal\/gdi\/abierto-plazo-inscripcion-para-empresas-programa-gestion-de-la-innovacion-2019-ambitos-transformacion-digital-e-innovacion\/#breadcrumb\",\"itemListElement\":[{\"@type\":\"ListItem\",\"position\":1,\"name\":\"Portada\",\"item\":\"https:\/\/fg.ull.es\/portal\/gdi\/\"},{\"@type\":\"ListItem\",\"position\":2,\"name\":\"Abierto plazo inscripci\u00f3n para empresas Programa Gesti\u00f3n de la Innovaci\u00f3n 2019: \u00c1mbitos Transformaci\u00f3n Digital e Innovaci\u00f3n\"}]},{\"@type\":\"WebSite\",\"@id\":\"https:\/\/fg.ull.es\/portal\/gdi\/#website\",\"url\":\"https:\/\/fg.ull.es\/portal\/gdi\/\",\"name\":\"Programa de Gestores de la Innovaci\u00f3n\",\"description\":\"\",\"publisher\":{\"@id\":\"https:\/\/fg.ull.es\/portal\/gdi\/#organization\"},\"potentialAction\":[{\"@type\":\"SearchAction\",\"target\":{\"@type\":\"EntryPoint\",\"urlTemplate\":\"https:\/\/fg.ull.es\/portal\/gdi\/?s={search_term_string}\"},\"query-input\":\"required name=search_term_string\"}],\"inLanguage\":\"es\"},{\"@type\":\"Organization\",\"@id\":\"https:\/\/fg.ull.es\/portal\/gdi\/#organization\",\"name\":\"FUNDACI\u00d3N CANARIA GENERAL UNIVERSIDAD DE LA LAGUNA\",\"url\":\"https:\/\/fg.ull.es\/portal\/gdi\/\",\"logo\":{\"@type\":\"ImageObject\",\"inLanguage\":\"es\",\"@id\":\"https:\/\/fg.ull.es\/portal\/gdi\/#\/schema\/logo\/image\/\",\"url\":\"https:\/\/fg.ull.es\/portal\/gdi\/wp-content\/uploads\/sites\/2\/2020\/04\/FAVICON.png\",\"contentUrl\":\"https:\/\/fg.ull.es\/portal\/gdi\/wp-content\/uploads\/sites\/2\/2020\/04\/FAVICON.png\",\"width\":512,\"height\":512,\"caption\":\"FUNDACI\u00d3N CANARIA GENERAL UNIVERSIDAD DE LA LAGUNA\"},\"image\":{\"@id\":\"https:\/\/fg.ull.es\/portal\/gdi\/#\/schema\/logo\/image\/\"}},{\"@type\":\"Person\",\"@id\":\"https:\/\/fg.ull.es\/portal\/gdi\/#\/schema\/person\/cd0f7ca826926dd4a0eb25f9c8fb0bb3\",\"name\":\"foguisado\",\"image\":{\"@type\":\"ImageObject\",\"inLanguage\":\"es\",\"@id\":\"https:\/\/fg.ull.es\/portal\/gdi\/#\/schema\/person\/image\/\",\"url\":\"https:\/\/secure.gravatar.com\/avatar\/547f00b03d8a3f8a44c7163ced6a71da?s=96&d=mm&r=g\",\"contentUrl\":\"https:\/\/secure.gravatar.com\/avatar\/547f00b03d8a3f8a44c7163ced6a71da?s=96&d=mm&r=g\",\"caption\":\"foguisado\"}}]}<\/script>\n<!-- \/ Yoast SEO plugin. -->","yoast_head_json":{"title":"Abierto plazo inscripci\u00f3n para empresas Programa Gesti\u00f3n de la Innovaci\u00f3n 2019: \u00c1mbitos Transformaci\u00f3n Digital e Innovaci\u00f3n - Programa de Gestores de la Innovaci\u00f3n","robots":{"index":"index","follow":"follow","max-snippet":"max-snippet:-1","max-image-preview":"max-image-preview:large","max-video-preview":"max-video-preview:-1"},"canonical":"https:\/\/fg.ull.es\/portal\/gdi\/abierto-plazo-inscripcion-para-empresas-programa-gestion-de-la-innovacion-2019-ambitos-transformacion-digital-e-innovacion\/","og_locale":"es_ES","og_type":"article","og_title":"Abierto plazo inscripci\u00f3n para empresas Programa Gesti\u00f3n de la Innovaci\u00f3n 2019: \u00c1mbitos Transformaci\u00f3n Digital e Innovaci\u00f3n - Programa de Gestores de la Innovaci\u00f3n","og_description":"Seguro que en tu empresa las palabras \u00abinnovaci\u00f3n\u00bb y \u00abtransformaci\u00f3n digital\u00bb est\u00e1n presentes o son temas que est\u00e1n ah\u00ed pero que quedan pendientes por el transcurso del d\u00eda a d\u00eda. El Programa de Gesti\u00f3n de la Innovaci\u00f3n 2019, gestionado por la Universidad de La Laguna a trav\u00e9s de su Fundaci\u00f3n General y financiado por la...","og_url":"https:\/\/fg.ull.es\/portal\/gdi\/abierto-plazo-inscripcion-para-empresas-programa-gestion-de-la-innovacion-2019-ambitos-transformacion-digital-e-innovacion\/","og_site_name":"Programa de Gestores de la Innovaci\u00f3n","article_published_time":"2019-07-29T10:38:18+00:00","article_modified_time":"2019-07-30T10:02:17+00:00","og_image":[{"width":1024,"height":683,"url":"https:\/\/fg.ull.es\/portal\/gdi\/wp-content\/uploads\/sites\/2\/2019\/07\/Noverys-13-1024x683.jpg","type":"image\/jpeg"}],"author":"foguisado","twitter_card":"summary_large_image","twitter_misc":{"Written by":"foguisado","Est. reading time":"3 minutos"},"schema":{"@context":"https:\/\/schema.org","@graph":[{"@type":"Article","@id":"https:\/\/fg.ull.es\/portal\/gdi\/abierto-plazo-inscripcion-para-empresas-programa-gestion-de-la-innovacion-2019-ambitos-transformacion-digital-e-innovacion\/#article","isPartOf":{"@id":"https:\/\/fg.ull.es\/portal\/gdi\/abierto-plazo-inscripcion-para-empresas-programa-gestion-de-la-innovacion-2019-ambitos-transformacion-digital-e-innovacion\/"},"author":{"name":"foguisado","@id":"https:\/\/fg.ull.es\/portal\/gdi\/#\/schema\/person\/cd0f7ca826926dd4a0eb25f9c8fb0bb3"},"headline":"Abierto plazo inscripci\u00f3n para empresas Programa Gesti\u00f3n de la Innovaci\u00f3n 2019: \u00c1mbitos Transformaci\u00f3n Digital e Innovaci\u00f3n","datePublished":"2019-07-29T10:38:18+00:00","dateModified":"2019-07-30T10:02:17+00:00","mainEntityOfPage":{"@id":"https:\/\/fg.ull.es\/portal\/gdi\/abierto-plazo-inscripcion-para-empresas-programa-gestion-de-la-innovacion-2019-ambitos-transformacion-digital-e-innovacion\/"},"wordCount":613,"publisher":{"@id":"https:\/\/fg.ull.es\/portal\/gdi\/#organization"},"articleSection":["Emprendimiento","Portada","programa GDI","Programa GDI TD"],"inLanguage":"es"},{"@type":"WebPage","@id":"https:\/\/fg.ull.es\/portal\/gdi\/abierto-plazo-inscripcion-para-empresas-programa-gestion-de-la-innovacion-2019-ambitos-transformacion-digital-e-innovacion\/","url":"https:\/\/fg.ull.es\/portal\/gdi\/abierto-plazo-inscripcion-para-empresas-programa-gestion-de-la-innovacion-2019-ambitos-transformacion-digital-e-innovacion\/","name":"Abierto plazo inscripci\u00f3n para empresas Programa Gesti\u00f3n de la Innovaci\u00f3n 2019: \u00c1mbitos Transformaci\u00f3n Digital e Innovaci\u00f3n - Programa de Gestores de la Innovaci\u00f3n","isPartOf":{"@id":"https:\/\/fg.ull.es\/portal\/gdi\/#website"},"datePublished":"2019-07-29T10:38:18+00:00","dateModified":"2019-07-30T10:02:17+00:00","breadcrumb":{"@id":"https:\/\/fg.ull.es\/portal\/gdi\/abierto-plazo-inscripcion-para-empresas-programa-gestion-de-la-innovacion-2019-ambitos-transformacion-digital-e-innovacion\/#breadcrumb"},"inLanguage":"es","potentialAction":[{"@type":"ReadAction","target":["https:\/\/fg.ull.es\/portal\/gdi\/abierto-plazo-inscripcion-para-empresas-programa-gestion-de-la-innovacion-2019-ambitos-transformacion-digital-e-innovacion\/"]}]},{"@type":"BreadcrumbList","@id":"https:\/\/fg.ull.es\/portal\/gdi\/abierto-plazo-inscripcion-para-empresas-programa-gestion-de-la-innovacion-2019-ambitos-transformacion-digital-e-innovacion\/#breadcrumb","itemListElement":[{"@type":"ListItem","position":1,"name":"Portada","item":"https:\/\/fg.ull.es\/portal\/gdi\/"},{"@type":"ListItem","position":2,"name":"Abierto plazo inscripci\u00f3n para empresas Programa Gesti\u00f3n de la Innovaci\u00f3n 2019: \u00c1mbitos Transformaci\u00f3n Digital e Innovaci\u00f3n"}]},{"@type":"WebSite","@id":"https:\/\/fg.ull.es\/portal\/gdi\/#website","url":"https:\/\/fg.ull.es\/portal\/gdi\/","name":"Programa de Gestores de la Innovaci\u00f3n","description":"","publisher":{"@id":"https:\/\/fg.ull.es\/portal\/gdi\/#organization"},"potentialAction":[{"@type":"SearchAction","target":{"@type":"EntryPoint","urlTemplate":"https:\/\/fg.ull.es\/portal\/gdi\/?s={search_term_string}"},"query-input":"required name=search_term_string"}],"inLanguage":"es"},{"@type":"Organization","@id":"https:\/\/fg.ull.es\/portal\/gdi\/#organization","name":"FUNDACI\u00d3N CANARIA GENERAL UNIVERSIDAD DE LA LAGUNA","url":"https:\/\/fg.ull.es\/portal\/gdi\/","logo":{"@type":"ImageObject","inLanguage":"es","@id":"https:\/\/fg.ull.es\/portal\/gdi\/#\/schema\/logo\/image\/","url":"https:\/\/fg.ull.es\/portal\/gdi\/wp-content\/uploads\/sites\/2\/2020\/04\/FAVICON.png","contentUrl":"https:\/\/fg.ull.es\/portal\/gdi\/wp-content\/uploads\/sites\/2\/2020\/04\/FAVICON.png","width":512,"height":512,"caption":"FUNDACI\u00d3N CANARIA GENERAL UNIVERSIDAD DE LA LAGUNA"},"image":{"@id":"https:\/\/fg.ull.es\/portal\/gdi\/#\/schema\/logo\/image\/"}},{"@type":"Person","@id":"https:\/\/fg.ull.es\/portal\/gdi\/#\/schema\/person\/cd0f7ca826926dd4a0eb25f9c8fb0bb3","name":"foguisado","image":{"@type":"ImageObject","inLanguage":"es","@id":"https:\/\/fg.ull.es\/portal\/gdi\/#\/schema\/person\/image\/","url":"https:\/\/secure.gravatar.com\/avatar\/547f00b03d8a3f8a44c7163ced6a71da?s=96&d=mm&r=g","contentUrl":"https:\/\/secure.gravatar.com\/avatar\/547f00b03d8a3f8a44c7163ced6a71da?s=96&d=mm&r=g","caption":"foguisado"}}]}},"_links":{"self":[{"href":"https:\/\/fg.ull.es\/portal\/gdi\/wp-json\/wp\/v2\/posts\/3283"}],"collection":[{"href":"https:\/\/fg.ull.es\/portal\/gdi\/wp-json\/wp\/v2\/posts"}],"about":[{"href":"https:\/\/fg.ull.es\/portal\/gdi\/wp-json\/wp\/v2\/types\/post"}],"author":[{"embeddable":true,"href":"https:\/\/fg.ull.es\/portal\/gdi\/wp-json\/wp\/v2\/users\/9"}],"replies":[{"embeddable":true,"href":"https:\/\/fg.ull.es\/portal\/gdi\/wp-json\/wp\/v2\/comments?post=3283"}],"version-history":[{"count":5,"href":"https:\/\/fg.ull.es\/portal\/gdi\/wp-json\/wp\/v2\/posts\/3283\/revisions"}],"predecessor-version":[{"id":5058,"href":"https:\/\/fg.ull.es\/portal\/gdi\/wp-json\/wp\/v2\/posts\/3283\/revisions\/5058"}],"wp:featuredmedia":[{"embeddable":true,"href":"https:\/\/fg.ull.es\/portal\/gdi\/wp-json\/wp\/v2\/media\/3285"}],"wp:attachment":[{"href":"https:\/\/fg.ull.es\/portal\/gdi\/wp-json\/wp\/v2\/media?parent=3283"}],"wp:term":[{"taxonomy":"category","embeddable":true,"href":"https:\/\/fg.ull.es\/portal\/gdi\/wp-json\/wp\/v2\/categories?post=3283"},{"taxonomy":"post_tag","embeddable":true,"href":"https:\/\/fg.ull.es\/portal\/gdi\/wp-json\/wp\/v2\/tags?post=3283"}],"curies":[{"name":"wp","href":"https:\/\/api.w.org\/{rel}","templated":true}]}}