{"id":3134,"date":"2019-05-28T12:21:10","date_gmt":"2019-05-28T12:21:10","guid":{"rendered":"https:\/\/fg.ull.es\/portal\/gdi\/?p=3134"},"modified":"2019-05-28T12:21:10","modified_gmt":"2019-05-28T12:21:10","slug":"tacoronte-sera-la-nueva-sede-para-el-curso-de-gestion-de-la-innovacion","status":"publish","type":"post","link":"https:\/\/fg.ull.es\/portal\/gdi\/tacoronte-sera-la-nueva-sede-para-el-curso-de-gestion-de-la-innovacion\/","title":{"rendered":"Tacoronte, ser\u00e1 la nueva sede para el curso de Gesti\u00f3n de la Innovaci\u00f3n"},"content":{"rendered":"<p>En apenas unos meses hemos realizado 5 cursos, a los que se han inscrito m\u00e1s de <strong>270 personas interesadas en mejorar su formaci\u00f3n y su empleabilidad<\/strong>.<\/p>\n<p>Queremos facilitar a las personas el acceso a esta formaci\u00f3n, para lo que hemos previsto una nueva acci\u00f3n formativa en el municipio de Tacoronte para el mes de junio. <strong>Promoci\u00f3n y Gesti\u00f3n de la Innovaci\u00f3n (Nivel 1 y 2)<\/strong>, es el t\u00edtulo que ofertamos y que en esta ocasi\u00f3n incluye el m\u00f3dulo optativo de <strong>innovaci\u00f3n p\u00fablica<\/strong>. Los d\u00edas 18, 19 y 20 de junio tendr\u00e1n lugar las sesiones presenciales, mientras que la parte online se desarrollar\u00e1 hasta finales del mes de julio, de forma que el alumnado puede gestionar su tiempo y marcar su propio ritmo a la hora de completar las actividades que tendr\u00e1n disponibles en el aula virtual.<\/p>\n<p><img decoding=\"async\" loading=\"lazy\" class=\"aligncenter wp-image-3141 size-full-content\" src=\"https:\/\/fg.ull.es\/portal\/gdi\/wp-content\/uploads\/sites\/2\/2019\/05\/BannerRRSS_1200x628-3-750x393.jpg\" alt=\"\" width=\"750\" height=\"393\" srcset=\"https:\/\/fg.ull.es\/portal\/gdi\/wp-content\/uploads\/sites\/2\/2019\/05\/BannerRRSS_1200x628-3-750x393.jpg 750w, https:\/\/fg.ull.es\/portal\/gdi\/wp-content\/uploads\/sites\/2\/2019\/05\/BannerRRSS_1200x628-3-300x157.jpg 300w, https:\/\/fg.ull.es\/portal\/gdi\/wp-content\/uploads\/sites\/2\/2019\/05\/BannerRRSS_1200x628-3-768x402.jpg 768w, https:\/\/fg.ull.es\/portal\/gdi\/wp-content\/uploads\/sites\/2\/2019\/05\/BannerRRSS_1200x628-3-1024x536.jpg 1024w, https:\/\/fg.ull.es\/portal\/gdi\/wp-content\/uploads\/sites\/2\/2019\/05\/BannerRRSS_1200x628-3-375x196.jpg 375w, https:\/\/fg.ull.es\/portal\/gdi\/wp-content\/uploads\/sites\/2\/2019\/05\/BannerRRSS_1200x628-3-1140x597.jpg 1140w, https:\/\/fg.ull.es\/portal\/gdi\/wp-content\/uploads\/sites\/2\/2019\/05\/BannerRRSS_1200x628-3.jpg 1201w\" sizes=\"(max-width: 750px) 100vw, 750px\" \/><\/p>\n<p>Estos cursos de formaci\u00f3n est\u00e1n teniendo gran aceptaci\u00f3n, ya que forman sobre aspectos importantes como competitividad, creatividad, nuevos modelos de negocio,&#8230; tem\u00e1ticas que pueden marcar la diferencia a la hora de optar a un puesto de trabajo. Adem\u00e1s, la superaci\u00f3n de estos niveles permite acceder al Nivel 3 de Consultor\u00eda lo que, a su vez, abre una puerta a la posibilidad de realizar pr\u00e1cticas remuneradas en empresas o grupos\/centros de I+D.<\/p>\n<h3 style=\"text-align: center\">Todos los cursos del Programa de Gesti\u00f3n de la Innovaci\u00f3n 2019 son de car\u00e1cter gratuito y convalidables por ECTS.<\/h3>\n<p>&nbsp;<\/p>\n<p>Todav\u00eda quedan plazas disponibles, pero no dejes pasar la oportunidad, pues hemos completado el 100% de la asistencia en los \u00faltimos cursos.\u00a0 Para m\u00e1s <strong>informaci\u00f3n e inscripci\u00f3n<\/strong> te dejamos el\u00a0<a href=\"https:\/\/sede.fg.ull.es\/es\/curso\/detalle\/a19120146\/promocion-y-gestion-de-la-innovacion-n1-y-n2-optativo-innovacion-publica\"><strong>siguiente enlace<\/strong><\/a>. Si prefieres contactar directamente con nosotros puedes hacerlo en el 922 319 914 o en el correo\u00a0<a href=\"mailto:gdi@fg.ull.es\">gdi@fg.ull.es<\/a><\/p>\n<p><em>El programa de Gesti\u00f3n de la Innovaci\u00f3n cuenta con la financiaci\u00f3n de la\u00a0<strong>Agencia Canaria de Investigaci\u00f3n, Innovaci\u00f3n y Sociedad de la Innovaci\u00f3n<\/strong>\u00a0del Gobierno de Canarias, y la cofinanciaci\u00f3n, en un 85%, del Fondo Social Europeo (FSE), en los t\u00e9rminos establecidos en el\u00a0<strong>Programa Operativo de Canarias 2014-2020<\/strong>.<\/em><\/p>\n<p>&nbsp;<\/p>\n","protected":false},"excerpt":{"rendered":"<p>En apenas unos meses hemos realizado 5 cursos, a los que se han inscrito m\u00e1s de 270 personas interesadas en mejorar su formaci\u00f3n y su empleabilidad. Queremos facilitar a las personas el acceso a esta formaci\u00f3n, para lo que hemos previsto una nueva acci\u00f3n formativa en el municipio de Tacoronte para el mes de junio&#8230;.<\/p>\n","protected":false},"author":9,"featured_media":3146,"comment_status":"closed","ping_status":"closed","sticky":false,"template":"","format":"standard","meta":{"footnotes":""},"categories":[3,4,1],"tags":[],"yoast_head":"<!-- This site is optimized with the Yoast SEO plugin v21.1 - https:\/\/yoast.com\/wordpress\/plugins\/seo\/ -->\n<title>Tacoronte, ser\u00e1 la nueva sede para el curso de Gesti\u00f3n de la Innovaci\u00f3n - Programa de Gestores de la Innovaci\u00f3n<\/title>\n<meta name=\"robots\" content=\"index, follow, max-snippet:-1, max-image-preview:large, max-video-preview:-1\" \/>\n<link rel=\"canonical\" href=\"https:\/\/fg.ull.es\/portal\/gdi\/tacoronte-sera-la-nueva-sede-para-el-curso-de-gestion-de-la-innovacion\/\" \/>\n<meta property=\"og:locale\" content=\"es_ES\" \/>\n<meta property=\"og:type\" content=\"article\" \/>\n<meta property=\"og:title\" content=\"Tacoronte, ser\u00e1 la nueva sede para el curso de Gesti\u00f3n de la Innovaci\u00f3n - Programa de Gestores de la Innovaci\u00f3n\" \/>\n<meta property=\"og:description\" content=\"En apenas unos meses hemos realizado 5 cursos, a los que se han inscrito m\u00e1s de 270 personas interesadas en mejorar su formaci\u00f3n y su empleabilidad. Queremos facilitar a las personas el acceso a esta formaci\u00f3n, para lo que hemos previsto una nueva acci\u00f3n formativa en el municipio de Tacoronte para el mes de junio....\" \/>\n<meta property=\"og:url\" content=\"https:\/\/fg.ull.es\/portal\/gdi\/tacoronte-sera-la-nueva-sede-para-el-curso-de-gestion-de-la-innovacion\/\" \/>\n<meta property=\"og:site_name\" content=\"Programa de Gestores de la Innovaci\u00f3n\" \/>\n<meta property=\"article:published_time\" content=\"2019-05-28T12:21:10+00:00\" \/>\n<meta property=\"og:image\" content=\"https:\/\/fg.ull.es\/portal\/gdi\/wp-content\/uploads\/sites\/2\/2019\/05\/3-de-julio-1.jpg\" \/>\n\t<meta property=\"og:image:width\" content=\"1599\" \/>\n\t<meta property=\"og:image:height\" content=\"1200\" \/>\n\t<meta property=\"og:image:type\" content=\"image\/jpeg\" \/>\n<meta name=\"author\" content=\"foguisado\" \/>\n<meta name=\"twitter:card\" content=\"summary_large_image\" \/>\n<meta name=\"twitter:label1\" content=\"Written by\" \/>\n\t<meta name=\"twitter:data1\" content=\"foguisado\" \/>\n\t<meta name=\"twitter:label2\" content=\"Est. reading time\" \/>\n\t<meta name=\"twitter:data2\" content=\"2 minutos\" \/>\n<script type=\"application\/ld+json\" class=\"yoast-schema-graph\">{\"@context\":\"https:\/\/schema.org\",\"@graph\":[{\"@type\":\"Article\",\"@id\":\"https:\/\/fg.ull.es\/portal\/gdi\/tacoronte-sera-la-nueva-sede-para-el-curso-de-gestion-de-la-innovacion\/#article\",\"isPartOf\":{\"@id\":\"https:\/\/fg.ull.es\/portal\/gdi\/tacoronte-sera-la-nueva-sede-para-el-curso-de-gestion-de-la-innovacion\/\"},\"author\":{\"name\":\"foguisado\",\"@id\":\"https:\/\/fg.ull.es\/portal\/gdi\/#\/schema\/person\/cd0f7ca826926dd4a0eb25f9c8fb0bb3\"},\"headline\":\"Tacoronte, ser\u00e1 la nueva sede para el curso de Gesti\u00f3n de la Innovaci\u00f3n\",\"datePublished\":\"2019-05-28T12:21:10+00:00\",\"dateModified\":\"2019-05-28T12:21:10+00:00\",\"mainEntityOfPage\":{\"@id\":\"https:\/\/fg.ull.es\/portal\/gdi\/tacoronte-sera-la-nueva-sede-para-el-curso-de-gestion-de-la-innovacion\/\"},\"wordCount\":371,\"publisher\":{\"@id\":\"https:\/\/fg.ull.es\/portal\/gdi\/#organization\"},\"articleSection\":[\"Portada\",\"programa GDI\"],\"inLanguage\":\"es\"},{\"@type\":\"WebPage\",\"@id\":\"https:\/\/fg.ull.es\/portal\/gdi\/tacoronte-sera-la-nueva-sede-para-el-curso-de-gestion-de-la-innovacion\/\",\"url\":\"https:\/\/fg.ull.es\/portal\/gdi\/tacoronte-sera-la-nueva-sede-para-el-curso-de-gestion-de-la-innovacion\/\",\"name\":\"Tacoronte, ser\u00e1 la nueva sede para el curso de Gesti\u00f3n de la Innovaci\u00f3n - Programa de Gestores de la Innovaci\u00f3n\",\"isPartOf\":{\"@id\":\"https:\/\/fg.ull.es\/portal\/gdi\/#website\"},\"datePublished\":\"2019-05-28T12:21:10+00:00\",\"dateModified\":\"2019-05-28T12:21:10+00:00\",\"breadcrumb\":{\"@id\":\"https:\/\/fg.ull.es\/portal\/gdi\/tacoronte-sera-la-nueva-sede-para-el-curso-de-gestion-de-la-innovacion\/#breadcrumb\"},\"inLanguage\":\"es\",\"potentialAction\":[{\"@type\":\"ReadAction\",\"target\":[\"https:\/\/fg.ull.es\/portal\/gdi\/tacoronte-sera-la-nueva-sede-para-el-curso-de-gestion-de-la-innovacion\/\"]}]},{\"@type\":\"BreadcrumbList\",\"@id\":\"https:\/\/fg.ull.es\/portal\/gdi\/tacoronte-sera-la-nueva-sede-para-el-curso-de-gestion-de-la-innovacion\/#breadcrumb\",\"itemListElement\":[{\"@type\":\"ListItem\",\"position\":1,\"name\":\"Portada\",\"item\":\"https:\/\/fg.ull.es\/portal\/gdi\/\"},{\"@type\":\"ListItem\",\"position\":2,\"name\":\"Tacoronte, ser\u00e1 la nueva sede para el curso de Gesti\u00f3n de la Innovaci\u00f3n\"}]},{\"@type\":\"WebSite\",\"@id\":\"https:\/\/fg.ull.es\/portal\/gdi\/#website\",\"url\":\"https:\/\/fg.ull.es\/portal\/gdi\/\",\"name\":\"Programa de Gestores de la Innovaci\u00f3n\",\"description\":\"\",\"publisher\":{\"@id\":\"https:\/\/fg.ull.es\/portal\/gdi\/#organization\"},\"potentialAction\":[{\"@type\":\"SearchAction\",\"target\":{\"@type\":\"EntryPoint\",\"urlTemplate\":\"https:\/\/fg.ull.es\/portal\/gdi\/?s={search_term_string}\"},\"query-input\":\"required name=search_term_string\"}],\"inLanguage\":\"es\"},{\"@type\":\"Organization\",\"@id\":\"https:\/\/fg.ull.es\/portal\/gdi\/#organization\",\"name\":\"FUNDACI\u00d3N CANARIA GENERAL UNIVERSIDAD DE LA LAGUNA\",\"url\":\"https:\/\/fg.ull.es\/portal\/gdi\/\",\"logo\":{\"@type\":\"ImageObject\",\"inLanguage\":\"es\",\"@id\":\"https:\/\/fg.ull.es\/portal\/gdi\/#\/schema\/logo\/image\/\",\"url\":\"https:\/\/fg.ull.es\/portal\/gdi\/wp-content\/uploads\/sites\/2\/2020\/04\/FAVICON.png\",\"contentUrl\":\"https:\/\/fg.ull.es\/portal\/gdi\/wp-content\/uploads\/sites\/2\/2020\/04\/FAVICON.png\",\"width\":512,\"height\":512,\"caption\":\"FUNDACI\u00d3N CANARIA GENERAL UNIVERSIDAD DE LA LAGUNA\"},\"image\":{\"@id\":\"https:\/\/fg.ull.es\/portal\/gdi\/#\/schema\/logo\/image\/\"}},{\"@type\":\"Person\",\"@id\":\"https:\/\/fg.ull.es\/portal\/gdi\/#\/schema\/person\/cd0f7ca826926dd4a0eb25f9c8fb0bb3\",\"name\":\"foguisado\",\"image\":{\"@type\":\"ImageObject\",\"inLanguage\":\"es\",\"@id\":\"https:\/\/fg.ull.es\/portal\/gdi\/#\/schema\/person\/image\/\",\"url\":\"https:\/\/secure.gravatar.com\/avatar\/547f00b03d8a3f8a44c7163ced6a71da?s=96&d=mm&r=g\",\"contentUrl\":\"https:\/\/secure.gravatar.com\/avatar\/547f00b03d8a3f8a44c7163ced6a71da?s=96&d=mm&r=g\",\"caption\":\"foguisado\"}}]}<\/script>\n<!-- \/ Yoast SEO plugin. -->","yoast_head_json":{"title":"Tacoronte, ser\u00e1 la nueva sede para el curso de Gesti\u00f3n de la Innovaci\u00f3n - Programa de Gestores de la Innovaci\u00f3n","robots":{"index":"index","follow":"follow","max-snippet":"max-snippet:-1","max-image-preview":"max-image-preview:large","max-video-preview":"max-video-preview:-1"},"canonical":"https:\/\/fg.ull.es\/portal\/gdi\/tacoronte-sera-la-nueva-sede-para-el-curso-de-gestion-de-la-innovacion\/","og_locale":"es_ES","og_type":"article","og_title":"Tacoronte, ser\u00e1 la nueva sede para el curso de Gesti\u00f3n de la Innovaci\u00f3n - Programa de Gestores de la Innovaci\u00f3n","og_description":"En apenas unos meses hemos realizado 5 cursos, a los que se han inscrito m\u00e1s de 270 personas interesadas en mejorar su formaci\u00f3n y su empleabilidad. Queremos facilitar a las personas el acceso a esta formaci\u00f3n, para lo que hemos previsto una nueva acci\u00f3n formativa en el municipio de Tacoronte para el mes de junio....","og_url":"https:\/\/fg.ull.es\/portal\/gdi\/tacoronte-sera-la-nueva-sede-para-el-curso-de-gestion-de-la-innovacion\/","og_site_name":"Programa de Gestores de la Innovaci\u00f3n","article_published_time":"2019-05-28T12:21:10+00:00","og_image":[{"width":1599,"height":1200,"url":"https:\/\/fg.ull.es\/portal\/gdi\/wp-content\/uploads\/sites\/2\/2019\/05\/3-de-julio-1.jpg","type":"image\/jpeg"}],"author":"foguisado","twitter_card":"summary_large_image","twitter_misc":{"Written by":"foguisado","Est. reading time":"2 minutos"},"schema":{"@context":"https:\/\/schema.org","@graph":[{"@type":"Article","@id":"https:\/\/fg.ull.es\/portal\/gdi\/tacoronte-sera-la-nueva-sede-para-el-curso-de-gestion-de-la-innovacion\/#article","isPartOf":{"@id":"https:\/\/fg.ull.es\/portal\/gdi\/tacoronte-sera-la-nueva-sede-para-el-curso-de-gestion-de-la-innovacion\/"},"author":{"name":"foguisado","@id":"https:\/\/fg.ull.es\/portal\/gdi\/#\/schema\/person\/cd0f7ca826926dd4a0eb25f9c8fb0bb3"},"headline":"Tacoronte, ser\u00e1 la nueva sede para el curso de Gesti\u00f3n de la Innovaci\u00f3n","datePublished":"2019-05-28T12:21:10+00:00","dateModified":"2019-05-28T12:21:10+00:00","mainEntityOfPage":{"@id":"https:\/\/fg.ull.es\/portal\/gdi\/tacoronte-sera-la-nueva-sede-para-el-curso-de-gestion-de-la-innovacion\/"},"wordCount":371,"publisher":{"@id":"https:\/\/fg.ull.es\/portal\/gdi\/#organization"},"articleSection":["Portada","programa GDI"],"inLanguage":"es"},{"@type":"WebPage","@id":"https:\/\/fg.ull.es\/portal\/gdi\/tacoronte-sera-la-nueva-sede-para-el-curso-de-gestion-de-la-innovacion\/","url":"https:\/\/fg.ull.es\/portal\/gdi\/tacoronte-sera-la-nueva-sede-para-el-curso-de-gestion-de-la-innovacion\/","name":"Tacoronte, ser\u00e1 la nueva sede para el curso de Gesti\u00f3n de la Innovaci\u00f3n - Programa de Gestores de la Innovaci\u00f3n","isPartOf":{"@id":"https:\/\/fg.ull.es\/portal\/gdi\/#website"},"datePublished":"2019-05-28T12:21:10+00:00","dateModified":"2019-05-28T12:21:10+00:00","breadcrumb":{"@id":"https:\/\/fg.ull.es\/portal\/gdi\/tacoronte-sera-la-nueva-sede-para-el-curso-de-gestion-de-la-innovacion\/#breadcrumb"},"inLanguage":"es","potentialAction":[{"@type":"ReadAction","target":["https:\/\/fg.ull.es\/portal\/gdi\/tacoronte-sera-la-nueva-sede-para-el-curso-de-gestion-de-la-innovacion\/"]}]},{"@type":"BreadcrumbList","@id":"https:\/\/fg.ull.es\/portal\/gdi\/tacoronte-sera-la-nueva-sede-para-el-curso-de-gestion-de-la-innovacion\/#breadcrumb","itemListElement":[{"@type":"ListItem","position":1,"name":"Portada","item":"https:\/\/fg.ull.es\/portal\/gdi\/"},{"@type":"ListItem","position":2,"name":"Tacoronte, ser\u00e1 la nueva sede para el curso de Gesti\u00f3n de la Innovaci\u00f3n"}]},{"@type":"WebSite","@id":"https:\/\/fg.ull.es\/portal\/gdi\/#website","url":"https:\/\/fg.ull.es\/portal\/gdi\/","name":"Programa de Gestores de la Innovaci\u00f3n","description":"","publisher":{"@id":"https:\/\/fg.ull.es\/portal\/gdi\/#organization"},"potentialAction":[{"@type":"SearchAction","target":{"@type":"EntryPoint","urlTemplate":"https:\/\/fg.ull.es\/portal\/gdi\/?s={search_term_string}"},"query-input":"required name=search_term_string"}],"inLanguage":"es"},{"@type":"Organization","@id":"https:\/\/fg.ull.es\/portal\/gdi\/#organization","name":"FUNDACI\u00d3N CANARIA GENERAL UNIVERSIDAD DE LA LAGUNA","url":"https:\/\/fg.ull.es\/portal\/gdi\/","logo":{"@type":"ImageObject","inLanguage":"es","@id":"https:\/\/fg.ull.es\/portal\/gdi\/#\/schema\/logo\/image\/","url":"https:\/\/fg.ull.es\/portal\/gdi\/wp-content\/uploads\/sites\/2\/2020\/04\/FAVICON.png","contentUrl":"https:\/\/fg.ull.es\/portal\/gdi\/wp-content\/uploads\/sites\/2\/2020\/04\/FAVICON.png","width":512,"height":512,"caption":"FUNDACI\u00d3N CANARIA GENERAL UNIVERSIDAD DE LA LAGUNA"},"image":{"@id":"https:\/\/fg.ull.es\/portal\/gdi\/#\/schema\/logo\/image\/"}},{"@type":"Person","@id":"https:\/\/fg.ull.es\/portal\/gdi\/#\/schema\/person\/cd0f7ca826926dd4a0eb25f9c8fb0bb3","name":"foguisado","image":{"@type":"ImageObject","inLanguage":"es","@id":"https:\/\/fg.ull.es\/portal\/gdi\/#\/schema\/person\/image\/","url":"https:\/\/secure.gravatar.com\/avatar\/547f00b03d8a3f8a44c7163ced6a71da?s=96&d=mm&r=g","contentUrl":"https:\/\/secure.gravatar.com\/avatar\/547f00b03d8a3f8a44c7163ced6a71da?s=96&d=mm&r=g","caption":"foguisado"}}]}},"_links":{"self":[{"href":"https:\/\/fg.ull.es\/portal\/gdi\/wp-json\/wp\/v2\/posts\/3134"}],"collection":[{"href":"https:\/\/fg.ull.es\/portal\/gdi\/wp-json\/wp\/v2\/posts"}],"about":[{"href":"https:\/\/fg.ull.es\/portal\/gdi\/wp-json\/wp\/v2\/types\/post"}],"author":[{"embeddable":true,"href":"https:\/\/fg.ull.es\/portal\/gdi\/wp-json\/wp\/v2\/users\/9"}],"replies":[{"embeddable":true,"href":"https:\/\/fg.ull.es\/portal\/gdi\/wp-json\/wp\/v2\/comments?post=3134"}],"version-history":[{"count":4,"href":"https:\/\/fg.ull.es\/portal\/gdi\/wp-json\/wp\/v2\/posts\/3134\/revisions"}],"predecessor-version":[{"id":3144,"href":"https:\/\/fg.ull.es\/portal\/gdi\/wp-json\/wp\/v2\/posts\/3134\/revisions\/3144"}],"wp:featuredmedia":[{"embeddable":true,"href":"https:\/\/fg.ull.es\/portal\/gdi\/wp-json\/wp\/v2\/media\/3146"}],"wp:attachment":[{"href":"https:\/\/fg.ull.es\/portal\/gdi\/wp-json\/wp\/v2\/media?parent=3134"}],"wp:term":[{"taxonomy":"category","embeddable":true,"href":"https:\/\/fg.ull.es\/portal\/gdi\/wp-json\/wp\/v2\/categories?post=3134"},{"taxonomy":"post_tag","embeddable":true,"href":"https:\/\/fg.ull.es\/portal\/gdi\/wp-json\/wp\/v2\/tags?post=3134"}],"curies":[{"name":"wp","href":"https:\/\/api.w.org\/{rel}","templated":true}]}}