{"id":3033,"date":"2019-04-11T10:39:52","date_gmt":"2019-04-11T10:39:52","guid":{"rendered":"https:\/\/fg.ull.es\/portal\/gdi\/?p=3033"},"modified":"2019-04-11T14:12:22","modified_gmt":"2019-04-11T14:12:22","slug":"que-motiva-a-las-personas-a-innovar","status":"publish","type":"post","link":"https:\/\/fg.ull.es\/portal\/gdi\/que-motiva-a-las-personas-a-innovar\/","title":{"rendered":"\u00bfQu\u00e9 motiva a las personas a innovar?"},"content":{"rendered":"<p>Podr\u00edamos argumentar muchos motivos para realizar alguno de nuestros cursos: que son gratuitos, que son convalidables por ECTS, que son interesantes,&#8230;<\/p>\n<p>No obstante, pensamos que la mejor manera de que descubras si tu \u00ab<strong>Futuro laboral est\u00e1 aqu\u00ed y es ahora<\/strong>\u00bb es que leas algunas de las opiniones de las personas que est\u00e1n realizando el primer curso de <span style=\"color: #000000\"><strong>Promoci\u00f3n de la Innovaci\u00f3n N1<\/strong><\/span>\u00a0(color verde). Hemos preguntado a los participantes de este GDI 2019 y esto es lo que nos han contado:<\/p>\n<h3 style=\"text-align: left\"><span style=\"color: #808080\"><em><span style=\"font-weight: 400\">\u201c<\/span><span style=\"font-weight: 400;color: #000000\">Para mis tutoras de inserci\u00f3n laboral es importante que yo haga este curso<\/span><span style=\"font-weight: 400\">\u201c Jonathan<\/span><\/em><\/span><\/h3>\n<p>&nbsp;<\/p>\n<h3 style=\"text-align: left\"><span style=\"color: #808080\"><em><span style=\"font-weight: 400\">\u201c<\/span><span style=\"font-weight: 400;color: #000000\">Pese a cumplir con el perfil, perd\u00ed una oportunidad laboral por no haber realizado formaci\u00f3n en gesti\u00f3n de la innovaci\u00f3n<\/span><span style=\"font-weight: 400\">\u201d Marta<\/span><\/em><\/span><\/h3>\n<p>&nbsp;<\/p>\n<h3 style=\"text-align: left\"><span style=\"color: #808080\"><em><span style=\"font-weight: 400\">\u201c<\/span><span style=\"font-weight: 400;color: #000000\">Me inscrib\u00ed en el curso por los cr\u00e9ditos, pero salgo muy contenta de la primera clase<\/span><span style=\"font-weight: 400\">\u201d Yesica<\/span><\/em><\/span><\/h3>\n<p>&nbsp;<\/p>\n<h3 style=\"text-align: left\"><span style=\"color: #808080\"><em><span style=\"font-weight: 400\">\u201c<\/span><span style=\"font-weight: 400;color: #000000\">Amigos que se mueven en el \u00e1mbito de la innovaci\u00f3n me recomendaron este curso<\/span><span style=\"font-weight: 400\">\u201c Andrea<\/span><\/em><\/span><\/h3>\n<p>&nbsp;<\/p>\n<h3><span style=\"color: #808080\"><em><span style=\"font-weight: 400\"><img decoding=\"async\" loading=\"lazy\" class=\"aligncenter wp-image-3034 size-large\" src=\"https:\/\/fg.ull.es\/portal\/gdi\/wp-content\/uploads\/sites\/2\/2019\/04\/IMG_1007-1024x768.jpg\" alt=\"\" width=\"1024\" height=\"768\" srcset=\"https:\/\/fg.ull.es\/portal\/gdi\/wp-content\/uploads\/sites\/2\/2019\/04\/IMG_1007-1024x768.jpg 1024w, https:\/\/fg.ull.es\/portal\/gdi\/wp-content\/uploads\/sites\/2\/2019\/04\/IMG_1007-300x225.jpg 300w, https:\/\/fg.ull.es\/portal\/gdi\/wp-content\/uploads\/sites\/2\/2019\/04\/IMG_1007-768x576.jpg 768w, https:\/\/fg.ull.es\/portal\/gdi\/wp-content\/uploads\/sites\/2\/2019\/04\/IMG_1007-375x281.jpg 375w, https:\/\/fg.ull.es\/portal\/gdi\/wp-content\/uploads\/sites\/2\/2019\/04\/IMG_1007-750x563.jpg 750w, https:\/\/fg.ull.es\/portal\/gdi\/wp-content\/uploads\/sites\/2\/2019\/04\/IMG_1007-1140x855.jpg 1140w, https:\/\/fg.ull.es\/portal\/gdi\/wp-content\/uploads\/sites\/2\/2019\/04\/IMG_1007-108x81.jpg 108w, https:\/\/fg.ull.es\/portal\/gdi\/wp-content\/uploads\/sites\/2\/2019\/04\/IMG_1007.jpg 1632w\" sizes=\"(max-width: 1024px) 100vw, 1024px\" \/><\/span><\/em><\/span><\/h3>\n<h3><\/h3>\n<p>&nbsp;<\/p>\n<h3><span style=\"color: #808080\"><em><span style=\"font-weight: 400\">\u201c<\/span><span style=\"font-weight: 400;color: #000000\">Despu\u00e9s de 6 a\u00f1os dej\u00e9 mi trabajo por voluntad propia para darme la oportunidad de cambiar de rumbo<\/span><span style=\"font-weight: 400\">\u201d Nicole<\/span><\/em><\/span><\/h3>\n<p>&nbsp;<\/p>\n<h3><span style=\"color: #808080\"><em><span style=\"font-weight: 400\">\u201c<\/span><span style=\"font-weight: 400;color: #000000\">Pens\u00e9 que se trataba de un programa orientado exclusivamente a personas formadas en el \u00e1mbito de la ingenier\u00eda, pero nada m\u00e1s lejos de la realidad<\/span><span style=\"font-weight: 400\">\u201d Esmeralda<\/span><\/em><\/span><\/h3>\n<p>&nbsp;<\/p>\n<h3><span style=\"color: #808080\"><em><span style=\"font-weight: 400\">\u201c<\/span><span style=\"font-weight: 400;color: #000000\">Innovar es cada vez m\u00e1s una obligaci\u00f3n que una opci\u00f3n<\/span><span style=\"font-weight: 400\">\u201d Andrea<\/span><\/em><\/span><\/h3>\n<p>&nbsp;<\/p>\n<h3><span style=\"color: #808080\"><em><span style=\"font-weight: 400\"> \u201c<\/span><span style=\"font-weight: 400;color: #000000\">Quiero aplicar estos conocimientos a mi propia idea empresarial<\/span><span style=\"font-weight: 400\">\u201d Joseph<\/span><\/em><\/span><\/h3>\n<p>&nbsp;<\/p>\n<h3><\/h3>\n<h3><span style=\"color: #808080\"><em><span style=\"font-weight: 400\"><img decoding=\"async\" loading=\"lazy\" class=\"aligncenter wp-image-3036 size-full\" src=\"https:\/\/fg.ull.es\/portal\/gdi\/wp-content\/uploads\/sites\/2\/2019\/04\/PruebaSendy_-1.png\" alt=\"\" width=\"560\" height=\"288\" srcset=\"https:\/\/fg.ull.es\/portal\/gdi\/wp-content\/uploads\/sites\/2\/2019\/04\/PruebaSendy_-1.png 560w, https:\/\/fg.ull.es\/portal\/gdi\/wp-content\/uploads\/sites\/2\/2019\/04\/PruebaSendy_-1-300x154.png 300w, https:\/\/fg.ull.es\/portal\/gdi\/wp-content\/uploads\/sites\/2\/2019\/04\/PruebaSendy_-1-375x193.png 375w\" sizes=\"(max-width: 560px) 100vw, 560px\" \/><\/span><\/em><\/span><\/h3>\n<h3><span style=\"color: #808080\"><em><span style=\"font-weight: 400\">\u201c<\/span><span style=\"font-weight: 400;color: #000000\">El motivo de participar en la formaci\u00f3n es poder encontrar nuevas preguntas y cuestionamientos para la puesta en marcha de iniciativas innovadoras<\/span><span style=\"font-weight: 400\">\u201d Eliecer<\/span><\/em><\/span><\/h3>\n<p>&nbsp;<\/p>\n<h3><span style=\"color: #808080\"><em><span style=\"font-weight: 400\">\u201c<\/span><span style=\"font-weight: 400;color: #000000\">Realic\u00e9 el otro programa de Transformaci\u00f3n Digital y quiero hacer lo propio con este curso tambi\u00e9n para seguir form\u00e1ndome<\/span><span style=\"font-weight: 400\">\u201d Ricardo<\/span><\/em><\/span><\/h3>\n<p>&nbsp;<\/p>\n<h3><span style=\"color: #808080\"><em><span style=\"font-weight: 400\">\u201c<\/span><span style=\"font-weight: 400;color: #000000\">Estoy estudiando el tercer a\u00f1o de ADE, la mayor\u00eda de mis asignaturas giran en torno a la gesti\u00f3n y la innovaci\u00f3n as\u00ed que, qu\u00e9 mejor manera para inspirarme y afrontar los trabajos de clase<\/span><span style=\"font-weight: 400\">\u201d Saray<\/span><\/em><\/span><\/h3>\n<p>&nbsp;<\/p>\n<h3><span style=\"color: #808080\"><em><span style=\"font-weight: 400\">\u201c<\/span><span style=\"font-weight: 400;color: #000000\">La I +D es un mundo apasionante, sin embargo considero que es momento de pasar de la investigaci\u00f3n b\u00e1sica a la acci\u00f3n<\/span><span style=\"font-weight: 400\">\u201d Cecilia<\/span><\/em><\/span><\/h3>\n<p>&nbsp;<\/p>\n<p>Si leyendo esto sientes curiosidad por saber un poco m\u00e1s, tenemos disponibles 2 cursos para este mes de abril:<\/p>\n<p><a href=\"https:\/\/sede.fg.ull.es\/es\/curso\/detalle\/a19120102\/curso-promocion-y-gestion-digital-n1-y-n2\"><strong><span style=\"color: #ff6600\">Transformaci\u00f3n Digital (Promoci\u00f3n N1 y Gesti\u00f3n N2)<\/span><\/strong><\/a>: sesi\u00f3n presencial lunes 29 de abril.<\/p>\n<p><a href=\"https:\/\/sede.fg.ull.es\/es\/curso\/detalle\/a19120103\/promocion-de-la-innovacion-n1\"><strong><span style=\"color: #339966\"><span style=\"color: #008000\">Promoci\u00f3n de la Innovaci\u00f3n (Promoci\u00f3n N1)<\/span><\/span><\/strong><\/a>: sesi\u00f3n presencial jueves 25 de abril.<\/p>\n<p>Y para cualquier duda\u00a0puedes contactar directamente con nosotros en el\u00a0922 319 914 o en el correo\u00a0<a href=\"mailto:gdi@fg.ull.es\">gdi@fg.ull.es<\/a><\/p>\n<p><em>El programa de Gesti\u00f3n de la Innovaci\u00f3n cuenta con la financiaci\u00f3n de la\u00a0<strong>Agencia Canaria de Investigaci\u00f3n, Innovaci\u00f3n y Sociedad de la Innovaci\u00f3n<\/strong>\u00a0del Gobierno de Canarias, y la cofinanciaci\u00f3n, en un 85%, del Fondo Social Europeo (FSE), en los t\u00e9rminos establecidos en el\u00a0<strong>Programa Operativo de Canarias 2014-2020<\/strong>.<\/em><\/p>\n","protected":false},"excerpt":{"rendered":"<p>Podr\u00edamos argumentar muchos motivos para realizar alguno de nuestros cursos: que son gratuitos, que son convalidables por ECTS, que son interesantes,&#8230; No obstante, pensamos que la mejor manera de que descubras si tu \u00abFuturo laboral est\u00e1 aqu\u00ed y es ahora\u00bb es que leas algunas de las opiniones de las personas que est\u00e1n realizando el primer&#8230;<\/p>\n","protected":false},"author":9,"featured_media":3045,"comment_status":"closed","ping_status":"closed","sticky":false,"template":"","format":"standard","meta":{"footnotes":""},"categories":[3,4],"tags":[],"yoast_head":"<!-- This site is optimized with the Yoast SEO plugin v21.1 - https:\/\/yoast.com\/wordpress\/plugins\/seo\/ -->\n<title>\u00bfQu\u00e9 motiva a las personas a innovar? - Programa de Gestores de la Innovaci\u00f3n<\/title>\n<meta name=\"robots\" content=\"index, follow, max-snippet:-1, max-image-preview:large, max-video-preview:-1\" \/>\n<link rel=\"canonical\" href=\"https:\/\/fg.ull.es\/portal\/gdi\/que-motiva-a-las-personas-a-innovar\/\" \/>\n<meta property=\"og:locale\" content=\"es_ES\" \/>\n<meta property=\"og:type\" content=\"article\" \/>\n<meta property=\"og:title\" content=\"\u00bfQu\u00e9 motiva a las personas a innovar? - Programa de Gestores de la Innovaci\u00f3n\" \/>\n<meta property=\"og:description\" content=\"Podr\u00edamos argumentar muchos motivos para realizar alguno de nuestros cursos: que son gratuitos, que son convalidables por ECTS, que son interesantes,&#8230; No obstante, pensamos que la mejor manera de que descubras si tu \u00abFuturo laboral est\u00e1 aqu\u00ed y es ahora\u00bb es que leas algunas de las opiniones de las personas que est\u00e1n realizando el primer...\" \/>\n<meta property=\"og:url\" content=\"https:\/\/fg.ull.es\/portal\/gdi\/que-motiva-a-las-personas-a-innovar\/\" \/>\n<meta property=\"og:site_name\" content=\"Programa de Gestores de la Innovaci\u00f3n\" \/>\n<meta property=\"article:published_time\" content=\"2019-04-11T10:39:52+00:00\" \/>\n<meta property=\"article:modified_time\" content=\"2019-04-11T14:12:22+00:00\" \/>\n<meta property=\"og:image\" content=\"https:\/\/fg.ull.es\/portal\/gdi\/wp-content\/uploads\/sites\/2\/2019\/04\/IMG_3650.jpg\" \/>\n\t<meta property=\"og:image:width\" content=\"640\" \/>\n\t<meta property=\"og:image:height\" content=\"480\" \/>\n\t<meta property=\"og:image:type\" content=\"image\/jpeg\" \/>\n<meta name=\"author\" content=\"foguisado\" \/>\n<meta name=\"twitter:card\" content=\"summary_large_image\" \/>\n<meta name=\"twitter:label1\" content=\"Written by\" \/>\n\t<meta name=\"twitter:data1\" content=\"foguisado\" \/>\n\t<meta name=\"twitter:label2\" content=\"Est. reading time\" \/>\n\t<meta name=\"twitter:data2\" content=\"2 minutos\" \/>\n<script type=\"application\/ld+json\" class=\"yoast-schema-graph\">{\"@context\":\"https:\/\/schema.org\",\"@graph\":[{\"@type\":\"Article\",\"@id\":\"https:\/\/fg.ull.es\/portal\/gdi\/que-motiva-a-las-personas-a-innovar\/#article\",\"isPartOf\":{\"@id\":\"https:\/\/fg.ull.es\/portal\/gdi\/que-motiva-a-las-personas-a-innovar\/\"},\"author\":{\"name\":\"foguisado\",\"@id\":\"https:\/\/fg.ull.es\/portal\/gdi\/#\/schema\/person\/cd0f7ca826926dd4a0eb25f9c8fb0bb3\"},\"headline\":\"\u00bfQu\u00e9 motiva a las personas a innovar?\",\"datePublished\":\"2019-04-11T10:39:52+00:00\",\"dateModified\":\"2019-04-11T14:12:22+00:00\",\"mainEntityOfPage\":{\"@id\":\"https:\/\/fg.ull.es\/portal\/gdi\/que-motiva-a-las-personas-a-innovar\/\"},\"wordCount\":486,\"publisher\":{\"@id\":\"https:\/\/fg.ull.es\/portal\/gdi\/#organization\"},\"articleSection\":[\"Portada\",\"programa GDI\"],\"inLanguage\":\"es\"},{\"@type\":\"WebPage\",\"@id\":\"https:\/\/fg.ull.es\/portal\/gdi\/que-motiva-a-las-personas-a-innovar\/\",\"url\":\"https:\/\/fg.ull.es\/portal\/gdi\/que-motiva-a-las-personas-a-innovar\/\",\"name\":\"\u00bfQu\u00e9 motiva a las personas a innovar? - Programa de Gestores de la Innovaci\u00f3n\",\"isPartOf\":{\"@id\":\"https:\/\/fg.ull.es\/portal\/gdi\/#website\"},\"datePublished\":\"2019-04-11T10:39:52+00:00\",\"dateModified\":\"2019-04-11T14:12:22+00:00\",\"breadcrumb\":{\"@id\":\"https:\/\/fg.ull.es\/portal\/gdi\/que-motiva-a-las-personas-a-innovar\/#breadcrumb\"},\"inLanguage\":\"es\",\"potentialAction\":[{\"@type\":\"ReadAction\",\"target\":[\"https:\/\/fg.ull.es\/portal\/gdi\/que-motiva-a-las-personas-a-innovar\/\"]}]},{\"@type\":\"BreadcrumbList\",\"@id\":\"https:\/\/fg.ull.es\/portal\/gdi\/que-motiva-a-las-personas-a-innovar\/#breadcrumb\",\"itemListElement\":[{\"@type\":\"ListItem\",\"position\":1,\"name\":\"Portada\",\"item\":\"https:\/\/fg.ull.es\/portal\/gdi\/\"},{\"@type\":\"ListItem\",\"position\":2,\"name\":\"\u00bfQu\u00e9 motiva a las personas a innovar?\"}]},{\"@type\":\"WebSite\",\"@id\":\"https:\/\/fg.ull.es\/portal\/gdi\/#website\",\"url\":\"https:\/\/fg.ull.es\/portal\/gdi\/\",\"name\":\"Programa de Gestores de la Innovaci\u00f3n\",\"description\":\"\",\"publisher\":{\"@id\":\"https:\/\/fg.ull.es\/portal\/gdi\/#organization\"},\"potentialAction\":[{\"@type\":\"SearchAction\",\"target\":{\"@type\":\"EntryPoint\",\"urlTemplate\":\"https:\/\/fg.ull.es\/portal\/gdi\/?s={search_term_string}\"},\"query-input\":\"required name=search_term_string\"}],\"inLanguage\":\"es\"},{\"@type\":\"Organization\",\"@id\":\"https:\/\/fg.ull.es\/portal\/gdi\/#organization\",\"name\":\"FUNDACI\u00d3N CANARIA GENERAL UNIVERSIDAD DE LA LAGUNA\",\"url\":\"https:\/\/fg.ull.es\/portal\/gdi\/\",\"logo\":{\"@type\":\"ImageObject\",\"inLanguage\":\"es\",\"@id\":\"https:\/\/fg.ull.es\/portal\/gdi\/#\/schema\/logo\/image\/\",\"url\":\"https:\/\/fg.ull.es\/portal\/gdi\/wp-content\/uploads\/sites\/2\/2020\/04\/FAVICON.png\",\"contentUrl\":\"https:\/\/fg.ull.es\/portal\/gdi\/wp-content\/uploads\/sites\/2\/2020\/04\/FAVICON.png\",\"width\":512,\"height\":512,\"caption\":\"FUNDACI\u00d3N CANARIA GENERAL UNIVERSIDAD DE LA LAGUNA\"},\"image\":{\"@id\":\"https:\/\/fg.ull.es\/portal\/gdi\/#\/schema\/logo\/image\/\"}},{\"@type\":\"Person\",\"@id\":\"https:\/\/fg.ull.es\/portal\/gdi\/#\/schema\/person\/cd0f7ca826926dd4a0eb25f9c8fb0bb3\",\"name\":\"foguisado\",\"image\":{\"@type\":\"ImageObject\",\"inLanguage\":\"es\",\"@id\":\"https:\/\/fg.ull.es\/portal\/gdi\/#\/schema\/person\/image\/\",\"url\":\"https:\/\/secure.gravatar.com\/avatar\/547f00b03d8a3f8a44c7163ced6a71da?s=96&d=mm&r=g\",\"contentUrl\":\"https:\/\/secure.gravatar.com\/avatar\/547f00b03d8a3f8a44c7163ced6a71da?s=96&d=mm&r=g\",\"caption\":\"foguisado\"}}]}<\/script>\n<!-- \/ Yoast SEO plugin. -->","yoast_head_json":{"title":"\u00bfQu\u00e9 motiva a las personas a innovar? - Programa de Gestores de la Innovaci\u00f3n","robots":{"index":"index","follow":"follow","max-snippet":"max-snippet:-1","max-image-preview":"max-image-preview:large","max-video-preview":"max-video-preview:-1"},"canonical":"https:\/\/fg.ull.es\/portal\/gdi\/que-motiva-a-las-personas-a-innovar\/","og_locale":"es_ES","og_type":"article","og_title":"\u00bfQu\u00e9 motiva a las personas a innovar? - Programa de Gestores de la Innovaci\u00f3n","og_description":"Podr\u00edamos argumentar muchos motivos para realizar alguno de nuestros cursos: que son gratuitos, que son convalidables por ECTS, que son interesantes,&#8230; No obstante, pensamos que la mejor manera de que descubras si tu \u00abFuturo laboral est\u00e1 aqu\u00ed y es ahora\u00bb es que leas algunas de las opiniones de las personas que est\u00e1n realizando el primer...","og_url":"https:\/\/fg.ull.es\/portal\/gdi\/que-motiva-a-las-personas-a-innovar\/","og_site_name":"Programa de Gestores de la Innovaci\u00f3n","article_published_time":"2019-04-11T10:39:52+00:00","article_modified_time":"2019-04-11T14:12:22+00:00","og_image":[{"width":640,"height":480,"url":"https:\/\/fg.ull.es\/portal\/gdi\/wp-content\/uploads\/sites\/2\/2019\/04\/IMG_3650.jpg","type":"image\/jpeg"}],"author":"foguisado","twitter_card":"summary_large_image","twitter_misc":{"Written by":"foguisado","Est. reading time":"2 minutos"},"schema":{"@context":"https:\/\/schema.org","@graph":[{"@type":"Article","@id":"https:\/\/fg.ull.es\/portal\/gdi\/que-motiva-a-las-personas-a-innovar\/#article","isPartOf":{"@id":"https:\/\/fg.ull.es\/portal\/gdi\/que-motiva-a-las-personas-a-innovar\/"},"author":{"name":"foguisado","@id":"https:\/\/fg.ull.es\/portal\/gdi\/#\/schema\/person\/cd0f7ca826926dd4a0eb25f9c8fb0bb3"},"headline":"\u00bfQu\u00e9 motiva a las personas a innovar?","datePublished":"2019-04-11T10:39:52+00:00","dateModified":"2019-04-11T14:12:22+00:00","mainEntityOfPage":{"@id":"https:\/\/fg.ull.es\/portal\/gdi\/que-motiva-a-las-personas-a-innovar\/"},"wordCount":486,"publisher":{"@id":"https:\/\/fg.ull.es\/portal\/gdi\/#organization"},"articleSection":["Portada","programa GDI"],"inLanguage":"es"},{"@type":"WebPage","@id":"https:\/\/fg.ull.es\/portal\/gdi\/que-motiva-a-las-personas-a-innovar\/","url":"https:\/\/fg.ull.es\/portal\/gdi\/que-motiva-a-las-personas-a-innovar\/","name":"\u00bfQu\u00e9 motiva a las personas a innovar? - Programa de Gestores de la Innovaci\u00f3n","isPartOf":{"@id":"https:\/\/fg.ull.es\/portal\/gdi\/#website"},"datePublished":"2019-04-11T10:39:52+00:00","dateModified":"2019-04-11T14:12:22+00:00","breadcrumb":{"@id":"https:\/\/fg.ull.es\/portal\/gdi\/que-motiva-a-las-personas-a-innovar\/#breadcrumb"},"inLanguage":"es","potentialAction":[{"@type":"ReadAction","target":["https:\/\/fg.ull.es\/portal\/gdi\/que-motiva-a-las-personas-a-innovar\/"]}]},{"@type":"BreadcrumbList","@id":"https:\/\/fg.ull.es\/portal\/gdi\/que-motiva-a-las-personas-a-innovar\/#breadcrumb","itemListElement":[{"@type":"ListItem","position":1,"name":"Portada","item":"https:\/\/fg.ull.es\/portal\/gdi\/"},{"@type":"ListItem","position":2,"name":"\u00bfQu\u00e9 motiva a las personas a innovar?"}]},{"@type":"WebSite","@id":"https:\/\/fg.ull.es\/portal\/gdi\/#website","url":"https:\/\/fg.ull.es\/portal\/gdi\/","name":"Programa de Gestores de la Innovaci\u00f3n","description":"","publisher":{"@id":"https:\/\/fg.ull.es\/portal\/gdi\/#organization"},"potentialAction":[{"@type":"SearchAction","target":{"@type":"EntryPoint","urlTemplate":"https:\/\/fg.ull.es\/portal\/gdi\/?s={search_term_string}"},"query-input":"required name=search_term_string"}],"inLanguage":"es"},{"@type":"Organization","@id":"https:\/\/fg.ull.es\/portal\/gdi\/#organization","name":"FUNDACI\u00d3N CANARIA GENERAL UNIVERSIDAD DE LA LAGUNA","url":"https:\/\/fg.ull.es\/portal\/gdi\/","logo":{"@type":"ImageObject","inLanguage":"es","@id":"https:\/\/fg.ull.es\/portal\/gdi\/#\/schema\/logo\/image\/","url":"https:\/\/fg.ull.es\/portal\/gdi\/wp-content\/uploads\/sites\/2\/2020\/04\/FAVICON.png","contentUrl":"https:\/\/fg.ull.es\/portal\/gdi\/wp-content\/uploads\/sites\/2\/2020\/04\/FAVICON.png","width":512,"height":512,"caption":"FUNDACI\u00d3N CANARIA GENERAL UNIVERSIDAD DE LA LAGUNA"},"image":{"@id":"https:\/\/fg.ull.es\/portal\/gdi\/#\/schema\/logo\/image\/"}},{"@type":"Person","@id":"https:\/\/fg.ull.es\/portal\/gdi\/#\/schema\/person\/cd0f7ca826926dd4a0eb25f9c8fb0bb3","name":"foguisado","image":{"@type":"ImageObject","inLanguage":"es","@id":"https:\/\/fg.ull.es\/portal\/gdi\/#\/schema\/person\/image\/","url":"https:\/\/secure.gravatar.com\/avatar\/547f00b03d8a3f8a44c7163ced6a71da?s=96&d=mm&r=g","contentUrl":"https:\/\/secure.gravatar.com\/avatar\/547f00b03d8a3f8a44c7163ced6a71da?s=96&d=mm&r=g","caption":"foguisado"}}]}},"_links":{"self":[{"href":"https:\/\/fg.ull.es\/portal\/gdi\/wp-json\/wp\/v2\/posts\/3033"}],"collection":[{"href":"https:\/\/fg.ull.es\/portal\/gdi\/wp-json\/wp\/v2\/posts"}],"about":[{"href":"https:\/\/fg.ull.es\/portal\/gdi\/wp-json\/wp\/v2\/types\/post"}],"author":[{"embeddable":true,"href":"https:\/\/fg.ull.es\/portal\/gdi\/wp-json\/wp\/v2\/users\/9"}],"replies":[{"embeddable":true,"href":"https:\/\/fg.ull.es\/portal\/gdi\/wp-json\/wp\/v2\/comments?post=3033"}],"version-history":[{"count":9,"href":"https:\/\/fg.ull.es\/portal\/gdi\/wp-json\/wp\/v2\/posts\/3033\/revisions"}],"predecessor-version":[{"id":4494,"href":"https:\/\/fg.ull.es\/portal\/gdi\/wp-json\/wp\/v2\/posts\/3033\/revisions\/4494"}],"wp:featuredmedia":[{"embeddable":true,"href":"https:\/\/fg.ull.es\/portal\/gdi\/wp-json\/wp\/v2\/media\/3045"}],"wp:attachment":[{"href":"https:\/\/fg.ull.es\/portal\/gdi\/wp-json\/wp\/v2\/media?parent=3033"}],"wp:term":[{"taxonomy":"category","embeddable":true,"href":"https:\/\/fg.ull.es\/portal\/gdi\/wp-json\/wp\/v2\/categories?post=3033"},{"taxonomy":"post_tag","embeddable":true,"href":"https:\/\/fg.ull.es\/portal\/gdi\/wp-json\/wp\/v2\/tags?post=3033"}],"curies":[{"name":"wp","href":"https:\/\/api.w.org\/{rel}","templated":true}]}}