{"id":2920,"date":"2019-03-18T11:46:20","date_gmt":"2019-03-18T11:46:20","guid":{"rendered":"https:\/\/fg.ull.es\/portal\/gdi\/?p=2920"},"modified":"2019-03-18T11:46:20","modified_gmt":"2019-03-18T11:46:20","slug":"los-retos-de-la-innovacion-digital","status":"publish","type":"post","link":"https:\/\/fg.ull.es\/portal\/gdi\/los-retos-de-la-innovacion-digital\/","title":{"rendered":"Los retos de la innovaci\u00f3n digital"},"content":{"rendered":"<p>Una de nuestras principales l\u00edneas formativas y retos es contribuir a la <a href=\"https:\/\/fg.ull.es\/portal\/gdi\/programa-gdi-td\/\">transformaci\u00f3n digital<\/a> en las personas y organizaciones.<\/p>\n<p>Es por eso que nos parece interesante destacar esta jornada que, bajo el t\u00edtulo \u00ab<strong>Digital Innovation Challenge<\/strong>\u00ab, tendr\u00e1 lugar el <strong>pr\u00f3ximo 4 de abril<\/strong>.<\/p>\n<p>La actividad tendr\u00e1 lugar en el <strong>Aula Magna de la Facultad de Econom\u00eda, Empresa y Turismo del Campus de Guajara<\/strong>. Las estrategias de innovaci\u00f3n digital formar\u00e1n parte del contenido principal de esta cita.<\/p>\n<p>La jornada estar\u00e1 dividida en horario de ma\u00f1ana y tarde. Dar\u00e1 comienzo con un acto inaugural en el que participar\u00e1 un representante de la Universidad de La Laguna; el presidente del Gobierno de Canarias, Fernando Clavijo; y el presidente del Cabildo de La Palma, Anselmo Pestana. Durante la ma\u00f1ana, los contenidos estar\u00e1n estructurados en diferentes bloques que pasar\u00e1n por la Innovaci\u00f3n, la Tecnolog\u00eda y la Digitalizaci\u00f3n. La sesi\u00f3n de tarde estar\u00e1 dirigida al \u00e1mbito del emprendimiento digital con la jornada\u00a0<strong><em>FIMAC Project Pitch<\/em><\/strong>.<\/p>\n<p>Diversas pymes de Canarias, Madeira y Azores hablar\u00e1n sobre su participaci\u00f3n en el proyecto de FIMAC cuyo objetivo es la mejora de la competitividad aplicando tecnolog\u00edas del\u00a0<strong>i<\/strong><strong>nternet del futuro.<\/strong>\u00a0Ser\u00e1 un jurado de expertos el encargado de seleccionar los proyectos que pasar\u00e1n a la fase final de este programa donde podr\u00e1n optar a oportunidades de financiaci\u00f3n y visibilidad internacional.<\/p>\n<p><em>Digital Innovation Challenge<\/em>\u00a0brinda la oportunidad de aprender a trav\u00e9s de empresas que tienen \u00e9xito gracias a la aplicaci\u00f3n de\u00a0<strong>nuevas t\u00e9cnicas tecnol\u00f3gicas<\/strong>. Adem\u00e1s, podr\u00e1n relacionarse con las\u00a0<strong>estrategias digitales<\/strong>\u00a0que se definen en un contexto regional, nacional e internacional.<\/p>\n<p>La idea es que los participantes profundicen en conocimientos que le sirvan como elemento diferenciador a la hora de competir en el mercado laboral. Otro de los objetivos es la introducci\u00f3n del concepto\u00a0<strong><em>Digital Innovation Hub<\/em><\/strong>, que consiste en la aplicaci\u00f3n de iniciativas que fomenten el \u00e9xito empresarial a largo plazo con el aprovechamiento de los recursos digitales.<\/p>\n<p>La jornada contar\u00e1 con un gran equipo de expertos. Jordi Llinares, subdirector general de Digitalizaci\u00f3n de la Industria y Entornos Colaborativos; Andrea Halmos, EU Project Officer Digital Innovation Hubs Policies; Juan Marcelo Gaitan, Leiva Chairman of the\u00a0<em>FIWARE iHub Committee<\/em>\u00a0in FIWARE Foundation; Francisco Aranda, Coordinador General \u00c1rea De Econom\u00eda, Hacienda, Personal, Contrataci\u00f3n y Smart City del Ayuntamiento de Granada, son algunas de las personas que realizar\u00e1n sus ponencias durante este evento.<\/p>\n<p>Esta acci\u00f3n se engloba dentro de las actividades que se est\u00e1n llevando a cabo en el citado proyecto, financiado con fondos FEDER en el marco del programa INTERREG MAC 2014-2020 de la Comisi\u00f3n Europea.<\/p>\n<p>FIMAC est\u00e1 liderado por el Cabido Insular de La Palma, que junto con la Asociaci\u00f3n Innovalia, la Fundaci\u00f3n General de la Universidad de La Laguna, Madeira Interactive Technology Institute, la Fundaci\u00f3n Ciencia y Tecnolog\u00eda, y la C\u00e1mara de Comercio de Punta Delgada trabajan para la mejora de la competitividad de las pymes mediante el uso de tecnolog\u00edas del internet del futuro.<\/p>\n<p>Las personas interesadas en ampliar la informaci\u00f3n o en realizar la inscripci\u00f3n a este evento pueden acceder a\u00a0<a href=\"http:\/\/www.fiwaremac.org\/DIC\/#\">www.fiwaremac.org\/DIC\/#<\/a>\u00a0o\u00a0<a href=\"http:\/\/www.fiwaremac.org\/\">www.fiwaremac.org\/<\/a><\/p>\n","protected":false},"excerpt":{"rendered":"<p>Una de nuestras principales l\u00edneas formativas y retos es contribuir a la transformaci\u00f3n digital en las personas y organizaciones. Es por eso que nos parece interesante destacar esta jornada que, bajo el t\u00edtulo \u00abDigital Innovation Challenge\u00ab, tendr\u00e1 lugar el pr\u00f3ximo 4 de abril. La actividad tendr\u00e1 lugar en el Aula Magna de la Facultad de&#8230;<\/p>\n","protected":false},"author":9,"featured_media":2921,"comment_status":"closed","ping_status":"closed","sticky":false,"template":"","format":"standard","meta":{"footnotes":""},"categories":[8,3],"tags":[],"yoast_head":"<!-- This site is optimized with the Yoast SEO plugin v21.1 - https:\/\/yoast.com\/wordpress\/plugins\/seo\/ -->\n<title>Los retos de la innovaci\u00f3n digital - Programa de Gestores de la Innovaci\u00f3n<\/title>\n<meta name=\"robots\" content=\"index, follow, max-snippet:-1, max-image-preview:large, max-video-preview:-1\" \/>\n<link rel=\"canonical\" href=\"https:\/\/fg.ull.es\/portal\/gdi\/los-retos-de-la-innovacion-digital\/\" \/>\n<meta property=\"og:locale\" content=\"es_ES\" \/>\n<meta property=\"og:type\" content=\"article\" \/>\n<meta property=\"og:title\" content=\"Los retos de la innovaci\u00f3n digital - Programa de Gestores de la Innovaci\u00f3n\" \/>\n<meta property=\"og:description\" content=\"Una de nuestras principales l\u00edneas formativas y retos es contribuir a la transformaci\u00f3n digital en las personas y organizaciones. Es por eso que nos parece interesante destacar esta jornada que, bajo el t\u00edtulo \u00abDigital Innovation Challenge\u00ab, tendr\u00e1 lugar el pr\u00f3ximo 4 de abril. La actividad tendr\u00e1 lugar en el Aula Magna de la Facultad de...\" \/>\n<meta property=\"og:url\" content=\"https:\/\/fg.ull.es\/portal\/gdi\/los-retos-de-la-innovacion-digital\/\" \/>\n<meta property=\"og:site_name\" content=\"Programa de Gestores de la Innovaci\u00f3n\" \/>\n<meta property=\"article:published_time\" content=\"2019-03-18T11:46:20+00:00\" \/>\n<meta property=\"og:image\" content=\"https:\/\/fg.ull.es\/portal\/gdi\/wp-content\/uploads\/sites\/2\/2019\/03\/fimac.jpg\" \/>\n\t<meta property=\"og:image:width\" content=\"1200\" \/>\n\t<meta property=\"og:image:height\" content=\"628\" \/>\n\t<meta property=\"og:image:type\" content=\"image\/jpeg\" \/>\n<meta name=\"author\" content=\"foguisado\" \/>\n<meta name=\"twitter:card\" content=\"summary_large_image\" \/>\n<meta name=\"twitter:label1\" content=\"Written by\" \/>\n\t<meta name=\"twitter:data1\" content=\"foguisado\" \/>\n\t<meta name=\"twitter:label2\" content=\"Est. reading time\" \/>\n\t<meta name=\"twitter:data2\" content=\"3 minutos\" \/>\n<script type=\"application\/ld+json\" class=\"yoast-schema-graph\">{\"@context\":\"https:\/\/schema.org\",\"@graph\":[{\"@type\":\"Article\",\"@id\":\"https:\/\/fg.ull.es\/portal\/gdi\/los-retos-de-la-innovacion-digital\/#article\",\"isPartOf\":{\"@id\":\"https:\/\/fg.ull.es\/portal\/gdi\/los-retos-de-la-innovacion-digital\/\"},\"author\":{\"name\":\"foguisado\",\"@id\":\"https:\/\/fg.ull.es\/portal\/gdi\/#\/schema\/person\/cd0f7ca826926dd4a0eb25f9c8fb0bb3\"},\"headline\":\"Los retos de la innovaci\u00f3n digital\",\"datePublished\":\"2019-03-18T11:46:20+00:00\",\"dateModified\":\"2019-03-18T11:46:20+00:00\",\"mainEntityOfPage\":{\"@id\":\"https:\/\/fg.ull.es\/portal\/gdi\/los-retos-de-la-innovacion-digital\/\"},\"wordCount\":561,\"publisher\":{\"@id\":\"https:\/\/fg.ull.es\/portal\/gdi\/#organization\"},\"articleSection\":[\"Emprendimiento\",\"Portada\"],\"inLanguage\":\"es\"},{\"@type\":\"WebPage\",\"@id\":\"https:\/\/fg.ull.es\/portal\/gdi\/los-retos-de-la-innovacion-digital\/\",\"url\":\"https:\/\/fg.ull.es\/portal\/gdi\/los-retos-de-la-innovacion-digital\/\",\"name\":\"Los retos de la innovaci\u00f3n digital - Programa de Gestores de la Innovaci\u00f3n\",\"isPartOf\":{\"@id\":\"https:\/\/fg.ull.es\/portal\/gdi\/#website\"},\"datePublished\":\"2019-03-18T11:46:20+00:00\",\"dateModified\":\"2019-03-18T11:46:20+00:00\",\"breadcrumb\":{\"@id\":\"https:\/\/fg.ull.es\/portal\/gdi\/los-retos-de-la-innovacion-digital\/#breadcrumb\"},\"inLanguage\":\"es\",\"potentialAction\":[{\"@type\":\"ReadAction\",\"target\":[\"https:\/\/fg.ull.es\/portal\/gdi\/los-retos-de-la-innovacion-digital\/\"]}]},{\"@type\":\"BreadcrumbList\",\"@id\":\"https:\/\/fg.ull.es\/portal\/gdi\/los-retos-de-la-innovacion-digital\/#breadcrumb\",\"itemListElement\":[{\"@type\":\"ListItem\",\"position\":1,\"name\":\"Portada\",\"item\":\"https:\/\/fg.ull.es\/portal\/gdi\/\"},{\"@type\":\"ListItem\",\"position\":2,\"name\":\"Los retos de la innovaci\u00f3n digital\"}]},{\"@type\":\"WebSite\",\"@id\":\"https:\/\/fg.ull.es\/portal\/gdi\/#website\",\"url\":\"https:\/\/fg.ull.es\/portal\/gdi\/\",\"name\":\"Programa de Gestores de la Innovaci\u00f3n\",\"description\":\"\",\"publisher\":{\"@id\":\"https:\/\/fg.ull.es\/portal\/gdi\/#organization\"},\"potentialAction\":[{\"@type\":\"SearchAction\",\"target\":{\"@type\":\"EntryPoint\",\"urlTemplate\":\"https:\/\/fg.ull.es\/portal\/gdi\/?s={search_term_string}\"},\"query-input\":\"required name=search_term_string\"}],\"inLanguage\":\"es\"},{\"@type\":\"Organization\",\"@id\":\"https:\/\/fg.ull.es\/portal\/gdi\/#organization\",\"name\":\"FUNDACI\u00d3N CANARIA GENERAL UNIVERSIDAD DE LA LAGUNA\",\"url\":\"https:\/\/fg.ull.es\/portal\/gdi\/\",\"logo\":{\"@type\":\"ImageObject\",\"inLanguage\":\"es\",\"@id\":\"https:\/\/fg.ull.es\/portal\/gdi\/#\/schema\/logo\/image\/\",\"url\":\"https:\/\/fg.ull.es\/portal\/gdi\/wp-content\/uploads\/sites\/2\/2020\/04\/FAVICON.png\",\"contentUrl\":\"https:\/\/fg.ull.es\/portal\/gdi\/wp-content\/uploads\/sites\/2\/2020\/04\/FAVICON.png\",\"width\":512,\"height\":512,\"caption\":\"FUNDACI\u00d3N CANARIA GENERAL UNIVERSIDAD DE LA LAGUNA\"},\"image\":{\"@id\":\"https:\/\/fg.ull.es\/portal\/gdi\/#\/schema\/logo\/image\/\"}},{\"@type\":\"Person\",\"@id\":\"https:\/\/fg.ull.es\/portal\/gdi\/#\/schema\/person\/cd0f7ca826926dd4a0eb25f9c8fb0bb3\",\"name\":\"foguisado\",\"image\":{\"@type\":\"ImageObject\",\"inLanguage\":\"es\",\"@id\":\"https:\/\/fg.ull.es\/portal\/gdi\/#\/schema\/person\/image\/\",\"url\":\"https:\/\/secure.gravatar.com\/avatar\/547f00b03d8a3f8a44c7163ced6a71da?s=96&d=mm&r=g\",\"contentUrl\":\"https:\/\/secure.gravatar.com\/avatar\/547f00b03d8a3f8a44c7163ced6a71da?s=96&d=mm&r=g\",\"caption\":\"foguisado\"}}]}<\/script>\n<!-- \/ Yoast SEO plugin. -->","yoast_head_json":{"title":"Los retos de la innovaci\u00f3n digital - Programa de Gestores de la Innovaci\u00f3n","robots":{"index":"index","follow":"follow","max-snippet":"max-snippet:-1","max-image-preview":"max-image-preview:large","max-video-preview":"max-video-preview:-1"},"canonical":"https:\/\/fg.ull.es\/portal\/gdi\/los-retos-de-la-innovacion-digital\/","og_locale":"es_ES","og_type":"article","og_title":"Los retos de la innovaci\u00f3n digital - Programa de Gestores de la Innovaci\u00f3n","og_description":"Una de nuestras principales l\u00edneas formativas y retos es contribuir a la transformaci\u00f3n digital en las personas y organizaciones. Es por eso que nos parece interesante destacar esta jornada que, bajo el t\u00edtulo \u00abDigital Innovation Challenge\u00ab, tendr\u00e1 lugar el pr\u00f3ximo 4 de abril. La actividad tendr\u00e1 lugar en el Aula Magna de la Facultad de...","og_url":"https:\/\/fg.ull.es\/portal\/gdi\/los-retos-de-la-innovacion-digital\/","og_site_name":"Programa de Gestores de la Innovaci\u00f3n","article_published_time":"2019-03-18T11:46:20+00:00","og_image":[{"width":1200,"height":628,"url":"https:\/\/fg.ull.es\/portal\/gdi\/wp-content\/uploads\/sites\/2\/2019\/03\/fimac.jpg","type":"image\/jpeg"}],"author":"foguisado","twitter_card":"summary_large_image","twitter_misc":{"Written by":"foguisado","Est. reading time":"3 minutos"},"schema":{"@context":"https:\/\/schema.org","@graph":[{"@type":"Article","@id":"https:\/\/fg.ull.es\/portal\/gdi\/los-retos-de-la-innovacion-digital\/#article","isPartOf":{"@id":"https:\/\/fg.ull.es\/portal\/gdi\/los-retos-de-la-innovacion-digital\/"},"author":{"name":"foguisado","@id":"https:\/\/fg.ull.es\/portal\/gdi\/#\/schema\/person\/cd0f7ca826926dd4a0eb25f9c8fb0bb3"},"headline":"Los retos de la innovaci\u00f3n digital","datePublished":"2019-03-18T11:46:20+00:00","dateModified":"2019-03-18T11:46:20+00:00","mainEntityOfPage":{"@id":"https:\/\/fg.ull.es\/portal\/gdi\/los-retos-de-la-innovacion-digital\/"},"wordCount":561,"publisher":{"@id":"https:\/\/fg.ull.es\/portal\/gdi\/#organization"},"articleSection":["Emprendimiento","Portada"],"inLanguage":"es"},{"@type":"WebPage","@id":"https:\/\/fg.ull.es\/portal\/gdi\/los-retos-de-la-innovacion-digital\/","url":"https:\/\/fg.ull.es\/portal\/gdi\/los-retos-de-la-innovacion-digital\/","name":"Los retos de la innovaci\u00f3n digital - Programa de Gestores de la Innovaci\u00f3n","isPartOf":{"@id":"https:\/\/fg.ull.es\/portal\/gdi\/#website"},"datePublished":"2019-03-18T11:46:20+00:00","dateModified":"2019-03-18T11:46:20+00:00","breadcrumb":{"@id":"https:\/\/fg.ull.es\/portal\/gdi\/los-retos-de-la-innovacion-digital\/#breadcrumb"},"inLanguage":"es","potentialAction":[{"@type":"ReadAction","target":["https:\/\/fg.ull.es\/portal\/gdi\/los-retos-de-la-innovacion-digital\/"]}]},{"@type":"BreadcrumbList","@id":"https:\/\/fg.ull.es\/portal\/gdi\/los-retos-de-la-innovacion-digital\/#breadcrumb","itemListElement":[{"@type":"ListItem","position":1,"name":"Portada","item":"https:\/\/fg.ull.es\/portal\/gdi\/"},{"@type":"ListItem","position":2,"name":"Los retos de la innovaci\u00f3n digital"}]},{"@type":"WebSite","@id":"https:\/\/fg.ull.es\/portal\/gdi\/#website","url":"https:\/\/fg.ull.es\/portal\/gdi\/","name":"Programa de Gestores de la Innovaci\u00f3n","description":"","publisher":{"@id":"https:\/\/fg.ull.es\/portal\/gdi\/#organization"},"potentialAction":[{"@type":"SearchAction","target":{"@type":"EntryPoint","urlTemplate":"https:\/\/fg.ull.es\/portal\/gdi\/?s={search_term_string}"},"query-input":"required name=search_term_string"}],"inLanguage":"es"},{"@type":"Organization","@id":"https:\/\/fg.ull.es\/portal\/gdi\/#organization","name":"FUNDACI\u00d3N CANARIA GENERAL UNIVERSIDAD DE LA LAGUNA","url":"https:\/\/fg.ull.es\/portal\/gdi\/","logo":{"@type":"ImageObject","inLanguage":"es","@id":"https:\/\/fg.ull.es\/portal\/gdi\/#\/schema\/logo\/image\/","url":"https:\/\/fg.ull.es\/portal\/gdi\/wp-content\/uploads\/sites\/2\/2020\/04\/FAVICON.png","contentUrl":"https:\/\/fg.ull.es\/portal\/gdi\/wp-content\/uploads\/sites\/2\/2020\/04\/FAVICON.png","width":512,"height":512,"caption":"FUNDACI\u00d3N CANARIA GENERAL UNIVERSIDAD DE LA LAGUNA"},"image":{"@id":"https:\/\/fg.ull.es\/portal\/gdi\/#\/schema\/logo\/image\/"}},{"@type":"Person","@id":"https:\/\/fg.ull.es\/portal\/gdi\/#\/schema\/person\/cd0f7ca826926dd4a0eb25f9c8fb0bb3","name":"foguisado","image":{"@type":"ImageObject","inLanguage":"es","@id":"https:\/\/fg.ull.es\/portal\/gdi\/#\/schema\/person\/image\/","url":"https:\/\/secure.gravatar.com\/avatar\/547f00b03d8a3f8a44c7163ced6a71da?s=96&d=mm&r=g","contentUrl":"https:\/\/secure.gravatar.com\/avatar\/547f00b03d8a3f8a44c7163ced6a71da?s=96&d=mm&r=g","caption":"foguisado"}}]}},"_links":{"self":[{"href":"https:\/\/fg.ull.es\/portal\/gdi\/wp-json\/wp\/v2\/posts\/2920"}],"collection":[{"href":"https:\/\/fg.ull.es\/portal\/gdi\/wp-json\/wp\/v2\/posts"}],"about":[{"href":"https:\/\/fg.ull.es\/portal\/gdi\/wp-json\/wp\/v2\/types\/post"}],"author":[{"embeddable":true,"href":"https:\/\/fg.ull.es\/portal\/gdi\/wp-json\/wp\/v2\/users\/9"}],"replies":[{"embeddable":true,"href":"https:\/\/fg.ull.es\/portal\/gdi\/wp-json\/wp\/v2\/comments?post=2920"}],"version-history":[{"count":2,"href":"https:\/\/fg.ull.es\/portal\/gdi\/wp-json\/wp\/v2\/posts\/2920\/revisions"}],"predecessor-version":[{"id":2923,"href":"https:\/\/fg.ull.es\/portal\/gdi\/wp-json\/wp\/v2\/posts\/2920\/revisions\/2923"}],"wp:featuredmedia":[{"embeddable":true,"href":"https:\/\/fg.ull.es\/portal\/gdi\/wp-json\/wp\/v2\/media\/2921"}],"wp:attachment":[{"href":"https:\/\/fg.ull.es\/portal\/gdi\/wp-json\/wp\/v2\/media?parent=2920"}],"wp:term":[{"taxonomy":"category","embeddable":true,"href":"https:\/\/fg.ull.es\/portal\/gdi\/wp-json\/wp\/v2\/categories?post=2920"},{"taxonomy":"post_tag","embeddable":true,"href":"https:\/\/fg.ull.es\/portal\/gdi\/wp-json\/wp\/v2\/tags?post=2920"}],"curies":[{"name":"wp","href":"https:\/\/api.w.org\/{rel}","templated":true}]}}