{"id":2816,"date":"2019-03-08T14:54:30","date_gmt":"2019-03-08T14:54:30","guid":{"rendered":"https:\/\/fg.ull.es\/portal\/gdi\/?p=2816"},"modified":"2019-03-08T14:54:30","modified_gmt":"2019-03-08T14:54:30","slug":"tu-futuro-laboral-esta-aqui-y-es-ahora-cultura-innovadora","status":"publish","type":"post","link":"https:\/\/fg.ull.es\/portal\/gdi\/tu-futuro-laboral-esta-aqui-y-es-ahora-cultura-innovadora\/","title":{"rendered":"Tu futuro laboral est\u00e1 aqu\u00ed y es ahora &#8211; Cultura Innovadora"},"content":{"rendered":"<p><strong>Gesti\u00f3n de la Innovaci\u00f3n 2019<\/strong> es un programa formativo gratuito cuyo reto es crear un ecosistema innovador en Canarias. T\u00fa eres el instrumento del cambio; es por eso que nos esforzamos por transformar tu visi\u00f3n del mundo, por que puedas transmitir esto al tejido empresarial y de generaci\u00f3n de conocimiento \u2013 <strong>Cultura Innovadora<\/strong>.<\/p>\n<p>Si quieres estar preparado para tu nuevo futuro laboral, elige entre alguna de las l\u00edneas formativas que hemos dise\u00f1ado para ti:<\/p>\n<ul>\n<li><strong>Gesti\u00f3n de la innovaci\u00f3n (100 horas):<\/strong> identifica nuevas oportunidades de negocio, dise\u00f1a nuevos productos y servicios, aprende a gestionar proyectos de I+D+i,\u2026 (*) Promoci\u00f3n, Gesti\u00f3n y Consultor\u00eda son los 3 niveles de este itinerario formativo que ampliar\u00e1 tus horizontes en el mercado laboral.<\/li>\n<li><strong>Transformaci\u00f3n digital (100 horas):<\/strong> las nuevas tecnolog\u00edas al servicio de la transformaci\u00f3n digital de las organizaciones. Adquiere los conocimientos que son tendencia y que demandan las empresas para afrontar los retos de un futuro que es hoy. (*) Promoci\u00f3n, Gesti\u00f3n y Consultor\u00eda, 3 niveles para poner en pr\u00e1ctica lo aprendido en un entorno real.<\/li>\n<li><strong>Experto\/a digital (50 horas):<\/strong> Big Data, Comunicaci\u00f3n, Marketing y Comercio Digital, eGovernment y Smart Cities, Gesti\u00f3n del Cambio y Liderazgo; son los 4 itinerarios de 50 horas cada uno con los que podr\u00e1s especializarte en las nuevas tendencias del \u00e1mbito digital.<\/li>\n<li><strong>Transferencia y valorizaci\u00f3n (50 horas):<\/strong> otra forma de innovaci\u00f3n que genera riqueza y empleo. Aprender a transferir y valorar el conocimiento generado por la investigaci\u00f3n y su aplicaci\u00f3n al tejido productivo.<\/li>\n<\/ul>\n<p>(*) <em>Los niveles de Promoci\u00f3n (1) y Gesti\u00f3n (2) pueden realizarse de forma independiente. El acceso al nivel 3 de Consultor\u00eda (acceso a pr\u00e1cticas remuneradas en empresas y grupos de investigaci\u00f3n) requiere haber superado los niveles 1 y 2. Esta formaci\u00f3n es convalidable por ECTS.<\/em><\/p>\n<p><strong>Requisitos que debes cumplir\u2026<\/strong><\/p>\n<ul>\n<li>Personas con titulaci\u00f3n universitaria obtenida en los cinco a\u00f1os anteriores y estudiantes de los dos \u00faltimos a\u00f1os de carrera.<\/li>\n<li>Personas inscritas como demandantes de empleo en el Servicio Canario de Empleo.<\/li>\n<\/ul>\n<p>Tambi\u00e9n podr\u00e1 formarse otros posibles colectivos que sean demandantes de empleo, y se encuentren en efectiva b\u00fasqueda o mejora de empleo.<\/p>\n<p>Hace unos d\u00edas los compa\u00f1eros de <a href=\"http:\/\/www.rcampus.net\/\">Radio Campus ULL<\/a>\u00a0entrevistaron a los t\u00e9cnicos que gestionan este programa. Puedes escuchar la <strong>entrevista completa<\/strong>, realizada por el periodista <a href=\"https:\/\/twitter.com\/LuisRabionet?lang=es\">Luis Hern\u00e1ndez Rabionet<\/a>, <a href=\"https:\/\/www.ivoox.com\/programa-gestion-innovacion-entrevista-audios-mp3_rf_33059366_1.html\">en este enlace<\/a>.<\/p>\n<p>Si quieres ampliar informaci\u00f3n consulta <a href=\"https:\/\/fg.ull.es\/portal\/gdi\/\">nuestra web<\/a> o <strong>contacta directamente con nosotros<\/strong> para resolver cualquier duda en el 922 319 914 o enviando un correo electr\u00f3nico a gdi@fg.ull.es<\/p>\n","protected":false},"excerpt":{"rendered":"<p>Gesti\u00f3n de la Innovaci\u00f3n 2019 es un programa formativo gratuito cuyo reto es crear un ecosistema innovador en Canarias. T\u00fa eres el instrumento del cambio; es por eso que nos esforzamos por transformar tu visi\u00f3n del mundo, por que puedas transmitir esto al tejido empresarial y de generaci\u00f3n de conocimiento \u2013 Cultura Innovadora. Si quieres&#8230;<\/p>\n","protected":false},"author":9,"featured_media":2817,"comment_status":"closed","ping_status":"closed","sticky":false,"template":"","format":"standard","meta":{"footnotes":""},"categories":[3,4,5,6],"tags":[],"yoast_head":"<!-- This site is optimized with the Yoast SEO plugin v21.1 - https:\/\/yoast.com\/wordpress\/plugins\/seo\/ -->\n<title>Tu futuro laboral est\u00e1 aqu\u00ed y es ahora - Cultura Innovadora - Programa de Gestores de la Innovaci\u00f3n<\/title>\n<meta name=\"robots\" content=\"index, follow, max-snippet:-1, max-image-preview:large, max-video-preview:-1\" \/>\n<link rel=\"canonical\" href=\"https:\/\/fg.ull.es\/portal\/gdi\/tu-futuro-laboral-esta-aqui-y-es-ahora-cultura-innovadora\/\" \/>\n<meta property=\"og:locale\" content=\"es_ES\" \/>\n<meta property=\"og:type\" content=\"article\" \/>\n<meta property=\"og:title\" content=\"Tu futuro laboral est\u00e1 aqu\u00ed y es ahora - Cultura Innovadora - Programa de Gestores de la Innovaci\u00f3n\" \/>\n<meta property=\"og:description\" content=\"Gesti\u00f3n de la Innovaci\u00f3n 2019 es un programa formativo gratuito cuyo reto es crear un ecosistema innovador en Canarias. T\u00fa eres el instrumento del cambio; es por eso que nos esforzamos por transformar tu visi\u00f3n del mundo, por que puedas transmitir esto al tejido empresarial y de generaci\u00f3n de conocimiento \u2013 Cultura Innovadora. Si quieres...\" \/>\n<meta property=\"og:url\" content=\"https:\/\/fg.ull.es\/portal\/gdi\/tu-futuro-laboral-esta-aqui-y-es-ahora-cultura-innovadora\/\" \/>\n<meta property=\"og:site_name\" content=\"Programa de Gestores de la Innovaci\u00f3n\" \/>\n<meta property=\"article:published_time\" content=\"2019-03-08T14:54:30+00:00\" \/>\n<meta property=\"og:image\" content=\"https:\/\/fg.ull.es\/portal\/gdi\/wp-content\/uploads\/sites\/2\/2019\/03\/gdi-formaci\u00f3n.png\" \/>\n\t<meta property=\"og:image:width\" content=\"1611\" \/>\n\t<meta property=\"og:image:height\" content=\"889\" \/>\n\t<meta property=\"og:image:type\" content=\"image\/png\" \/>\n<meta name=\"author\" content=\"foguisado\" \/>\n<meta name=\"twitter:card\" content=\"summary_large_image\" \/>\n<meta name=\"twitter:label1\" content=\"Written by\" \/>\n\t<meta name=\"twitter:data1\" content=\"foguisado\" \/>\n\t<meta name=\"twitter:label2\" content=\"Est. reading time\" \/>\n\t<meta name=\"twitter:data2\" content=\"2 minutos\" \/>\n<script type=\"application\/ld+json\" class=\"yoast-schema-graph\">{\"@context\":\"https:\/\/schema.org\",\"@graph\":[{\"@type\":\"Article\",\"@id\":\"https:\/\/fg.ull.es\/portal\/gdi\/tu-futuro-laboral-esta-aqui-y-es-ahora-cultura-innovadora\/#article\",\"isPartOf\":{\"@id\":\"https:\/\/fg.ull.es\/portal\/gdi\/tu-futuro-laboral-esta-aqui-y-es-ahora-cultura-innovadora\/\"},\"author\":{\"name\":\"foguisado\",\"@id\":\"https:\/\/fg.ull.es\/portal\/gdi\/#\/schema\/person\/cd0f7ca826926dd4a0eb25f9c8fb0bb3\"},\"headline\":\"Tu futuro laboral est\u00e1 aqu\u00ed y es ahora &#8211; Cultura Innovadora\",\"datePublished\":\"2019-03-08T14:54:30+00:00\",\"dateModified\":\"2019-03-08T14:54:30+00:00\",\"mainEntityOfPage\":{\"@id\":\"https:\/\/fg.ull.es\/portal\/gdi\/tu-futuro-laboral-esta-aqui-y-es-ahora-cultura-innovadora\/\"},\"wordCount\":443,\"publisher\":{\"@id\":\"https:\/\/fg.ull.es\/portal\/gdi\/#organization\"},\"articleSection\":[\"Portada\",\"programa GDI\",\"Programa GDI TD\",\"Programa GDI TV\"],\"inLanguage\":\"es\"},{\"@type\":\"WebPage\",\"@id\":\"https:\/\/fg.ull.es\/portal\/gdi\/tu-futuro-laboral-esta-aqui-y-es-ahora-cultura-innovadora\/\",\"url\":\"https:\/\/fg.ull.es\/portal\/gdi\/tu-futuro-laboral-esta-aqui-y-es-ahora-cultura-innovadora\/\",\"name\":\"Tu futuro laboral est\u00e1 aqu\u00ed y es ahora - Cultura Innovadora - Programa de Gestores de la Innovaci\u00f3n\",\"isPartOf\":{\"@id\":\"https:\/\/fg.ull.es\/portal\/gdi\/#website\"},\"datePublished\":\"2019-03-08T14:54:30+00:00\",\"dateModified\":\"2019-03-08T14:54:30+00:00\",\"breadcrumb\":{\"@id\":\"https:\/\/fg.ull.es\/portal\/gdi\/tu-futuro-laboral-esta-aqui-y-es-ahora-cultura-innovadora\/#breadcrumb\"},\"inLanguage\":\"es\",\"potentialAction\":[{\"@type\":\"ReadAction\",\"target\":[\"https:\/\/fg.ull.es\/portal\/gdi\/tu-futuro-laboral-esta-aqui-y-es-ahora-cultura-innovadora\/\"]}]},{\"@type\":\"BreadcrumbList\",\"@id\":\"https:\/\/fg.ull.es\/portal\/gdi\/tu-futuro-laboral-esta-aqui-y-es-ahora-cultura-innovadora\/#breadcrumb\",\"itemListElement\":[{\"@type\":\"ListItem\",\"position\":1,\"name\":\"Portada\",\"item\":\"https:\/\/fg.ull.es\/portal\/gdi\/\"},{\"@type\":\"ListItem\",\"position\":2,\"name\":\"Tu futuro laboral est\u00e1 aqu\u00ed y es ahora &#8211; Cultura Innovadora\"}]},{\"@type\":\"WebSite\",\"@id\":\"https:\/\/fg.ull.es\/portal\/gdi\/#website\",\"url\":\"https:\/\/fg.ull.es\/portal\/gdi\/\",\"name\":\"Programa de Gestores de la Innovaci\u00f3n\",\"description\":\"\",\"publisher\":{\"@id\":\"https:\/\/fg.ull.es\/portal\/gdi\/#organization\"},\"potentialAction\":[{\"@type\":\"SearchAction\",\"target\":{\"@type\":\"EntryPoint\",\"urlTemplate\":\"https:\/\/fg.ull.es\/portal\/gdi\/?s={search_term_string}\"},\"query-input\":\"required name=search_term_string\"}],\"inLanguage\":\"es\"},{\"@type\":\"Organization\",\"@id\":\"https:\/\/fg.ull.es\/portal\/gdi\/#organization\",\"name\":\"FUNDACI\u00d3N CANARIA GENERAL UNIVERSIDAD DE LA LAGUNA\",\"url\":\"https:\/\/fg.ull.es\/portal\/gdi\/\",\"logo\":{\"@type\":\"ImageObject\",\"inLanguage\":\"es\",\"@id\":\"https:\/\/fg.ull.es\/portal\/gdi\/#\/schema\/logo\/image\/\",\"url\":\"https:\/\/fg.ull.es\/portal\/gdi\/wp-content\/uploads\/sites\/2\/2020\/04\/FAVICON.png\",\"contentUrl\":\"https:\/\/fg.ull.es\/portal\/gdi\/wp-content\/uploads\/sites\/2\/2020\/04\/FAVICON.png\",\"width\":512,\"height\":512,\"caption\":\"FUNDACI\u00d3N CANARIA GENERAL UNIVERSIDAD DE LA LAGUNA\"},\"image\":{\"@id\":\"https:\/\/fg.ull.es\/portal\/gdi\/#\/schema\/logo\/image\/\"}},{\"@type\":\"Person\",\"@id\":\"https:\/\/fg.ull.es\/portal\/gdi\/#\/schema\/person\/cd0f7ca826926dd4a0eb25f9c8fb0bb3\",\"name\":\"foguisado\",\"image\":{\"@type\":\"ImageObject\",\"inLanguage\":\"es\",\"@id\":\"https:\/\/fg.ull.es\/portal\/gdi\/#\/schema\/person\/image\/\",\"url\":\"https:\/\/secure.gravatar.com\/avatar\/547f00b03d8a3f8a44c7163ced6a71da?s=96&d=mm&r=g\",\"contentUrl\":\"https:\/\/secure.gravatar.com\/avatar\/547f00b03d8a3f8a44c7163ced6a71da?s=96&d=mm&r=g\",\"caption\":\"foguisado\"}}]}<\/script>\n<!-- \/ Yoast SEO plugin. -->","yoast_head_json":{"title":"Tu futuro laboral est\u00e1 aqu\u00ed y es ahora - Cultura Innovadora - Programa de Gestores de la Innovaci\u00f3n","robots":{"index":"index","follow":"follow","max-snippet":"max-snippet:-1","max-image-preview":"max-image-preview:large","max-video-preview":"max-video-preview:-1"},"canonical":"https:\/\/fg.ull.es\/portal\/gdi\/tu-futuro-laboral-esta-aqui-y-es-ahora-cultura-innovadora\/","og_locale":"es_ES","og_type":"article","og_title":"Tu futuro laboral est\u00e1 aqu\u00ed y es ahora - Cultura Innovadora - Programa de Gestores de la Innovaci\u00f3n","og_description":"Gesti\u00f3n de la Innovaci\u00f3n 2019 es un programa formativo gratuito cuyo reto es crear un ecosistema innovador en Canarias. T\u00fa eres el instrumento del cambio; es por eso que nos esforzamos por transformar tu visi\u00f3n del mundo, por que puedas transmitir esto al tejido empresarial y de generaci\u00f3n de conocimiento \u2013 Cultura Innovadora. Si quieres...","og_url":"https:\/\/fg.ull.es\/portal\/gdi\/tu-futuro-laboral-esta-aqui-y-es-ahora-cultura-innovadora\/","og_site_name":"Programa de Gestores de la Innovaci\u00f3n","article_published_time":"2019-03-08T14:54:30+00:00","og_image":[{"width":1611,"height":889,"url":"https:\/\/fg.ull.es\/portal\/gdi\/wp-content\/uploads\/sites\/2\/2019\/03\/gdi-formaci\u00f3n.png","type":"image\/png"}],"author":"foguisado","twitter_card":"summary_large_image","twitter_misc":{"Written by":"foguisado","Est. reading time":"2 minutos"},"schema":{"@context":"https:\/\/schema.org","@graph":[{"@type":"Article","@id":"https:\/\/fg.ull.es\/portal\/gdi\/tu-futuro-laboral-esta-aqui-y-es-ahora-cultura-innovadora\/#article","isPartOf":{"@id":"https:\/\/fg.ull.es\/portal\/gdi\/tu-futuro-laboral-esta-aqui-y-es-ahora-cultura-innovadora\/"},"author":{"name":"foguisado","@id":"https:\/\/fg.ull.es\/portal\/gdi\/#\/schema\/person\/cd0f7ca826926dd4a0eb25f9c8fb0bb3"},"headline":"Tu futuro laboral est\u00e1 aqu\u00ed y es ahora &#8211; Cultura Innovadora","datePublished":"2019-03-08T14:54:30+00:00","dateModified":"2019-03-08T14:54:30+00:00","mainEntityOfPage":{"@id":"https:\/\/fg.ull.es\/portal\/gdi\/tu-futuro-laboral-esta-aqui-y-es-ahora-cultura-innovadora\/"},"wordCount":443,"publisher":{"@id":"https:\/\/fg.ull.es\/portal\/gdi\/#organization"},"articleSection":["Portada","programa GDI","Programa GDI TD","Programa GDI TV"],"inLanguage":"es"},{"@type":"WebPage","@id":"https:\/\/fg.ull.es\/portal\/gdi\/tu-futuro-laboral-esta-aqui-y-es-ahora-cultura-innovadora\/","url":"https:\/\/fg.ull.es\/portal\/gdi\/tu-futuro-laboral-esta-aqui-y-es-ahora-cultura-innovadora\/","name":"Tu futuro laboral est\u00e1 aqu\u00ed y es ahora - Cultura Innovadora - Programa de Gestores de la Innovaci\u00f3n","isPartOf":{"@id":"https:\/\/fg.ull.es\/portal\/gdi\/#website"},"datePublished":"2019-03-08T14:54:30+00:00","dateModified":"2019-03-08T14:54:30+00:00","breadcrumb":{"@id":"https:\/\/fg.ull.es\/portal\/gdi\/tu-futuro-laboral-esta-aqui-y-es-ahora-cultura-innovadora\/#breadcrumb"},"inLanguage":"es","potentialAction":[{"@type":"ReadAction","target":["https:\/\/fg.ull.es\/portal\/gdi\/tu-futuro-laboral-esta-aqui-y-es-ahora-cultura-innovadora\/"]}]},{"@type":"BreadcrumbList","@id":"https:\/\/fg.ull.es\/portal\/gdi\/tu-futuro-laboral-esta-aqui-y-es-ahora-cultura-innovadora\/#breadcrumb","itemListElement":[{"@type":"ListItem","position":1,"name":"Portada","item":"https:\/\/fg.ull.es\/portal\/gdi\/"},{"@type":"ListItem","position":2,"name":"Tu futuro laboral est\u00e1 aqu\u00ed y es ahora &#8211; Cultura Innovadora"}]},{"@type":"WebSite","@id":"https:\/\/fg.ull.es\/portal\/gdi\/#website","url":"https:\/\/fg.ull.es\/portal\/gdi\/","name":"Programa de Gestores de la Innovaci\u00f3n","description":"","publisher":{"@id":"https:\/\/fg.ull.es\/portal\/gdi\/#organization"},"potentialAction":[{"@type":"SearchAction","target":{"@type":"EntryPoint","urlTemplate":"https:\/\/fg.ull.es\/portal\/gdi\/?s={search_term_string}"},"query-input":"required name=search_term_string"}],"inLanguage":"es"},{"@type":"Organization","@id":"https:\/\/fg.ull.es\/portal\/gdi\/#organization","name":"FUNDACI\u00d3N CANARIA GENERAL UNIVERSIDAD DE LA LAGUNA","url":"https:\/\/fg.ull.es\/portal\/gdi\/","logo":{"@type":"ImageObject","inLanguage":"es","@id":"https:\/\/fg.ull.es\/portal\/gdi\/#\/schema\/logo\/image\/","url":"https:\/\/fg.ull.es\/portal\/gdi\/wp-content\/uploads\/sites\/2\/2020\/04\/FAVICON.png","contentUrl":"https:\/\/fg.ull.es\/portal\/gdi\/wp-content\/uploads\/sites\/2\/2020\/04\/FAVICON.png","width":512,"height":512,"caption":"FUNDACI\u00d3N CANARIA GENERAL UNIVERSIDAD DE LA LAGUNA"},"image":{"@id":"https:\/\/fg.ull.es\/portal\/gdi\/#\/schema\/logo\/image\/"}},{"@type":"Person","@id":"https:\/\/fg.ull.es\/portal\/gdi\/#\/schema\/person\/cd0f7ca826926dd4a0eb25f9c8fb0bb3","name":"foguisado","image":{"@type":"ImageObject","inLanguage":"es","@id":"https:\/\/fg.ull.es\/portal\/gdi\/#\/schema\/person\/image\/","url":"https:\/\/secure.gravatar.com\/avatar\/547f00b03d8a3f8a44c7163ced6a71da?s=96&d=mm&r=g","contentUrl":"https:\/\/secure.gravatar.com\/avatar\/547f00b03d8a3f8a44c7163ced6a71da?s=96&d=mm&r=g","caption":"foguisado"}}]}},"_links":{"self":[{"href":"https:\/\/fg.ull.es\/portal\/gdi\/wp-json\/wp\/v2\/posts\/2816"}],"collection":[{"href":"https:\/\/fg.ull.es\/portal\/gdi\/wp-json\/wp\/v2\/posts"}],"about":[{"href":"https:\/\/fg.ull.es\/portal\/gdi\/wp-json\/wp\/v2\/types\/post"}],"author":[{"embeddable":true,"href":"https:\/\/fg.ull.es\/portal\/gdi\/wp-json\/wp\/v2\/users\/9"}],"replies":[{"embeddable":true,"href":"https:\/\/fg.ull.es\/portal\/gdi\/wp-json\/wp\/v2\/comments?post=2816"}],"version-history":[{"count":1,"href":"https:\/\/fg.ull.es\/portal\/gdi\/wp-json\/wp\/v2\/posts\/2816\/revisions"}],"predecessor-version":[{"id":2818,"href":"https:\/\/fg.ull.es\/portal\/gdi\/wp-json\/wp\/v2\/posts\/2816\/revisions\/2818"}],"wp:featuredmedia":[{"embeddable":true,"href":"https:\/\/fg.ull.es\/portal\/gdi\/wp-json\/wp\/v2\/media\/2817"}],"wp:attachment":[{"href":"https:\/\/fg.ull.es\/portal\/gdi\/wp-json\/wp\/v2\/media?parent=2816"}],"wp:term":[{"taxonomy":"category","embeddable":true,"href":"https:\/\/fg.ull.es\/portal\/gdi\/wp-json\/wp\/v2\/categories?post=2816"},{"taxonomy":"post_tag","embeddable":true,"href":"https:\/\/fg.ull.es\/portal\/gdi\/wp-json\/wp\/v2\/tags?post=2816"}],"curies":[{"name":"wp","href":"https:\/\/api.w.org\/{rel}","templated":true}]}}