{"id":2486,"date":"2018-09-21T13:33:04","date_gmt":"2018-09-21T13:33:04","guid":{"rendered":"https:\/\/fg.ull.es\/portal\/gdi\/?p=2486"},"modified":"2021-08-15T06:50:54","modified_gmt":"2021-08-15T06:50:54","slug":"listado-provisional-de-empresas-participantes-en-el-programa-de-formacion-de-gestion-de-la-innovacion","status":"publish","type":"post","link":"https:\/\/fg.ull.es\/portal\/gdi\/listado-provisional-de-empresas-participantes-en-el-programa-de-formacion-de-gestion-de-la-innovacion\/","title":{"rendered":"Listado provisional de empresas participantes en el Programa de Formaci\u00f3n de Gesti\u00f3n de la Innovaci\u00f3n"},"content":{"rendered":"<p>Con fecha 31 de julio de 2018 la <strong>Fundaci\u00f3n General de la Universidad de La Laguna<\/strong> procedi\u00f3 a la apertura del per\u00edodo de inscripci\u00f3n para empresas interesadas en participar en el <em>Programa Formativo de Gesti\u00f3n de la Innovaci\u00f3n 2018<\/em>.<\/p>\n<p>Hoy d\u00eda 21 de septiembre de 2018 se publica el <strong>listado provisional de empresas interesadas en participar en el Programa Formativo<\/strong>, las empresas que lo deseen podr\u00e1n realizar <strong>alegaciones<\/strong> al presente listado hasta el <strong>lunes 24 de septiembre de 2018 a las 23:59<\/strong>.<\/p>\n<p>En el siguiente enlace se podr\u00e1 visualizar el <strong><a href=\"https:\/\/drive.google.com\/file\/d\/19LpK9jvs2Do4WC0PMrTJ2WguebOt4xnC\/view?usp=sharing\" target=\"_blank\" rel=\"noopener noreferrer\">Listado provisional de empresas participantes en el Programa<\/a><\/strong>.<\/p>\n<p>Las empresas que finalmente sean seleccionadas acoger\u00e1n a parte del alumnado como personal en pr\u00e1cticas. Alumnos y alumnas que han recibido formaci\u00f3n como Consultores\/as de la innovaci\u00f3n o como Consultores\/as digitales durante las semanas precedentes y que en esta fase aplicar\u00e1n de manera pr\u00e1ctica los conocimientos adquiridos.<\/p>\n<p>El Programa de Formaci\u00f3n de Gestores de la Innovaci\u00f3n 2018, est\u00e1 impulsado en colaboraci\u00f3n con la Agencia Canaria de Investigaci\u00f3n, Innovaci\u00f3n y Sociedad de la Informaci\u00f3n (ACIISI) del Gobierno de Canarias y cofinanciado en un 85% por el Fondo Social Europeo (FSE) en los t\u00e9rminos establecidos en el Programa Operativo de Canarias 2014-2020, en el Eje prioritario 1, Objetivo tem\u00e1tico 8, Prioridad de inversi\u00f3n 8.1, Objetivo espec\u00edfico 8.1.2.<\/p>\n","protected":false},"excerpt":{"rendered":"<p>Con fecha 31 de julio de 2018 la Fundaci\u00f3n General de la Universidad de La Laguna procedi\u00f3 a la apertura del per\u00edodo de inscripci\u00f3n para empresas interesadas en participar en el Programa Formativo de Gesti\u00f3n de la Innovaci\u00f3n 2018. Hoy d\u00eda 21 de septiembre de 2018 se publica el listado provisional de empresas interesadas en&#8230;<\/p>\n","protected":false},"author":9,"featured_media":0,"comment_status":"closed","ping_status":"closed","sticky":false,"template":"","format":"standard","meta":{"footnotes":""},"categories":[18,1],"tags":[],"yoast_head":"<!-- This site is optimized with the Yoast SEO plugin v21.1 - https:\/\/yoast.com\/wordpress\/plugins\/seo\/ -->\n<title>Listado provisional de empresas participantes en el Programa de Formaci\u00f3n de Gesti\u00f3n de la Innovaci\u00f3n - Programa de Gestores de la Innovaci\u00f3n<\/title>\n<meta name=\"robots\" content=\"noindex, follow\" \/>\n<meta property=\"og:locale\" content=\"es_ES\" \/>\n<meta property=\"og:type\" content=\"article\" \/>\n<meta property=\"og:title\" content=\"Listado provisional de empresas participantes en el Programa de Formaci\u00f3n de Gesti\u00f3n de la Innovaci\u00f3n - Programa de Gestores de la Innovaci\u00f3n\" \/>\n<meta property=\"og:description\" content=\"Con fecha 31 de julio de 2018 la Fundaci\u00f3n General de la Universidad de La Laguna procedi\u00f3 a la apertura del per\u00edodo de inscripci\u00f3n para empresas interesadas en participar en el Programa Formativo de Gesti\u00f3n de la Innovaci\u00f3n 2018. Hoy d\u00eda 21 de septiembre de 2018 se publica el listado provisional de empresas interesadas en...\" \/>\n<meta property=\"og:url\" content=\"https:\/\/fg.ull.es\/portal\/gdi\/listado-provisional-de-empresas-participantes-en-el-programa-de-formacion-de-gestion-de-la-innovacion\/\" \/>\n<meta property=\"og:site_name\" content=\"Programa de Gestores de la Innovaci\u00f3n\" \/>\n<meta property=\"article:published_time\" content=\"2018-09-21T13:33:04+00:00\" \/>\n<meta property=\"article:modified_time\" content=\"2021-08-15T06:50:54+00:00\" \/>\n<meta name=\"author\" content=\"foguisado\" \/>\n<meta name=\"twitter:card\" content=\"summary_large_image\" \/>\n<meta name=\"twitter:label1\" content=\"Written by\" \/>\n\t<meta name=\"twitter:data1\" content=\"foguisado\" \/>\n\t<meta name=\"twitter:label2\" content=\"Est. reading time\" \/>\n\t<meta name=\"twitter:data2\" content=\"1 minuto\" \/>\n<script type=\"application\/ld+json\" class=\"yoast-schema-graph\">{\"@context\":\"https:\/\/schema.org\",\"@graph\":[{\"@type\":\"Article\",\"@id\":\"https:\/\/fg.ull.es\/portal\/gdi\/listado-provisional-de-empresas-participantes-en-el-programa-de-formacion-de-gestion-de-la-innovacion\/#article\",\"isPartOf\":{\"@id\":\"https:\/\/fg.ull.es\/portal\/gdi\/listado-provisional-de-empresas-participantes-en-el-programa-de-formacion-de-gestion-de-la-innovacion\/\"},\"author\":{\"name\":\"foguisado\",\"@id\":\"https:\/\/fg.ull.es\/portal\/gdi\/#\/schema\/person\/cd0f7ca826926dd4a0eb25f9c8fb0bb3\"},\"headline\":\"Listado provisional de empresas participantes en el Programa de Formaci\u00f3n de Gesti\u00f3n de la Innovaci\u00f3n\",\"datePublished\":\"2018-09-21T13:33:04+00:00\",\"dateModified\":\"2021-08-15T06:50:54+00:00\",\"mainEntityOfPage\":{\"@id\":\"https:\/\/fg.ull.es\/portal\/gdi\/listado-provisional-de-empresas-participantes-en-el-programa-de-formacion-de-gestion-de-la-innovacion\/\"},\"wordCount\":242,\"publisher\":{\"@id\":\"https:\/\/fg.ull.es\/portal\/gdi\/#organization\"},\"articleSection\":[\"listado provisional empresas y grupos\/centros de investigaci\u00f3n\"],\"inLanguage\":\"es\"},{\"@type\":\"WebPage\",\"@id\":\"https:\/\/fg.ull.es\/portal\/gdi\/listado-provisional-de-empresas-participantes-en-el-programa-de-formacion-de-gestion-de-la-innovacion\/\",\"url\":\"https:\/\/fg.ull.es\/portal\/gdi\/listado-provisional-de-empresas-participantes-en-el-programa-de-formacion-de-gestion-de-la-innovacion\/\",\"name\":\"Listado provisional de empresas participantes en el Programa de Formaci\u00f3n de Gesti\u00f3n de la Innovaci\u00f3n - Programa de Gestores de la Innovaci\u00f3n\",\"isPartOf\":{\"@id\":\"https:\/\/fg.ull.es\/portal\/gdi\/#website\"},\"datePublished\":\"2018-09-21T13:33:04+00:00\",\"dateModified\":\"2021-08-15T06:50:54+00:00\",\"breadcrumb\":{\"@id\":\"https:\/\/fg.ull.es\/portal\/gdi\/listado-provisional-de-empresas-participantes-en-el-programa-de-formacion-de-gestion-de-la-innovacion\/#breadcrumb\"},\"inLanguage\":\"es\",\"potentialAction\":[{\"@type\":\"ReadAction\",\"target\":[\"https:\/\/fg.ull.es\/portal\/gdi\/listado-provisional-de-empresas-participantes-en-el-programa-de-formacion-de-gestion-de-la-innovacion\/\"]}]},{\"@type\":\"BreadcrumbList\",\"@id\":\"https:\/\/fg.ull.es\/portal\/gdi\/listado-provisional-de-empresas-participantes-en-el-programa-de-formacion-de-gestion-de-la-innovacion\/#breadcrumb\",\"itemListElement\":[{\"@type\":\"ListItem\",\"position\":1,\"name\":\"Portada\",\"item\":\"https:\/\/fg.ull.es\/portal\/gdi\/\"},{\"@type\":\"ListItem\",\"position\":2,\"name\":\"Listado provisional de empresas participantes en el Programa de Formaci\u00f3n de Gesti\u00f3n de la Innovaci\u00f3n\"}]},{\"@type\":\"WebSite\",\"@id\":\"https:\/\/fg.ull.es\/portal\/gdi\/#website\",\"url\":\"https:\/\/fg.ull.es\/portal\/gdi\/\",\"name\":\"Programa de Gestores de la Innovaci\u00f3n\",\"description\":\"\",\"publisher\":{\"@id\":\"https:\/\/fg.ull.es\/portal\/gdi\/#organization\"},\"potentialAction\":[{\"@type\":\"SearchAction\",\"target\":{\"@type\":\"EntryPoint\",\"urlTemplate\":\"https:\/\/fg.ull.es\/portal\/gdi\/?s={search_term_string}\"},\"query-input\":\"required name=search_term_string\"}],\"inLanguage\":\"es\"},{\"@type\":\"Organization\",\"@id\":\"https:\/\/fg.ull.es\/portal\/gdi\/#organization\",\"name\":\"FUNDACI\u00d3N CANARIA GENERAL UNIVERSIDAD DE LA LAGUNA\",\"url\":\"https:\/\/fg.ull.es\/portal\/gdi\/\",\"logo\":{\"@type\":\"ImageObject\",\"inLanguage\":\"es\",\"@id\":\"https:\/\/fg.ull.es\/portal\/gdi\/#\/schema\/logo\/image\/\",\"url\":\"https:\/\/fg.ull.es\/portal\/gdi\/wp-content\/uploads\/sites\/2\/2020\/04\/FAVICON.png\",\"contentUrl\":\"https:\/\/fg.ull.es\/portal\/gdi\/wp-content\/uploads\/sites\/2\/2020\/04\/FAVICON.png\",\"width\":512,\"height\":512,\"caption\":\"FUNDACI\u00d3N CANARIA GENERAL UNIVERSIDAD DE LA LAGUNA\"},\"image\":{\"@id\":\"https:\/\/fg.ull.es\/portal\/gdi\/#\/schema\/logo\/image\/\"}},{\"@type\":\"Person\",\"@id\":\"https:\/\/fg.ull.es\/portal\/gdi\/#\/schema\/person\/cd0f7ca826926dd4a0eb25f9c8fb0bb3\",\"name\":\"foguisado\",\"image\":{\"@type\":\"ImageObject\",\"inLanguage\":\"es\",\"@id\":\"https:\/\/fg.ull.es\/portal\/gdi\/#\/schema\/person\/image\/\",\"url\":\"https:\/\/secure.gravatar.com\/avatar\/547f00b03d8a3f8a44c7163ced6a71da?s=96&d=mm&r=g\",\"contentUrl\":\"https:\/\/secure.gravatar.com\/avatar\/547f00b03d8a3f8a44c7163ced6a71da?s=96&d=mm&r=g\",\"caption\":\"foguisado\"}}]}<\/script>\n<!-- \/ Yoast SEO plugin. -->","yoast_head_json":{"title":"Listado provisional de empresas participantes en el Programa de Formaci\u00f3n de Gesti\u00f3n de la Innovaci\u00f3n - Programa de Gestores de la Innovaci\u00f3n","robots":{"index":"noindex","follow":"follow"},"og_locale":"es_ES","og_type":"article","og_title":"Listado provisional de empresas participantes en el Programa de Formaci\u00f3n de Gesti\u00f3n de la Innovaci\u00f3n - Programa de Gestores de la Innovaci\u00f3n","og_description":"Con fecha 31 de julio de 2018 la Fundaci\u00f3n General de la Universidad de La Laguna procedi\u00f3 a la apertura del per\u00edodo de inscripci\u00f3n para empresas interesadas en participar en el Programa Formativo de Gesti\u00f3n de la Innovaci\u00f3n 2018. Hoy d\u00eda 21 de septiembre de 2018 se publica el listado provisional de empresas interesadas en...","og_url":"https:\/\/fg.ull.es\/portal\/gdi\/listado-provisional-de-empresas-participantes-en-el-programa-de-formacion-de-gestion-de-la-innovacion\/","og_site_name":"Programa de Gestores de la Innovaci\u00f3n","article_published_time":"2018-09-21T13:33:04+00:00","article_modified_time":"2021-08-15T06:50:54+00:00","author":"foguisado","twitter_card":"summary_large_image","twitter_misc":{"Written by":"foguisado","Est. reading time":"1 minuto"},"schema":{"@context":"https:\/\/schema.org","@graph":[{"@type":"Article","@id":"https:\/\/fg.ull.es\/portal\/gdi\/listado-provisional-de-empresas-participantes-en-el-programa-de-formacion-de-gestion-de-la-innovacion\/#article","isPartOf":{"@id":"https:\/\/fg.ull.es\/portal\/gdi\/listado-provisional-de-empresas-participantes-en-el-programa-de-formacion-de-gestion-de-la-innovacion\/"},"author":{"name":"foguisado","@id":"https:\/\/fg.ull.es\/portal\/gdi\/#\/schema\/person\/cd0f7ca826926dd4a0eb25f9c8fb0bb3"},"headline":"Listado provisional de empresas participantes en el Programa de Formaci\u00f3n de Gesti\u00f3n de la Innovaci\u00f3n","datePublished":"2018-09-21T13:33:04+00:00","dateModified":"2021-08-15T06:50:54+00:00","mainEntityOfPage":{"@id":"https:\/\/fg.ull.es\/portal\/gdi\/listado-provisional-de-empresas-participantes-en-el-programa-de-formacion-de-gestion-de-la-innovacion\/"},"wordCount":242,"publisher":{"@id":"https:\/\/fg.ull.es\/portal\/gdi\/#organization"},"articleSection":["listado provisional empresas y grupos\/centros de investigaci\u00f3n"],"inLanguage":"es"},{"@type":"WebPage","@id":"https:\/\/fg.ull.es\/portal\/gdi\/listado-provisional-de-empresas-participantes-en-el-programa-de-formacion-de-gestion-de-la-innovacion\/","url":"https:\/\/fg.ull.es\/portal\/gdi\/listado-provisional-de-empresas-participantes-en-el-programa-de-formacion-de-gestion-de-la-innovacion\/","name":"Listado provisional de empresas participantes en el Programa de Formaci\u00f3n de Gesti\u00f3n de la Innovaci\u00f3n - Programa de Gestores de la Innovaci\u00f3n","isPartOf":{"@id":"https:\/\/fg.ull.es\/portal\/gdi\/#website"},"datePublished":"2018-09-21T13:33:04+00:00","dateModified":"2021-08-15T06:50:54+00:00","breadcrumb":{"@id":"https:\/\/fg.ull.es\/portal\/gdi\/listado-provisional-de-empresas-participantes-en-el-programa-de-formacion-de-gestion-de-la-innovacion\/#breadcrumb"},"inLanguage":"es","potentialAction":[{"@type":"ReadAction","target":["https:\/\/fg.ull.es\/portal\/gdi\/listado-provisional-de-empresas-participantes-en-el-programa-de-formacion-de-gestion-de-la-innovacion\/"]}]},{"@type":"BreadcrumbList","@id":"https:\/\/fg.ull.es\/portal\/gdi\/listado-provisional-de-empresas-participantes-en-el-programa-de-formacion-de-gestion-de-la-innovacion\/#breadcrumb","itemListElement":[{"@type":"ListItem","position":1,"name":"Portada","item":"https:\/\/fg.ull.es\/portal\/gdi\/"},{"@type":"ListItem","position":2,"name":"Listado provisional de empresas participantes en el Programa de Formaci\u00f3n de Gesti\u00f3n de la Innovaci\u00f3n"}]},{"@type":"WebSite","@id":"https:\/\/fg.ull.es\/portal\/gdi\/#website","url":"https:\/\/fg.ull.es\/portal\/gdi\/","name":"Programa de Gestores de la Innovaci\u00f3n","description":"","publisher":{"@id":"https:\/\/fg.ull.es\/portal\/gdi\/#organization"},"potentialAction":[{"@type":"SearchAction","target":{"@type":"EntryPoint","urlTemplate":"https:\/\/fg.ull.es\/portal\/gdi\/?s={search_term_string}"},"query-input":"required name=search_term_string"}],"inLanguage":"es"},{"@type":"Organization","@id":"https:\/\/fg.ull.es\/portal\/gdi\/#organization","name":"FUNDACI\u00d3N CANARIA GENERAL UNIVERSIDAD DE LA LAGUNA","url":"https:\/\/fg.ull.es\/portal\/gdi\/","logo":{"@type":"ImageObject","inLanguage":"es","@id":"https:\/\/fg.ull.es\/portal\/gdi\/#\/schema\/logo\/image\/","url":"https:\/\/fg.ull.es\/portal\/gdi\/wp-content\/uploads\/sites\/2\/2020\/04\/FAVICON.png","contentUrl":"https:\/\/fg.ull.es\/portal\/gdi\/wp-content\/uploads\/sites\/2\/2020\/04\/FAVICON.png","width":512,"height":512,"caption":"FUNDACI\u00d3N CANARIA GENERAL UNIVERSIDAD DE LA LAGUNA"},"image":{"@id":"https:\/\/fg.ull.es\/portal\/gdi\/#\/schema\/logo\/image\/"}},{"@type":"Person","@id":"https:\/\/fg.ull.es\/portal\/gdi\/#\/schema\/person\/cd0f7ca826926dd4a0eb25f9c8fb0bb3","name":"foguisado","image":{"@type":"ImageObject","inLanguage":"es","@id":"https:\/\/fg.ull.es\/portal\/gdi\/#\/schema\/person\/image\/","url":"https:\/\/secure.gravatar.com\/avatar\/547f00b03d8a3f8a44c7163ced6a71da?s=96&d=mm&r=g","contentUrl":"https:\/\/secure.gravatar.com\/avatar\/547f00b03d8a3f8a44c7163ced6a71da?s=96&d=mm&r=g","caption":"foguisado"}}]}},"_links":{"self":[{"href":"https:\/\/fg.ull.es\/portal\/gdi\/wp-json\/wp\/v2\/posts\/2486"}],"collection":[{"href":"https:\/\/fg.ull.es\/portal\/gdi\/wp-json\/wp\/v2\/posts"}],"about":[{"href":"https:\/\/fg.ull.es\/portal\/gdi\/wp-json\/wp\/v2\/types\/post"}],"author":[{"embeddable":true,"href":"https:\/\/fg.ull.es\/portal\/gdi\/wp-json\/wp\/v2\/users\/9"}],"replies":[{"embeddable":true,"href":"https:\/\/fg.ull.es\/portal\/gdi\/wp-json\/wp\/v2\/comments?post=2486"}],"version-history":[{"count":9,"href":"https:\/\/fg.ull.es\/portal\/gdi\/wp-json\/wp\/v2\/posts\/2486\/revisions"}],"predecessor-version":[{"id":6027,"href":"https:\/\/fg.ull.es\/portal\/gdi\/wp-json\/wp\/v2\/posts\/2486\/revisions\/6027"}],"wp:attachment":[{"href":"https:\/\/fg.ull.es\/portal\/gdi\/wp-json\/wp\/v2\/media?parent=2486"}],"wp:term":[{"taxonomy":"category","embeddable":true,"href":"https:\/\/fg.ull.es\/portal\/gdi\/wp-json\/wp\/v2\/categories?post=2486"},{"taxonomy":"post_tag","embeddable":true,"href":"https:\/\/fg.ull.es\/portal\/gdi\/wp-json\/wp\/v2\/tags?post=2486"}],"curies":[{"name":"wp","href":"https:\/\/api.w.org\/{rel}","templated":true}]}}