{"id":2473,"date":"2018-09-17T08:05:03","date_gmt":"2018-09-17T08:05:03","guid":{"rendered":"https:\/\/fg.ull.es\/portal\/gdi\/?p=2473"},"modified":"2021-08-14T16:41:26","modified_gmt":"2021-08-14T16:41:26","slug":"retomamos-la-formacion-del-programa-de-gestion-de-la-innovacion","status":"publish","type":"post","link":"https:\/\/fg.ull.es\/portal\/gdi\/retomamos-la-formacion-del-programa-de-gestion-de-la-innovacion\/","title":{"rendered":"Retomamos la formaci\u00f3n del Programa de Gesti\u00f3n de la Innovaci\u00f3n"},"content":{"rendered":"<h2><strong>VUELVE EL PROGRAMA DE GESTI\u00d3N DE LA INNOVACI\u00d3N A LA LAGUNA<\/strong><\/h2>\n<p>&nbsp;<\/p>\n<p><strong>Comienzan las inscripciones para los cursos&nbsp;convalidables por ECTS&nbsp;del Programa Formativo de Gesti\u00f3n de la Innovaci\u00f3n 2018.<\/strong><\/p>\n<p>El <strong>martes&nbsp;25 de septiembre&nbsp;<\/strong><strong>en La Laguna&nbsp;<\/strong>comenzar\u00e1 la<strong>&nbsp;formaci\u00f3n en materia de Transformaci\u00f3n Digital<\/strong>. En este curso se impartir\u00e1 el <strong>Nivel 1: Promoci\u00f3n Digital y el Nivel 2: Gesti\u00f3n Digital<\/strong>, consistente en 4 horas de formaci\u00f3n presencial y 56 horas de formaci\u00f3n online.<\/p>\n<p>Si deseas inscribirte y recibir la formaci\u00f3n de los Niveles 1 y 2 del Programa podr\u00e1s hacerlo a trav\u00e9s del <strong><a href=\"https:\/\/sede.fg.ull.es\/es\/curso\/detalle\/a18120290\/promocion-y-gestion-digital-n1-y-n2-la-laguna\" target=\"_blank\" rel=\"noopener noreferrer\">siguiente enlace<\/a>. Convalidable por 5 ECTS.<\/strong><\/p>\n<p>&nbsp;<\/p>\n<p><img decoding=\"async\" loading=\"lazy\" class=\"aligncenter wp-image-2197 size-full-content\" src=\"https:\/\/fg.ull.es\/portal\/gdi\/wp-content\/uploads\/sites\/2\/2018\/06\/Slider_1920x310_TD-750x121.jpg\" alt=\"\" width=\"750\" height=\"121\" srcset=\"https:\/\/fg.ull.es\/portal\/gdi\/wp-content\/uploads\/sites\/2\/2018\/06\/Slider_1920x310_TD-750x121.jpg 750w, https:\/\/fg.ull.es\/portal\/gdi\/wp-content\/uploads\/sites\/2\/2018\/06\/Slider_1920x310_TD-300x49.jpg 300w, https:\/\/fg.ull.es\/portal\/gdi\/wp-content\/uploads\/sites\/2\/2018\/06\/Slider_1920x310_TD-768x124.jpg 768w, https:\/\/fg.ull.es\/portal\/gdi\/wp-content\/uploads\/sites\/2\/2018\/06\/Slider_1920x310_TD-1024x166.jpg 1024w, https:\/\/fg.ull.es\/portal\/gdi\/wp-content\/uploads\/sites\/2\/2018\/06\/Slider_1920x310_TD-375x61.jpg 375w, https:\/\/fg.ull.es\/portal\/gdi\/wp-content\/uploads\/sites\/2\/2018\/06\/Slider_1920x310_TD-1140x185.jpg 1140w, https:\/\/fg.ull.es\/portal\/gdi\/wp-content\/uploads\/sites\/2\/2018\/06\/Slider_1920x310_TD.jpg 1921w\" sizes=\"(max-width: 750px) 100vw, 750px\" \/><\/p>\n<p>&nbsp;<\/p>\n<p>Asimismo, el pr\u00f3ximo<strong> 26 de septiembre&nbsp;<\/strong><strong>en La Laguna<\/strong> se iniciar\u00e1 un nuevo curso del <strong>Programa Formativo de Gesti\u00f3n de la Innovaci\u00f3n<\/strong>. En esta ocasi\u00f3n se impartir\u00e1 el <strong>Nivel 1: Promoci\u00f3n de la Innovaci\u00f3n y el Nivel 2: Gesti\u00f3n de la Innovaci\u00f3n<\/strong>, consistente en 12 horas de formaci\u00f3n presencial y 48 horas de formaci\u00f3n online.<\/p>\n<p>&nbsp;<\/p>\n<p><img decoding=\"async\" loading=\"lazy\" class=\"aligncenter wp-image-2196 size-full-content\" src=\"https:\/\/fg.ull.es\/portal\/gdi\/wp-content\/uploads\/sites\/2\/2018\/06\/Slider_1920x310_GEN\u00c9RICO-750x121.jpg\" alt=\"\" width=\"750\" height=\"121\" srcset=\"https:\/\/fg.ull.es\/portal\/gdi\/wp-content\/uploads\/sites\/2\/2018\/06\/Slider_1920x310_GEN\u00c9RICO-750x121.jpg 750w, https:\/\/fg.ull.es\/portal\/gdi\/wp-content\/uploads\/sites\/2\/2018\/06\/Slider_1920x310_GEN\u00c9RICO-300x49.jpg 300w, https:\/\/fg.ull.es\/portal\/gdi\/wp-content\/uploads\/sites\/2\/2018\/06\/Slider_1920x310_GEN\u00c9RICO-768x124.jpg 768w, https:\/\/fg.ull.es\/portal\/gdi\/wp-content\/uploads\/sites\/2\/2018\/06\/Slider_1920x310_GEN\u00c9RICO-1024x166.jpg 1024w, https:\/\/fg.ull.es\/portal\/gdi\/wp-content\/uploads\/sites\/2\/2018\/06\/Slider_1920x310_GEN\u00c9RICO-375x61.jpg 375w, https:\/\/fg.ull.es\/portal\/gdi\/wp-content\/uploads\/sites\/2\/2018\/06\/Slider_1920x310_GEN\u00c9RICO-1140x185.jpg 1140w, https:\/\/fg.ull.es\/portal\/gdi\/wp-content\/uploads\/sites\/2\/2018\/06\/Slider_1920x310_GEN\u00c9RICO.jpg 1921w\" sizes=\"(max-width: 750px) 100vw, 750px\" \/><\/p>\n<p>&nbsp;<\/p>\n<p>La parte presencial de ambos cursos se impartir\u00e1 en el <strong>Aula 14 de la FGULL de 9:00 &#8211; 13:00.<\/strong><\/p>\n<p>Si deseas inscribirte y recibir la formaci\u00f3n de los Niveles 1 y 2 del Programa podr\u00e1s hacerlo a trav\u00e9s del <strong><a href=\"https:\/\/sede.fg.ull.es\/es\/curso\/detalle\/a18120292\/promocion-y-gestion-de-la-innovacion-n1-y-n2-optativo-innovacion-tecnologica-la-laguna\" target=\"_blank\" rel=\"noopener noreferrer\">siguiente enlace<\/a>.&nbsp;Convalidable por 5 ECTS.<\/strong><\/p>\n<p><strong>Si ya tienes aprobado el nivel 1 de alguno de los cursos ofertados puedes realizar solo el nivel 2.<\/strong><\/p>\n<p>Si tienes inter\u00e9s en conocer m\u00e1s sobre el Programa te invitamos a visitar la informaci\u00f3n sobre el mismo en el <strong><a href=\"https:\/\/fg.ull.es\/portal\/gdi\/formacion\/\" target=\"_blank\" rel=\"noopener noreferrer\">siguiente enlace<\/a>.<\/strong><\/p>\n<p>El Programa de Formaci\u00f3n de Gestores de la Innovaci\u00f3n 2018, est\u00e1 impulsado en colaboraci\u00f3n con la Agencia Canaria de Investigaci\u00f3n, Innovaci\u00f3n y Sociedad de la Informaci\u00f3n (ACIISI) del Gobierno de Canarias y cofinanciado en un 85% por el Fondo Social Europeo (FSE) en los t\u00e9rminos establecidos en el Programa Operativo de Canarias 2014-2020, en el Eje prioritario 1, Objetivo tem\u00e1tico 8, Prioridad de inversi\u00f3n 8.1, Objetivo espec\u00edfico 8.1.2.<\/p>\n<p>&nbsp;<\/p>\n<p>&nbsp;<\/p>\n","protected":false},"excerpt":{"rendered":"<p>VUELVE EL PROGRAMA DE GESTI\u00d3N DE LA INNOVACI\u00d3N A LA LAGUNA &nbsp; Comienzan las inscripciones para los cursos&nbsp;convalidables por ECTS&nbsp;del Programa Formativo de Gesti\u00f3n de la Innovaci\u00f3n 2018. El martes&nbsp;25 de septiembre&nbsp;en La Laguna&nbsp;comenzar\u00e1 la&nbsp;formaci\u00f3n en materia de Transformaci\u00f3n Digital. En este curso se impartir\u00e1 el Nivel 1: Promoci\u00f3n Digital y el Nivel 2: Gesti\u00f3n&#8230;<\/p>\n","protected":false},"author":9,"featured_media":0,"comment_status":"closed","ping_status":"closed","sticky":false,"template":"","format":"standard","meta":{"footnotes":""},"categories":[1],"tags":[],"yoast_head":"<!-- This site is optimized with the Yoast SEO plugin v21.1 - https:\/\/yoast.com\/wordpress\/plugins\/seo\/ -->\n<title>Retomamos la formaci\u00f3n del Programa de Gesti\u00f3n de la Innovaci\u00f3n - Programa de Gestores de la Innovaci\u00f3n<\/title>\n<meta name=\"robots\" content=\"noindex, follow\" \/>\n<meta property=\"og:locale\" content=\"es_ES\" \/>\n<meta property=\"og:type\" content=\"article\" \/>\n<meta property=\"og:title\" content=\"Retomamos la formaci\u00f3n del Programa de Gesti\u00f3n de la Innovaci\u00f3n - Programa de Gestores de la Innovaci\u00f3n\" \/>\n<meta property=\"og:description\" content=\"VUELVE EL PROGRAMA DE GESTI\u00d3N DE LA INNOVACI\u00d3N A LA LAGUNA &nbsp; Comienzan las inscripciones para los cursos&nbsp;convalidables por ECTS&nbsp;del Programa Formativo de Gesti\u00f3n de la Innovaci\u00f3n 2018. El martes&nbsp;25 de septiembre&nbsp;en La Laguna&nbsp;comenzar\u00e1 la&nbsp;formaci\u00f3n en materia de Transformaci\u00f3n Digital. En este curso se impartir\u00e1 el Nivel 1: Promoci\u00f3n Digital y el Nivel 2: Gesti\u00f3n...\" \/>\n<meta property=\"og:url\" content=\"https:\/\/fg.ull.es\/portal\/gdi\/retomamos-la-formacion-del-programa-de-gestion-de-la-innovacion\/\" \/>\n<meta property=\"og:site_name\" content=\"Programa de Gestores de la Innovaci\u00f3n\" \/>\n<meta property=\"article:published_time\" content=\"2018-09-17T08:05:03+00:00\" \/>\n<meta property=\"article:modified_time\" content=\"2021-08-14T16:41:26+00:00\" \/>\n<meta property=\"og:image\" content=\"https:\/\/fg.ull.es\/portal\/gdi\/wp-content\/uploads\/sites\/2\/2018\/06\/Slider_1920x310_TD-750x121.jpg\" \/>\n<meta name=\"author\" content=\"foguisado\" \/>\n<meta name=\"twitter:card\" content=\"summary_large_image\" \/>\n<meta name=\"twitter:label1\" content=\"Written by\" \/>\n\t<meta name=\"twitter:data1\" content=\"foguisado\" \/>\n\t<meta name=\"twitter:label2\" content=\"Est. reading time\" \/>\n\t<meta name=\"twitter:data2\" content=\"2 minutos\" \/>\n<script type=\"application\/ld+json\" class=\"yoast-schema-graph\">{\"@context\":\"https:\/\/schema.org\",\"@graph\":[{\"@type\":\"Article\",\"@id\":\"https:\/\/fg.ull.es\/portal\/gdi\/retomamos-la-formacion-del-programa-de-gestion-de-la-innovacion\/#article\",\"isPartOf\":{\"@id\":\"https:\/\/fg.ull.es\/portal\/gdi\/retomamos-la-formacion-del-programa-de-gestion-de-la-innovacion\/\"},\"author\":{\"name\":\"foguisado\",\"@id\":\"https:\/\/fg.ull.es\/portal\/gdi\/#\/schema\/person\/cd0f7ca826926dd4a0eb25f9c8fb0bb3\"},\"headline\":\"Retomamos la formaci\u00f3n del Programa de Gesti\u00f3n de la Innovaci\u00f3n\",\"datePublished\":\"2018-09-17T08:05:03+00:00\",\"dateModified\":\"2021-08-14T16:41:26+00:00\",\"mainEntityOfPage\":{\"@id\":\"https:\/\/fg.ull.es\/portal\/gdi\/retomamos-la-formacion-del-programa-de-gestion-de-la-innovacion\/\"},\"wordCount\":348,\"publisher\":{\"@id\":\"https:\/\/fg.ull.es\/portal\/gdi\/#organization\"},\"inLanguage\":\"es\"},{\"@type\":\"WebPage\",\"@id\":\"https:\/\/fg.ull.es\/portal\/gdi\/retomamos-la-formacion-del-programa-de-gestion-de-la-innovacion\/\",\"url\":\"https:\/\/fg.ull.es\/portal\/gdi\/retomamos-la-formacion-del-programa-de-gestion-de-la-innovacion\/\",\"name\":\"Retomamos la formaci\u00f3n del Programa de Gesti\u00f3n de la Innovaci\u00f3n - Programa de Gestores de la Innovaci\u00f3n\",\"isPartOf\":{\"@id\":\"https:\/\/fg.ull.es\/portal\/gdi\/#website\"},\"datePublished\":\"2018-09-17T08:05:03+00:00\",\"dateModified\":\"2021-08-14T16:41:26+00:00\",\"breadcrumb\":{\"@id\":\"https:\/\/fg.ull.es\/portal\/gdi\/retomamos-la-formacion-del-programa-de-gestion-de-la-innovacion\/#breadcrumb\"},\"inLanguage\":\"es\",\"potentialAction\":[{\"@type\":\"ReadAction\",\"target\":[\"https:\/\/fg.ull.es\/portal\/gdi\/retomamos-la-formacion-del-programa-de-gestion-de-la-innovacion\/\"]}]},{\"@type\":\"BreadcrumbList\",\"@id\":\"https:\/\/fg.ull.es\/portal\/gdi\/retomamos-la-formacion-del-programa-de-gestion-de-la-innovacion\/#breadcrumb\",\"itemListElement\":[{\"@type\":\"ListItem\",\"position\":1,\"name\":\"Portada\",\"item\":\"https:\/\/fg.ull.es\/portal\/gdi\/\"},{\"@type\":\"ListItem\",\"position\":2,\"name\":\"Retomamos la formaci\u00f3n del Programa de Gesti\u00f3n de la Innovaci\u00f3n\"}]},{\"@type\":\"WebSite\",\"@id\":\"https:\/\/fg.ull.es\/portal\/gdi\/#website\",\"url\":\"https:\/\/fg.ull.es\/portal\/gdi\/\",\"name\":\"Programa de Gestores de la Innovaci\u00f3n\",\"description\":\"\",\"publisher\":{\"@id\":\"https:\/\/fg.ull.es\/portal\/gdi\/#organization\"},\"potentialAction\":[{\"@type\":\"SearchAction\",\"target\":{\"@type\":\"EntryPoint\",\"urlTemplate\":\"https:\/\/fg.ull.es\/portal\/gdi\/?s={search_term_string}\"},\"query-input\":\"required name=search_term_string\"}],\"inLanguage\":\"es\"},{\"@type\":\"Organization\",\"@id\":\"https:\/\/fg.ull.es\/portal\/gdi\/#organization\",\"name\":\"FUNDACI\u00d3N CANARIA GENERAL UNIVERSIDAD DE LA LAGUNA\",\"url\":\"https:\/\/fg.ull.es\/portal\/gdi\/\",\"logo\":{\"@type\":\"ImageObject\",\"inLanguage\":\"es\",\"@id\":\"https:\/\/fg.ull.es\/portal\/gdi\/#\/schema\/logo\/image\/\",\"url\":\"https:\/\/fg.ull.es\/portal\/gdi\/wp-content\/uploads\/sites\/2\/2020\/04\/FAVICON.png\",\"contentUrl\":\"https:\/\/fg.ull.es\/portal\/gdi\/wp-content\/uploads\/sites\/2\/2020\/04\/FAVICON.png\",\"width\":512,\"height\":512,\"caption\":\"FUNDACI\u00d3N CANARIA GENERAL UNIVERSIDAD DE LA LAGUNA\"},\"image\":{\"@id\":\"https:\/\/fg.ull.es\/portal\/gdi\/#\/schema\/logo\/image\/\"}},{\"@type\":\"Person\",\"@id\":\"https:\/\/fg.ull.es\/portal\/gdi\/#\/schema\/person\/cd0f7ca826926dd4a0eb25f9c8fb0bb3\",\"name\":\"foguisado\",\"image\":{\"@type\":\"ImageObject\",\"inLanguage\":\"es\",\"@id\":\"https:\/\/fg.ull.es\/portal\/gdi\/#\/schema\/person\/image\/\",\"url\":\"https:\/\/secure.gravatar.com\/avatar\/547f00b03d8a3f8a44c7163ced6a71da?s=96&d=mm&r=g\",\"contentUrl\":\"https:\/\/secure.gravatar.com\/avatar\/547f00b03d8a3f8a44c7163ced6a71da?s=96&d=mm&r=g\",\"caption\":\"foguisado\"}}]}<\/script>\n<!-- \/ Yoast SEO plugin. -->","yoast_head_json":{"title":"Retomamos la formaci\u00f3n del Programa de Gesti\u00f3n de la Innovaci\u00f3n - Programa de Gestores de la Innovaci\u00f3n","robots":{"index":"noindex","follow":"follow"},"og_locale":"es_ES","og_type":"article","og_title":"Retomamos la formaci\u00f3n del Programa de Gesti\u00f3n de la Innovaci\u00f3n - Programa de Gestores de la Innovaci\u00f3n","og_description":"VUELVE EL PROGRAMA DE GESTI\u00d3N DE LA INNOVACI\u00d3N A LA LAGUNA &nbsp; Comienzan las inscripciones para los cursos&nbsp;convalidables por ECTS&nbsp;del Programa Formativo de Gesti\u00f3n de la Innovaci\u00f3n 2018. El martes&nbsp;25 de septiembre&nbsp;en La Laguna&nbsp;comenzar\u00e1 la&nbsp;formaci\u00f3n en materia de Transformaci\u00f3n Digital. En este curso se impartir\u00e1 el Nivel 1: Promoci\u00f3n Digital y el Nivel 2: Gesti\u00f3n...","og_url":"https:\/\/fg.ull.es\/portal\/gdi\/retomamos-la-formacion-del-programa-de-gestion-de-la-innovacion\/","og_site_name":"Programa de Gestores de la Innovaci\u00f3n","article_published_time":"2018-09-17T08:05:03+00:00","article_modified_time":"2021-08-14T16:41:26+00:00","og_image":[{"url":"https:\/\/fg.ull.es\/portal\/gdi\/wp-content\/uploads\/sites\/2\/2018\/06\/Slider_1920x310_TD-750x121.jpg"}],"author":"foguisado","twitter_card":"summary_large_image","twitter_misc":{"Written by":"foguisado","Est. reading time":"2 minutos"},"schema":{"@context":"https:\/\/schema.org","@graph":[{"@type":"Article","@id":"https:\/\/fg.ull.es\/portal\/gdi\/retomamos-la-formacion-del-programa-de-gestion-de-la-innovacion\/#article","isPartOf":{"@id":"https:\/\/fg.ull.es\/portal\/gdi\/retomamos-la-formacion-del-programa-de-gestion-de-la-innovacion\/"},"author":{"name":"foguisado","@id":"https:\/\/fg.ull.es\/portal\/gdi\/#\/schema\/person\/cd0f7ca826926dd4a0eb25f9c8fb0bb3"},"headline":"Retomamos la formaci\u00f3n del Programa de Gesti\u00f3n de la Innovaci\u00f3n","datePublished":"2018-09-17T08:05:03+00:00","dateModified":"2021-08-14T16:41:26+00:00","mainEntityOfPage":{"@id":"https:\/\/fg.ull.es\/portal\/gdi\/retomamos-la-formacion-del-programa-de-gestion-de-la-innovacion\/"},"wordCount":348,"publisher":{"@id":"https:\/\/fg.ull.es\/portal\/gdi\/#organization"},"inLanguage":"es"},{"@type":"WebPage","@id":"https:\/\/fg.ull.es\/portal\/gdi\/retomamos-la-formacion-del-programa-de-gestion-de-la-innovacion\/","url":"https:\/\/fg.ull.es\/portal\/gdi\/retomamos-la-formacion-del-programa-de-gestion-de-la-innovacion\/","name":"Retomamos la formaci\u00f3n del Programa de Gesti\u00f3n de la Innovaci\u00f3n - Programa de Gestores de la Innovaci\u00f3n","isPartOf":{"@id":"https:\/\/fg.ull.es\/portal\/gdi\/#website"},"datePublished":"2018-09-17T08:05:03+00:00","dateModified":"2021-08-14T16:41:26+00:00","breadcrumb":{"@id":"https:\/\/fg.ull.es\/portal\/gdi\/retomamos-la-formacion-del-programa-de-gestion-de-la-innovacion\/#breadcrumb"},"inLanguage":"es","potentialAction":[{"@type":"ReadAction","target":["https:\/\/fg.ull.es\/portal\/gdi\/retomamos-la-formacion-del-programa-de-gestion-de-la-innovacion\/"]}]},{"@type":"BreadcrumbList","@id":"https:\/\/fg.ull.es\/portal\/gdi\/retomamos-la-formacion-del-programa-de-gestion-de-la-innovacion\/#breadcrumb","itemListElement":[{"@type":"ListItem","position":1,"name":"Portada","item":"https:\/\/fg.ull.es\/portal\/gdi\/"},{"@type":"ListItem","position":2,"name":"Retomamos la formaci\u00f3n del Programa de Gesti\u00f3n de la Innovaci\u00f3n"}]},{"@type":"WebSite","@id":"https:\/\/fg.ull.es\/portal\/gdi\/#website","url":"https:\/\/fg.ull.es\/portal\/gdi\/","name":"Programa de Gestores de la Innovaci\u00f3n","description":"","publisher":{"@id":"https:\/\/fg.ull.es\/portal\/gdi\/#organization"},"potentialAction":[{"@type":"SearchAction","target":{"@type":"EntryPoint","urlTemplate":"https:\/\/fg.ull.es\/portal\/gdi\/?s={search_term_string}"},"query-input":"required name=search_term_string"}],"inLanguage":"es"},{"@type":"Organization","@id":"https:\/\/fg.ull.es\/portal\/gdi\/#organization","name":"FUNDACI\u00d3N CANARIA GENERAL UNIVERSIDAD DE LA LAGUNA","url":"https:\/\/fg.ull.es\/portal\/gdi\/","logo":{"@type":"ImageObject","inLanguage":"es","@id":"https:\/\/fg.ull.es\/portal\/gdi\/#\/schema\/logo\/image\/","url":"https:\/\/fg.ull.es\/portal\/gdi\/wp-content\/uploads\/sites\/2\/2020\/04\/FAVICON.png","contentUrl":"https:\/\/fg.ull.es\/portal\/gdi\/wp-content\/uploads\/sites\/2\/2020\/04\/FAVICON.png","width":512,"height":512,"caption":"FUNDACI\u00d3N CANARIA GENERAL UNIVERSIDAD DE LA LAGUNA"},"image":{"@id":"https:\/\/fg.ull.es\/portal\/gdi\/#\/schema\/logo\/image\/"}},{"@type":"Person","@id":"https:\/\/fg.ull.es\/portal\/gdi\/#\/schema\/person\/cd0f7ca826926dd4a0eb25f9c8fb0bb3","name":"foguisado","image":{"@type":"ImageObject","inLanguage":"es","@id":"https:\/\/fg.ull.es\/portal\/gdi\/#\/schema\/person\/image\/","url":"https:\/\/secure.gravatar.com\/avatar\/547f00b03d8a3f8a44c7163ced6a71da?s=96&d=mm&r=g","contentUrl":"https:\/\/secure.gravatar.com\/avatar\/547f00b03d8a3f8a44c7163ced6a71da?s=96&d=mm&r=g","caption":"foguisado"}}]}},"_links":{"self":[{"href":"https:\/\/fg.ull.es\/portal\/gdi\/wp-json\/wp\/v2\/posts\/2473"}],"collection":[{"href":"https:\/\/fg.ull.es\/portal\/gdi\/wp-json\/wp\/v2\/posts"}],"about":[{"href":"https:\/\/fg.ull.es\/portal\/gdi\/wp-json\/wp\/v2\/types\/post"}],"author":[{"embeddable":true,"href":"https:\/\/fg.ull.es\/portal\/gdi\/wp-json\/wp\/v2\/users\/9"}],"replies":[{"embeddable":true,"href":"https:\/\/fg.ull.es\/portal\/gdi\/wp-json\/wp\/v2\/comments?post=2473"}],"version-history":[{"count":8,"href":"https:\/\/fg.ull.es\/portal\/gdi\/wp-json\/wp\/v2\/posts\/2473\/revisions"}],"predecessor-version":[{"id":6092,"href":"https:\/\/fg.ull.es\/portal\/gdi\/wp-json\/wp\/v2\/posts\/2473\/revisions\/6092"}],"wp:attachment":[{"href":"https:\/\/fg.ull.es\/portal\/gdi\/wp-json\/wp\/v2\/media?parent=2473"}],"wp:term":[{"taxonomy":"category","embeddable":true,"href":"https:\/\/fg.ull.es\/portal\/gdi\/wp-json\/wp\/v2\/categories?post=2473"},{"taxonomy":"post_tag","embeddable":true,"href":"https:\/\/fg.ull.es\/portal\/gdi\/wp-json\/wp\/v2\/tags?post=2473"}],"curies":[{"name":"wp","href":"https:\/\/api.w.org\/{rel}","templated":true}]}}