{"id":2386,"date":"2018-07-31T09:38:59","date_gmt":"2018-07-31T09:38:59","guid":{"rendered":"https:\/\/fg.ull.es\/portal\/gdi\/?p=2386"},"modified":"2021-08-14T16:25:53","modified_gmt":"2021-08-14T16:25:53","slug":"abierto-plazo-de-inscripcion-para-empresas-y-centros-de-id-en-el-programa-gestion-de-la-innovacion-ambitos-transformacion-digital-e-innovacion","status":"publish","type":"post","link":"https:\/\/fg.ull.es\/portal\/gdi\/abierto-plazo-de-inscripcion-para-empresas-y-centros-de-id-en-el-programa-gestion-de-la-innovacion-ambitos-transformacion-digital-e-innovacion\/","title":{"rendered":"Abierto plazo de inscripci\u00f3n para empresas y centros de I+D en el Programa Gesti\u00f3n de la Innovaci\u00f3n: \u00c1mbitos Transformaci\u00f3n Digital e Innovaci\u00f3n"},"content":{"rendered":"<section class=\"wpb-content-wrapper\"><p>[vc_row][vc_column][vc_column_text]<\/p>\n<h3 style=\"text-align: center;\"><strong><em>Lanzar un proceso de innovaci\u00f3n o transformaci\u00f3n digital en tu organizaci\u00f3n ya es posible, gracias al Programa de Gestores de la Innovaci\u00f3n 2018<\/em><\/strong><\/h3>\n<p>&nbsp;<\/p>\n<p>Tras un intenso programa formativo seleccionaremos <strong>30 personas<\/strong>, distribuidas entre los \u00e1mbitos que tenemos disponibles. Los candidatos y candidatas tendr\u00e1n acreditada una formaci\u00f3n como Consultor\/a en Innovaci\u00f3n o Transformaci\u00f3n Digital y podr\u00e1n acceder a una estancia de <strong>3 meses<\/strong> en una empresa o centro de investigaci\u00f3n. El Programa de Gestores de la Innovaci\u00f3n 2018,\u00a0est\u00e1 impulsado por la Agencia Canaria de Investigaci\u00f3n, Innovaci\u00f3n y Sociedad de la Informaci\u00f3n (ACIISI) del Gobierno de Canarias y cofinanciado en un 85% por el Fondo Social Europeo (FSE) en los t\u00e9rminos establecidos en el Programa Operativo de Canarias 2014-2020, en el Eje prioritario 1, Objetivo tem\u00e1tico 8, Prioridad de inversi\u00f3n 8.1, Objetivo espec\u00edfico 8.1.2. y financia el coste total de estas pr\u00e1cticas; esto supone un<strong> coste cero para la empresa o centro de investigaci\u00f3n<\/strong>.<\/p>\n<h3 style=\"text-align: center;\"><em>Tanto las empresas como los centros de I+D que resulten elegidos en la presente convocatoria podr\u00e1n incorporar de manera gratuita y durante un per\u00edodo de 3 meses a un Consultor\/a como personal en formaci\u00f3n<\/em><\/h3>\n<p>&nbsp;<\/p>\n<p><strong>Para empresas<\/strong>: es importante leer <a href=\"https:\/\/drive.google.com\/file\/d\/1pwFimhowEiQfihhg-zovqDDSAVaZPq2o\/view\"><em><strong>atentamente las bases<\/strong><\/em><\/a> para comprobar los requisitos que, entre otros ser\u00e1n:<\/p>\n<ul>\n<li>Ser una empresa con entidad jur\u00eddica propia y cuente con sede en Canarias.<\/li>\n<li>Tener como m\u00ednimo tres personas empleadas.<\/li>\n<li>Desarrollar su actividad en alguno de los sectores prioritarios establecidos en la Estrategia de Especializaci\u00f3n Inteligente de Canarias 2014-2020.<\/li>\n<\/ul>\n<p>Se podr\u00e1 realizar la solicitud en Innovaci\u00f3n o Transformaci\u00f3n Digital para la incorporaci\u00f3n de un consultor\/a, priorizando una de ellas.<\/p>\n<p>&nbsp;<\/p>\n<p><strong>Para grupos de investigaci\u00f3n<\/strong>:\u00a0es importante leer <a href=\"https:\/\/drive.google.com\/file\/d\/1r34okSpqZH9zWilohifvWkH7gDzc4Pr7\/view\"><em><strong>atentamente las bases<\/strong><\/em><\/a> para comprobar los requisitos\u00a0que, entre otros ser\u00e1n:<\/p>\n<ul>\n<li>Tener como m\u00ednimo dos miembros.<\/li>\n<li>En el caso de los grupos de investigaci\u00f3n, estar registrado como grupo de investigaci\u00f3n en alguna de las universidades canarias.<\/li>\n<li>Desarrollar su actividad en los sectores prioritarios establecidos en la Estrategia de Especializaci\u00f3n Inteligente de Canarias 2014-2020.<\/li>\n<\/ul>\n<p>&nbsp;<\/p>\n<p>Las empresas y grupos interesados deber\u00e1n completar el formulario de solicitud (ver m\u00e1s abajo), que estar\u00e1 disponible desde hoy,<strong> 31\/07\/2018 hasta el pr\u00f3ximo 17\/09\/2018<\/strong>. Terminado dicho plazo no se admitir\u00e1 a tr\u00e1mite solicitud alguna de participaci\u00f3n en el Programa.<\/p>\n<p>Las <strong>consultas<\/strong> sobre ambos procedimientos pueden ser lanzadas a <a href=\"https:\/\/fg.ull.es\/portal\/gdi\/contacto\/\"><strong>nuestro formulario<\/strong><\/a>, contactaremos contigo lo antes posible.<\/p>\n<p>&nbsp;<\/p>\n<h2 style=\"text-align: center;\"><\/h2>\n<p>[\/vc_column_text][\/vc_column][\/vc_row][vc_row][vc_column width=\u00bb1\/3&#8243;][vc_btn title=\u00bbInscripci\u00f3n empresas Innovaci\u00f3n y Transformaci\u00f3n Digital\u00bb color=\u00bbgreen\u00bb size=\u00bblg\u00bb align=\u00bbcenter\u00bb button_block=\u00bbtrue\u00bb link=\u00bburl:https%3A%2F%2Fdocs.google.com%2Fforms%2Fd%2Fe%2F1FAIpQLSeqfZpf-_uwBZ6LQcUMZJ_IkDFevlNkK1ocYN9GHCWybO8ciw%2Fviewform|||\u00bb][\/vc_column][vc_column width=\u00bb1\/3&#8243;][\/vc_column][vc_column width=\u00bb1\/3&#8243;][vc_btn title=\u00bbInscripci\u00f3n Centros de I+D\/Grupos de Investigaci\u00f3n\u00bb color=\u00bbmulled-wine\u00bb size=\u00bblg\u00bb align=\u00bbcenter\u00bb button_block=\u00bbtrue\u00bb link=\u00bburl:https%3A%2F%2Fgoo.gl%2Fforms%2FD1I4J3xEKtboH4u43|||\u00bb][\/vc_column][\/vc_row]<\/p>\n<\/section>","protected":false},"excerpt":{"rendered":"<p>[vc_row][vc_column][vc_column_text] Lanzar un proceso de innovaci\u00f3n o transformaci\u00f3n digital en tu organizaci\u00f3n ya es posible, gracias al Programa de Gestores de la Innovaci\u00f3n 2018 &nbsp; Tras un intenso programa formativo seleccionaremos 30 personas, distribuidas entre los \u00e1mbitos que tenemos disponibles. Los candidatos y candidatas tendr\u00e1n acreditada una formaci\u00f3n como Consultor\/a en Innovaci\u00f3n o Transformaci\u00f3n Digital&#8230;<\/p>\n","protected":false},"author":9,"featured_media":2389,"comment_status":"closed","ping_status":"closed","sticky":false,"template":"","format":"standard","meta":{"footnotes":""},"categories":[4,5,1],"tags":[],"yoast_head":"<!-- This site is optimized with the Yoast SEO plugin v21.1 - https:\/\/yoast.com\/wordpress\/plugins\/seo\/ -->\n<title>Abierto plazo de inscripci\u00f3n para empresas y centros de I+D en el Programa Gesti\u00f3n de la Innovaci\u00f3n: \u00c1mbitos Transformaci\u00f3n Digital e Innovaci\u00f3n - Programa de Gestores de la Innovaci\u00f3n<\/title>\n<meta name=\"robots\" content=\"noindex, follow\" \/>\n<meta property=\"og:locale\" content=\"es_ES\" \/>\n<meta property=\"og:type\" content=\"article\" \/>\n<meta property=\"og:title\" content=\"Abierto plazo de inscripci\u00f3n para empresas y centros de I+D en el Programa Gesti\u00f3n de la Innovaci\u00f3n: \u00c1mbitos Transformaci\u00f3n Digital e Innovaci\u00f3n - Programa de Gestores de la Innovaci\u00f3n\" \/>\n<meta property=\"og:description\" content=\"[vc_row][vc_column][vc_column_text] Lanzar un proceso de innovaci\u00f3n o transformaci\u00f3n digital en tu organizaci\u00f3n ya es posible, gracias al Programa de Gestores de la Innovaci\u00f3n 2018 &nbsp; Tras un intenso programa formativo seleccionaremos 30 personas, distribuidas entre los \u00e1mbitos que tenemos disponibles. Los candidatos y candidatas tendr\u00e1n acreditada una formaci\u00f3n como Consultor\/a en Innovaci\u00f3n o Transformaci\u00f3n Digital...\" \/>\n<meta property=\"og:url\" content=\"https:\/\/fg.ull.es\/portal\/gdi\/abierto-plazo-de-inscripcion-para-empresas-y-centros-de-id-en-el-programa-gestion-de-la-innovacion-ambitos-transformacion-digital-e-innovacion\/\" \/>\n<meta property=\"og:site_name\" content=\"Programa de Gestores de la Innovaci\u00f3n\" \/>\n<meta property=\"article:published_time\" content=\"2018-07-31T09:38:59+00:00\" \/>\n<meta property=\"article:modified_time\" content=\"2021-08-14T16:25:53+00:00\" \/>\n<meta property=\"og:image\" content=\"https:\/\/fg.ull.es\/portal\/gdi\/wp-content\/uploads\/sites\/2\/2018\/07\/bannerEMPRESASRRSS1200x628px.jpg\" \/>\n\t<meta property=\"og:image:width\" content=\"1200\" \/>\n\t<meta property=\"og:image:height\" content=\"628\" \/>\n\t<meta property=\"og:image:type\" content=\"image\/jpeg\" \/>\n<meta name=\"author\" content=\"foguisado\" \/>\n<meta name=\"twitter:card\" content=\"summary_large_image\" \/>\n<meta name=\"twitter:label1\" content=\"Written by\" \/>\n\t<meta name=\"twitter:data1\" content=\"foguisado\" \/>\n\t<meta name=\"twitter:label2\" content=\"Est. reading time\" \/>\n\t<meta name=\"twitter:data2\" content=\"3 minutos\" \/>\n<script type=\"application\/ld+json\" class=\"yoast-schema-graph\">{\"@context\":\"https:\/\/schema.org\",\"@graph\":[{\"@type\":\"Article\",\"@id\":\"https:\/\/fg.ull.es\/portal\/gdi\/abierto-plazo-de-inscripcion-para-empresas-y-centros-de-id-en-el-programa-gestion-de-la-innovacion-ambitos-transformacion-digital-e-innovacion\/#article\",\"isPartOf\":{\"@id\":\"https:\/\/fg.ull.es\/portal\/gdi\/abierto-plazo-de-inscripcion-para-empresas-y-centros-de-id-en-el-programa-gestion-de-la-innovacion-ambitos-transformacion-digital-e-innovacion\/\"},\"author\":{\"name\":\"foguisado\",\"@id\":\"https:\/\/fg.ull.es\/portal\/gdi\/#\/schema\/person\/cd0f7ca826926dd4a0eb25f9c8fb0bb3\"},\"headline\":\"Abierto plazo de inscripci\u00f3n para empresas y centros de I+D en el Programa Gesti\u00f3n de la Innovaci\u00f3n: \u00c1mbitos Transformaci\u00f3n Digital e Innovaci\u00f3n\",\"datePublished\":\"2018-07-31T09:38:59+00:00\",\"dateModified\":\"2021-08-14T16:25:53+00:00\",\"mainEntityOfPage\":{\"@id\":\"https:\/\/fg.ull.es\/portal\/gdi\/abierto-plazo-de-inscripcion-para-empresas-y-centros-de-id-en-el-programa-gestion-de-la-innovacion-ambitos-transformacion-digital-e-innovacion\/\"},\"wordCount\":551,\"publisher\":{\"@id\":\"https:\/\/fg.ull.es\/portal\/gdi\/#organization\"},\"articleSection\":[\"programa GDI\",\"Programa GDI TD\"],\"inLanguage\":\"es\"},{\"@type\":\"WebPage\",\"@id\":\"https:\/\/fg.ull.es\/portal\/gdi\/abierto-plazo-de-inscripcion-para-empresas-y-centros-de-id-en-el-programa-gestion-de-la-innovacion-ambitos-transformacion-digital-e-innovacion\/\",\"url\":\"https:\/\/fg.ull.es\/portal\/gdi\/abierto-plazo-de-inscripcion-para-empresas-y-centros-de-id-en-el-programa-gestion-de-la-innovacion-ambitos-transformacion-digital-e-innovacion\/\",\"name\":\"Abierto plazo de inscripci\u00f3n para empresas y centros de I+D en el Programa Gesti\u00f3n de la Innovaci\u00f3n: \u00c1mbitos Transformaci\u00f3n Digital e Innovaci\u00f3n - Programa de Gestores de la Innovaci\u00f3n\",\"isPartOf\":{\"@id\":\"https:\/\/fg.ull.es\/portal\/gdi\/#website\"},\"datePublished\":\"2018-07-31T09:38:59+00:00\",\"dateModified\":\"2021-08-14T16:25:53+00:00\",\"breadcrumb\":{\"@id\":\"https:\/\/fg.ull.es\/portal\/gdi\/abierto-plazo-de-inscripcion-para-empresas-y-centros-de-id-en-el-programa-gestion-de-la-innovacion-ambitos-transformacion-digital-e-innovacion\/#breadcrumb\"},\"inLanguage\":\"es\",\"potentialAction\":[{\"@type\":\"ReadAction\",\"target\":[\"https:\/\/fg.ull.es\/portal\/gdi\/abierto-plazo-de-inscripcion-para-empresas-y-centros-de-id-en-el-programa-gestion-de-la-innovacion-ambitos-transformacion-digital-e-innovacion\/\"]}]},{\"@type\":\"BreadcrumbList\",\"@id\":\"https:\/\/fg.ull.es\/portal\/gdi\/abierto-plazo-de-inscripcion-para-empresas-y-centros-de-id-en-el-programa-gestion-de-la-innovacion-ambitos-transformacion-digital-e-innovacion\/#breadcrumb\",\"itemListElement\":[{\"@type\":\"ListItem\",\"position\":1,\"name\":\"Portada\",\"item\":\"https:\/\/fg.ull.es\/portal\/gdi\/\"},{\"@type\":\"ListItem\",\"position\":2,\"name\":\"Abierto plazo de inscripci\u00f3n para empresas y centros de I+D en el Programa Gesti\u00f3n de la Innovaci\u00f3n: \u00c1mbitos Transformaci\u00f3n Digital e Innovaci\u00f3n\"}]},{\"@type\":\"WebSite\",\"@id\":\"https:\/\/fg.ull.es\/portal\/gdi\/#website\",\"url\":\"https:\/\/fg.ull.es\/portal\/gdi\/\",\"name\":\"Programa de Gestores de la Innovaci\u00f3n\",\"description\":\"\",\"publisher\":{\"@id\":\"https:\/\/fg.ull.es\/portal\/gdi\/#organization\"},\"potentialAction\":[{\"@type\":\"SearchAction\",\"target\":{\"@type\":\"EntryPoint\",\"urlTemplate\":\"https:\/\/fg.ull.es\/portal\/gdi\/?s={search_term_string}\"},\"query-input\":\"required name=search_term_string\"}],\"inLanguage\":\"es\"},{\"@type\":\"Organization\",\"@id\":\"https:\/\/fg.ull.es\/portal\/gdi\/#organization\",\"name\":\"FUNDACI\u00d3N CANARIA GENERAL UNIVERSIDAD DE LA LAGUNA\",\"url\":\"https:\/\/fg.ull.es\/portal\/gdi\/\",\"logo\":{\"@type\":\"ImageObject\",\"inLanguage\":\"es\",\"@id\":\"https:\/\/fg.ull.es\/portal\/gdi\/#\/schema\/logo\/image\/\",\"url\":\"https:\/\/fg.ull.es\/portal\/gdi\/wp-content\/uploads\/sites\/2\/2020\/04\/FAVICON.png\",\"contentUrl\":\"https:\/\/fg.ull.es\/portal\/gdi\/wp-content\/uploads\/sites\/2\/2020\/04\/FAVICON.png\",\"width\":512,\"height\":512,\"caption\":\"FUNDACI\u00d3N CANARIA GENERAL UNIVERSIDAD DE LA LAGUNA\"},\"image\":{\"@id\":\"https:\/\/fg.ull.es\/portal\/gdi\/#\/schema\/logo\/image\/\"}},{\"@type\":\"Person\",\"@id\":\"https:\/\/fg.ull.es\/portal\/gdi\/#\/schema\/person\/cd0f7ca826926dd4a0eb25f9c8fb0bb3\",\"name\":\"foguisado\",\"image\":{\"@type\":\"ImageObject\",\"inLanguage\":\"es\",\"@id\":\"https:\/\/fg.ull.es\/portal\/gdi\/#\/schema\/person\/image\/\",\"url\":\"https:\/\/secure.gravatar.com\/avatar\/547f00b03d8a3f8a44c7163ced6a71da?s=96&d=mm&r=g\",\"contentUrl\":\"https:\/\/secure.gravatar.com\/avatar\/547f00b03d8a3f8a44c7163ced6a71da?s=96&d=mm&r=g\",\"caption\":\"foguisado\"}}]}<\/script>\n<!-- \/ Yoast SEO plugin. -->","yoast_head_json":{"title":"Abierto plazo de inscripci\u00f3n para empresas y centros de I+D en el Programa Gesti\u00f3n de la Innovaci\u00f3n: \u00c1mbitos Transformaci\u00f3n Digital e Innovaci\u00f3n - Programa de Gestores de la Innovaci\u00f3n","robots":{"index":"noindex","follow":"follow"},"og_locale":"es_ES","og_type":"article","og_title":"Abierto plazo de inscripci\u00f3n para empresas y centros de I+D en el Programa Gesti\u00f3n de la Innovaci\u00f3n: \u00c1mbitos Transformaci\u00f3n Digital e Innovaci\u00f3n - Programa de Gestores de la Innovaci\u00f3n","og_description":"[vc_row][vc_column][vc_column_text] Lanzar un proceso de innovaci\u00f3n o transformaci\u00f3n digital en tu organizaci\u00f3n ya es posible, gracias al Programa de Gestores de la Innovaci\u00f3n 2018 &nbsp; Tras un intenso programa formativo seleccionaremos 30 personas, distribuidas entre los \u00e1mbitos que tenemos disponibles. Los candidatos y candidatas tendr\u00e1n acreditada una formaci\u00f3n como Consultor\/a en Innovaci\u00f3n o Transformaci\u00f3n Digital...","og_url":"https:\/\/fg.ull.es\/portal\/gdi\/abierto-plazo-de-inscripcion-para-empresas-y-centros-de-id-en-el-programa-gestion-de-la-innovacion-ambitos-transformacion-digital-e-innovacion\/","og_site_name":"Programa de Gestores de la Innovaci\u00f3n","article_published_time":"2018-07-31T09:38:59+00:00","article_modified_time":"2021-08-14T16:25:53+00:00","og_image":[{"width":1200,"height":628,"url":"https:\/\/fg.ull.es\/portal\/gdi\/wp-content\/uploads\/sites\/2\/2018\/07\/bannerEMPRESASRRSS1200x628px.jpg","type":"image\/jpeg"}],"author":"foguisado","twitter_card":"summary_large_image","twitter_misc":{"Written by":"foguisado","Est. reading time":"3 minutos"},"schema":{"@context":"https:\/\/schema.org","@graph":[{"@type":"Article","@id":"https:\/\/fg.ull.es\/portal\/gdi\/abierto-plazo-de-inscripcion-para-empresas-y-centros-de-id-en-el-programa-gestion-de-la-innovacion-ambitos-transformacion-digital-e-innovacion\/#article","isPartOf":{"@id":"https:\/\/fg.ull.es\/portal\/gdi\/abierto-plazo-de-inscripcion-para-empresas-y-centros-de-id-en-el-programa-gestion-de-la-innovacion-ambitos-transformacion-digital-e-innovacion\/"},"author":{"name":"foguisado","@id":"https:\/\/fg.ull.es\/portal\/gdi\/#\/schema\/person\/cd0f7ca826926dd4a0eb25f9c8fb0bb3"},"headline":"Abierto plazo de inscripci\u00f3n para empresas y centros de I+D en el Programa Gesti\u00f3n de la Innovaci\u00f3n: \u00c1mbitos Transformaci\u00f3n Digital e Innovaci\u00f3n","datePublished":"2018-07-31T09:38:59+00:00","dateModified":"2021-08-14T16:25:53+00:00","mainEntityOfPage":{"@id":"https:\/\/fg.ull.es\/portal\/gdi\/abierto-plazo-de-inscripcion-para-empresas-y-centros-de-id-en-el-programa-gestion-de-la-innovacion-ambitos-transformacion-digital-e-innovacion\/"},"wordCount":551,"publisher":{"@id":"https:\/\/fg.ull.es\/portal\/gdi\/#organization"},"articleSection":["programa GDI","Programa GDI TD"],"inLanguage":"es"},{"@type":"WebPage","@id":"https:\/\/fg.ull.es\/portal\/gdi\/abierto-plazo-de-inscripcion-para-empresas-y-centros-de-id-en-el-programa-gestion-de-la-innovacion-ambitos-transformacion-digital-e-innovacion\/","url":"https:\/\/fg.ull.es\/portal\/gdi\/abierto-plazo-de-inscripcion-para-empresas-y-centros-de-id-en-el-programa-gestion-de-la-innovacion-ambitos-transformacion-digital-e-innovacion\/","name":"Abierto plazo de inscripci\u00f3n para empresas y centros de I+D en el Programa Gesti\u00f3n de la Innovaci\u00f3n: \u00c1mbitos Transformaci\u00f3n Digital e Innovaci\u00f3n - Programa de Gestores de la Innovaci\u00f3n","isPartOf":{"@id":"https:\/\/fg.ull.es\/portal\/gdi\/#website"},"datePublished":"2018-07-31T09:38:59+00:00","dateModified":"2021-08-14T16:25:53+00:00","breadcrumb":{"@id":"https:\/\/fg.ull.es\/portal\/gdi\/abierto-plazo-de-inscripcion-para-empresas-y-centros-de-id-en-el-programa-gestion-de-la-innovacion-ambitos-transformacion-digital-e-innovacion\/#breadcrumb"},"inLanguage":"es","potentialAction":[{"@type":"ReadAction","target":["https:\/\/fg.ull.es\/portal\/gdi\/abierto-plazo-de-inscripcion-para-empresas-y-centros-de-id-en-el-programa-gestion-de-la-innovacion-ambitos-transformacion-digital-e-innovacion\/"]}]},{"@type":"BreadcrumbList","@id":"https:\/\/fg.ull.es\/portal\/gdi\/abierto-plazo-de-inscripcion-para-empresas-y-centros-de-id-en-el-programa-gestion-de-la-innovacion-ambitos-transformacion-digital-e-innovacion\/#breadcrumb","itemListElement":[{"@type":"ListItem","position":1,"name":"Portada","item":"https:\/\/fg.ull.es\/portal\/gdi\/"},{"@type":"ListItem","position":2,"name":"Abierto plazo de inscripci\u00f3n para empresas y centros de I+D en el Programa Gesti\u00f3n de la Innovaci\u00f3n: \u00c1mbitos Transformaci\u00f3n Digital e Innovaci\u00f3n"}]},{"@type":"WebSite","@id":"https:\/\/fg.ull.es\/portal\/gdi\/#website","url":"https:\/\/fg.ull.es\/portal\/gdi\/","name":"Programa de Gestores de la Innovaci\u00f3n","description":"","publisher":{"@id":"https:\/\/fg.ull.es\/portal\/gdi\/#organization"},"potentialAction":[{"@type":"SearchAction","target":{"@type":"EntryPoint","urlTemplate":"https:\/\/fg.ull.es\/portal\/gdi\/?s={search_term_string}"},"query-input":"required name=search_term_string"}],"inLanguage":"es"},{"@type":"Organization","@id":"https:\/\/fg.ull.es\/portal\/gdi\/#organization","name":"FUNDACI\u00d3N CANARIA GENERAL UNIVERSIDAD DE LA LAGUNA","url":"https:\/\/fg.ull.es\/portal\/gdi\/","logo":{"@type":"ImageObject","inLanguage":"es","@id":"https:\/\/fg.ull.es\/portal\/gdi\/#\/schema\/logo\/image\/","url":"https:\/\/fg.ull.es\/portal\/gdi\/wp-content\/uploads\/sites\/2\/2020\/04\/FAVICON.png","contentUrl":"https:\/\/fg.ull.es\/portal\/gdi\/wp-content\/uploads\/sites\/2\/2020\/04\/FAVICON.png","width":512,"height":512,"caption":"FUNDACI\u00d3N CANARIA GENERAL UNIVERSIDAD DE LA LAGUNA"},"image":{"@id":"https:\/\/fg.ull.es\/portal\/gdi\/#\/schema\/logo\/image\/"}},{"@type":"Person","@id":"https:\/\/fg.ull.es\/portal\/gdi\/#\/schema\/person\/cd0f7ca826926dd4a0eb25f9c8fb0bb3","name":"foguisado","image":{"@type":"ImageObject","inLanguage":"es","@id":"https:\/\/fg.ull.es\/portal\/gdi\/#\/schema\/person\/image\/","url":"https:\/\/secure.gravatar.com\/avatar\/547f00b03d8a3f8a44c7163ced6a71da?s=96&d=mm&r=g","contentUrl":"https:\/\/secure.gravatar.com\/avatar\/547f00b03d8a3f8a44c7163ced6a71da?s=96&d=mm&r=g","caption":"foguisado"}}]}},"_links":{"self":[{"href":"https:\/\/fg.ull.es\/portal\/gdi\/wp-json\/wp\/v2\/posts\/2386"}],"collection":[{"href":"https:\/\/fg.ull.es\/portal\/gdi\/wp-json\/wp\/v2\/posts"}],"about":[{"href":"https:\/\/fg.ull.es\/portal\/gdi\/wp-json\/wp\/v2\/types\/post"}],"author":[{"embeddable":true,"href":"https:\/\/fg.ull.es\/portal\/gdi\/wp-json\/wp\/v2\/users\/9"}],"replies":[{"embeddable":true,"href":"https:\/\/fg.ull.es\/portal\/gdi\/wp-json\/wp\/v2\/comments?post=2386"}],"version-history":[{"count":22,"href":"https:\/\/fg.ull.es\/portal\/gdi\/wp-json\/wp\/v2\/posts\/2386\/revisions"}],"predecessor-version":[{"id":6091,"href":"https:\/\/fg.ull.es\/portal\/gdi\/wp-json\/wp\/v2\/posts\/2386\/revisions\/6091"}],"wp:featuredmedia":[{"embeddable":true,"href":"https:\/\/fg.ull.es\/portal\/gdi\/wp-json\/wp\/v2\/media\/2389"}],"wp:attachment":[{"href":"https:\/\/fg.ull.es\/portal\/gdi\/wp-json\/wp\/v2\/media?parent=2386"}],"wp:term":[{"taxonomy":"category","embeddable":true,"href":"https:\/\/fg.ull.es\/portal\/gdi\/wp-json\/wp\/v2\/categories?post=2386"},{"taxonomy":"post_tag","embeddable":true,"href":"https:\/\/fg.ull.es\/portal\/gdi\/wp-json\/wp\/v2\/tags?post=2386"}],"curies":[{"name":"wp","href":"https:\/\/api.w.org\/{rel}","templated":true}]}}