{"id":61000,"date":"2026-09-02T13:24:25","date_gmt":"2026-09-02T12:24:25","guid":{"rendered":"https:\/\/fg.ull.es\/noticias\/?p=61000"},"modified":"2026-09-02T13:26:19","modified_gmt":"2026-09-02T12:26:19","slug":"resolucion-provisional-de-solicitudes-admitidas-y-no-admitidas-al-procedimiento-de-becas-universitas-prolingua-para-el-alumnado-del-servicio-de-idiomas-de-la-universidad-de-la-laguna-matriculado-en-ac","status":"publish","type":"post","link":"https:\/\/fg.ull.es\/noticias\/2026\/09\/02\/resolucion-provisional-de-solicitudes-admitidas-y-no-admitidas-al-procedimiento-de-becas-universitas-prolingua-para-el-alumnado-del-servicio-de-idiomas-de-la-universidad-de-la-laguna-matriculado-en-ac\/","title":{"rendered":"Resoluci\u00f3n provisional de solicitudes admitidas y no admitidas al procedimiento de Becas Universitas Prolingua para el alumnado del Servicio de Idiomas de la Universidad de La Laguna matriculado en acreditaciones de ingl\u00e9s del curso acad\u00e9mico 2025\/2026"},"content":{"rendered":"<p><span style=\"font-weight: 400\">Analizadas las solicitudes presentadas y verificado el cumplimiento de los requisitos de participaci\u00f3n establecidos en la convocatoria se publican los listados provisionales de solicitudes admitidas y no admitidas al procedimiento:\u00a0<\/span><\/p>\n<p>&nbsp;<\/p>\n<ul>\n<li style=\"font-weight: 400\"><span style=\"font-weight: 400\"><a href=\"https:\/\/drive.google.com\/file\/d\/1gw4Wfq_gjPqSDm72WAIYV1IygNTQECXt\/view?usp=sharing\" target=\"_blank\" rel=\"noopener\" target=\"_blank\" rel=\"noopener\">Listado provisional<\/a> (Figurar en este listado no significa tener concedida la beca)<\/span><\/li>\n<\/ul>\n<p>&nbsp;<\/p>\n<p><span style=\"font-weight: 400\">Las personas excluidas dispondr\u00e1n de un plazo de 5 d\u00edas h\u00e1biles, que finaliza el <\/span><span style=\"font-weight: 400\">9 de septiembre a las 23:59 horas,<\/span><span style=\"font-weight: 400\"> para subsanar los defectos advertidos o para formular alegaciones si consideran indebida la exclusi\u00f3n.\u00a0<\/span><\/p>\n<p><span style=\"font-weight: 400\">\u00c9stas se har\u00e1n, de forma exclusiva por correo electr\u00f3nico, enviando el documento de alegaciones, junto con la documentaci\u00f3n, a formacion@fg.ull.es<\/span><\/p>\n<p>&nbsp;<\/p>\n<ul>\n<li style=\"font-weight: 400\"><span style=\"font-weight: 400\">Documento de alegaciones (<a href=\"https:\/\/docs.google.com\/document\/d\/1ZHN2b_C6KPdr82Q9ToFD3OiuOmSiYbjE\/edit?usp=sharing&amp;ouid=113179592562885752431&amp;rtpof=true&amp;sd=true\" target=\"_blank\" rel=\"noopener\" target=\"_blank\" rel=\"noopener\">DOC<\/a>, <a href=\"https:\/\/drive.google.com\/file\/d\/100UqeM6H0XKVwl0ZMfND3A3YSu75s91h\/view?usp=sharing\" target=\"_blank\" rel=\"noopener\" target=\"_blank\" rel=\"noopener\">PDF<\/a>, <a href=\"https:\/\/drive.google.com\/file\/d\/1fceq1dYuISuEi8wIHrGORAY_Wh4QMbIT\/view?usp=sharing\" target=\"_blank\" rel=\"noopener\" target=\"_blank\" rel=\"noopener\">ODT<\/a>)<\/span><\/li>\n<\/ul>\n<p>&nbsp;<\/p>\n<p><span style=\"font-weight: 400\">Finalizado dicho plazo y resueltas las alegaciones presentadas se proceder\u00e1 a publicar los listados definitivos de admisiones y exclusiones, y los listados provisionales de adjudicaciones de becas.<\/span><\/p>\n<p>&nbsp;<\/p>\n<p><span style=\"font-weight: 400\">Para la valoraci\u00f3n de todas y cada una de las solicitudes se ha tomado como fundamento lo especificado en las <a href=\"https:\/\/drive.google.com\/file\/d\/1Q4hn_1m6Ed-qOy_1PKt9c1nWDxs4IRln\/view?usp=sharing\" target=\"_blank\" rel=\"noopener\" target=\"_blank\" rel=\"noopener\">bases de la convocatoria<\/a>.<\/span><\/p>\n","protected":false},"excerpt":{"rendered":"<p>Analizadas las solicitudes presentadas y verificado el cumplimiento de los requisitos de participaci\u00f3n establecidos en la convocatoria se publican los listados provisionales de solicitudes admitidas y no admitidas al procedimiento:\u00a0 &nbsp; Listado provisional (Figurar en este listado no significa tener concedida la beca) &nbsp; Las personas excluidas dispondr\u00e1n de un plazo de 5 d\u00edas h\u00e1biles,&#8230;<\/p>\n","protected":false},"author":72,"featured_media":0,"comment_status":"closed","ping_status":"closed","sticky":false,"template":"","format":"standard","meta":{"footnotes":""},"categories":[1404,1311,232],"tags":[],"class_list":["post-61000","post","type-post","status-publish","format-standard","hentry","category-becas-prolingua","category-becas-universitas-prolingua","category-tablon-de-anuncios"],"featured_image_thumbnail_url":"","_links":{"self":[{"href":"https:\/\/fg.ull.es\/noticias\/wp-json\/wp\/v2\/posts\/61000","targetHints":{"allow":["GET"]}}],"collection":[{"href":"https:\/\/fg.ull.es\/noticias\/wp-json\/wp\/v2\/posts"}],"about":[{"href":"https:\/\/fg.ull.es\/noticias\/wp-json\/wp\/v2\/types\/post"}],"author":[{"embeddable":true,"href":"https:\/\/fg.ull.es\/noticias\/wp-json\/wp\/v2\/users\/72"}],"replies":[{"embeddable":true,"href":"https:\/\/fg.ull.es\/noticias\/wp-json\/wp\/v2\/comments?post=61000"}],"version-history":[{"count":1,"href":"https:\/\/fg.ull.es\/noticias\/wp-json\/wp\/v2\/posts\/61000\/revisions"}],"predecessor-version":[{"id":61001,"href":"https:\/\/fg.ull.es\/noticias\/wp-json\/wp\/v2\/posts\/61000\/revisions\/61001"}],"wp:attachment":[{"href":"https:\/\/fg.ull.es\/noticias\/wp-json\/wp\/v2\/media?parent=61000"}],"wp:term":[{"taxonomy":"category","embeddable":true,"href":"https:\/\/fg.ull.es\/noticias\/wp-json\/wp\/v2\/categories?post=61000"},{"taxonomy":"post_tag","embeddable":true,"href":"https:\/\/fg.ull.es\/noticias\/wp-json\/wp\/v2\/tags?post=61000"}],"curies":[{"name":"wp","href":"https:\/\/api.w.org\/{rel}","templated":true}]}}